{"id":36642,"date":"2026-04-20T10:48:02","date_gmt":"2026-04-20T08:48:02","guid":{"rendered":"https:\/\/footdavant.fr\/actualites\/nouvelles-du-transfert-de-liverpool-le-milieu-de-terrain-des-reds-se-prepare-a-partir-au-milieu-de-linteret-daston-villa\/"},"modified":"2026-04-20T10:48:04","modified_gmt":"2026-04-20T08:48:04","slug":"nouvelles-du-transfert-de-liverpool-le-milieu-de-terrain-des-reds-se-prepare-a-partir-au-milieu-de-linteret-daston-villa","status":"publish","type":"post","link":"https:\/\/footdavant.fr\/actualites\/nouvelles-du-transfert-de-liverpool-le-milieu-de-terrain-des-reds-se-prepare-a-partir-au-milieu-de-linteret-daston-villa\/","title":{"rendered":"Nouvelles du transfert de Liverpool: le milieu de terrain des Reds \u00ab se pr\u00e9pare \u00bb \u00e0 partir au milieu de l\u2019int\u00e9r\u00eat d\u2019Aston Villa"},"content":{"rendered":"<div itemprop=\"articleBody\">\n<p>Le milieu de terrain de Liverpool, Curtis Jones, se pr\u00e9parerait \u00e0 quitter son club d&#39;enfance lors du mercato estival. <\/p>\n<p>Produit de l&#39;acad\u00e9mie des jeunes de Liverpool, Jones est l&#39;un des joueurs les plus anciens du club, g\u00e9rant plus de 220 apparitions et marquant 21 buts toutes comp\u00e9titions confondues. <\/p>\n<p>Malgr\u00e9 son potentiel ind\u00e9niable, Jones a eu du mal \u00e0 s&#39;imposer comme titulaire r\u00e9gulier sous Arne Slot, ne g\u00e9rant que 12 d\u00e9parts en Premier League cette saison.<\/p>\n<p>Alors que Jones entre dans les derni\u00e8res \u00e9tapes de son contrat et que les n\u00e9gociations seraient au point mort, un d\u00e9part estival d\u2019Anfield semble d\u00e9sormais de plus en plus probable.<\/p>\n<h2>Aston Villa envisage-t-elle Curtis Jones ? <\/h2>\n<div>\n<div>\n<p>\u00a9 Imago \/ RHR-Foto<\/p>\n<\/div>\n<\/div>\n<p data-end=\"804\" data-start=\"651\">L&#39;international anglais \u00e9tait li\u00e9 \u00e0 un transfert \u00e0 l&#39;Inter Milan lors du mercato de janvier, et les g\u00e9ants de la Serie A pourraient raviver leur int\u00e9r\u00eat.<\/p>\n<p data-end=\"941\" data-start=\"806\">Tottenham Hotspur et Newcastle United surveilleraient \u00e9galement sa situation et pourraient participer \u00e0 la course s&#39;il devient disponible.<\/p>\n<p data-end=\"1079\" data-start=\"943\">Selon <em>Discussion en \u00e9quipe<\/em>Aston Villa a montr\u00e9 un int\u00e9r\u00eat concret pour la signature de Jones, avec une pr\u00e9f\u00e9rence pour le maintenir en Premier League.<\/p>\n<p data-end=\"1265\" data-start=\"1081\">Liverpool et Villa ont men\u00e9 des affaires l&#39;\u00e9t\u00e9 dernier avec Harvey Elliott et, m\u00eame si cet accord n&#39;a pas abouti comme pr\u00e9vu, les relations entre les deux clubs restent solides.<\/p>\n<h2>Curtis Jones pourrait quitter Liverpool cet \u00e9t\u00e9 <\/h2>\n<div>\n<div><img decoding=\"async\" data-img-id=\"150744\" class=\"lazy\" loading=\"lazy\" src=\"https:\/\/footdavant.fr\/actualites\/wp-content\/uploads\/2026\/04\/Nouvelles-du-transfert-de-Liverpool-le-milieu-de-terrain-des.webp\"\/><\/p>\n<p>\u00a9 Imago<\/p>\n<\/div>\n<\/div>\n<p data-end=\"1454\" data-start=\"1317\">Les Reds pr\u00e9voiraient une refonte majeure du milieu de terrain au cours de la fen\u00eatre estivale, Alexis Mac Allister et Jones pourraient \u00eatre transf\u00e9r\u00e9s.<\/p>\n<p data-end=\"1631\" data-start=\"1456\">Mis \u00e0 part le sentiment, Jones semble avoir atteint un carrefour \u00e0 Anfield et pourrait b\u00e9n\u00e9ficier d\u2019un d\u00e9m\u00e9nagement ailleurs pour garantir un temps de jeu r\u00e9gulier et r\u00e9aliser son potentiel.<\/p>\n<p data-end=\"1799\" data-start=\"1633\">Du point de vue de Liverpool, il serait logique d&#39;encaisser s&#39;il ne fait pas partie des plans \u00e0 long terme de Slot et de r\u00e9investir dans une option plus dynamique comme Adam Wharton.<\/p>\n<p data-end=\"1979\" data-is-last-node=\"\" data-is-only-node=\"\" data-start=\"1801\">Liverpool a \u00e9galement \u00e9t\u00e9 li\u00e9 \u00e0 Morgan Rogers, et il reste \u00e0 voir si Jones pourrait \u00eatre inclus dans le cadre d&#39;un accord potentiel visant \u00e0 renforcer leur position de n\u00e9gociation.<\/p>\n<\/div>\n","protected":false},"excerpt":{"rendered":"<p>Le milieu de terrain de Liverpool, Curtis Jones, se pr\u00e9parerait \u00e0 quitter son club d&#39;enfance lors du mercato estival. Produit de l&#39;acad\u00e9mie des jeunes de<\/p>\n","protected":false},"author":1,"featured_media":36643,"comment_status":"closed","ping_status":"","sticky":false,"template":"","format":"standard","meta":{"footnotes":""},"categories":[5],"tags":[644,12,609,53,441,461,1306,1098,722,442,700,370],"yoast_head":"<!-- This site is optimized with the Yoast SEO plugin v21.0 - https:\/\/yoast.com\/wordpress\/plugins\/seo\/ -->\n<title>Nouvelles du transfert de Liverpool: le milieu de terrain des Reds \u00ab se pr\u00e9pare \u00bb \u00e0 partir au milieu de l\u2019int\u00e9r\u00eat d\u2019Aston Villa<\/title>\n<meta name=\"robots\" content=\"index, follow, max-snippet:-1, max-image-preview:large, max-video-preview:-1\" \/>\n<link rel=\"canonical\" href=\"https:\/\/footdavant.fr\/actualites\/nouvelles-du-transfert-de-liverpool-le-milieu-de-terrain-des-reds-se-prepare-a-partir-au-milieu-de-linteret-daston-villa\/\" \/>\n<meta property=\"og:locale\" content=\"fr_FR\" \/>\n<meta property=\"og:type\" content=\"article\" \/>\n<meta property=\"og:title\" content=\"Nouvelles du transfert de Liverpool: le milieu de terrain des Reds \u00ab se pr\u00e9pare \u00bb \u00e0 partir au milieu de l\u2019int\u00e9r\u00eat d\u2019Aston Villa\" \/>\n<meta property=\"og:description\" content=\"Le milieu de terrain de Liverpool, Curtis Jones, se pr\u00e9parerait \u00e0 quitter son club d&#039;enfance lors du mercato estival. Produit de l&#039;acad\u00e9mie des jeunes de\" \/>\n<meta property=\"og:url\" content=\"https:\/\/footdavant.fr\/actualites\/nouvelles-du-transfert-de-liverpool-le-milieu-de-terrain-des-reds-se-prepare-a-partir-au-milieu-de-linteret-daston-villa\/\" \/>\n<meta property=\"og:site_name\" content=\"Foot d&#039;avant\" \/>\n<meta property=\"article:publisher\" content=\"https:\/\/www.facebook.com\/Footdavant\/\" \/>\n<meta property=\"article:published_time\" content=\"2026-04-20T08:48:02+00:00\" \/>\n<meta property=\"article:modified_time\" content=\"2026-04-20T08:48:04+00:00\" \/>\n<meta property=\"og:image\" content=\"https:\/\/footdavant.fr\/actualites\/wp-content\/uploads\/2026\/04\/Nouvelles-du-transfert-de-Liverpool-le-milieu-de-terrain-des.net2Fuploads2F20252F092Fimago1036231438.webp\" \/>\n\t<meta property=\"og:image:width\" content=\"720\" \/>\n\t<meta property=\"og:image:height\" content=\"410\" \/>\n\t<meta property=\"og:image:type\" content=\"image\/webp\" \/>\n<meta name=\"author\" content=\"Cl\u00e9ment\" \/>\n<meta name=\"twitter:card\" content=\"summary_large_image\" \/>\n<meta name=\"twitter:creator\" content=\"@FootdavantFr\" \/>\n<meta name=\"twitter:site\" content=\"@FootdavantFr\" \/>\n<meta name=\"twitter:label1\" content=\"\u00c9crit par\" \/>\n\t<meta name=\"twitter:data1\" content=\"Cl\u00e9ment\" \/>\n\t<meta name=\"twitter:label2\" content=\"Dur\u00e9e de lecture estim\u00e9e\" \/>\n\t<meta name=\"twitter:data2\" content=\"2 minutes\" \/>\n<script type=\"application\/ld+json\" class=\"yoast-schema-graph\">{\"@context\":\"https:\/\/schema.org\",\"@graph\":[{\"@type\":\"Article\",\"@id\":\"https:\/\/footdavant.fr\/actualites\/nouvelles-du-transfert-de-liverpool-le-milieu-de-terrain-des-reds-se-prepare-a-partir-au-milieu-de-linteret-daston-villa\/#article\",\"isPartOf\":{\"@id\":\"https:\/\/footdavant.fr\/actualites\/nouvelles-du-transfert-de-liverpool-le-milieu-de-terrain-des-reds-se-prepare-a-partir-au-milieu-de-linteret-daston-villa\/\"},\"author\":{\"name\":\"Cl\u00e9ment\",\"@id\":\"https:\/\/footdavant.fr\/actualites\/#\/schema\/person\/bc222566d95871b37e597b3ed3ba5e1d\"},\"headline\":\"Nouvelles du transfert de Liverpool: le milieu de terrain des Reds \u00ab se pr\u00e9pare \u00bb \u00e0 partir au milieu de l\u2019int\u00e9r\u00eat d\u2019Aston Villa\",\"datePublished\":\"2026-04-20T08:48:02+00:00\",\"dateModified\":\"2026-04-20T08:48:04+00:00\",\"mainEntityOfPage\":{\"@id\":\"https:\/\/footdavant.fr\/actualites\/nouvelles-du-transfert-de-liverpool-le-milieu-de-terrain-des-reds-se-prepare-a-partir-au-milieu-de-linteret-daston-villa\/\"},\"wordCount\":394,\"publisher\":{\"@id\":\"https:\/\/footdavant.fr\/actualites\/#organization\"},\"keywords\":[\"dAston\",\"des\",\"lint\u00e9r\u00eat\",\"Liverpool\",\"milieu\",\"Nouvelles\",\"partir\",\"pr\u00e9pare\",\"Reds\",\"terrain\",\"transfert\",\"Villa\"],\"articleSection\":[\"Premier League\"],\"inLanguage\":\"fr-FR\"},{\"@type\":\"WebPage\",\"@id\":\"https:\/\/footdavant.fr\/actualites\/nouvelles-du-transfert-de-liverpool-le-milieu-de-terrain-des-reds-se-prepare-a-partir-au-milieu-de-linteret-daston-villa\/\",\"url\":\"https:\/\/footdavant.fr\/actualites\/nouvelles-du-transfert-de-liverpool-le-milieu-de-terrain-des-reds-se-prepare-a-partir-au-milieu-de-linteret-daston-villa\/\",\"name\":\"Nouvelles du transfert de Liverpool: le milieu de terrain des Reds \u00ab se pr\u00e9pare \u00bb \u00e0 partir au milieu de l\u2019int\u00e9r\u00eat d\u2019Aston Villa\",\"isPartOf\":{\"@id\":\"https:\/\/footdavant.fr\/actualites\/#website\"},\"datePublished\":\"2026-04-20T08:48:02+00:00\",\"dateModified\":\"2026-04-20T08:48:04+00:00\",\"breadcrumb\":{\"@id\":\"https:\/\/footdavant.fr\/actualites\/nouvelles-du-transfert-de-liverpool-le-milieu-de-terrain-des-reds-se-prepare-a-partir-au-milieu-de-linteret-daston-villa\/#breadcrumb\"},\"inLanguage\":\"fr-FR\",\"potentialAction\":[{\"@type\":\"ReadAction\",\"target\":[\"https:\/\/footdavant.fr\/actualites\/nouvelles-du-transfert-de-liverpool-le-milieu-de-terrain-des-reds-se-prepare-a-partir-au-milieu-de-linteret-daston-villa\/\"]}]},{\"@type\":\"BreadcrumbList\",\"@id\":\"https:\/\/footdavant.fr\/actualites\/nouvelles-du-transfert-de-liverpool-le-milieu-de-terrain-des-reds-se-prepare-a-partir-au-milieu-de-linteret-daston-villa\/#breadcrumb\",\"itemListElement\":[{\"@type\":\"ListItem\",\"position\":1,\"name\":\"Accueil\",\"item\":\"https:\/\/footdavant.fr\/actualites\/\"},{\"@type\":\"ListItem\",\"position\":2,\"name\":\"Nouvelles du transfert de Liverpool: le milieu de terrain des Reds \u00ab se pr\u00e9pare \u00bb \u00e0 partir au milieu de l\u2019int\u00e9r\u00eat d\u2019Aston Villa\"}]},{\"@type\":\"WebSite\",\"@id\":\"https:\/\/footdavant.fr\/actualites\/#website\",\"url\":\"https:\/\/footdavant.fr\/actualites\/\",\"name\":\"Foot d'avant\",\"description\":\"\",\"publisher\":{\"@id\":\"https:\/\/footdavant.fr\/actualites\/#organization\"},\"potentialAction\":[{\"@type\":\"SearchAction\",\"target\":{\"@type\":\"EntryPoint\",\"urlTemplate\":\"https:\/\/footdavant.fr\/actualites\/?s={search_term_string}\"},\"query-input\":\"required name=search_term_string\"}],\"inLanguage\":\"fr-FR\"},{\"@type\":\"Organization\",\"@id\":\"https:\/\/footdavant.fr\/actualites\/#organization\",\"name\":\"Foot d'avant\",\"url\":\"https:\/\/footdavant.fr\/actualites\/\",\"logo\":{\"@type\":\"ImageObject\",\"inLanguage\":\"fr-FR\",\"@id\":\"https:\/\/footdavant.fr\/actualites\/#\/schema\/logo\/image\/\",\"url\":\"https:\/\/footdavant.fr\/actualites\/wp-content\/uploads\/2023\/09\/Copy-of-FootDavant-Logo.png\",\"contentUrl\":\"https:\/\/footdavant.fr\/actualites\/wp-content\/uploads\/2023\/09\/Copy-of-FootDavant-Logo.png\",\"width\":936,\"height\":549,\"caption\":\"Foot d'avant\"},\"image\":{\"@id\":\"https:\/\/footdavant.fr\/actualites\/#\/schema\/logo\/image\/\"},\"sameAs\":[\"https:\/\/www.facebook.com\/Footdavant\/\",\"https:\/\/twitter.com\/FootdavantFr\",\"https:\/\/www.instagram.com\/footdavant.fr\/\"]},{\"@type\":\"Person\",\"@id\":\"https:\/\/footdavant.fr\/actualites\/#\/schema\/person\/bc222566d95871b37e597b3ed3ba5e1d\",\"name\":\"Cl\u00e9ment\",\"image\":{\"@type\":\"ImageObject\",\"inLanguage\":\"fr-FR\",\"@id\":\"https:\/\/footdavant.fr\/actualites\/#\/schema\/person\/image\/\",\"url\":\"https:\/\/secure.gravatar.com\/avatar\/7728b29aac2719421e1a9159b2254c44?s=96&d=mm&r=g\",\"contentUrl\":\"https:\/\/secure.gravatar.com\/avatar\/7728b29aac2719421e1a9159b2254c44?s=96&d=mm&r=g\",\"caption\":\"Cl\u00e9ment\"},\"sameAs\":[\"https:\/\/footdavant.fr\/\"]}]}<\/script>\n<!-- \/ Yoast SEO plugin. -->","yoast_head_json":{"title":"Nouvelles du transfert de Liverpool: le milieu de terrain des Reds \u00ab se pr\u00e9pare \u00bb \u00e0 partir au milieu de l\u2019int\u00e9r\u00eat d\u2019Aston Villa","robots":{"index":"index","follow":"follow","max-snippet":"max-snippet:-1","max-image-preview":"max-image-preview:large","max-video-preview":"max-video-preview:-1"},"canonical":"https:\/\/footdavant.fr\/actualites\/nouvelles-du-transfert-de-liverpool-le-milieu-de-terrain-des-reds-se-prepare-a-partir-au-milieu-de-linteret-daston-villa\/","og_locale":"fr_FR","og_type":"article","og_title":"Nouvelles du transfert de Liverpool: le milieu de terrain des Reds \u00ab se pr\u00e9pare \u00bb \u00e0 partir au milieu de l\u2019int\u00e9r\u00eat d\u2019Aston Villa","og_description":"Le milieu de terrain de Liverpool, Curtis Jones, se pr\u00e9parerait \u00e0 quitter son club d&#39;enfance lors du mercato estival. Produit de l&#39;acad\u00e9mie des jeunes de","og_url":"https:\/\/footdavant.fr\/actualites\/nouvelles-du-transfert-de-liverpool-le-milieu-de-terrain-des-reds-se-prepare-a-partir-au-milieu-de-linteret-daston-villa\/","og_site_name":"Foot d&#039;avant","article_publisher":"https:\/\/www.facebook.com\/Footdavant\/","article_published_time":"2026-04-20T08:48:02+00:00","article_modified_time":"2026-04-20T08:48:04+00:00","og_image":[{"width":720,"height":410,"url":"https:\/\/footdavant.fr\/actualites\/wp-content\/uploads\/2026\/04\/Nouvelles-du-transfert-de-Liverpool-le-milieu-de-terrain-des.net2Fuploads2F20252F092Fimago1036231438.webp","type":"image\/webp"}],"author":"Cl\u00e9ment","twitter_card":"summary_large_image","twitter_creator":"@FootdavantFr","twitter_site":"@FootdavantFr","twitter_misc":{"\u00c9crit par":"Cl\u00e9ment","Dur\u00e9e de lecture estim\u00e9e":"2 minutes"},"schema":{"@context":"https:\/\/schema.org","@graph":[{"@type":"Article","@id":"https:\/\/footdavant.fr\/actualites\/nouvelles-du-transfert-de-liverpool-le-milieu-de-terrain-des-reds-se-prepare-a-partir-au-milieu-de-linteret-daston-villa\/#article","isPartOf":{"@id":"https:\/\/footdavant.fr\/actualites\/nouvelles-du-transfert-de-liverpool-le-milieu-de-terrain-des-reds-se-prepare-a-partir-au-milieu-de-linteret-daston-villa\/"},"author":{"name":"Cl\u00e9ment","@id":"https:\/\/footdavant.fr\/actualites\/#\/schema\/person\/bc222566d95871b37e597b3ed3ba5e1d"},"headline":"Nouvelles du transfert de Liverpool: le milieu de terrain des Reds \u00ab se pr\u00e9pare \u00bb \u00e0 partir au milieu de l\u2019int\u00e9r\u00eat d\u2019Aston Villa","datePublished":"2026-04-20T08:48:02+00:00","dateModified":"2026-04-20T08:48:04+00:00","mainEntityOfPage":{"@id":"https:\/\/footdavant.fr\/actualites\/nouvelles-du-transfert-de-liverpool-le-milieu-de-terrain-des-reds-se-prepare-a-partir-au-milieu-de-linteret-daston-villa\/"},"wordCount":394,"publisher":{"@id":"https:\/\/footdavant.fr\/actualites\/#organization"},"keywords":["dAston","des","lint\u00e9r\u00eat","Liverpool","milieu","Nouvelles","partir","pr\u00e9pare","Reds","terrain","transfert","Villa"],"articleSection":["Premier League"],"inLanguage":"fr-FR"},{"@type":"WebPage","@id":"https:\/\/footdavant.fr\/actualites\/nouvelles-du-transfert-de-liverpool-le-milieu-de-terrain-des-reds-se-prepare-a-partir-au-milieu-de-linteret-daston-villa\/","url":"https:\/\/footdavant.fr\/actualites\/nouvelles-du-transfert-de-liverpool-le-milieu-de-terrain-des-reds-se-prepare-a-partir-au-milieu-de-linteret-daston-villa\/","name":"Nouvelles du transfert de Liverpool: le milieu de terrain des Reds \u00ab se pr\u00e9pare \u00bb \u00e0 partir au milieu de l\u2019int\u00e9r\u00eat d\u2019Aston Villa","isPartOf":{"@id":"https:\/\/footdavant.fr\/actualites\/#website"},"datePublished":"2026-04-20T08:48:02+00:00","dateModified":"2026-04-20T08:48:04+00:00","breadcrumb":{"@id":"https:\/\/footdavant.fr\/actualites\/nouvelles-du-transfert-de-liverpool-le-milieu-de-terrain-des-reds-se-prepare-a-partir-au-milieu-de-linteret-daston-villa\/#breadcrumb"},"inLanguage":"fr-FR","potentialAction":[{"@type":"ReadAction","target":["https:\/\/footdavant.fr\/actualites\/nouvelles-du-transfert-de-liverpool-le-milieu-de-terrain-des-reds-se-prepare-a-partir-au-milieu-de-linteret-daston-villa\/"]}]},{"@type":"BreadcrumbList","@id":"https:\/\/footdavant.fr\/actualites\/nouvelles-du-transfert-de-liverpool-le-milieu-de-terrain-des-reds-se-prepare-a-partir-au-milieu-de-linteret-daston-villa\/#breadcrumb","itemListElement":[{"@type":"ListItem","position":1,"name":"Accueil","item":"https:\/\/footdavant.fr\/actualites\/"},{"@type":"ListItem","position":2,"name":"Nouvelles du transfert de Liverpool: le milieu de terrain des Reds \u00ab se pr\u00e9pare \u00bb \u00e0 partir au milieu de l\u2019int\u00e9r\u00eat d\u2019Aston Villa"}]},{"@type":"WebSite","@id":"https:\/\/footdavant.fr\/actualites\/#website","url":"https:\/\/footdavant.fr\/actualites\/","name":"Foot d'avant","description":"","publisher":{"@id":"https:\/\/footdavant.fr\/actualites\/#organization"},"potentialAction":[{"@type":"SearchAction","target":{"@type":"EntryPoint","urlTemplate":"https:\/\/footdavant.fr\/actualites\/?s={search_term_string}"},"query-input":"required name=search_term_string"}],"inLanguage":"fr-FR"},{"@type":"Organization","@id":"https:\/\/footdavant.fr\/actualites\/#organization","name":"Foot d'avant","url":"https:\/\/footdavant.fr\/actualites\/","logo":{"@type":"ImageObject","inLanguage":"fr-FR","@id":"https:\/\/footdavant.fr\/actualites\/#\/schema\/logo\/image\/","url":"https:\/\/footdavant.fr\/actualites\/wp-content\/uploads\/2023\/09\/Copy-of-FootDavant-Logo.png","contentUrl":"https:\/\/footdavant.fr\/actualites\/wp-content\/uploads\/2023\/09\/Copy-of-FootDavant-Logo.png","width":936,"height":549,"caption":"Foot d'avant"},"image":{"@id":"https:\/\/footdavant.fr\/actualites\/#\/schema\/logo\/image\/"},"sameAs":["https:\/\/www.facebook.com\/Footdavant\/","https:\/\/twitter.com\/FootdavantFr","https:\/\/www.instagram.com\/footdavant.fr\/"]},{"@type":"Person","@id":"https:\/\/footdavant.fr\/actualites\/#\/schema\/person\/bc222566d95871b37e597b3ed3ba5e1d","name":"Cl\u00e9ment","image":{"@type":"ImageObject","inLanguage":"fr-FR","@id":"https:\/\/footdavant.fr\/actualites\/#\/schema\/person\/image\/","url":"https:\/\/secure.gravatar.com\/avatar\/7728b29aac2719421e1a9159b2254c44?s=96&d=mm&r=g","contentUrl":"https:\/\/secure.gravatar.com\/avatar\/7728b29aac2719421e1a9159b2254c44?s=96&d=mm&r=g","caption":"Cl\u00e9ment"},"sameAs":["https:\/\/footdavant.fr\/"]}]}},"_links":{"self":[{"href":"https:\/\/footdavant.fr\/actualites\/wp-json\/wp\/v2\/posts\/36642"}],"collection":[{"href":"https:\/\/footdavant.fr\/actualites\/wp-json\/wp\/v2\/posts"}],"about":[{"href":"https:\/\/footdavant.fr\/actualites\/wp-json\/wp\/v2\/types\/post"}],"author":[{"embeddable":true,"href":"https:\/\/footdavant.fr\/actualites\/wp-json\/wp\/v2\/users\/1"}],"replies":[{"embeddable":true,"href":"https:\/\/footdavant.fr\/actualites\/wp-json\/wp\/v2\/comments?post=36642"}],"version-history":[{"count":1,"href":"https:\/\/footdavant.fr\/actualites\/wp-json\/wp\/v2\/posts\/36642\/revisions"}],"predecessor-version":[{"id":36644,"href":"https:\/\/footdavant.fr\/actualites\/wp-json\/wp\/v2\/posts\/36642\/revisions\/36644"}],"wp:featuredmedia":[{"embeddable":true,"href":"https:\/\/footdavant.fr\/actualites\/wp-json\/wp\/v2\/media\/36643"}],"wp:attachment":[{"href":"https:\/\/footdavant.fr\/actualites\/wp-json\/wp\/v2\/media?parent=36642"}],"wp:term":[{"taxonomy":"category","embeddable":true,"href":"https:\/\/footdavant.fr\/actualites\/wp-json\/wp\/v2\/categories?post=36642"},{"taxonomy":"post_tag","embeddable":true,"href":"https:\/\/footdavant.fr\/actualites\/wp-json\/wp\/v2\/tags?post=36642"}],"curies":[{"name":"wp","href":"https:\/\/api.w.org\/{rel}","templated":true}]}}