{"id":36645,"date":"2026-04-20T12:48:11","date_gmt":"2026-04-20T10:48:11","guid":{"rendered":"https:\/\/footdavant.fr\/actualites\/moyes-reagit-a-la-defaite-du-derby-avec-une-penalite-salee\/"},"modified":"2026-04-20T12:48:13","modified_gmt":"2026-04-20T10:48:13","slug":"moyes-reagit-a-la-defaite-du-derby-avec-une-penalite-salee","status":"publish","type":"post","link":"https:\/\/footdavant.fr\/actualites\/moyes-reagit-a-la-defaite-du-derby-avec-une-penalite-salee\/","title":{"rendered":"Moyes r\u00e9agit \u00e0 la d\u00e9faite du derby avec une p\u00e9nalit\u00e9 sal\u00e9e"},"content":{"rendered":"<p><\/p>\n<div id=\"article-body\">\n<!-- Article Start --><\/p>\n<p>Il n&#39;a pas fallu longtemps pour que le bruit s&#39;\u00e9loigne de la victoire spectaculaire de Liverpool dans le derby, David Moyes s&#39;empressant de souligner les d\u00e9cisions des officiels apr\u00e8s le coup de sifflet final.<\/p>\n<hr\/>\n<p><b><i>T\u00c9L\u00c9CHARGEZ L&#39;APPLICATION OFFICIELLE EMPIRE OF KOP POUR TOUTES LES DERNI\u00c8RES MISES \u00c0 JOUR \u2013 DIRECTEMENT SUR VOTRE T\u00c9L\u00c9PHONE\u00a0! SUR <\/i><\/b><b><i>POMME<\/i><\/b><b><i> &#038; <\/i><\/b><b><i>GOOGLE JOUER<\/i><\/b><\/p>\n<hr\/>\n<p>La t\u00eate de Virgil van Dijk \u00e0 la 100e minute a scell\u00e9 une \u00e9norme victoire 2-1 sur Everton au stade Hill Dickinson, mais l&#39;entra\u00eeneur local avait une orientation tr\u00e8s diff\u00e9rente lorsqu&#39;il s&#39;exprimait apr\u00e8s le match.<\/p>\n<h2>Moyes souligne la d\u00e9cision de p\u00e9nalit\u00e9 apr\u00e8s la d\u00e9faite dans le derby<\/h2>\n<p>S&#39;exprimant via Everton TV apr\u00e8s le match, le patron des Toffees a sugg\u00e9r\u00e9 que son \u00e9quipe avait \u00e9t\u00e9 malmen\u00e9e en ce qui concerne un penalty potentiel impliquant Kiernan Dewsbury-Hall.<\/p>\n<p>Il a dit\u00a0: avant de d\u00e9velopper l&#39;incident qui, selon lui, aurait pu changer le r\u00e9sultat.<\/p>\n<p>L&#39;\u00c9cossais poursuivit : <\/p>\n<\/p>\n<p>Il a ensuite doubl\u00e9 ce point de vue, ajoutant : <\/p>\n<p>De notre point de vue, il n&#39;est pas surprenant d&#39;entendre ces frustrations apr\u00e8s une d\u00e9faite aussi tardive, mais cela d\u00e9tourne l&#39;attention de la vue d&#39;ensemble du d\u00e9roulement r\u00e9el du match.<\/p>\n<h2>Liverpool fait preuve de r\u00e9silience malgr\u00e9 la pression du derby<\/h2>\n<p>Il convient de rappeler que la comp\u00e9tition elle-m\u00eame \u00e9tait finement \u00e9quilibr\u00e9e et aurait pu se d\u00e9rouler dans un sens ou dans l&#39;autre, avec un match nul probablement le r\u00e9sultat \u00e9quitable avant ce moment tardif d\u00e9cisif.<\/p>\n<p>Cependant, ce qui nous s\u00e9parait une fois de plus, c&#39;\u00e9tait la capacit\u00e9 \u00e0 livrer dans les plus grands moments, quelque chose qu&#39;Everton ne pouvait tout simplement pas \u00e9galer malgr\u00e9 l&#39;atmosph\u00e8re qu&#39;ils essayaient de cr\u00e9er autour de l&#39;occasion.<\/p>\n<p>Curtis Jones l&#39;a parfaitement soulign\u00e9 apr\u00e8s le match, d\u00e9clarant qu&#39;ils c\u00e9l\u00e9braient leur proximit\u00e9 m\u00eame lors de l&#39;une de nos pires saisons, ce qui en dit long sur l&#39;\u00e9cart qui existe encore entre les deux \u00e9quipes.<\/p>\n<p>Fait int\u00e9ressant, Moyes avait sugg\u00e9r\u00e9 avant le match que Liverpool prenait souvent les grandes d\u00e9cisions lors de ces matches, donnant ainsi l&#39;impression que ses commentaires d&#39;apr\u00e8s-match \u00e9taient une continuation de ce r\u00e9cit plut\u00f4t que quelque chose bas\u00e9 uniquement sur cet incident.<\/p>\n<p>En fin de compte, m\u00eame si Everton peut pointer du doigt un moment, nous repartons avec les points, et dans une saison o\u00f9 la coh\u00e9rence a \u00e9t\u00e9 un probl\u00e8me, trouver un moyen de gagner des matchs comme celui-ci pourrait s&#39;av\u00e9rer crucial dans la course \u00e0 la Ligue des Champions.<\/p>\n<p><!-- Article End -->\t\t\t\t<\/div>\n","protected":false},"excerpt":{"rendered":"<p>Il n&#39;a pas fallu longtemps pour que le bruit s&#39;\u00e9loigne de la victoire spectaculaire de Liverpool dans le derby, David Moyes s&#39;empressant de souligner les<\/p>\n","protected":false},"author":1,"featured_media":36646,"comment_status":"closed","ping_status":"","sticky":false,"template":"","format":"standard","meta":{"footnotes":""},"categories":[3],"tags":[91,425,203,1216,2616,969,11860,92],"yoast_head":"<!-- This site is optimized with the Yoast SEO plugin v21.0 - https:\/\/yoast.com\/wordpress\/plugins\/seo\/ -->\n<title>Moyes r\u00e9agit \u00e0 la d\u00e9faite du derby avec une p\u00e9nalit\u00e9 sal\u00e9e<\/title>\n<meta name=\"robots\" content=\"index, follow, max-snippet:-1, max-image-preview:large, max-video-preview:-1\" \/>\n<link rel=\"canonical\" href=\"https:\/\/footdavant.fr\/actualites\/moyes-reagit-a-la-defaite-du-derby-avec-une-penalite-salee\/\" \/>\n<meta property=\"og:locale\" content=\"fr_FR\" \/>\n<meta property=\"og:type\" content=\"article\" \/>\n<meta property=\"og:title\" content=\"Moyes r\u00e9agit \u00e0 la d\u00e9faite du derby avec une p\u00e9nalit\u00e9 sal\u00e9e\" \/>\n<meta property=\"og:description\" content=\"Il n&#039;a pas fallu longtemps pour que le bruit s&#039;\u00e9loigne de la victoire spectaculaire de Liverpool dans le derby, David Moyes s&#039;empressant de souligner les\" \/>\n<meta property=\"og:url\" content=\"https:\/\/footdavant.fr\/actualites\/moyes-reagit-a-la-defaite-du-derby-avec-une-penalite-salee\/\" \/>\n<meta property=\"og:site_name\" content=\"Foot d&#039;avant\" \/>\n<meta property=\"article:publisher\" content=\"https:\/\/www.facebook.com\/Footdavant\/\" \/>\n<meta property=\"article:published_time\" content=\"2026-04-20T10:48:11+00:00\" \/>\n<meta property=\"article:modified_time\" content=\"2026-04-20T10:48:13+00:00\" \/>\n<meta property=\"og:image\" content=\"https:\/\/footdavant.fr\/actualites\/wp-content\/uploads\/2026\/04\/Moyes-reagit-a-la-defaite-du-derby-avec-une-penalite.jpg\" \/>\n\t<meta property=\"og:image:width\" content=\"1200\" \/>\n\t<meta property=\"og:image:height\" content=\"675\" \/>\n\t<meta property=\"og:image:type\" content=\"image\/jpeg\" \/>\n<meta name=\"author\" content=\"Cl\u00e9ment\" \/>\n<meta name=\"twitter:card\" content=\"summary_large_image\" \/>\n<meta name=\"twitter:creator\" content=\"@FootdavantFr\" \/>\n<meta name=\"twitter:site\" content=\"@FootdavantFr\" \/>\n<meta name=\"twitter:label1\" content=\"\u00c9crit par\" \/>\n\t<meta name=\"twitter:data1\" content=\"Cl\u00e9ment\" \/>\n\t<meta name=\"twitter:label2\" content=\"Dur\u00e9e de lecture estim\u00e9e\" \/>\n\t<meta name=\"twitter:data2\" content=\"2 minutes\" \/>\n<script type=\"application\/ld+json\" class=\"yoast-schema-graph\">{\"@context\":\"https:\/\/schema.org\",\"@graph\":[{\"@type\":\"Article\",\"@id\":\"https:\/\/footdavant.fr\/actualites\/moyes-reagit-a-la-defaite-du-derby-avec-une-penalite-salee\/#article\",\"isPartOf\":{\"@id\":\"https:\/\/footdavant.fr\/actualites\/moyes-reagit-a-la-defaite-du-derby-avec-une-penalite-salee\/\"},\"author\":{\"name\":\"Cl\u00e9ment\",\"@id\":\"https:\/\/footdavant.fr\/actualites\/#\/schema\/person\/bc222566d95871b37e597b3ed3ba5e1d\"},\"headline\":\"Moyes r\u00e9agit \u00e0 la d\u00e9faite du derby avec une p\u00e9nalit\u00e9 sal\u00e9e\",\"datePublished\":\"2026-04-20T10:48:11+00:00\",\"dateModified\":\"2026-04-20T10:48:13+00:00\",\"mainEntityOfPage\":{\"@id\":\"https:\/\/footdavant.fr\/actualites\/moyes-reagit-a-la-defaite-du-derby-avec-une-penalite-salee\/\"},\"wordCount\":482,\"publisher\":{\"@id\":\"https:\/\/footdavant.fr\/actualites\/#organization\"},\"keywords\":[\"avec\",\"d\u00e9faite\",\"derby\",\"Moyes\",\"p\u00e9nalit\u00e9\",\"r\u00e9agit\",\"sal\u00e9e\",\"une\"],\"articleSection\":[\"Football\"],\"inLanguage\":\"fr-FR\"},{\"@type\":\"WebPage\",\"@id\":\"https:\/\/footdavant.fr\/actualites\/moyes-reagit-a-la-defaite-du-derby-avec-une-penalite-salee\/\",\"url\":\"https:\/\/footdavant.fr\/actualites\/moyes-reagit-a-la-defaite-du-derby-avec-une-penalite-salee\/\",\"name\":\"Moyes r\u00e9agit \u00e0 la d\u00e9faite du derby avec une p\u00e9nalit\u00e9 sal\u00e9e\",\"isPartOf\":{\"@id\":\"https:\/\/footdavant.fr\/actualites\/#website\"},\"datePublished\":\"2026-04-20T10:48:11+00:00\",\"dateModified\":\"2026-04-20T10:48:13+00:00\",\"breadcrumb\":{\"@id\":\"https:\/\/footdavant.fr\/actualites\/moyes-reagit-a-la-defaite-du-derby-avec-une-penalite-salee\/#breadcrumb\"},\"inLanguage\":\"fr-FR\",\"potentialAction\":[{\"@type\":\"ReadAction\",\"target\":[\"https:\/\/footdavant.fr\/actualites\/moyes-reagit-a-la-defaite-du-derby-avec-une-penalite-salee\/\"]}]},{\"@type\":\"BreadcrumbList\",\"@id\":\"https:\/\/footdavant.fr\/actualites\/moyes-reagit-a-la-defaite-du-derby-avec-une-penalite-salee\/#breadcrumb\",\"itemListElement\":[{\"@type\":\"ListItem\",\"position\":1,\"name\":\"Accueil\",\"item\":\"https:\/\/footdavant.fr\/actualites\/\"},{\"@type\":\"ListItem\",\"position\":2,\"name\":\"Moyes r\u00e9agit \u00e0 la d\u00e9faite du derby avec une p\u00e9nalit\u00e9 sal\u00e9e\"}]},{\"@type\":\"WebSite\",\"@id\":\"https:\/\/footdavant.fr\/actualites\/#website\",\"url\":\"https:\/\/footdavant.fr\/actualites\/\",\"name\":\"Foot d'avant\",\"description\":\"\",\"publisher\":{\"@id\":\"https:\/\/footdavant.fr\/actualites\/#organization\"},\"potentialAction\":[{\"@type\":\"SearchAction\",\"target\":{\"@type\":\"EntryPoint\",\"urlTemplate\":\"https:\/\/footdavant.fr\/actualites\/?s={search_term_string}\"},\"query-input\":\"required name=search_term_string\"}],\"inLanguage\":\"fr-FR\"},{\"@type\":\"Organization\",\"@id\":\"https:\/\/footdavant.fr\/actualites\/#organization\",\"name\":\"Foot d'avant\",\"url\":\"https:\/\/footdavant.fr\/actualites\/\",\"logo\":{\"@type\":\"ImageObject\",\"inLanguage\":\"fr-FR\",\"@id\":\"https:\/\/footdavant.fr\/actualites\/#\/schema\/logo\/image\/\",\"url\":\"https:\/\/footdavant.fr\/actualites\/wp-content\/uploads\/2023\/09\/Copy-of-FootDavant-Logo.png\",\"contentUrl\":\"https:\/\/footdavant.fr\/actualites\/wp-content\/uploads\/2023\/09\/Copy-of-FootDavant-Logo.png\",\"width\":936,\"height\":549,\"caption\":\"Foot d'avant\"},\"image\":{\"@id\":\"https:\/\/footdavant.fr\/actualites\/#\/schema\/logo\/image\/\"},\"sameAs\":[\"https:\/\/www.facebook.com\/Footdavant\/\",\"https:\/\/twitter.com\/FootdavantFr\",\"https:\/\/www.instagram.com\/footdavant.fr\/\"]},{\"@type\":\"Person\",\"@id\":\"https:\/\/footdavant.fr\/actualites\/#\/schema\/person\/bc222566d95871b37e597b3ed3ba5e1d\",\"name\":\"Cl\u00e9ment\",\"image\":{\"@type\":\"ImageObject\",\"inLanguage\":\"fr-FR\",\"@id\":\"https:\/\/footdavant.fr\/actualites\/#\/schema\/person\/image\/\",\"url\":\"https:\/\/secure.gravatar.com\/avatar\/7728b29aac2719421e1a9159b2254c44?s=96&d=mm&r=g\",\"contentUrl\":\"https:\/\/secure.gravatar.com\/avatar\/7728b29aac2719421e1a9159b2254c44?s=96&d=mm&r=g\",\"caption\":\"Cl\u00e9ment\"},\"sameAs\":[\"https:\/\/footdavant.fr\/\"]}]}<\/script>\n<!-- \/ Yoast SEO plugin. -->","yoast_head_json":{"title":"Moyes r\u00e9agit \u00e0 la d\u00e9faite du derby avec une p\u00e9nalit\u00e9 sal\u00e9e","robots":{"index":"index","follow":"follow","max-snippet":"max-snippet:-1","max-image-preview":"max-image-preview:large","max-video-preview":"max-video-preview:-1"},"canonical":"https:\/\/footdavant.fr\/actualites\/moyes-reagit-a-la-defaite-du-derby-avec-une-penalite-salee\/","og_locale":"fr_FR","og_type":"article","og_title":"Moyes r\u00e9agit \u00e0 la d\u00e9faite du derby avec une p\u00e9nalit\u00e9 sal\u00e9e","og_description":"Il n&#39;a pas fallu longtemps pour que le bruit s&#39;\u00e9loigne de la victoire spectaculaire de Liverpool dans le derby, David Moyes s&#39;empressant de souligner les","og_url":"https:\/\/footdavant.fr\/actualites\/moyes-reagit-a-la-defaite-du-derby-avec-une-penalite-salee\/","og_site_name":"Foot d&#039;avant","article_publisher":"https:\/\/www.facebook.com\/Footdavant\/","article_published_time":"2026-04-20T10:48:11+00:00","article_modified_time":"2026-04-20T10:48:13+00:00","og_image":[{"width":1200,"height":675,"url":"https:\/\/footdavant.fr\/actualites\/wp-content\/uploads\/2026\/04\/Moyes-reagit-a-la-defaite-du-derby-avec-une-penalite.jpg","type":"image\/jpeg"}],"author":"Cl\u00e9ment","twitter_card":"summary_large_image","twitter_creator":"@FootdavantFr","twitter_site":"@FootdavantFr","twitter_misc":{"\u00c9crit par":"Cl\u00e9ment","Dur\u00e9e de lecture estim\u00e9e":"2 minutes"},"schema":{"@context":"https:\/\/schema.org","@graph":[{"@type":"Article","@id":"https:\/\/footdavant.fr\/actualites\/moyes-reagit-a-la-defaite-du-derby-avec-une-penalite-salee\/#article","isPartOf":{"@id":"https:\/\/footdavant.fr\/actualites\/moyes-reagit-a-la-defaite-du-derby-avec-une-penalite-salee\/"},"author":{"name":"Cl\u00e9ment","@id":"https:\/\/footdavant.fr\/actualites\/#\/schema\/person\/bc222566d95871b37e597b3ed3ba5e1d"},"headline":"Moyes r\u00e9agit \u00e0 la d\u00e9faite du derby avec une p\u00e9nalit\u00e9 sal\u00e9e","datePublished":"2026-04-20T10:48:11+00:00","dateModified":"2026-04-20T10:48:13+00:00","mainEntityOfPage":{"@id":"https:\/\/footdavant.fr\/actualites\/moyes-reagit-a-la-defaite-du-derby-avec-une-penalite-salee\/"},"wordCount":482,"publisher":{"@id":"https:\/\/footdavant.fr\/actualites\/#organization"},"keywords":["avec","d\u00e9faite","derby","Moyes","p\u00e9nalit\u00e9","r\u00e9agit","sal\u00e9e","une"],"articleSection":["Football"],"inLanguage":"fr-FR"},{"@type":"WebPage","@id":"https:\/\/footdavant.fr\/actualites\/moyes-reagit-a-la-defaite-du-derby-avec-une-penalite-salee\/","url":"https:\/\/footdavant.fr\/actualites\/moyes-reagit-a-la-defaite-du-derby-avec-une-penalite-salee\/","name":"Moyes r\u00e9agit \u00e0 la d\u00e9faite du derby avec une p\u00e9nalit\u00e9 sal\u00e9e","isPartOf":{"@id":"https:\/\/footdavant.fr\/actualites\/#website"},"datePublished":"2026-04-20T10:48:11+00:00","dateModified":"2026-04-20T10:48:13+00:00","breadcrumb":{"@id":"https:\/\/footdavant.fr\/actualites\/moyes-reagit-a-la-defaite-du-derby-avec-une-penalite-salee\/#breadcrumb"},"inLanguage":"fr-FR","potentialAction":[{"@type":"ReadAction","target":["https:\/\/footdavant.fr\/actualites\/moyes-reagit-a-la-defaite-du-derby-avec-une-penalite-salee\/"]}]},{"@type":"BreadcrumbList","@id":"https:\/\/footdavant.fr\/actualites\/moyes-reagit-a-la-defaite-du-derby-avec-une-penalite-salee\/#breadcrumb","itemListElement":[{"@type":"ListItem","position":1,"name":"Accueil","item":"https:\/\/footdavant.fr\/actualites\/"},{"@type":"ListItem","position":2,"name":"Moyes r\u00e9agit \u00e0 la d\u00e9faite du derby avec une p\u00e9nalit\u00e9 sal\u00e9e"}]},{"@type":"WebSite","@id":"https:\/\/footdavant.fr\/actualites\/#website","url":"https:\/\/footdavant.fr\/actualites\/","name":"Foot d'avant","description":"","publisher":{"@id":"https:\/\/footdavant.fr\/actualites\/#organization"},"potentialAction":[{"@type":"SearchAction","target":{"@type":"EntryPoint","urlTemplate":"https:\/\/footdavant.fr\/actualites\/?s={search_term_string}"},"query-input":"required name=search_term_string"}],"inLanguage":"fr-FR"},{"@type":"Organization","@id":"https:\/\/footdavant.fr\/actualites\/#organization","name":"Foot d'avant","url":"https:\/\/footdavant.fr\/actualites\/","logo":{"@type":"ImageObject","inLanguage":"fr-FR","@id":"https:\/\/footdavant.fr\/actualites\/#\/schema\/logo\/image\/","url":"https:\/\/footdavant.fr\/actualites\/wp-content\/uploads\/2023\/09\/Copy-of-FootDavant-Logo.png","contentUrl":"https:\/\/footdavant.fr\/actualites\/wp-content\/uploads\/2023\/09\/Copy-of-FootDavant-Logo.png","width":936,"height":549,"caption":"Foot d'avant"},"image":{"@id":"https:\/\/footdavant.fr\/actualites\/#\/schema\/logo\/image\/"},"sameAs":["https:\/\/www.facebook.com\/Footdavant\/","https:\/\/twitter.com\/FootdavantFr","https:\/\/www.instagram.com\/footdavant.fr\/"]},{"@type":"Person","@id":"https:\/\/footdavant.fr\/actualites\/#\/schema\/person\/bc222566d95871b37e597b3ed3ba5e1d","name":"Cl\u00e9ment","image":{"@type":"ImageObject","inLanguage":"fr-FR","@id":"https:\/\/footdavant.fr\/actualites\/#\/schema\/person\/image\/","url":"https:\/\/secure.gravatar.com\/avatar\/7728b29aac2719421e1a9159b2254c44?s=96&d=mm&r=g","contentUrl":"https:\/\/secure.gravatar.com\/avatar\/7728b29aac2719421e1a9159b2254c44?s=96&d=mm&r=g","caption":"Cl\u00e9ment"},"sameAs":["https:\/\/footdavant.fr\/"]}]}},"_links":{"self":[{"href":"https:\/\/footdavant.fr\/actualites\/wp-json\/wp\/v2\/posts\/36645"}],"collection":[{"href":"https:\/\/footdavant.fr\/actualites\/wp-json\/wp\/v2\/posts"}],"about":[{"href":"https:\/\/footdavant.fr\/actualites\/wp-json\/wp\/v2\/types\/post"}],"author":[{"embeddable":true,"href":"https:\/\/footdavant.fr\/actualites\/wp-json\/wp\/v2\/users\/1"}],"replies":[{"embeddable":true,"href":"https:\/\/footdavant.fr\/actualites\/wp-json\/wp\/v2\/comments?post=36645"}],"version-history":[{"count":1,"href":"https:\/\/footdavant.fr\/actualites\/wp-json\/wp\/v2\/posts\/36645\/revisions"}],"predecessor-version":[{"id":36647,"href":"https:\/\/footdavant.fr\/actualites\/wp-json\/wp\/v2\/posts\/36645\/revisions\/36647"}],"wp:featuredmedia":[{"embeddable":true,"href":"https:\/\/footdavant.fr\/actualites\/wp-json\/wp\/v2\/media\/36646"}],"wp:attachment":[{"href":"https:\/\/footdavant.fr\/actualites\/wp-json\/wp\/v2\/media?parent=36645"}],"wp:term":[{"taxonomy":"category","embeddable":true,"href":"https:\/\/footdavant.fr\/actualites\/wp-json\/wp\/v2\/categories?post=36645"},{"taxonomy":"post_tag","embeddable":true,"href":"https:\/\/footdavant.fr\/actualites\/wp-json\/wp\/v2\/tags?post=36645"}],"curies":[{"name":"wp","href":"https:\/\/api.w.org\/{rel}","templated":true}]}}