{"id":36651,"date":"2026-04-20T16:48:03","date_gmt":"2026-04-20T14:48:03","guid":{"rendered":"https:\/\/footdavant.fr\/actualites\/szoboszlai-completement-detendu-sur-le-contrat-de-liverpool-malgre-le-manque-de-progres\/"},"modified":"2026-04-20T16:48:05","modified_gmt":"2026-04-20T14:48:05","slug":"szoboszlai-completement-detendu-sur-le-contrat-de-liverpool-malgre-le-manque-de-progres","status":"publish","type":"post","link":"https:\/\/footdavant.fr\/actualites\/szoboszlai-completement-detendu-sur-le-contrat-de-liverpool-malgre-le-manque-de-progres\/","title":{"rendered":"Szoboszlai \u00ab\u00a0compl\u00e8tement d\u00e9tendu\u00a0\u00bb sur le contrat de Liverpool malgr\u00e9 le manque de progr\u00e8s"},"content":{"rendered":"<div>\n<p>Dominik Szoboszlai insiste sur le fait qu&#39;il n&#39;a aucune inqui\u00e9tude quant \u00e0 son avenir \u00e0 Liverpool malgr\u00e9 l&#39;impasse dans les n\u00e9gociations contractuelles, apr\u00e8s que le Hongrois ait marqu\u00e9 le but vainqueur lors de la victoire 2-1 des Reds dans le derby du Merseyside contre Everton dimanche.<\/p>\n<p>Van Dijk a marqu\u00e9 de la t\u00eate un but vainqueur dans les arr\u00eats de jeu depuis le coin de Szoboszlai \u00e0 la 100e minute pour obtenir trois points qui ont permis \u00e0 Liverpool de sept points d&#39;avance sur Chelsea, sixi\u00e8me, dans la course \u00e0 la qualification pour la Ligue des champions.<\/p>\n<p>C&#39;\u00e9tait une contribution appropri\u00e9e de Szoboszlai, qui a \u00e9t\u00e9 le meilleur joueur de Liverpool cette saison avec 12 buts et neuf passes d\u00e9cisives toutes comp\u00e9titions confondues. <\/p>\n<p>Pourtant, malgr\u00e9 toutes ses qualit\u00e9s sur le terrain, la question qui p\u00e8se sur lui reste celle de son avenir en dehors.<\/p>\n<p>\u00ab\u00a0Il n&#39;y a pas eu de r\u00e9elle progression, donc je ne peux rien dire de nouveau sur ma situation contractuelle\u00a0\u00bb, a-t-il d\u00e9clar\u00e9 apr\u00e8s le coup de sifflet final. \u00ab\u00a0Il nous reste beaucoup de matches \u00e0 jouer et je me concentre l\u00e0-dessus. Comme vous le savez, mon contrat se termine en 2028, donc je suis pr\u00eat \u00e0 y aller chaque jour, chaque semaine, et ensuite nous verrons.<\/p>\n<p>\u00ab\u00a0Bien s\u00fbr, je me vois ici \u00e0 long terme, mais ce n&#39;est plus vraiment entre mes mains. J&#39;aime \u00eatre ici. J&#39;aime les fans. Ma famille est heureuse.<\/p>\n<figure class=\"wp-block-image size-large\"><picture decoding=\"async\" class=\"wp-image-173193\"><source type=\"image\/webp\" data-lazy- \/><img loading=\"lazy\" decoding=\"async\" width=\"1024\" height=\"665\" src=\"https:\/\/footdavant.fr\/actualites\/wp-content\/uploads\/2026\/04\/Szoboszlai-completement-detendu-sur-le-contrat-de-Liverpool-malgre-le.jpg\" alt=\"Dominik Szoboszlai fait la f\u00eate pour Liverpool\"  \/>\n<\/picture>\n<\/figure>\n<p>\u00ab\u00a0Je suis compl\u00e8tement d\u00e9tendu. Il nous reste cinq matchs. Ensuite, je vais me reposer, un grand repos, apr\u00e8s ma tr\u00eave internationale. Ensuite, nous verrons.\u00a0\u00bb<\/p>\n<h2 class=\"wp-block-heading\">Van Dijk m\u00e8ne les Reds \u00e0 la victoire dans le derby<\/h2>\n<p>Le r\u00e9sultat lui-m\u00eame comportait de nombreux autres sc\u00e9narios. Mohamed Salah a ouvert le score \u00e0 la 29e minute, son cinqui\u00e8me but en huit matchs, et ce faisant, il a \u00e9gal\u00e9 le record de Steven Gerrard de neuf buts dans le derby du Merseyside \u00e0 l&#39;\u00e9poque de la Premier League. <\/p>\n<p>Beto a \u00e9galis\u00e9 \u00e0 la 54e minute, glissant pour terminer apr\u00e8s qu&#39;Everton ait envoy\u00e9 le ballon sur la gauche, et l&#39;\u00e9galisation a eu un co\u00fbt pour Liverpool. Le gardien Giorgi Mamardashvili a \u00e9t\u00e9 enlev\u00e9 apr\u00e8s s&#39;\u00eatre bless\u00e9 lors de la pr\u00e9paration, offrant ainsi ses d\u00e9buts en Premier League \u00e0 Freddie Woodman.<\/p>\n<p>Mais Szoboszlai n\u2019en avait pas fini. Son corner trouvait Van Dijk au second poteau et le capitaine faisait le reste, envoyant le support itin\u00e9rant dans le d\u00e9lire profond dans les arr\u00eats de jeu.<\/p>\n<p>\u00ab\u00a0C&#39;\u00e9tait incroyable\u00a0\u00bb, a d\u00e9clar\u00e9 Szoboszlai. \u00ab\u00a0Nous avons pratiqu\u00e9 les coups de pied arr\u00eat\u00e9s hier. Je l&#39;ai juste mis dans le mix et j&#39;esp\u00e9rais Virgil et Ibou [Konate] pour le gagner.<\/p>\n<figure class=\"wp-block-embed is-type-rich is-provider-twitter wp-block-embed-twitter\">\n<div class=\"wp-block-embed__wrapper\">\n<blockquote class=\"twitter-tweet\" data-width=\"500\" data-dnt=\"true\">\n<p lang=\"en\" dir=\"ltr\">\ud83d\udea8 Dominik Szoboszlai : \u00ab Bien s\u00fbr, je me vois ici \u00e0 long terme, mais comme je le dis, ce n&#39;est plus vraiment entre mes mains \u00bb.<\/p>\n<p>\u00ab\u00a0J&#39;aime \u00eatre ici, comme je l&#39;ai dit \u00e0 plusieurs reprises ; j&#39;aime les supporters et j&#39;aime vraiment \u00eatre ici. Ma famille est heureuse. Je suis compl\u00e8tement d\u00e9tendu\u00a0\u00bb. <a rel=\"nofollow\" href=\"https:\/\/t.co\/0n6rGYwWvl\" rel=\"nofollow\">pic.twitter.com\/0n6rGYwWvl<\/a><\/p>\n<p>-Fabrizio Romano (@FabrizioRomano) <a rel=\"nofollow\" href=\"https:\/\/twitter.com\/FabrizioRomano\/status\/2046165145194230149?ref_src=twsrc%5Etfw\" rel=\"nofollow noopener\">20 avril 2026<\/a><\/p><\/blockquote>\n<\/div>\n<\/figure>\n<p>\u00ab\u00a0Pour gagner un derby comme celui-ci dans la derni\u00e8re seconde, nous ne pouvions pas demander mieux. Nous sommes heureux les uns pour les autres mais aussi pour les supporters car nous savons ce que cela signifie pour eux.<\/p>\n<p>\u00ab\u00a0Une victoire change toujours l&#39;ambiance, mais nous devons garder les pieds sur terre et continuer \u00e0 travailler dur. Nous devons continuer \u00e0 nous battre pour les places en Ligue des champions et des matchs difficiles nous attendent.\u00a0\u00bb<\/p>\n<\/p><\/div>\n<p><script async src=\"https:\/\/platform.twitter.com\/widgets.js\" charset=\"utf-8\"><\/script><\/p>\n","protected":false},"excerpt":{"rendered":"<p>Dominik Szoboszlai insiste sur le fait qu&#39;il n&#39;a aucune inqui\u00e9tude quant \u00e0 son avenir \u00e0 Liverpool malgr\u00e9 l&#39;impasse dans les n\u00e9gociations contractuelles, apr\u00e8s que le<\/p>\n","protected":false},"author":1,"featured_media":36652,"comment_status":"closed","ping_status":"","sticky":false,"template":"","format":"standard","meta":{"footnotes":""},"categories":[3],"tags":[3868,1218,10964,53,2520,476,3531,103,531],"yoast_head":"<!-- This site is optimized with the Yoast SEO plugin v21.0 - https:\/\/yoast.com\/wordpress\/plugins\/seo\/ -->\n<title>Szoboszlai &quot;compl\u00e8tement d\u00e9tendu&quot; sur le contrat de Liverpool malgr\u00e9 le manque de progr\u00e8s<\/title>\n<meta name=\"robots\" content=\"index, follow, max-snippet:-1, max-image-preview:large, max-video-preview:-1\" \/>\n<link rel=\"canonical\" href=\"https:\/\/footdavant.fr\/actualites\/szoboszlai-completement-detendu-sur-le-contrat-de-liverpool-malgre-le-manque-de-progres\/\" \/>\n<meta property=\"og:locale\" content=\"fr_FR\" \/>\n<meta property=\"og:type\" content=\"article\" \/>\n<meta property=\"og:title\" content=\"Szoboszlai &quot;compl\u00e8tement d\u00e9tendu&quot; sur le contrat de Liverpool malgr\u00e9 le manque de progr\u00e8s\" \/>\n<meta property=\"og:description\" content=\"Dominik Szoboszlai insiste sur le fait qu&#039;il n&#039;a aucune inqui\u00e9tude quant \u00e0 son avenir \u00e0 Liverpool malgr\u00e9 l&#039;impasse dans les n\u00e9gociations contractuelles, apr\u00e8s que le\" \/>\n<meta property=\"og:url\" content=\"https:\/\/footdavant.fr\/actualites\/szoboszlai-completement-detendu-sur-le-contrat-de-liverpool-malgre-le-manque-de-progres\/\" \/>\n<meta property=\"og:site_name\" content=\"Foot d&#039;avant\" \/>\n<meta property=\"article:publisher\" content=\"https:\/\/www.facebook.com\/Footdavant\/\" \/>\n<meta property=\"article:published_time\" content=\"2026-04-20T14:48:03+00:00\" \/>\n<meta property=\"article:modified_time\" content=\"2026-04-20T14:48:05+00:00\" \/>\n<meta property=\"og:image\" content=\"https:\/\/footdavant.fr\/actualites\/wp-content\/uploads\/2026\/04\/1776696484_Szoboszlai-completement-detendu-sur-le-contrat-de-Liverpool-malgre-le.jpg\" \/>\n\t<meta property=\"og:image:width\" content=\"1200\" \/>\n\t<meta property=\"og:image:height\" content=\"834\" \/>\n\t<meta property=\"og:image:type\" content=\"image\/jpeg\" \/>\n<meta name=\"author\" content=\"Cl\u00e9ment\" \/>\n<meta name=\"twitter:card\" content=\"summary_large_image\" \/>\n<meta name=\"twitter:creator\" content=\"@FootdavantFr\" \/>\n<meta name=\"twitter:site\" content=\"@FootdavantFr\" \/>\n<meta name=\"twitter:label1\" content=\"\u00c9crit par\" \/>\n\t<meta name=\"twitter:data1\" content=\"Cl\u00e9ment\" \/>\n\t<meta name=\"twitter:label2\" content=\"Dur\u00e9e de lecture estim\u00e9e\" \/>\n\t<meta name=\"twitter:data2\" content=\"3 minutes\" \/>\n<script type=\"application\/ld+json\" class=\"yoast-schema-graph\">{\"@context\":\"https:\/\/schema.org\",\"@graph\":[{\"@type\":\"Article\",\"@id\":\"https:\/\/footdavant.fr\/actualites\/szoboszlai-completement-detendu-sur-le-contrat-de-liverpool-malgre-le-manque-de-progres\/#article\",\"isPartOf\":{\"@id\":\"https:\/\/footdavant.fr\/actualites\/szoboszlai-completement-detendu-sur-le-contrat-de-liverpool-malgre-le-manque-de-progres\/\"},\"author\":{\"name\":\"Cl\u00e9ment\",\"@id\":\"https:\/\/footdavant.fr\/actualites\/#\/schema\/person\/bc222566d95871b37e597b3ed3ba5e1d\"},\"headline\":\"Szoboszlai \u00ab\u00a0compl\u00e8tement d\u00e9tendu\u00a0\u00bb sur le contrat de Liverpool malgr\u00e9 le manque de progr\u00e8s\",\"datePublished\":\"2026-04-20T14:48:03+00:00\",\"dateModified\":\"2026-04-20T14:48:05+00:00\",\"mainEntityOfPage\":{\"@id\":\"https:\/\/footdavant.fr\/actualites\/szoboszlai-completement-detendu-sur-le-contrat-de-liverpool-malgre-le-manque-de-progres\/\"},\"wordCount\":630,\"publisher\":{\"@id\":\"https:\/\/footdavant.fr\/actualites\/#organization\"},\"keywords\":[\"compl\u00e8tement\",\"contrat\",\"d\u00e9tendu\",\"Liverpool\",\"malgr\u00e9\",\"manque\",\"progr\u00e8s\",\"sur\",\"Szoboszlai\"],\"articleSection\":[\"Football\"],\"inLanguage\":\"fr-FR\"},{\"@type\":\"WebPage\",\"@id\":\"https:\/\/footdavant.fr\/actualites\/szoboszlai-completement-detendu-sur-le-contrat-de-liverpool-malgre-le-manque-de-progres\/\",\"url\":\"https:\/\/footdavant.fr\/actualites\/szoboszlai-completement-detendu-sur-le-contrat-de-liverpool-malgre-le-manque-de-progres\/\",\"name\":\"Szoboszlai \\\"compl\u00e8tement d\u00e9tendu\\\" sur le contrat de Liverpool malgr\u00e9 le manque de progr\u00e8s\",\"isPartOf\":{\"@id\":\"https:\/\/footdavant.fr\/actualites\/#website\"},\"datePublished\":\"2026-04-20T14:48:03+00:00\",\"dateModified\":\"2026-04-20T14:48:05+00:00\",\"breadcrumb\":{\"@id\":\"https:\/\/footdavant.fr\/actualites\/szoboszlai-completement-detendu-sur-le-contrat-de-liverpool-malgre-le-manque-de-progres\/#breadcrumb\"},\"inLanguage\":\"fr-FR\",\"potentialAction\":[{\"@type\":\"ReadAction\",\"target\":[\"https:\/\/footdavant.fr\/actualites\/szoboszlai-completement-detendu-sur-le-contrat-de-liverpool-malgre-le-manque-de-progres\/\"]}]},{\"@type\":\"BreadcrumbList\",\"@id\":\"https:\/\/footdavant.fr\/actualites\/szoboszlai-completement-detendu-sur-le-contrat-de-liverpool-malgre-le-manque-de-progres\/#breadcrumb\",\"itemListElement\":[{\"@type\":\"ListItem\",\"position\":1,\"name\":\"Accueil\",\"item\":\"https:\/\/footdavant.fr\/actualites\/\"},{\"@type\":\"ListItem\",\"position\":2,\"name\":\"Szoboszlai \u00ab\u00a0compl\u00e8tement d\u00e9tendu\u00a0\u00bb sur le contrat de Liverpool malgr\u00e9 le manque de progr\u00e8s\"}]},{\"@type\":\"WebSite\",\"@id\":\"https:\/\/footdavant.fr\/actualites\/#website\",\"url\":\"https:\/\/footdavant.fr\/actualites\/\",\"name\":\"Foot d'avant\",\"description\":\"\",\"publisher\":{\"@id\":\"https:\/\/footdavant.fr\/actualites\/#organization\"},\"potentialAction\":[{\"@type\":\"SearchAction\",\"target\":{\"@type\":\"EntryPoint\",\"urlTemplate\":\"https:\/\/footdavant.fr\/actualites\/?s={search_term_string}\"},\"query-input\":\"required name=search_term_string\"}],\"inLanguage\":\"fr-FR\"},{\"@type\":\"Organization\",\"@id\":\"https:\/\/footdavant.fr\/actualites\/#organization\",\"name\":\"Foot d'avant\",\"url\":\"https:\/\/footdavant.fr\/actualites\/\",\"logo\":{\"@type\":\"ImageObject\",\"inLanguage\":\"fr-FR\",\"@id\":\"https:\/\/footdavant.fr\/actualites\/#\/schema\/logo\/image\/\",\"url\":\"https:\/\/footdavant.fr\/actualites\/wp-content\/uploads\/2023\/09\/Copy-of-FootDavant-Logo.png\",\"contentUrl\":\"https:\/\/footdavant.fr\/actualites\/wp-content\/uploads\/2023\/09\/Copy-of-FootDavant-Logo.png\",\"width\":936,\"height\":549,\"caption\":\"Foot d'avant\"},\"image\":{\"@id\":\"https:\/\/footdavant.fr\/actualites\/#\/schema\/logo\/image\/\"},\"sameAs\":[\"https:\/\/www.facebook.com\/Footdavant\/\",\"https:\/\/twitter.com\/FootdavantFr\",\"https:\/\/www.instagram.com\/footdavant.fr\/\"]},{\"@type\":\"Person\",\"@id\":\"https:\/\/footdavant.fr\/actualites\/#\/schema\/person\/bc222566d95871b37e597b3ed3ba5e1d\",\"name\":\"Cl\u00e9ment\",\"image\":{\"@type\":\"ImageObject\",\"inLanguage\":\"fr-FR\",\"@id\":\"https:\/\/footdavant.fr\/actualites\/#\/schema\/person\/image\/\",\"url\":\"https:\/\/secure.gravatar.com\/avatar\/7728b29aac2719421e1a9159b2254c44?s=96&d=mm&r=g\",\"contentUrl\":\"https:\/\/secure.gravatar.com\/avatar\/7728b29aac2719421e1a9159b2254c44?s=96&d=mm&r=g\",\"caption\":\"Cl\u00e9ment\"},\"sameAs\":[\"https:\/\/footdavant.fr\/\"]}]}<\/script>\n<!-- \/ Yoast SEO plugin. -->","yoast_head_json":{"title":"Szoboszlai \"compl\u00e8tement d\u00e9tendu\" sur le contrat de Liverpool malgr\u00e9 le manque de progr\u00e8s","robots":{"index":"index","follow":"follow","max-snippet":"max-snippet:-1","max-image-preview":"max-image-preview:large","max-video-preview":"max-video-preview:-1"},"canonical":"https:\/\/footdavant.fr\/actualites\/szoboszlai-completement-detendu-sur-le-contrat-de-liverpool-malgre-le-manque-de-progres\/","og_locale":"fr_FR","og_type":"article","og_title":"Szoboszlai \"compl\u00e8tement d\u00e9tendu\" sur le contrat de Liverpool malgr\u00e9 le manque de progr\u00e8s","og_description":"Dominik Szoboszlai insiste sur le fait qu&#39;il n&#39;a aucune inqui\u00e9tude quant \u00e0 son avenir \u00e0 Liverpool malgr\u00e9 l&#39;impasse dans les n\u00e9gociations contractuelles, apr\u00e8s que le","og_url":"https:\/\/footdavant.fr\/actualites\/szoboszlai-completement-detendu-sur-le-contrat-de-liverpool-malgre-le-manque-de-progres\/","og_site_name":"Foot d&#039;avant","article_publisher":"https:\/\/www.facebook.com\/Footdavant\/","article_published_time":"2026-04-20T14:48:03+00:00","article_modified_time":"2026-04-20T14:48:05+00:00","og_image":[{"width":1200,"height":834,"url":"https:\/\/footdavant.fr\/actualites\/wp-content\/uploads\/2026\/04\/1776696484_Szoboszlai-completement-detendu-sur-le-contrat-de-Liverpool-malgre-le.jpg","type":"image\/jpeg"}],"author":"Cl\u00e9ment","twitter_card":"summary_large_image","twitter_creator":"@FootdavantFr","twitter_site":"@FootdavantFr","twitter_misc":{"\u00c9crit par":"Cl\u00e9ment","Dur\u00e9e de lecture estim\u00e9e":"3 minutes"},"schema":{"@context":"https:\/\/schema.org","@graph":[{"@type":"Article","@id":"https:\/\/footdavant.fr\/actualites\/szoboszlai-completement-detendu-sur-le-contrat-de-liverpool-malgre-le-manque-de-progres\/#article","isPartOf":{"@id":"https:\/\/footdavant.fr\/actualites\/szoboszlai-completement-detendu-sur-le-contrat-de-liverpool-malgre-le-manque-de-progres\/"},"author":{"name":"Cl\u00e9ment","@id":"https:\/\/footdavant.fr\/actualites\/#\/schema\/person\/bc222566d95871b37e597b3ed3ba5e1d"},"headline":"Szoboszlai \u00ab\u00a0compl\u00e8tement d\u00e9tendu\u00a0\u00bb sur le contrat de Liverpool malgr\u00e9 le manque de progr\u00e8s","datePublished":"2026-04-20T14:48:03+00:00","dateModified":"2026-04-20T14:48:05+00:00","mainEntityOfPage":{"@id":"https:\/\/footdavant.fr\/actualites\/szoboszlai-completement-detendu-sur-le-contrat-de-liverpool-malgre-le-manque-de-progres\/"},"wordCount":630,"publisher":{"@id":"https:\/\/footdavant.fr\/actualites\/#organization"},"keywords":["compl\u00e8tement","contrat","d\u00e9tendu","Liverpool","malgr\u00e9","manque","progr\u00e8s","sur","Szoboszlai"],"articleSection":["Football"],"inLanguage":"fr-FR"},{"@type":"WebPage","@id":"https:\/\/footdavant.fr\/actualites\/szoboszlai-completement-detendu-sur-le-contrat-de-liverpool-malgre-le-manque-de-progres\/","url":"https:\/\/footdavant.fr\/actualites\/szoboszlai-completement-detendu-sur-le-contrat-de-liverpool-malgre-le-manque-de-progres\/","name":"Szoboszlai \"compl\u00e8tement d\u00e9tendu\" sur le contrat de Liverpool malgr\u00e9 le manque de progr\u00e8s","isPartOf":{"@id":"https:\/\/footdavant.fr\/actualites\/#website"},"datePublished":"2026-04-20T14:48:03+00:00","dateModified":"2026-04-20T14:48:05+00:00","breadcrumb":{"@id":"https:\/\/footdavant.fr\/actualites\/szoboszlai-completement-detendu-sur-le-contrat-de-liverpool-malgre-le-manque-de-progres\/#breadcrumb"},"inLanguage":"fr-FR","potentialAction":[{"@type":"ReadAction","target":["https:\/\/footdavant.fr\/actualites\/szoboszlai-completement-detendu-sur-le-contrat-de-liverpool-malgre-le-manque-de-progres\/"]}]},{"@type":"BreadcrumbList","@id":"https:\/\/footdavant.fr\/actualites\/szoboszlai-completement-detendu-sur-le-contrat-de-liverpool-malgre-le-manque-de-progres\/#breadcrumb","itemListElement":[{"@type":"ListItem","position":1,"name":"Accueil","item":"https:\/\/footdavant.fr\/actualites\/"},{"@type":"ListItem","position":2,"name":"Szoboszlai \u00ab\u00a0compl\u00e8tement d\u00e9tendu\u00a0\u00bb sur le contrat de Liverpool malgr\u00e9 le manque de progr\u00e8s"}]},{"@type":"WebSite","@id":"https:\/\/footdavant.fr\/actualites\/#website","url":"https:\/\/footdavant.fr\/actualites\/","name":"Foot d'avant","description":"","publisher":{"@id":"https:\/\/footdavant.fr\/actualites\/#organization"},"potentialAction":[{"@type":"SearchAction","target":{"@type":"EntryPoint","urlTemplate":"https:\/\/footdavant.fr\/actualites\/?s={search_term_string}"},"query-input":"required name=search_term_string"}],"inLanguage":"fr-FR"},{"@type":"Organization","@id":"https:\/\/footdavant.fr\/actualites\/#organization","name":"Foot d'avant","url":"https:\/\/footdavant.fr\/actualites\/","logo":{"@type":"ImageObject","inLanguage":"fr-FR","@id":"https:\/\/footdavant.fr\/actualites\/#\/schema\/logo\/image\/","url":"https:\/\/footdavant.fr\/actualites\/wp-content\/uploads\/2023\/09\/Copy-of-FootDavant-Logo.png","contentUrl":"https:\/\/footdavant.fr\/actualites\/wp-content\/uploads\/2023\/09\/Copy-of-FootDavant-Logo.png","width":936,"height":549,"caption":"Foot d'avant"},"image":{"@id":"https:\/\/footdavant.fr\/actualites\/#\/schema\/logo\/image\/"},"sameAs":["https:\/\/www.facebook.com\/Footdavant\/","https:\/\/twitter.com\/FootdavantFr","https:\/\/www.instagram.com\/footdavant.fr\/"]},{"@type":"Person","@id":"https:\/\/footdavant.fr\/actualites\/#\/schema\/person\/bc222566d95871b37e597b3ed3ba5e1d","name":"Cl\u00e9ment","image":{"@type":"ImageObject","inLanguage":"fr-FR","@id":"https:\/\/footdavant.fr\/actualites\/#\/schema\/person\/image\/","url":"https:\/\/secure.gravatar.com\/avatar\/7728b29aac2719421e1a9159b2254c44?s=96&d=mm&r=g","contentUrl":"https:\/\/secure.gravatar.com\/avatar\/7728b29aac2719421e1a9159b2254c44?s=96&d=mm&r=g","caption":"Cl\u00e9ment"},"sameAs":["https:\/\/footdavant.fr\/"]}]}},"_links":{"self":[{"href":"https:\/\/footdavant.fr\/actualites\/wp-json\/wp\/v2\/posts\/36651"}],"collection":[{"href":"https:\/\/footdavant.fr\/actualites\/wp-json\/wp\/v2\/posts"}],"about":[{"href":"https:\/\/footdavant.fr\/actualites\/wp-json\/wp\/v2\/types\/post"}],"author":[{"embeddable":true,"href":"https:\/\/footdavant.fr\/actualites\/wp-json\/wp\/v2\/users\/1"}],"replies":[{"embeddable":true,"href":"https:\/\/footdavant.fr\/actualites\/wp-json\/wp\/v2\/comments?post=36651"}],"version-history":[{"count":1,"href":"https:\/\/footdavant.fr\/actualites\/wp-json\/wp\/v2\/posts\/36651\/revisions"}],"predecessor-version":[{"id":36653,"href":"https:\/\/footdavant.fr\/actualites\/wp-json\/wp\/v2\/posts\/36651\/revisions\/36653"}],"wp:featuredmedia":[{"embeddable":true,"href":"https:\/\/footdavant.fr\/actualites\/wp-json\/wp\/v2\/media\/36652"}],"wp:attachment":[{"href":"https:\/\/footdavant.fr\/actualites\/wp-json\/wp\/v2\/media?parent=36651"}],"wp:term":[{"taxonomy":"category","embeddable":true,"href":"https:\/\/footdavant.fr\/actualites\/wp-json\/wp\/v2\/categories?post=36651"},{"taxonomy":"post_tag","embeddable":true,"href":"https:\/\/footdavant.fr\/actualites\/wp-json\/wp\/v2\/tags?post=36651"}],"curies":[{"name":"wp","href":"https:\/\/api.w.org\/{rel}","templated":true}]}}