{"id":36657,"date":"2026-04-20T20:48:00","date_gmt":"2026-04-20T18:48:00","guid":{"rendered":"https:\/\/footdavant.fr\/actualites\/rayan-cherki-comment-manchester-united-a-rate-la-star-de-city\/"},"modified":"2026-04-20T20:48:02","modified_gmt":"2026-04-20T18:48:02","slug":"rayan-cherki-comment-manchester-united-a-rate-la-star-de-city","status":"publish","type":"post","link":"https:\/\/footdavant.fr\/actualites\/rayan-cherki-comment-manchester-united-a-rate-la-star-de-city\/","title":{"rendered":"Rayan Cherki: Comment Manchester United a rat\u00e9 la star de City \u2013"},"content":{"rendered":"<div id=\"penci-post-entry-inner\">\n<p>\t\t\t<i class=\"penci-post-countview-number-check\" style=\"display:none\">1<\/i><\/p>\n<p>Si la fortune avait favoris\u00e9 Manchester United, Rayan Cherki aurait pu exercer son m\u00e9tier dans la moiti\u00e9 rouge de Manchester. Les Diables Rouges sont constamment \u00e0 la recherche de talents \u00e9mergents \u00e0 travers le monde, une strat\u00e9gie qui leur a permis de recruter certains des meilleurs jeunes joueurs du monde. <\/p>\n<p>Les g\u00e9ants anglais ont une riche tradition de d\u00e9veloppement d\u2019individus dou\u00e9s pour en faire des noms connus et n\u2019ont pas peur de faire confiance aux jeunes. United a connu un grand succ\u00e8s avec cette approche, d&#39;abord sous Sir Matt Busby et, plus r\u00e9cemment, sous le r\u00e8gne l\u00e9gendaire de Sir Alex Ferguson.  <\/p>\n<p>INEOS a \u00e9galement investi dans cette strat\u00e9gie et les g\u00e9ants de la Premier League ont r\u00e9cemment retenu les services de jeunes footballeurs exceptionnels. Qu&#39;il s&#39;agisse de Leny Yoro, dipl\u00f4m\u00e9 de l&#39;acad\u00e9mie de Lille, ou de la starlette paraguayenne Diego Leon, de Sekou Kone \u00e0 Ayden Heaven en passant par Patrick Dorgu, le r\u00e9seau de reconnaissance de United a \u00e9galement livr\u00e9 la marchandise ces derniers temps. <\/p>\n<p>Cependant, certains joueurs leur ont manqu\u00e9 ces derni\u00e8res ann\u00e9es, notamment Moises Caicedo. Il semble maintenant que Cherki, qui a \u00e9t\u00e9 jusqu\u2019\u00e0 pr\u00e9sent une r\u00e9v\u00e9lation pour Manchester City, puisse \u00e9galement \u00eatre ajout\u00e9 \u00e0 cette liste. <\/p>\n<h3>La nouvelle star de City<\/h3>\n<p>Cherki gravit rapidement les \u00e9chelons \u00e0 Lyon avant de faire son entr\u00e9e en \u00e9quipe premi\u00e8re en 2019. L&#39;ann\u00e9e suivante, \u00e2g\u00e9 de 16 ans et 140 jours, il devient le plus jeune joueur \u00e0 marquer un but en \u00e9quipe senior de l&#39;histoire du club.<\/p>\n<p>L&#39;extraordinaire ascension du Fran\u00e7ais au Parc Olympique Lyonnais a captiv\u00e9 l&#39;imagination des clubs de tout le continent. Cependant, c&#39;est City qui a remport\u00e9 la course \u00e0 sa signature l&#39;\u00e9t\u00e9 dernier, en s&#39;assurant les services du joueur de 22 ans dans le cadre d&#39;un contrat de 42,5 millions d&#39;euros. <\/p>\n<p>Cette d\u00e9cision a d\u00e9j\u00e0 port\u00e9 ses fruits, Cherki devenant l&#39;un des hommes les plus importants de Pep Guardiola. Cette saison, le Fran\u00e7ais a marqu\u00e9 10 buts et en a inscrit 13 autres en 44 matchs toutes comp\u00e9titions confondues avec les Cityzens. <\/p>\n<h2 id=\"tablepress-1230-name\" class=\"tablepress-table-name tablepress-table-name-id-1230\">Rayan Cherki Stats: saison 2025\/26<\/h2>\n<table id=\"tablepress-1230\" class=\"tablepress tablepress-id-1230\" aria-labelledby=\"tablepress-1230-name\">\n<thead>\n<tr class=\"row-1\">\n<th class=\"column-1\">Concours<\/th>\n<th class=\"column-2\">Apparitions<\/th>\n<th class=\"column-3\">Commence<\/th>\n<th class=\"column-4\">Objectifs<\/th>\n<th class=\"column-5\">Aides<\/th>\n<th class=\"column-6\">Cartons jaunes<\/th>\n<th class=\"column-7\">Cartons rouges<\/th>\n<th class=\"column-8\">Minutes jou\u00e9es<\/th>\n<\/tr>\n<\/thead>\n<tbody class=\"row-striping row-hover\">\n<tr class=\"row-2\">\n<td class=\"column-1\">Premi\u00e8re Ligue<\/td>\n<td class=\"column-2\">27<\/td>\n<td class=\"column-3\">16<\/td>\n<td class=\"column-4\">4<\/td>\n<td class=\"column-5\">10<\/td>\n<td class=\"column-6\">1<\/td>\n<td class=\"column-7\">&#8211;<\/td>\n<td class=\"column-8\">1 469&#39;<\/td>\n<\/tr>\n<tr class=\"row-3\">\n<td class=\"column-1\">Ligue des champions de l&#39;UEFA<\/td>\n<td class=\"column-2\">8<\/td>\n<td class=\"column-3\">4<\/td>\n<td class=\"column-4\">3<\/td>\n<td class=\"column-5\">&#8211;<\/td>\n<td class=\"column-6\">1<\/td>\n<td class=\"column-7\">&#8211;<\/td>\n<td class=\"column-8\">394&#39;<\/td>\n<\/tr>\n<tr class=\"row-4\">\n<td class=\"column-1\">Coupe EFL<\/td>\n<td class=\"column-2\">5<\/td>\n<td class=\"column-3\">3<\/td>\n<td class=\"column-4\">3<\/td>\n<td class=\"column-5\">1<\/td>\n<td class=\"column-6\">&#8211;<\/td>\n<td class=\"column-7\">&#8211;<\/td>\n<td class=\"column-8\">277&#39;<\/td>\n<\/tr>\n<tr class=\"row-5\">\n<td class=\"column-1\">Coupe d&#39;Angleterre<\/td>\n<td class=\"column-2\">4<\/td>\n<td class=\"column-3\">3<\/td>\n<td class=\"column-4\">&#8211;<\/td>\n<td class=\"column-5\">2<\/td>\n<td class=\"column-6\">&#8211;<\/td>\n<td class=\"column-7\">&#8211;<\/td>\n<td class=\"column-8\">262&#39;<\/td>\n<\/tr>\n<tr class=\"row-6\">\n<td class=\"column-1\"><\/td>\n<td class=\"column-2\">44<\/td>\n<td class=\"column-3\">26<\/td>\n<td class=\"column-4\">10<\/td>\n<td class=\"column-5\">13<\/td>\n<td class=\"column-6\">2<\/td>\n<td class=\"column-7\">&#8211;<\/td>\n<td class=\"column-8\">2 402&#39;<\/td>\n<\/tr>\n<\/tbody>\n<\/table>\n<p><!-- #tablepress-1230 from cache --><\/p>\n<p>En fait, seul Bruno Fernandes a enregistr\u00e9 plus de passes d\u00e9cisives (18) que Cherki en Premier League cette saison. Cependant, le maestro portugais aurait pu partager r\u00e9guli\u00e8rement le terrain avec le Fran\u00e7ais si les choses s&#39;\u00e9taient d\u00e9roul\u00e9es comme United dans le pass\u00e9. <\/p>\n<h3>United voulait Cherki<\/h3>\n<p>Selon talkSPORT, United voulait recruter Cherki pendant son s\u00e9jour \u00e0 l&#39;acad\u00e9mie de Lyon, mais le joueur a refus\u00e9. Le rapport d\u00e9clare : \u00ab Alors que le meneur de jeu continue de se renforcer, les voisins de City, Manchester United, penseront toujours : \u00ab Et si ? \u00bb<\/p>\n<p>\u00ab\u00a0Cherki aurait pu d\u00e9m\u00e9nager pour la premi\u00e8re fois en Angleterre apr\u00e8s avoir fait un essai \u00e0 Chelsea \u00e0 l&#39;\u00e2ge de 12 ans en 2015, avant de choisir de rester \u00e0 Lyon.\u00a0\u00bb<\/p>\n<p>\u00ab\u00a0talkSPORT comprend que lorsqu&#39;il \u00e9tait au niveau U15-U16, Man United avait un vif int\u00e9r\u00eat et a m\u00eame fait une proposition \u00e0 Cherki. Cependant, le n\u00b010 de City a finalement pr\u00e9f\u00e9r\u00e9 commencer sa carri\u00e8re dans son club d&#39;enfance et a fait ses d\u00e9buts senior en 2019.\u00a0\u00bb<\/p>\n<h3>Pens\u00e9es finales<\/h3>\n<p>Manquer Cherki n&#39;est pas la fin du monde, m\u00eame s&#39;il est vrai qu&#39;il aurait pu \u00eatre un bon ajout \u00e0 l&#39;\u00e9quipe. Cependant, United compte \u00e9galement un talent prodigieux en la personne de JJ Gabriel qui gravit les \u00e9chelons, les fans ne seront donc pas trop d\u00e9courag\u00e9s par l&#39;\u00e9chec du club \u00e0 recruter le Fran\u00e7ais. <\/p>\n<\/p>\n<hr\/>\n<p>The Peoples Person est l&#39;un des principaux sites d&#39;information de Man United au monde depuis plus d&#39;une d\u00e9cennie. Suivez-nous sur Bluesky\u00a0: @peoplesperson.bsky.social<\/p>\n<p><!-- CONTENT END 2 --><\/p><\/div>\n","protected":false},"excerpt":{"rendered":"<p>1 Si la fortune avait favoris\u00e9 Manchester United, Rayan Cherki aurait pu exercer son m\u00e9tier dans la moiti\u00e9 rouge de Manchester. Les Diables Rouges sont<\/p>\n","protected":false},"author":1,"featured_media":36658,"comment_status":"closed","ping_status":"","sticky":false,"template":"","format":"standard","meta":{"footnotes":""},"categories":[3],"tags":[2166,27,1497,11,1060,2165,1621,13],"yoast_head":"<!-- This site is optimized with the Yoast SEO plugin v21.0 - https:\/\/yoast.com\/wordpress\/plugins\/seo\/ -->\n<title>Rayan Cherki: Comment Manchester United a rat\u00e9 la star de City \u2013<\/title>\n<meta name=\"robots\" content=\"index, follow, max-snippet:-1, max-image-preview:large, max-video-preview:-1\" \/>\n<link rel=\"canonical\" href=\"https:\/\/footdavant.fr\/actualites\/rayan-cherki-comment-manchester-united-a-rate-la-star-de-city\/\" \/>\n<meta property=\"og:locale\" content=\"fr_FR\" \/>\n<meta property=\"og:type\" content=\"article\" \/>\n<meta property=\"og:title\" content=\"Rayan Cherki: Comment Manchester United a rat\u00e9 la star de City \u2013\" \/>\n<meta property=\"og:description\" content=\"1 Si la fortune avait favoris\u00e9 Manchester United, Rayan Cherki aurait pu exercer son m\u00e9tier dans la moiti\u00e9 rouge de Manchester. Les Diables Rouges sont\" \/>\n<meta property=\"og:url\" content=\"https:\/\/footdavant.fr\/actualites\/rayan-cherki-comment-manchester-united-a-rate-la-star-de-city\/\" \/>\n<meta property=\"og:site_name\" content=\"Foot d&#039;avant\" \/>\n<meta property=\"article:publisher\" content=\"https:\/\/www.facebook.com\/Footdavant\/\" \/>\n<meta property=\"article:published_time\" content=\"2026-04-20T18:48:00+00:00\" \/>\n<meta property=\"article:modified_time\" content=\"2026-04-20T18:48:02+00:00\" \/>\n<meta property=\"og:image\" content=\"https:\/\/footdavant.fr\/actualites\/wp-content\/uploads\/2026\/04\/Rayan-Cherki-Comment-Manchester-United-a-rate-la-star-de.webp\" \/>\n\t<meta property=\"og:image:width\" content=\"1600\" \/>\n\t<meta property=\"og:image:height\" content=\"715\" \/>\n\t<meta property=\"og:image:type\" content=\"image\/webp\" \/>\n<meta name=\"author\" content=\"Cl\u00e9ment\" \/>\n<meta name=\"twitter:card\" content=\"summary_large_image\" \/>\n<meta name=\"twitter:creator\" content=\"@FootdavantFr\" \/>\n<meta name=\"twitter:site\" content=\"@FootdavantFr\" \/>\n<meta name=\"twitter:label1\" content=\"\u00c9crit par\" \/>\n\t<meta name=\"twitter:data1\" content=\"Cl\u00e9ment\" \/>\n\t<meta name=\"twitter:label2\" content=\"Dur\u00e9e de lecture estim\u00e9e\" \/>\n\t<meta name=\"twitter:data2\" content=\"3 minutes\" \/>\n<script type=\"application\/ld+json\" class=\"yoast-schema-graph\">{\"@context\":\"https:\/\/schema.org\",\"@graph\":[{\"@type\":\"Article\",\"@id\":\"https:\/\/footdavant.fr\/actualites\/rayan-cherki-comment-manchester-united-a-rate-la-star-de-city\/#article\",\"isPartOf\":{\"@id\":\"https:\/\/footdavant.fr\/actualites\/rayan-cherki-comment-manchester-united-a-rate-la-star-de-city\/\"},\"author\":{\"name\":\"Cl\u00e9ment\",\"@id\":\"https:\/\/footdavant.fr\/actualites\/#\/schema\/person\/bc222566d95871b37e597b3ed3ba5e1d\"},\"headline\":\"Rayan Cherki: Comment Manchester United a rat\u00e9 la star de City \u2013\",\"datePublished\":\"2026-04-20T18:48:00+00:00\",\"dateModified\":\"2026-04-20T18:48:02+00:00\",\"mainEntityOfPage\":{\"@id\":\"https:\/\/footdavant.fr\/actualites\/rayan-cherki-comment-manchester-united-a-rate-la-star-de-city\/\"},\"wordCount\":687,\"publisher\":{\"@id\":\"https:\/\/footdavant.fr\/actualites\/#organization\"},\"keywords\":[\"Cherki\",\"City\",\"Comment\",\"Manchester\",\"rat\u00e9\",\"Rayan\",\"Star\",\"United\"],\"articleSection\":[\"Football\"],\"inLanguage\":\"fr-FR\"},{\"@type\":\"WebPage\",\"@id\":\"https:\/\/footdavant.fr\/actualites\/rayan-cherki-comment-manchester-united-a-rate-la-star-de-city\/\",\"url\":\"https:\/\/footdavant.fr\/actualites\/rayan-cherki-comment-manchester-united-a-rate-la-star-de-city\/\",\"name\":\"Rayan Cherki: Comment Manchester United a rat\u00e9 la star de City \u2013\",\"isPartOf\":{\"@id\":\"https:\/\/footdavant.fr\/actualites\/#website\"},\"datePublished\":\"2026-04-20T18:48:00+00:00\",\"dateModified\":\"2026-04-20T18:48:02+00:00\",\"breadcrumb\":{\"@id\":\"https:\/\/footdavant.fr\/actualites\/rayan-cherki-comment-manchester-united-a-rate-la-star-de-city\/#breadcrumb\"},\"inLanguage\":\"fr-FR\",\"potentialAction\":[{\"@type\":\"ReadAction\",\"target\":[\"https:\/\/footdavant.fr\/actualites\/rayan-cherki-comment-manchester-united-a-rate-la-star-de-city\/\"]}]},{\"@type\":\"BreadcrumbList\",\"@id\":\"https:\/\/footdavant.fr\/actualites\/rayan-cherki-comment-manchester-united-a-rate-la-star-de-city\/#breadcrumb\",\"itemListElement\":[{\"@type\":\"ListItem\",\"position\":1,\"name\":\"Accueil\",\"item\":\"https:\/\/footdavant.fr\/actualites\/\"},{\"@type\":\"ListItem\",\"position\":2,\"name\":\"Rayan Cherki: Comment Manchester United a rat\u00e9 la star de City \u2013\"}]},{\"@type\":\"WebSite\",\"@id\":\"https:\/\/footdavant.fr\/actualites\/#website\",\"url\":\"https:\/\/footdavant.fr\/actualites\/\",\"name\":\"Foot d'avant\",\"description\":\"\",\"publisher\":{\"@id\":\"https:\/\/footdavant.fr\/actualites\/#organization\"},\"potentialAction\":[{\"@type\":\"SearchAction\",\"target\":{\"@type\":\"EntryPoint\",\"urlTemplate\":\"https:\/\/footdavant.fr\/actualites\/?s={search_term_string}\"},\"query-input\":\"required name=search_term_string\"}],\"inLanguage\":\"fr-FR\"},{\"@type\":\"Organization\",\"@id\":\"https:\/\/footdavant.fr\/actualites\/#organization\",\"name\":\"Foot d'avant\",\"url\":\"https:\/\/footdavant.fr\/actualites\/\",\"logo\":{\"@type\":\"ImageObject\",\"inLanguage\":\"fr-FR\",\"@id\":\"https:\/\/footdavant.fr\/actualites\/#\/schema\/logo\/image\/\",\"url\":\"https:\/\/footdavant.fr\/actualites\/wp-content\/uploads\/2023\/09\/Copy-of-FootDavant-Logo.png\",\"contentUrl\":\"https:\/\/footdavant.fr\/actualites\/wp-content\/uploads\/2023\/09\/Copy-of-FootDavant-Logo.png\",\"width\":936,\"height\":549,\"caption\":\"Foot d'avant\"},\"image\":{\"@id\":\"https:\/\/footdavant.fr\/actualites\/#\/schema\/logo\/image\/\"},\"sameAs\":[\"https:\/\/www.facebook.com\/Footdavant\/\",\"https:\/\/twitter.com\/FootdavantFr\",\"https:\/\/www.instagram.com\/footdavant.fr\/\"]},{\"@type\":\"Person\",\"@id\":\"https:\/\/footdavant.fr\/actualites\/#\/schema\/person\/bc222566d95871b37e597b3ed3ba5e1d\",\"name\":\"Cl\u00e9ment\",\"image\":{\"@type\":\"ImageObject\",\"inLanguage\":\"fr-FR\",\"@id\":\"https:\/\/footdavant.fr\/actualites\/#\/schema\/person\/image\/\",\"url\":\"https:\/\/secure.gravatar.com\/avatar\/7728b29aac2719421e1a9159b2254c44?s=96&d=mm&r=g\",\"contentUrl\":\"https:\/\/secure.gravatar.com\/avatar\/7728b29aac2719421e1a9159b2254c44?s=96&d=mm&r=g\",\"caption\":\"Cl\u00e9ment\"},\"sameAs\":[\"https:\/\/footdavant.fr\/\"]}]}<\/script>\n<!-- \/ Yoast SEO plugin. -->","yoast_head_json":{"title":"Rayan Cherki: Comment Manchester United a rat\u00e9 la star de City \u2013","robots":{"index":"index","follow":"follow","max-snippet":"max-snippet:-1","max-image-preview":"max-image-preview:large","max-video-preview":"max-video-preview:-1"},"canonical":"https:\/\/footdavant.fr\/actualites\/rayan-cherki-comment-manchester-united-a-rate-la-star-de-city\/","og_locale":"fr_FR","og_type":"article","og_title":"Rayan Cherki: Comment Manchester United a rat\u00e9 la star de City \u2013","og_description":"1 Si la fortune avait favoris\u00e9 Manchester United, Rayan Cherki aurait pu exercer son m\u00e9tier dans la moiti\u00e9 rouge de Manchester. Les Diables Rouges sont","og_url":"https:\/\/footdavant.fr\/actualites\/rayan-cherki-comment-manchester-united-a-rate-la-star-de-city\/","og_site_name":"Foot d&#039;avant","article_publisher":"https:\/\/www.facebook.com\/Footdavant\/","article_published_time":"2026-04-20T18:48:00+00:00","article_modified_time":"2026-04-20T18:48:02+00:00","og_image":[{"width":1600,"height":715,"url":"https:\/\/footdavant.fr\/actualites\/wp-content\/uploads\/2026\/04\/Rayan-Cherki-Comment-Manchester-United-a-rate-la-star-de.webp","type":"image\/webp"}],"author":"Cl\u00e9ment","twitter_card":"summary_large_image","twitter_creator":"@FootdavantFr","twitter_site":"@FootdavantFr","twitter_misc":{"\u00c9crit par":"Cl\u00e9ment","Dur\u00e9e de lecture estim\u00e9e":"3 minutes"},"schema":{"@context":"https:\/\/schema.org","@graph":[{"@type":"Article","@id":"https:\/\/footdavant.fr\/actualites\/rayan-cherki-comment-manchester-united-a-rate-la-star-de-city\/#article","isPartOf":{"@id":"https:\/\/footdavant.fr\/actualites\/rayan-cherki-comment-manchester-united-a-rate-la-star-de-city\/"},"author":{"name":"Cl\u00e9ment","@id":"https:\/\/footdavant.fr\/actualites\/#\/schema\/person\/bc222566d95871b37e597b3ed3ba5e1d"},"headline":"Rayan Cherki: Comment Manchester United a rat\u00e9 la star de City \u2013","datePublished":"2026-04-20T18:48:00+00:00","dateModified":"2026-04-20T18:48:02+00:00","mainEntityOfPage":{"@id":"https:\/\/footdavant.fr\/actualites\/rayan-cherki-comment-manchester-united-a-rate-la-star-de-city\/"},"wordCount":687,"publisher":{"@id":"https:\/\/footdavant.fr\/actualites\/#organization"},"keywords":["Cherki","City","Comment","Manchester","rat\u00e9","Rayan","Star","United"],"articleSection":["Football"],"inLanguage":"fr-FR"},{"@type":"WebPage","@id":"https:\/\/footdavant.fr\/actualites\/rayan-cherki-comment-manchester-united-a-rate-la-star-de-city\/","url":"https:\/\/footdavant.fr\/actualites\/rayan-cherki-comment-manchester-united-a-rate-la-star-de-city\/","name":"Rayan Cherki: Comment Manchester United a rat\u00e9 la star de City \u2013","isPartOf":{"@id":"https:\/\/footdavant.fr\/actualites\/#website"},"datePublished":"2026-04-20T18:48:00+00:00","dateModified":"2026-04-20T18:48:02+00:00","breadcrumb":{"@id":"https:\/\/footdavant.fr\/actualites\/rayan-cherki-comment-manchester-united-a-rate-la-star-de-city\/#breadcrumb"},"inLanguage":"fr-FR","potentialAction":[{"@type":"ReadAction","target":["https:\/\/footdavant.fr\/actualites\/rayan-cherki-comment-manchester-united-a-rate-la-star-de-city\/"]}]},{"@type":"BreadcrumbList","@id":"https:\/\/footdavant.fr\/actualites\/rayan-cherki-comment-manchester-united-a-rate-la-star-de-city\/#breadcrumb","itemListElement":[{"@type":"ListItem","position":1,"name":"Accueil","item":"https:\/\/footdavant.fr\/actualites\/"},{"@type":"ListItem","position":2,"name":"Rayan Cherki: Comment Manchester United a rat\u00e9 la star de City \u2013"}]},{"@type":"WebSite","@id":"https:\/\/footdavant.fr\/actualites\/#website","url":"https:\/\/footdavant.fr\/actualites\/","name":"Foot d'avant","description":"","publisher":{"@id":"https:\/\/footdavant.fr\/actualites\/#organization"},"potentialAction":[{"@type":"SearchAction","target":{"@type":"EntryPoint","urlTemplate":"https:\/\/footdavant.fr\/actualites\/?s={search_term_string}"},"query-input":"required name=search_term_string"}],"inLanguage":"fr-FR"},{"@type":"Organization","@id":"https:\/\/footdavant.fr\/actualites\/#organization","name":"Foot d'avant","url":"https:\/\/footdavant.fr\/actualites\/","logo":{"@type":"ImageObject","inLanguage":"fr-FR","@id":"https:\/\/footdavant.fr\/actualites\/#\/schema\/logo\/image\/","url":"https:\/\/footdavant.fr\/actualites\/wp-content\/uploads\/2023\/09\/Copy-of-FootDavant-Logo.png","contentUrl":"https:\/\/footdavant.fr\/actualites\/wp-content\/uploads\/2023\/09\/Copy-of-FootDavant-Logo.png","width":936,"height":549,"caption":"Foot d'avant"},"image":{"@id":"https:\/\/footdavant.fr\/actualites\/#\/schema\/logo\/image\/"},"sameAs":["https:\/\/www.facebook.com\/Footdavant\/","https:\/\/twitter.com\/FootdavantFr","https:\/\/www.instagram.com\/footdavant.fr\/"]},{"@type":"Person","@id":"https:\/\/footdavant.fr\/actualites\/#\/schema\/person\/bc222566d95871b37e597b3ed3ba5e1d","name":"Cl\u00e9ment","image":{"@type":"ImageObject","inLanguage":"fr-FR","@id":"https:\/\/footdavant.fr\/actualites\/#\/schema\/person\/image\/","url":"https:\/\/secure.gravatar.com\/avatar\/7728b29aac2719421e1a9159b2254c44?s=96&d=mm&r=g","contentUrl":"https:\/\/secure.gravatar.com\/avatar\/7728b29aac2719421e1a9159b2254c44?s=96&d=mm&r=g","caption":"Cl\u00e9ment"},"sameAs":["https:\/\/footdavant.fr\/"]}]}},"_links":{"self":[{"href":"https:\/\/footdavant.fr\/actualites\/wp-json\/wp\/v2\/posts\/36657"}],"collection":[{"href":"https:\/\/footdavant.fr\/actualites\/wp-json\/wp\/v2\/posts"}],"about":[{"href":"https:\/\/footdavant.fr\/actualites\/wp-json\/wp\/v2\/types\/post"}],"author":[{"embeddable":true,"href":"https:\/\/footdavant.fr\/actualites\/wp-json\/wp\/v2\/users\/1"}],"replies":[{"embeddable":true,"href":"https:\/\/footdavant.fr\/actualites\/wp-json\/wp\/v2\/comments?post=36657"}],"version-history":[{"count":1,"href":"https:\/\/footdavant.fr\/actualites\/wp-json\/wp\/v2\/posts\/36657\/revisions"}],"predecessor-version":[{"id":36659,"href":"https:\/\/footdavant.fr\/actualites\/wp-json\/wp\/v2\/posts\/36657\/revisions\/36659"}],"wp:featuredmedia":[{"embeddable":true,"href":"https:\/\/footdavant.fr\/actualites\/wp-json\/wp\/v2\/media\/36658"}],"wp:attachment":[{"href":"https:\/\/footdavant.fr\/actualites\/wp-json\/wp\/v2\/media?parent=36657"}],"wp:term":[{"taxonomy":"category","embeddable":true,"href":"https:\/\/footdavant.fr\/actualites\/wp-json\/wp\/v2\/categories?post=36657"},{"taxonomy":"post_tag","embeddable":true,"href":"https:\/\/footdavant.fr\/actualites\/wp-json\/wp\/v2\/tags?post=36657"}],"curies":[{"name":"wp","href":"https:\/\/api.w.org\/{rel}","templated":true}]}}