{"id":36666,"date":"2026-04-21T02:48:18","date_gmt":"2026-04-21T00:48:18","guid":{"rendered":"https:\/\/footdavant.fr\/actualites\/man-city-contre-arsenal-mikel-arteta-a-envoye-une-demande-ferme-a-max-dowman-apres-le-point-sur-la-blessure-de-noni-madueke\/"},"modified":"2026-04-21T02:48:22","modified_gmt":"2026-04-21T00:48:22","slug":"man-city-contre-arsenal-mikel-arteta-a-envoye-une-demande-ferme-a-max-dowman-apres-le-point-sur-la-blessure-de-noni-madueke","status":"publish","type":"post","link":"https:\/\/footdavant.fr\/actualites\/man-city-contre-arsenal-mikel-arteta-a-envoye-une-demande-ferme-a-max-dowman-apres-le-point-sur-la-blessure-de-noni-madueke\/","title":{"rendered":"Man City contre Arsenal: Mikel Arteta a envoy\u00e9 une demande ferme \u00e0 Max Dowman apr\u00e8s le point sur la blessure de Noni Madueke"},"content":{"rendered":"<div itemprop=\"articleBody\">\n<p>Lorsque Mikel Arteta fait le point sur les blessures d&#39;Arsenal aux m\u00e9dias, il est difficile de ne pas prendre les paroles du manager avec une pinc\u00e9e de sel, en grande partie parce qu&#39;il garde presque toujours ses cartes aussi pr\u00e8s que possible de sa poitrine.<\/p>\n<p>Il y aurait donc eu une surprise parmi les journalistes lorsque l&#39;Espagnol a exclu Bukayo Saka de la bataille de haut de tableau de dimanche contre Manchester City, plut\u00f4t que sa r\u00e9ponse \u00e9nigmatique habituelle parlant d&#39;une autre s\u00e9ance d&#39;entra\u00eenement et de \u00ab\u00a0nous verrons\u00a0\u00bb.<\/p>\n<p>Arteta porterait ses Art\u00e9ta-ismes \u00e0 un nouveau niveau si Saka \u00e9tait effectivement jug\u00e9 apte pour le match de dimanche, ce qui n&#39;est pas hors du domaine du possible compte tenu de l&#39;histoire de l&#39;actualit\u00e9 de son \u00e9quipe ; il a d\u00e9clar\u00e9 que l&#39;Anglais \u00e9tait \u00ab\u00a0en lice\u00a0\u00bb pour affronter Man City fin 2023, mais qu&#39;il l&#39;a compl\u00e8tement rat\u00e9.<\/p>\n<p>Cependant, si Saka prend effectivement sa place en marge du match de dimanche, Arteta a quatre rempla\u00e7ants possibles pour le starboy de Hale End des Gunners, dont Noni Madueke, sur lequel le patron d&#39;Arsenal a publi\u00e9 une mise \u00e0 jour positive suite \u00e0 sa peur au genou en milieu de semaine.<\/p>\n<p>Alternativement, Arteta pourrait jouer plus prudemment avec Gabriel Martinelli, tester Kai Havertz dans une position large ou offrir \u00e0 Max Dowman, 16 ans, son premier d\u00e9part en Premier League. <\/p>\n<p>Ce doit \u00eatre ce dernier.<\/p>\n<h2>Pourquoi Max Dowman est le premier choix d&#39;Arsenal pour la confrontation avec Man City<\/h2>\n<div>\n<div>\n<div>\n<p>\u00a9 Iconsport \/ Adam Gee\/News Images\/Sipa USA<\/p>\n<\/div>\n<\/div>\n<\/div>\n<p>Alors que Saka \u00e9tait frapp\u00e9 et Madueke touch\u00e9 au genou en milieu de semaine, Arteta a in\u00e9vitablement \u00e9t\u00e9 interrog\u00e9 sur l&#39;inclusion potentielle de Dowman dans la formation de d\u00e9part lors de sa conf\u00e9rence de presse, et l&#39;entra\u00eeneur d&#39;Arsenal a donn\u00e9 une r\u00e9ponse r\u00e9v\u00e9latrice :<\/p>\n<p>\u00ab\u00a0Il sera pr\u00eat, j&#39;en suis s\u00fbr. Vous le lancez dans n&#39;importe quel contexte, ce gamin, vous savez ce qu&#39;il va livrer et il l&#39;a montr\u00e9 cette saison et dans tous les matchs o\u00f9 nous l&#39;avons utilis\u00e9.\u00a0\u00bb<\/p>\n<p>Battant des records juv\u00e9niles pour le plaisir depuis l&#39;\u00e2ge de 14 ans seulement, Dowman est un joueur \u00e0 qui les autres joueurs d&#39;Arsenal veulent simplement donner le ballon. Certes, ces statistiques sont l\u00e9g\u00e8rement fauss\u00e9es par le manque relatif de minutes du jeune par rapport \u00e0 Martinelli, Havertz et Madueke, mais elles dressent n\u00e9anmoins un tableau fascinant.<\/p>\n<p>La sensation n\u00e9e en 2009 a r\u00e9alis\u00e9 77,5 touches toutes les 90 minutes en Premier League cette saison, de loin le meilleur du quatuor Dowman-Havertz-Madueke-Martinelli ; Madueke est deuxi\u00e8me sur la liste avec 55.<\/p>\n<p>Le contexte doit bien s\u00fbr \u00eatre appliqu\u00e9 ; Arteta a souvent lanc\u00e9 Dowman dans les phases finales quand Arsenal courait apr\u00e8s le match, mais ses coll\u00e8gues plus exp\u00e9riment\u00e9s n&#39;ont aucune inhibition \u00e0 passer le ballon \u00e0 l&#39;adolescent, dont le centre de gravit\u00e9 bas, l&#39;intr\u00e9pidit\u00e9 et le jeu de jambes exemplaire font de lui le cauchemar d&#39;un arri\u00e8re lat\u00e9ral.<\/p>\n<p>Gagner la confiance de joueurs de 10 ans son a\u00een\u00e9 \u00e0 un si jeune \u00e2ge est une r\u00e9ussite incroyable en soi, mais Dowman a su inspirer le respect de ses co\u00e9quipiers valant plusieurs millions de livres sterling, ainsi que de son entra\u00eeneur-chef toujours aussi exigeant.<\/p>\n<p>Le premier but de l&#39;attaquant en Premier League contre Everton n&#39;\u00e9tait peut-\u00eatre qu&#39;un simple but \u00e0 premi\u00e8re vue, mais garder un sang-froid inflexible \u00e0 16 ans &#8211; avec pr\u00e8s de 60 000 fans d\u00e9j\u00e0 en f\u00eate &#8211; a rendu son exploit historique d&#39;autant plus m\u00e9ritoire.<\/p>\n<p>Dans une campagne o\u00f9 Madueke a \u00e9t\u00e9 al\u00e9atoire, les probl\u00e8mes de forme physique de Havertz ont fait ressortir leurs vilaines t\u00eates et Martinelli n&#39;a pas encore r\u00e9ussi \u00e0 red\u00e9couvrir son moi de 2022-23, Dowman a fait plus qu&#39;assez pour faire son premier d\u00e9part en Premier League dans le plus grand match de Premier League de la d\u00e9cennie pour Arsenal.<\/p>\n<h2>Mikel Arteta est-il susceptible de titulariser Max Dowman contre Man City ?<\/h2>\n<div>\n<div>\n<div><img decoding=\"async\" data-img-id=\"159307\" class=\"lazy\" loading=\"lazy\" src=\"https:\/\/footdavant.fr\/actualites\/wp-content\/uploads\/2026\/04\/1776732498_719_Man-City-contre-Arsenal-Mikel-Arteta-a-envoye-une-demande.webp\"\/><\/p>\n<p>\u00a9 Iconsport \/ Harvey Murphy\/News Images\/Alay<\/p>\n<\/div>\n<\/div>\n<\/div>\n<p>Dowman m\u00e9rite d&#39;avoir la chance de se mesurer \u00e0 un Nico O&#39;Reilly ou \u00e0 un Rayan Ait-Nouri, mais lorsque les feuilles d&#39;\u00e9quipe seront publi\u00e9es dimanche apr\u00e8s-midi \u00e0 15h15, attendez-vous quand m\u00eame \u00e0 voir son nom parmi les rempla\u00e7ants.<\/p>\n<p>Arteta n&#39;a pas h\u00e9sit\u00e9 \u00e0 lancer Dowman d\u00e8s le premier coup de sifflet de la Coupe EFL ou de la FA Cup, mais il a \u00e9galement laiss\u00e9 l&#39;adolescent sur le banc lors de la d\u00e9faite finale contre Man City lors du tournoi pr\u00e9c\u00e9dent &#8211; au grand dam des Gooners.<\/p>\n<p>Havertz, Martinelli et Madueke n&#39;ont pas r\u00e9ussi \u00e0 couper la moutarde \u00e0 Wembley ce jour-l\u00e0, mais l&#39;international allemand est un pr\u00e9tendant wild-card pour le poste de droite, et plus que viable \u00e9galement.<\/p>\n<p>La saison derni\u00e8re en particulier, Havertz a souvent d\u00e9riv\u00e9 vers le flanc droit pour combiner avec Saka, Martin Odegaard, Ben White ou Jurrien Timber dans les phases de pr\u00e9paration d&#39;Arsenal, et il serait le meilleur match pour O&#39;Reilly d&#39;un point de vue a\u00e9rien.<\/p>\n<p>Alternativement, si Arteta veut de l&#39;explosivit\u00e9 et de la franchise sur le c\u00f4t\u00e9 droit, Madueke est le principal concurrent, m\u00eame si le produit final de l&#39;Anglais pourrait \u00e9videmment encore \u00eatre raffin\u00e9.<\/p>\n<p>Les enjeux ont rarement \u00e9t\u00e9 plus \u00e9lev\u00e9s dans une comp\u00e9tition entre les Gunners et les Sky Blues, donc l&#39;exp\u00e9rience devrait pr\u00e9valoir sur l&#39;exub\u00e9rance de la jeunesse, mais cela ne veut pas dire que Dowman ne peut pas avoir un impact &#8211; potentiellement un impact gagnant pour le titre &#8211; dans une autre apparition colossale en seconde p\u00e9riode.<\/p>\n<h2>D\u00e9couvrez l\u2019aper\u00e7u vid\u00e9o de Sports Mole pour Man City contre Arsenal\u00a0:<\/h2>\n<\/div>\n","protected":false},"excerpt":{"rendered":"<p>Lorsque Mikel Arteta fait le point sur les blessures d&#39;Arsenal aux m\u00e9dias, il est difficile de ne pas prendre les paroles du manager avec une<\/p>\n","protected":false},"author":1,"featured_media":36667,"comment_status":"closed","ping_status":"","sticky":false,"template":"","format":"standard","meta":{"footnotes":""},"categories":[5],"tags":[25,67,211,15,27,20,74,8276,4692,4658,2602,24,1944,210,6221,153,103,92],"yoast_head":"<!-- This site is optimized with the Yoast SEO plugin v21.0 - https:\/\/yoast.com\/wordpress\/plugins\/seo\/ -->\n<title>Man City contre Arsenal: Mikel Arteta a envoy\u00e9 une demande ferme \u00e0 Max Dowman apr\u00e8s le point sur la blessure de Noni Madueke<\/title>\n<meta name=\"robots\" content=\"index, follow, max-snippet:-1, max-image-preview:large, max-video-preview:-1\" \/>\n<link rel=\"canonical\" href=\"https:\/\/footdavant.fr\/actualites\/man-city-contre-arsenal-mikel-arteta-a-envoye-une-demande-ferme-a-max-dowman-apres-le-point-sur-la-blessure-de-noni-madueke\/\" \/>\n<meta property=\"og:locale\" content=\"fr_FR\" \/>\n<meta property=\"og:type\" content=\"article\" \/>\n<meta property=\"og:title\" content=\"Man City contre Arsenal: Mikel Arteta a envoy\u00e9 une demande ferme \u00e0 Max Dowman apr\u00e8s le point sur la blessure de Noni Madueke\" \/>\n<meta property=\"og:description\" content=\"Lorsque Mikel Arteta fait le point sur les blessures d&#039;Arsenal aux m\u00e9dias, il est difficile de ne pas prendre les paroles du manager avec une\" \/>\n<meta property=\"og:url\" content=\"https:\/\/footdavant.fr\/actualites\/man-city-contre-arsenal-mikel-arteta-a-envoye-une-demande-ferme-a-max-dowman-apres-le-point-sur-la-blessure-de-noni-madueke\/\" \/>\n<meta property=\"og:site_name\" content=\"Foot d&#039;avant\" \/>\n<meta property=\"article:publisher\" content=\"https:\/\/www.facebook.com\/Footdavant\/\" \/>\n<meta property=\"article:published_time\" content=\"2026-04-21T00:48:18+00:00\" \/>\n<meta property=\"article:modified_time\" content=\"2026-04-21T00:48:22+00:00\" \/>\n<meta property=\"og:image\" content=\"https:\/\/footdavant.fr\/actualites\/wp-content\/uploads\/2026\/04\/Man-City-contre-Arsenal-Mikel-Arteta-a-envoye-une-demande.net2Fuploads2F20262F042Fns-3-photo-frame.webp\" \/>\n\t<meta property=\"og:image:width\" content=\"720\" \/>\n\t<meta property=\"og:image:height\" content=\"410\" \/>\n\t<meta property=\"og:image:type\" content=\"image\/webp\" \/>\n<meta name=\"author\" content=\"Cl\u00e9ment\" \/>\n<meta name=\"twitter:card\" content=\"summary_large_image\" \/>\n<meta name=\"twitter:creator\" content=\"@FootdavantFr\" \/>\n<meta name=\"twitter:site\" content=\"@FootdavantFr\" \/>\n<meta name=\"twitter:label1\" content=\"\u00c9crit par\" \/>\n\t<meta name=\"twitter:data1\" content=\"Cl\u00e9ment\" \/>\n\t<meta name=\"twitter:label2\" content=\"Dur\u00e9e de lecture estim\u00e9e\" \/>\n\t<meta name=\"twitter:data2\" content=\"5 minutes\" \/>\n<script type=\"application\/ld+json\" class=\"yoast-schema-graph\">{\"@context\":\"https:\/\/schema.org\",\"@graph\":[{\"@type\":\"Article\",\"@id\":\"https:\/\/footdavant.fr\/actualites\/man-city-contre-arsenal-mikel-arteta-a-envoye-une-demande-ferme-a-max-dowman-apres-le-point-sur-la-blessure-de-noni-madueke\/#article\",\"isPartOf\":{\"@id\":\"https:\/\/footdavant.fr\/actualites\/man-city-contre-arsenal-mikel-arteta-a-envoye-une-demande-ferme-a-max-dowman-apres-le-point-sur-la-blessure-de-noni-madueke\/\"},\"author\":{\"name\":\"Cl\u00e9ment\",\"@id\":\"https:\/\/footdavant.fr\/actualites\/#\/schema\/person\/bc222566d95871b37e597b3ed3ba5e1d\"},\"headline\":\"Man City contre Arsenal: Mikel Arteta a envoy\u00e9 une demande ferme \u00e0 Max Dowman apr\u00e8s le point sur la blessure de Noni Madueke\",\"datePublished\":\"2026-04-21T00:48:18+00:00\",\"dateModified\":\"2026-04-21T00:48:22+00:00\",\"mainEntityOfPage\":{\"@id\":\"https:\/\/footdavant.fr\/actualites\/man-city-contre-arsenal-mikel-arteta-a-envoye-une-demande-ferme-a-max-dowman-apres-le-point-sur-la-blessure-de-noni-madueke\/\"},\"wordCount\":1024,\"publisher\":{\"@id\":\"https:\/\/footdavant.fr\/actualites\/#organization\"},\"keywords\":[\"apr\u00e8s\",\"Arsenal\",\"Arteta\",\"Blessure\",\"City\",\"contre\",\"demand\u00e9\",\"Dowman\",\"envoy\u00e9\",\"ferme\",\"Madueke\",\"Man\",\"Max\",\"Mikel\",\"Noni\",\"point\",\"sur\",\"une\"],\"articleSection\":[\"Premier League\"],\"inLanguage\":\"fr-FR\"},{\"@type\":\"WebPage\",\"@id\":\"https:\/\/footdavant.fr\/actualites\/man-city-contre-arsenal-mikel-arteta-a-envoye-une-demande-ferme-a-max-dowman-apres-le-point-sur-la-blessure-de-noni-madueke\/\",\"url\":\"https:\/\/footdavant.fr\/actualites\/man-city-contre-arsenal-mikel-arteta-a-envoye-une-demande-ferme-a-max-dowman-apres-le-point-sur-la-blessure-de-noni-madueke\/\",\"name\":\"Man City contre Arsenal: Mikel Arteta a envoy\u00e9 une demande ferme \u00e0 Max Dowman apr\u00e8s le point sur la blessure de Noni Madueke\",\"isPartOf\":{\"@id\":\"https:\/\/footdavant.fr\/actualites\/#website\"},\"datePublished\":\"2026-04-21T00:48:18+00:00\",\"dateModified\":\"2026-04-21T00:48:22+00:00\",\"breadcrumb\":{\"@id\":\"https:\/\/footdavant.fr\/actualites\/man-city-contre-arsenal-mikel-arteta-a-envoye-une-demande-ferme-a-max-dowman-apres-le-point-sur-la-blessure-de-noni-madueke\/#breadcrumb\"},\"inLanguage\":\"fr-FR\",\"potentialAction\":[{\"@type\":\"ReadAction\",\"target\":[\"https:\/\/footdavant.fr\/actualites\/man-city-contre-arsenal-mikel-arteta-a-envoye-une-demande-ferme-a-max-dowman-apres-le-point-sur-la-blessure-de-noni-madueke\/\"]}]},{\"@type\":\"BreadcrumbList\",\"@id\":\"https:\/\/footdavant.fr\/actualites\/man-city-contre-arsenal-mikel-arteta-a-envoye-une-demande-ferme-a-max-dowman-apres-le-point-sur-la-blessure-de-noni-madueke\/#breadcrumb\",\"itemListElement\":[{\"@type\":\"ListItem\",\"position\":1,\"name\":\"Accueil\",\"item\":\"https:\/\/footdavant.fr\/actualites\/\"},{\"@type\":\"ListItem\",\"position\":2,\"name\":\"Man City contre Arsenal: Mikel Arteta a envoy\u00e9 une demande ferme \u00e0 Max Dowman apr\u00e8s le point sur la blessure de Noni Madueke\"}]},{\"@type\":\"WebSite\",\"@id\":\"https:\/\/footdavant.fr\/actualites\/#website\",\"url\":\"https:\/\/footdavant.fr\/actualites\/\",\"name\":\"Foot d'avant\",\"description\":\"\",\"publisher\":{\"@id\":\"https:\/\/footdavant.fr\/actualites\/#organization\"},\"potentialAction\":[{\"@type\":\"SearchAction\",\"target\":{\"@type\":\"EntryPoint\",\"urlTemplate\":\"https:\/\/footdavant.fr\/actualites\/?s={search_term_string}\"},\"query-input\":\"required name=search_term_string\"}],\"inLanguage\":\"fr-FR\"},{\"@type\":\"Organization\",\"@id\":\"https:\/\/footdavant.fr\/actualites\/#organization\",\"name\":\"Foot d'avant\",\"url\":\"https:\/\/footdavant.fr\/actualites\/\",\"logo\":{\"@type\":\"ImageObject\",\"inLanguage\":\"fr-FR\",\"@id\":\"https:\/\/footdavant.fr\/actualites\/#\/schema\/logo\/image\/\",\"url\":\"https:\/\/footdavant.fr\/actualites\/wp-content\/uploads\/2023\/09\/Copy-of-FootDavant-Logo.png\",\"contentUrl\":\"https:\/\/footdavant.fr\/actualites\/wp-content\/uploads\/2023\/09\/Copy-of-FootDavant-Logo.png\",\"width\":936,\"height\":549,\"caption\":\"Foot d'avant\"},\"image\":{\"@id\":\"https:\/\/footdavant.fr\/actualites\/#\/schema\/logo\/image\/\"},\"sameAs\":[\"https:\/\/www.facebook.com\/Footdavant\/\",\"https:\/\/twitter.com\/FootdavantFr\",\"https:\/\/www.instagram.com\/footdavant.fr\/\"]},{\"@type\":\"Person\",\"@id\":\"https:\/\/footdavant.fr\/actualites\/#\/schema\/person\/bc222566d95871b37e597b3ed3ba5e1d\",\"name\":\"Cl\u00e9ment\",\"image\":{\"@type\":\"ImageObject\",\"inLanguage\":\"fr-FR\",\"@id\":\"https:\/\/footdavant.fr\/actualites\/#\/schema\/person\/image\/\",\"url\":\"https:\/\/secure.gravatar.com\/avatar\/7728b29aac2719421e1a9159b2254c44?s=96&d=mm&r=g\",\"contentUrl\":\"https:\/\/secure.gravatar.com\/avatar\/7728b29aac2719421e1a9159b2254c44?s=96&d=mm&r=g\",\"caption\":\"Cl\u00e9ment\"},\"sameAs\":[\"https:\/\/footdavant.fr\/\"]}]}<\/script>\n<!-- \/ Yoast SEO plugin. -->","yoast_head_json":{"title":"Man City contre Arsenal: Mikel Arteta a envoy\u00e9 une demande ferme \u00e0 Max Dowman apr\u00e8s le point sur la blessure de Noni Madueke","robots":{"index":"index","follow":"follow","max-snippet":"max-snippet:-1","max-image-preview":"max-image-preview:large","max-video-preview":"max-video-preview:-1"},"canonical":"https:\/\/footdavant.fr\/actualites\/man-city-contre-arsenal-mikel-arteta-a-envoye-une-demande-ferme-a-max-dowman-apres-le-point-sur-la-blessure-de-noni-madueke\/","og_locale":"fr_FR","og_type":"article","og_title":"Man City contre Arsenal: Mikel Arteta a envoy\u00e9 une demande ferme \u00e0 Max Dowman apr\u00e8s le point sur la blessure de Noni Madueke","og_description":"Lorsque Mikel Arteta fait le point sur les blessures d&#39;Arsenal aux m\u00e9dias, il est difficile de ne pas prendre les paroles du manager avec une","og_url":"https:\/\/footdavant.fr\/actualites\/man-city-contre-arsenal-mikel-arteta-a-envoye-une-demande-ferme-a-max-dowman-apres-le-point-sur-la-blessure-de-noni-madueke\/","og_site_name":"Foot d&#039;avant","article_publisher":"https:\/\/www.facebook.com\/Footdavant\/","article_published_time":"2026-04-21T00:48:18+00:00","article_modified_time":"2026-04-21T00:48:22+00:00","og_image":[{"width":720,"height":410,"url":"https:\/\/footdavant.fr\/actualites\/wp-content\/uploads\/2026\/04\/Man-City-contre-Arsenal-Mikel-Arteta-a-envoye-une-demande.net2Fuploads2F20262F042Fns-3-photo-frame.webp","type":"image\/webp"}],"author":"Cl\u00e9ment","twitter_card":"summary_large_image","twitter_creator":"@FootdavantFr","twitter_site":"@FootdavantFr","twitter_misc":{"\u00c9crit par":"Cl\u00e9ment","Dur\u00e9e de lecture estim\u00e9e":"5 minutes"},"schema":{"@context":"https:\/\/schema.org","@graph":[{"@type":"Article","@id":"https:\/\/footdavant.fr\/actualites\/man-city-contre-arsenal-mikel-arteta-a-envoye-une-demande-ferme-a-max-dowman-apres-le-point-sur-la-blessure-de-noni-madueke\/#article","isPartOf":{"@id":"https:\/\/footdavant.fr\/actualites\/man-city-contre-arsenal-mikel-arteta-a-envoye-une-demande-ferme-a-max-dowman-apres-le-point-sur-la-blessure-de-noni-madueke\/"},"author":{"name":"Cl\u00e9ment","@id":"https:\/\/footdavant.fr\/actualites\/#\/schema\/person\/bc222566d95871b37e597b3ed3ba5e1d"},"headline":"Man City contre Arsenal: Mikel Arteta a envoy\u00e9 une demande ferme \u00e0 Max Dowman apr\u00e8s le point sur la blessure de Noni Madueke","datePublished":"2026-04-21T00:48:18+00:00","dateModified":"2026-04-21T00:48:22+00:00","mainEntityOfPage":{"@id":"https:\/\/footdavant.fr\/actualites\/man-city-contre-arsenal-mikel-arteta-a-envoye-une-demande-ferme-a-max-dowman-apres-le-point-sur-la-blessure-de-noni-madueke\/"},"wordCount":1024,"publisher":{"@id":"https:\/\/footdavant.fr\/actualites\/#organization"},"keywords":["apr\u00e8s","Arsenal","Arteta","Blessure","City","contre","demand\u00e9","Dowman","envoy\u00e9","ferme","Madueke","Man","Max","Mikel","Noni","point","sur","une"],"articleSection":["Premier League"],"inLanguage":"fr-FR"},{"@type":"WebPage","@id":"https:\/\/footdavant.fr\/actualites\/man-city-contre-arsenal-mikel-arteta-a-envoye-une-demande-ferme-a-max-dowman-apres-le-point-sur-la-blessure-de-noni-madueke\/","url":"https:\/\/footdavant.fr\/actualites\/man-city-contre-arsenal-mikel-arteta-a-envoye-une-demande-ferme-a-max-dowman-apres-le-point-sur-la-blessure-de-noni-madueke\/","name":"Man City contre Arsenal: Mikel Arteta a envoy\u00e9 une demande ferme \u00e0 Max Dowman apr\u00e8s le point sur la blessure de Noni Madueke","isPartOf":{"@id":"https:\/\/footdavant.fr\/actualites\/#website"},"datePublished":"2026-04-21T00:48:18+00:00","dateModified":"2026-04-21T00:48:22+00:00","breadcrumb":{"@id":"https:\/\/footdavant.fr\/actualites\/man-city-contre-arsenal-mikel-arteta-a-envoye-une-demande-ferme-a-max-dowman-apres-le-point-sur-la-blessure-de-noni-madueke\/#breadcrumb"},"inLanguage":"fr-FR","potentialAction":[{"@type":"ReadAction","target":["https:\/\/footdavant.fr\/actualites\/man-city-contre-arsenal-mikel-arteta-a-envoye-une-demande-ferme-a-max-dowman-apres-le-point-sur-la-blessure-de-noni-madueke\/"]}]},{"@type":"BreadcrumbList","@id":"https:\/\/footdavant.fr\/actualites\/man-city-contre-arsenal-mikel-arteta-a-envoye-une-demande-ferme-a-max-dowman-apres-le-point-sur-la-blessure-de-noni-madueke\/#breadcrumb","itemListElement":[{"@type":"ListItem","position":1,"name":"Accueil","item":"https:\/\/footdavant.fr\/actualites\/"},{"@type":"ListItem","position":2,"name":"Man City contre Arsenal: Mikel Arteta a envoy\u00e9 une demande ferme \u00e0 Max Dowman apr\u00e8s le point sur la blessure de Noni Madueke"}]},{"@type":"WebSite","@id":"https:\/\/footdavant.fr\/actualites\/#website","url":"https:\/\/footdavant.fr\/actualites\/","name":"Foot d'avant","description":"","publisher":{"@id":"https:\/\/footdavant.fr\/actualites\/#organization"},"potentialAction":[{"@type":"SearchAction","target":{"@type":"EntryPoint","urlTemplate":"https:\/\/footdavant.fr\/actualites\/?s={search_term_string}"},"query-input":"required name=search_term_string"}],"inLanguage":"fr-FR"},{"@type":"Organization","@id":"https:\/\/footdavant.fr\/actualites\/#organization","name":"Foot d'avant","url":"https:\/\/footdavant.fr\/actualites\/","logo":{"@type":"ImageObject","inLanguage":"fr-FR","@id":"https:\/\/footdavant.fr\/actualites\/#\/schema\/logo\/image\/","url":"https:\/\/footdavant.fr\/actualites\/wp-content\/uploads\/2023\/09\/Copy-of-FootDavant-Logo.png","contentUrl":"https:\/\/footdavant.fr\/actualites\/wp-content\/uploads\/2023\/09\/Copy-of-FootDavant-Logo.png","width":936,"height":549,"caption":"Foot d'avant"},"image":{"@id":"https:\/\/footdavant.fr\/actualites\/#\/schema\/logo\/image\/"},"sameAs":["https:\/\/www.facebook.com\/Footdavant\/","https:\/\/twitter.com\/FootdavantFr","https:\/\/www.instagram.com\/footdavant.fr\/"]},{"@type":"Person","@id":"https:\/\/footdavant.fr\/actualites\/#\/schema\/person\/bc222566d95871b37e597b3ed3ba5e1d","name":"Cl\u00e9ment","image":{"@type":"ImageObject","inLanguage":"fr-FR","@id":"https:\/\/footdavant.fr\/actualites\/#\/schema\/person\/image\/","url":"https:\/\/secure.gravatar.com\/avatar\/7728b29aac2719421e1a9159b2254c44?s=96&d=mm&r=g","contentUrl":"https:\/\/secure.gravatar.com\/avatar\/7728b29aac2719421e1a9159b2254c44?s=96&d=mm&r=g","caption":"Cl\u00e9ment"},"sameAs":["https:\/\/footdavant.fr\/"]}]}},"_links":{"self":[{"href":"https:\/\/footdavant.fr\/actualites\/wp-json\/wp\/v2\/posts\/36666"}],"collection":[{"href":"https:\/\/footdavant.fr\/actualites\/wp-json\/wp\/v2\/posts"}],"about":[{"href":"https:\/\/footdavant.fr\/actualites\/wp-json\/wp\/v2\/types\/post"}],"author":[{"embeddable":true,"href":"https:\/\/footdavant.fr\/actualites\/wp-json\/wp\/v2\/users\/1"}],"replies":[{"embeddable":true,"href":"https:\/\/footdavant.fr\/actualites\/wp-json\/wp\/v2\/comments?post=36666"}],"version-history":[{"count":1,"href":"https:\/\/footdavant.fr\/actualites\/wp-json\/wp\/v2\/posts\/36666\/revisions"}],"predecessor-version":[{"id":36668,"href":"https:\/\/footdavant.fr\/actualites\/wp-json\/wp\/v2\/posts\/36666\/revisions\/36668"}],"wp:featuredmedia":[{"embeddable":true,"href":"https:\/\/footdavant.fr\/actualites\/wp-json\/wp\/v2\/media\/36667"}],"wp:attachment":[{"href":"https:\/\/footdavant.fr\/actualites\/wp-json\/wp\/v2\/media?parent=36666"}],"wp:term":[{"taxonomy":"category","embeddable":true,"href":"https:\/\/footdavant.fr\/actualites\/wp-json\/wp\/v2\/categories?post=36666"},{"taxonomy":"post_tag","embeddable":true,"href":"https:\/\/footdavant.fr\/actualites\/wp-json\/wp\/v2\/tags?post=36666"}],"curies":[{"name":"wp","href":"https:\/\/api.w.org\/{rel}","templated":true}]}}