{"id":36672,"date":"2026-04-21T06:48:21","date_gmt":"2026-04-21T04:48:21","guid":{"rendered":"https:\/\/footdavant.fr\/actualites\/nouvelles-des-transferts-de-barcelone-les-geants-catalans-accelerent-la-recherche-dun-remplacant-potentiel-a-jules-kounde\/"},"modified":"2026-04-21T06:48:23","modified_gmt":"2026-04-21T04:48:23","slug":"nouvelles-des-transferts-de-barcelone-les-geants-catalans-accelerent-la-recherche-dun-remplacant-potentiel-a-jules-kounde","status":"publish","type":"post","link":"https:\/\/footdavant.fr\/actualites\/nouvelles-des-transferts-de-barcelone-les-geants-catalans-accelerent-la-recherche-dun-remplacant-potentiel-a-jules-kounde\/","title":{"rendered":"Nouvelles des transferts de Barcelone : les g\u00e9ants catalans \u00ab acc\u00e9l\u00e8rent \u00bb la recherche d&#39;un rempla\u00e7ant potentiel \u00e0 Jules Kounde"},"content":{"rendered":"<div itemprop=\"articleBody\">\n<p>Barcelone aurait accru son int\u00e9r\u00eat pour le d\u00e9fenseur du Rayo Vallecano Andrei Ratiu avant la fen\u00eatre de transfert de cet \u00e9t\u00e9.<\/p>\n<p>Ratiu, 27 ans, a de nouveau \u00e9t\u00e9 un bon joueur du Rayo cette saison, marquant un but et fournissant trois passes d\u00e9cisives en 40 apparitions toutes comp\u00e9titions confondues.<\/p>\n<p>Barcelone devrait \u00eatre \u00e0 la recherche d&#39;un nouvel arri\u00e8re droit cet \u00e9t\u00e9, Jules Kounde ayant besoin de soutien et de comp\u00e9tition dans ce domaine.<\/p>\n<p>Il y a \u00e9galement eu des suggestions sur un d\u00e9part potentiel de Kound\u00e9, des clubs de Premier League \u00e9tant consid\u00e9r\u00e9s comme int\u00e9ress\u00e9s par l&#39;international fran\u00e7ais.<\/p>\n<div>\n<div>\n<div>\n<div>\n<p>\u00a9 Imago<\/p>\n<\/div>\n<\/div>\n<\/div>\n<\/div>\n<h2>Barcelone \u00ab\u00a0intensifie son int\u00e9r\u00eat\u00a0\u00bb pour le d\u00e9fenseur du Rayo Ratiu<\/h2>\n<p>Alors que Barcelone aimerait id\u00e9alement garder Kound\u00e9, des offres de l\u2019ordre de 70 millions de livres sterling seraient s\u00e9rieusement envisag\u00e9es, Chelsea, Manchester City et Liverpool \u00e9tant tous consid\u00e9r\u00e9s comme enthousiastes.<\/p>\n<p>Selon des informations en Espagne, Barcelone accro\u00eet son int\u00e9r\u00eat pour Ratiu, qui a \u00e9t\u00e9 un arri\u00e8re droit remarquable en Liga au cours des trois derni\u00e8res saisons.<\/p>\n<p>L&#39;international roumain a repr\u00e9sent\u00e9 le Rayo \u00e0 92 reprises dans toutes les comp\u00e9titions, marquant quatre buts et enregistrant six passes d\u00e9cisives.<\/p>\n<p>Ratiu a un contrat avec Rayo jusqu&#39;\u00e0 l&#39;\u00e9t\u00e9 2030, mais Barcelone n&#39;aurait pas \u00e0 se ruiner pour le signer lors du prochain march\u00e9, avec une offre de l&#39;ordre de 20 millions de livres sterling susceptible d&#39;\u00eatre accept\u00e9e.<\/p>\n<p>Le d\u00e9fenseur est un joueur confirm\u00e9 en Liga, avec 75 participations dans la comp\u00e9tition, alors qu&#39;il a de l&#39;exp\u00e9rience en Ligue Europa et en Conference League.<\/p>\n<div>\n<div>\n<div>\n<div><img decoding=\"async\" data-img-id=\"154141\" class=\"lazy\" loading=\"lazy\" src=\"https:\/\/footdavant.fr\/actualites\/wp-content\/uploads\/2026\/04\/Nouvelles-des-transferts-de-Barcelone-les-geants-catalans.j.webp\"\/><\/p>\n<p>\u00a9 Imago \/ AFLOSPORT<\/p>\n<\/div>\n<\/div>\n<\/div>\n<\/div>\n<h2>Ratiu serait-il une bonne signature pour Barcelone ?<\/h2>\n<p>Ratiu a encore une fois \u00e9t\u00e9 excellent pour le Rayo cette saison, s&#39;\u00e9panouissant \u00e0 la fois d&#39;un point de vue offensif et d\u00e9fensif, et il serait la recrue estivale id\u00e9ale pour Barcelone.<\/p>\n<p>L&#39;\u00e9quipe catalane ne peut pas se ruiner pour un ajout d&#39;arri\u00e8re lat\u00e9ral cet \u00e9t\u00e9, d&#39;autant plus qu&#39;elle esp\u00e8re ajouter un attaquant de haut niveau avant la campagne 2026-27.<\/p>\n<p>Il serait difficile de trouver un joueur de la qualit\u00e9 de Ratiu \u00e0 un prix aussi abordable cet \u00e9t\u00e9, et ce serait un choc si le Roumain restait avec son \u00e9quipe actuelle au-del\u00e0 de la fin du march\u00e9 \u00e0 venir.<\/p>\n<\/div>\n","protected":false},"excerpt":{"rendered":"<p>Barcelone aurait accru son int\u00e9r\u00eat pour le d\u00e9fenseur du Rayo Vallecano Andrei Ratiu avant la fen\u00eatre de transfert de cet \u00e9t\u00e9. Ratiu, 27 ans, a<\/p>\n","protected":false},"author":1,"featured_media":36129,"comment_status":"closed","ping_status":"","sticky":false,"template":"","format":"standard","meta":{"footnotes":""},"categories":[5],"tags":[11042,130,6386,4260,12,4740,2263,2264,93,461,87,2348,1352,1376],"yoast_head":"<!-- This site is optimized with the Yoast SEO plugin v21.0 - https:\/\/yoast.com\/wordpress\/plugins\/seo\/ -->\n<title>Nouvelles des transferts de Barcelone : les g\u00e9ants catalans \u00ab acc\u00e9l\u00e8rent \u00bb la recherche d&#039;un rempla\u00e7ant potentiel \u00e0 Jules Kounde<\/title>\n<meta name=\"robots\" content=\"index, follow, max-snippet:-1, max-image-preview:large, max-video-preview:-1\" \/>\n<link rel=\"canonical\" href=\"https:\/\/footdavant.fr\/actualites\/nouvelles-des-transferts-de-barcelone-les-geants-catalans-accelerent-la-recherche-dun-remplacant-potentiel-a-jules-kounde\/\" \/>\n<meta property=\"og:locale\" content=\"fr_FR\" \/>\n<meta property=\"og:type\" content=\"article\" \/>\n<meta property=\"og:title\" content=\"Nouvelles des transferts de Barcelone : les g\u00e9ants catalans \u00ab acc\u00e9l\u00e8rent \u00bb la recherche d&#039;un rempla\u00e7ant potentiel \u00e0 Jules Kounde\" \/>\n<meta property=\"og:description\" content=\"Barcelone aurait accru son int\u00e9r\u00eat pour le d\u00e9fenseur du Rayo Vallecano Andrei Ratiu avant la fen\u00eatre de transfert de cet \u00e9t\u00e9. Ratiu, 27 ans, a\" \/>\n<meta property=\"og:url\" content=\"https:\/\/footdavant.fr\/actualites\/nouvelles-des-transferts-de-barcelone-les-geants-catalans-accelerent-la-recherche-dun-remplacant-potentiel-a-jules-kounde\/\" \/>\n<meta property=\"og:site_name\" content=\"Foot d&#039;avant\" \/>\n<meta property=\"article:publisher\" content=\"https:\/\/www.facebook.com\/Footdavant\/\" \/>\n<meta property=\"article:published_time\" content=\"2026-04-21T04:48:21+00:00\" \/>\n<meta property=\"article:modified_time\" content=\"2026-04-21T04:48:23+00:00\" \/>\n<meta property=\"og:image\" content=\"https:\/\/footdavant.fr\/actualites\/wp-content\/uploads\/2026\/04\/Actualites-du-Barca-les-Blaugrana-porte-ouverte-a-la-sortie.net2Fuploads2F20262F042Fimago1073472385.webp\" \/>\n\t<meta property=\"og:image:width\" content=\"720\" \/>\n\t<meta property=\"og:image:height\" content=\"410\" \/>\n\t<meta property=\"og:image:type\" content=\"image\/webp\" \/>\n<meta name=\"author\" content=\"Cl\u00e9ment\" \/>\n<meta name=\"twitter:card\" content=\"summary_large_image\" \/>\n<meta name=\"twitter:creator\" content=\"@FootdavantFr\" \/>\n<meta name=\"twitter:site\" content=\"@FootdavantFr\" \/>\n<meta name=\"twitter:label1\" content=\"\u00c9crit par\" \/>\n\t<meta name=\"twitter:data1\" content=\"Cl\u00e9ment\" \/>\n\t<meta name=\"twitter:label2\" content=\"Dur\u00e9e de lecture estim\u00e9e\" \/>\n\t<meta name=\"twitter:data2\" content=\"2 minutes\" \/>\n<script type=\"application\/ld+json\" class=\"yoast-schema-graph\">{\"@context\":\"https:\/\/schema.org\",\"@graph\":[{\"@type\":\"Article\",\"@id\":\"https:\/\/footdavant.fr\/actualites\/nouvelles-des-transferts-de-barcelone-les-geants-catalans-accelerent-la-recherche-dun-remplacant-potentiel-a-jules-kounde\/#article\",\"isPartOf\":{\"@id\":\"https:\/\/footdavant.fr\/actualites\/nouvelles-des-transferts-de-barcelone-les-geants-catalans-accelerent-la-recherche-dun-remplacant-potentiel-a-jules-kounde\/\"},\"author\":{\"name\":\"Cl\u00e9ment\",\"@id\":\"https:\/\/footdavant.fr\/actualites\/#\/schema\/person\/bc222566d95871b37e597b3ed3ba5e1d\"},\"headline\":\"Nouvelles des transferts de Barcelone : les g\u00e9ants catalans \u00ab acc\u00e9l\u00e8rent \u00bb la recherche d&#39;un rempla\u00e7ant potentiel \u00e0 Jules Kounde\",\"datePublished\":\"2026-04-21T04:48:21+00:00\",\"dateModified\":\"2026-04-21T04:48:23+00:00\",\"mainEntityOfPage\":{\"@id\":\"https:\/\/footdavant.fr\/actualites\/nouvelles-des-transferts-de-barcelone-les-geants-catalans-accelerent-la-recherche-dun-remplacant-potentiel-a-jules-kounde\/\"},\"wordCount\":421,\"publisher\":{\"@id\":\"https:\/\/footdavant.fr\/actualites\/#organization\"},\"keywords\":[\"acc\u00e9l\u00e8rent\",\"Barcelone\",\"catalans\",\"d39un\",\"des\",\"g\u00e9ants\",\"Jules\",\"Kound\u00e9\",\"les\",\"Nouvelles\",\"potentiel\",\"recherche\",\"rempla\u00e7ant\",\"transferts\"],\"articleSection\":[\"Premier League\"],\"inLanguage\":\"fr-FR\"},{\"@type\":\"WebPage\",\"@id\":\"https:\/\/footdavant.fr\/actualites\/nouvelles-des-transferts-de-barcelone-les-geants-catalans-accelerent-la-recherche-dun-remplacant-potentiel-a-jules-kounde\/\",\"url\":\"https:\/\/footdavant.fr\/actualites\/nouvelles-des-transferts-de-barcelone-les-geants-catalans-accelerent-la-recherche-dun-remplacant-potentiel-a-jules-kounde\/\",\"name\":\"Nouvelles des transferts de Barcelone : les g\u00e9ants catalans \u00ab acc\u00e9l\u00e8rent \u00bb la recherche d&#39;un rempla\u00e7ant potentiel \u00e0 Jules Kounde\",\"isPartOf\":{\"@id\":\"https:\/\/footdavant.fr\/actualites\/#website\"},\"datePublished\":\"2026-04-21T04:48:21+00:00\",\"dateModified\":\"2026-04-21T04:48:23+00:00\",\"breadcrumb\":{\"@id\":\"https:\/\/footdavant.fr\/actualites\/nouvelles-des-transferts-de-barcelone-les-geants-catalans-accelerent-la-recherche-dun-remplacant-potentiel-a-jules-kounde\/#breadcrumb\"},\"inLanguage\":\"fr-FR\",\"potentialAction\":[{\"@type\":\"ReadAction\",\"target\":[\"https:\/\/footdavant.fr\/actualites\/nouvelles-des-transferts-de-barcelone-les-geants-catalans-accelerent-la-recherche-dun-remplacant-potentiel-a-jules-kounde\/\"]}]},{\"@type\":\"BreadcrumbList\",\"@id\":\"https:\/\/footdavant.fr\/actualites\/nouvelles-des-transferts-de-barcelone-les-geants-catalans-accelerent-la-recherche-dun-remplacant-potentiel-a-jules-kounde\/#breadcrumb\",\"itemListElement\":[{\"@type\":\"ListItem\",\"position\":1,\"name\":\"Accueil\",\"item\":\"https:\/\/footdavant.fr\/actualites\/\"},{\"@type\":\"ListItem\",\"position\":2,\"name\":\"Nouvelles des transferts de Barcelone : les g\u00e9ants catalans \u00ab acc\u00e9l\u00e8rent \u00bb la recherche d&#39;un rempla\u00e7ant potentiel \u00e0 Jules Kounde\"}]},{\"@type\":\"WebSite\",\"@id\":\"https:\/\/footdavant.fr\/actualites\/#website\",\"url\":\"https:\/\/footdavant.fr\/actualites\/\",\"name\":\"Foot d'avant\",\"description\":\"\",\"publisher\":{\"@id\":\"https:\/\/footdavant.fr\/actualites\/#organization\"},\"potentialAction\":[{\"@type\":\"SearchAction\",\"target\":{\"@type\":\"EntryPoint\",\"urlTemplate\":\"https:\/\/footdavant.fr\/actualites\/?s={search_term_string}\"},\"query-input\":\"required name=search_term_string\"}],\"inLanguage\":\"fr-FR\"},{\"@type\":\"Organization\",\"@id\":\"https:\/\/footdavant.fr\/actualites\/#organization\",\"name\":\"Foot d'avant\",\"url\":\"https:\/\/footdavant.fr\/actualites\/\",\"logo\":{\"@type\":\"ImageObject\",\"inLanguage\":\"fr-FR\",\"@id\":\"https:\/\/footdavant.fr\/actualites\/#\/schema\/logo\/image\/\",\"url\":\"https:\/\/footdavant.fr\/actualites\/wp-content\/uploads\/2023\/09\/Copy-of-FootDavant-Logo.png\",\"contentUrl\":\"https:\/\/footdavant.fr\/actualites\/wp-content\/uploads\/2023\/09\/Copy-of-FootDavant-Logo.png\",\"width\":936,\"height\":549,\"caption\":\"Foot d'avant\"},\"image\":{\"@id\":\"https:\/\/footdavant.fr\/actualites\/#\/schema\/logo\/image\/\"},\"sameAs\":[\"https:\/\/www.facebook.com\/Footdavant\/\",\"https:\/\/twitter.com\/FootdavantFr\",\"https:\/\/www.instagram.com\/footdavant.fr\/\"]},{\"@type\":\"Person\",\"@id\":\"https:\/\/footdavant.fr\/actualites\/#\/schema\/person\/bc222566d95871b37e597b3ed3ba5e1d\",\"name\":\"Cl\u00e9ment\",\"image\":{\"@type\":\"ImageObject\",\"inLanguage\":\"fr-FR\",\"@id\":\"https:\/\/footdavant.fr\/actualites\/#\/schema\/person\/image\/\",\"url\":\"https:\/\/secure.gravatar.com\/avatar\/7728b29aac2719421e1a9159b2254c44?s=96&d=mm&r=g\",\"contentUrl\":\"https:\/\/secure.gravatar.com\/avatar\/7728b29aac2719421e1a9159b2254c44?s=96&d=mm&r=g\",\"caption\":\"Cl\u00e9ment\"},\"sameAs\":[\"https:\/\/footdavant.fr\/\"]}]}<\/script>\n<!-- \/ Yoast SEO plugin. -->","yoast_head_json":{"title":"Nouvelles des transferts de Barcelone : les g\u00e9ants catalans \u00ab acc\u00e9l\u00e8rent \u00bb la recherche d&#39;un rempla\u00e7ant potentiel \u00e0 Jules Kounde","robots":{"index":"index","follow":"follow","max-snippet":"max-snippet:-1","max-image-preview":"max-image-preview:large","max-video-preview":"max-video-preview:-1"},"canonical":"https:\/\/footdavant.fr\/actualites\/nouvelles-des-transferts-de-barcelone-les-geants-catalans-accelerent-la-recherche-dun-remplacant-potentiel-a-jules-kounde\/","og_locale":"fr_FR","og_type":"article","og_title":"Nouvelles des transferts de Barcelone : les g\u00e9ants catalans \u00ab acc\u00e9l\u00e8rent \u00bb la recherche d&#39;un rempla\u00e7ant potentiel \u00e0 Jules Kounde","og_description":"Barcelone aurait accru son int\u00e9r\u00eat pour le d\u00e9fenseur du Rayo Vallecano Andrei Ratiu avant la fen\u00eatre de transfert de cet \u00e9t\u00e9. Ratiu, 27 ans, a","og_url":"https:\/\/footdavant.fr\/actualites\/nouvelles-des-transferts-de-barcelone-les-geants-catalans-accelerent-la-recherche-dun-remplacant-potentiel-a-jules-kounde\/","og_site_name":"Foot d&#039;avant","article_publisher":"https:\/\/www.facebook.com\/Footdavant\/","article_published_time":"2026-04-21T04:48:21+00:00","article_modified_time":"2026-04-21T04:48:23+00:00","og_image":[{"width":720,"height":410,"url":"https:\/\/footdavant.fr\/actualites\/wp-content\/uploads\/2026\/04\/Actualites-du-Barca-les-Blaugrana-porte-ouverte-a-la-sortie.net2Fuploads2F20262F042Fimago1073472385.webp","type":"image\/webp"}],"author":"Cl\u00e9ment","twitter_card":"summary_large_image","twitter_creator":"@FootdavantFr","twitter_site":"@FootdavantFr","twitter_misc":{"\u00c9crit par":"Cl\u00e9ment","Dur\u00e9e de lecture estim\u00e9e":"2 minutes"},"schema":{"@context":"https:\/\/schema.org","@graph":[{"@type":"Article","@id":"https:\/\/footdavant.fr\/actualites\/nouvelles-des-transferts-de-barcelone-les-geants-catalans-accelerent-la-recherche-dun-remplacant-potentiel-a-jules-kounde\/#article","isPartOf":{"@id":"https:\/\/footdavant.fr\/actualites\/nouvelles-des-transferts-de-barcelone-les-geants-catalans-accelerent-la-recherche-dun-remplacant-potentiel-a-jules-kounde\/"},"author":{"name":"Cl\u00e9ment","@id":"https:\/\/footdavant.fr\/actualites\/#\/schema\/person\/bc222566d95871b37e597b3ed3ba5e1d"},"headline":"Nouvelles des transferts de Barcelone : les g\u00e9ants catalans \u00ab acc\u00e9l\u00e8rent \u00bb la recherche d&#39;un rempla\u00e7ant potentiel \u00e0 Jules Kounde","datePublished":"2026-04-21T04:48:21+00:00","dateModified":"2026-04-21T04:48:23+00:00","mainEntityOfPage":{"@id":"https:\/\/footdavant.fr\/actualites\/nouvelles-des-transferts-de-barcelone-les-geants-catalans-accelerent-la-recherche-dun-remplacant-potentiel-a-jules-kounde\/"},"wordCount":421,"publisher":{"@id":"https:\/\/footdavant.fr\/actualites\/#organization"},"keywords":["acc\u00e9l\u00e8rent","Barcelone","catalans","d39un","des","g\u00e9ants","Jules","Kound\u00e9","les","Nouvelles","potentiel","recherche","rempla\u00e7ant","transferts"],"articleSection":["Premier League"],"inLanguage":"fr-FR"},{"@type":"WebPage","@id":"https:\/\/footdavant.fr\/actualites\/nouvelles-des-transferts-de-barcelone-les-geants-catalans-accelerent-la-recherche-dun-remplacant-potentiel-a-jules-kounde\/","url":"https:\/\/footdavant.fr\/actualites\/nouvelles-des-transferts-de-barcelone-les-geants-catalans-accelerent-la-recherche-dun-remplacant-potentiel-a-jules-kounde\/","name":"Nouvelles des transferts de Barcelone : les g\u00e9ants catalans \u00ab acc\u00e9l\u00e8rent \u00bb la recherche d&#39;un rempla\u00e7ant potentiel \u00e0 Jules Kounde","isPartOf":{"@id":"https:\/\/footdavant.fr\/actualites\/#website"},"datePublished":"2026-04-21T04:48:21+00:00","dateModified":"2026-04-21T04:48:23+00:00","breadcrumb":{"@id":"https:\/\/footdavant.fr\/actualites\/nouvelles-des-transferts-de-barcelone-les-geants-catalans-accelerent-la-recherche-dun-remplacant-potentiel-a-jules-kounde\/#breadcrumb"},"inLanguage":"fr-FR","potentialAction":[{"@type":"ReadAction","target":["https:\/\/footdavant.fr\/actualites\/nouvelles-des-transferts-de-barcelone-les-geants-catalans-accelerent-la-recherche-dun-remplacant-potentiel-a-jules-kounde\/"]}]},{"@type":"BreadcrumbList","@id":"https:\/\/footdavant.fr\/actualites\/nouvelles-des-transferts-de-barcelone-les-geants-catalans-accelerent-la-recherche-dun-remplacant-potentiel-a-jules-kounde\/#breadcrumb","itemListElement":[{"@type":"ListItem","position":1,"name":"Accueil","item":"https:\/\/footdavant.fr\/actualites\/"},{"@type":"ListItem","position":2,"name":"Nouvelles des transferts de Barcelone : les g\u00e9ants catalans \u00ab acc\u00e9l\u00e8rent \u00bb la recherche d&#39;un rempla\u00e7ant potentiel \u00e0 Jules Kounde"}]},{"@type":"WebSite","@id":"https:\/\/footdavant.fr\/actualites\/#website","url":"https:\/\/footdavant.fr\/actualites\/","name":"Foot d'avant","description":"","publisher":{"@id":"https:\/\/footdavant.fr\/actualites\/#organization"},"potentialAction":[{"@type":"SearchAction","target":{"@type":"EntryPoint","urlTemplate":"https:\/\/footdavant.fr\/actualites\/?s={search_term_string}"},"query-input":"required name=search_term_string"}],"inLanguage":"fr-FR"},{"@type":"Organization","@id":"https:\/\/footdavant.fr\/actualites\/#organization","name":"Foot d'avant","url":"https:\/\/footdavant.fr\/actualites\/","logo":{"@type":"ImageObject","inLanguage":"fr-FR","@id":"https:\/\/footdavant.fr\/actualites\/#\/schema\/logo\/image\/","url":"https:\/\/footdavant.fr\/actualites\/wp-content\/uploads\/2023\/09\/Copy-of-FootDavant-Logo.png","contentUrl":"https:\/\/footdavant.fr\/actualites\/wp-content\/uploads\/2023\/09\/Copy-of-FootDavant-Logo.png","width":936,"height":549,"caption":"Foot d'avant"},"image":{"@id":"https:\/\/footdavant.fr\/actualites\/#\/schema\/logo\/image\/"},"sameAs":["https:\/\/www.facebook.com\/Footdavant\/","https:\/\/twitter.com\/FootdavantFr","https:\/\/www.instagram.com\/footdavant.fr\/"]},{"@type":"Person","@id":"https:\/\/footdavant.fr\/actualites\/#\/schema\/person\/bc222566d95871b37e597b3ed3ba5e1d","name":"Cl\u00e9ment","image":{"@type":"ImageObject","inLanguage":"fr-FR","@id":"https:\/\/footdavant.fr\/actualites\/#\/schema\/person\/image\/","url":"https:\/\/secure.gravatar.com\/avatar\/7728b29aac2719421e1a9159b2254c44?s=96&d=mm&r=g","contentUrl":"https:\/\/secure.gravatar.com\/avatar\/7728b29aac2719421e1a9159b2254c44?s=96&d=mm&r=g","caption":"Cl\u00e9ment"},"sameAs":["https:\/\/footdavant.fr\/"]}]}},"_links":{"self":[{"href":"https:\/\/footdavant.fr\/actualites\/wp-json\/wp\/v2\/posts\/36672"}],"collection":[{"href":"https:\/\/footdavant.fr\/actualites\/wp-json\/wp\/v2\/posts"}],"about":[{"href":"https:\/\/footdavant.fr\/actualites\/wp-json\/wp\/v2\/types\/post"}],"author":[{"embeddable":true,"href":"https:\/\/footdavant.fr\/actualites\/wp-json\/wp\/v2\/users\/1"}],"replies":[{"embeddable":true,"href":"https:\/\/footdavant.fr\/actualites\/wp-json\/wp\/v2\/comments?post=36672"}],"version-history":[{"count":1,"href":"https:\/\/footdavant.fr\/actualites\/wp-json\/wp\/v2\/posts\/36672\/revisions"}],"predecessor-version":[{"id":36673,"href":"https:\/\/footdavant.fr\/actualites\/wp-json\/wp\/v2\/posts\/36672\/revisions\/36673"}],"wp:featuredmedia":[{"embeddable":true,"href":"https:\/\/footdavant.fr\/actualites\/wp-json\/wp\/v2\/media\/36129"}],"wp:attachment":[{"href":"https:\/\/footdavant.fr\/actualites\/wp-json\/wp\/v2\/media?parent=36672"}],"wp:term":[{"taxonomy":"category","embeddable":true,"href":"https:\/\/footdavant.fr\/actualites\/wp-json\/wp\/v2\/categories?post=36672"},{"taxonomy":"post_tag","embeddable":true,"href":"https:\/\/footdavant.fr\/actualites\/wp-json\/wp\/v2\/tags?post=36672"}],"curies":[{"name":"wp","href":"https:\/\/api.w.org\/{rel}","templated":true}]}}