{"id":36677,"date":"2026-04-21T10:48:01","date_gmt":"2026-04-21T08:48:01","guid":{"rendered":"https:\/\/footdavant.fr\/actualites\/lentraineur-chef-de-man-united-michael-carrick-fait-le-point-sur-les-projets-du-club-pour-le-mercato-estival\/"},"modified":"2026-04-21T10:48:02","modified_gmt":"2026-04-21T08:48:02","slug":"lentraineur-chef-de-man-united-michael-carrick-fait-le-point-sur-les-projets-du-club-pour-le-mercato-estival","status":"publish","type":"post","link":"https:\/\/footdavant.fr\/actualites\/lentraineur-chef-de-man-united-michael-carrick-fait-le-point-sur-les-projets-du-club-pour-le-mercato-estival\/","title":{"rendered":"L&#39;entra\u00eeneur-chef de Man United, Michael Carrick, fait le point sur les projets du club pour le mercato estival."},"content":{"rendered":"<div itemprop=\"articleBody\">\n<p>L&#39;entra\u00eeneur de Manchester United, Michael Carrick, a d\u00e9clar\u00e9 qu&#39;\u00a0\u00bbil y avait des d\u00e9cisions \u00e0 prendre\u00a0\u00bb avant le mercato estival.<\/p>\n<p>Les Diables Rouges devraient \u00eatre actifs sur le march\u00e9 \u00e0 venir, avec l&#39;arriv\u00e9e de deux nouveaux milieux de terrain centraux, tandis qu&#39;un arri\u00e8re gauche et un attaquant gauche pourraient \u00e9galement d\u00e9m\u00e9nager \u00e0 Old Trafford.<\/p>\n<p>Carrick est impliqu\u00e9 dans des conversations avant le march\u00e9 d&#39;\u00e9t\u00e9 malgr\u00e9 le fait que son propre avenir avec les 20 fois champions d&#39;Angleterre n&#39;est pas clair.<\/p>\n<p>L&#39;homme de 44 ans est le favori pour \u00eatre nomm\u00e9 entra\u00eeneur-chef de Man United \u00e0 long terme, m\u00eame si une d\u00e9cision finale n&#39;a pas encore \u00e9t\u00e9 prise.<\/p>\n<p>Lors de sa conf\u00e9rence de presse avant le choc de Premier League contre Chelsea samedi, on a demand\u00e9 \u00e0 Carrick s&#39;il avait parl\u00e9 avec le directeur du football Jason Wilcox des projets du club pour le mercato d&#39;\u00e9t\u00e9.<\/p>\n<div>\n<div>\n<div>\n<div>\n<p>\u00a9 Imago<\/p>\n<\/div>\n<\/div>\n<\/div>\n<\/div>\n<h2>Carrick dit \u00ab\u00a0qu&#39;il y a des d\u00e9cisions \u00e0 prendre\u00a0\u00bb avant le mercato d&#39;\u00e9t\u00e9<\/h2>\n<p>\u00ab\u00a0Ouais, je veux dire, \u00e9coutez, il y a des sortes d&#39;\u00e9tapes \u00e0 franchir en ce qui concerne l&#39;\u00e9t\u00e9. Il y a des d\u00e9cisions \u00e0 prendre, bien s\u00fbr, mais le timing est aussi une chose\u00a0\u00bb, a d\u00e9clar\u00e9 Carrick aux journalistes.<\/p>\n<p>\u00ab\u00a0\u00c9videmment, ma situation est une chose, donc il faut juste y rem\u00e9dier. Il y a certainement des conversations \u00e0 avoir (en cours) parce que c&#39;est naturel, mais en termes de type officiel, &#39;voici ce qui va se passer exactement&#39;, ce n&#39;est pas quelque chose que je me suis engag\u00e9 \u00e0 faire en termes de recrutement.<\/p>\n<p>\u00ab\u00a0Mais nous avons certainement eu des conversations et c&#39;est tout \u00e0 fait naturel. Mais je n&#39;en fais pas vraiment grand cas, pour \u00eatre honn\u00eate. Je pense que cela arrivera avec le temps de toute fa\u00e7on.\u00a0\u00bb<\/p>\n<p>Lorsqu&#39;on lui a demand\u00e9 s&#39;il entretenait une relation solide avec Wilcox, Carrick a r\u00e9pondu : \u00ab\u00a0Oui, bien s\u00fbr, je travaille avec lui tous les jours, ce n&#39;est pas un probl\u00e8me. Comme tout le monde au club.\u00a0\u00bb<\/p>\n<div>\n<div>\n<div>\n<div><img decoding=\"async\" data-img-id=\"158659\" class=\"lazy\" loading=\"lazy\" src=\"https:\/\/footdavant.fr\/actualites\/wp-content\/uploads\/2026\/04\/1776761281_390_L39entraineur-chef-de-Man-United-Michael-Carrick-fait-le-point-sur.webp\"\/><\/p>\n<p>\u00a9 Iconsport \/ SPI<\/p>\n<\/div>\n<\/div>\n<\/div>\n<\/div>\n<h2>Man United vise \u00e0 assurer un retour en Ligue des champions pour la campagne 2026-27<\/h2>\n<p>Le budget de transfert de Man United augmenterait s&#39;il obtenait un retour en Ligue des champions la saison prochaine, et les Red Devils sont bien plac\u00e9s \u00e0 ce stade de la proc\u00e9dure.<\/p>\n<p>En effet, les 20 fois champions d&#39;Angleterre sont troisi\u00e8mes du classement de la Premier League, sept points devant Chelsea, sixi\u00e8me, avant le choc de samedi \u00e0 Stamford Bridge.<\/p>\n<p>Man United affrontera Chelsea, Brentford, Liverpool, Sunderland, Nottingham Forest et Brighton &#038; Hove Albion lors de leurs six derniers matches de championnat de la campagne.<\/p>\n<\/div>\n","protected":false},"excerpt":{"rendered":"<p>L&#39;entra\u00eeneur de Manchester United, Michael Carrick, a d\u00e9clar\u00e9 qu&#39;\u00a0\u00bbil y avait des d\u00e9cisions \u00e0 prendre\u00a0\u00bb avant le mercato estival. Les Diables Rouges devraient \u00eatre actifs<\/p>\n","protected":false},"author":1,"featured_media":36394,"comment_status":"closed","ping_status":"","sticky":false,"template":"","format":"standard","meta":{"footnotes":""},"categories":[5],"tags":[5200,333,2750,152,6048,93,24,603,1105,153,51,1019,103,13],"yoast_head":"<!-- This site is optimized with the Yoast SEO plugin v21.0 - https:\/\/yoast.com\/wordpress\/plugins\/seo\/ -->\n<title>L&#039;entra\u00eeneur-chef de Man United, Michael Carrick, fait le point sur les projets du club pour le mercato estival.<\/title>\n<meta name=\"robots\" content=\"index, follow, max-snippet:-1, max-image-preview:large, max-video-preview:-1\" \/>\n<link rel=\"canonical\" href=\"https:\/\/footdavant.fr\/actualites\/lentraineur-chef-de-man-united-michael-carrick-fait-le-point-sur-les-projets-du-club-pour-le-mercato-estival\/\" \/>\n<meta property=\"og:locale\" content=\"fr_FR\" \/>\n<meta property=\"og:type\" content=\"article\" \/>\n<meta property=\"og:title\" content=\"L&#039;entra\u00eeneur-chef de Man United, Michael Carrick, fait le point sur les projets du club pour le mercato estival.\" \/>\n<meta property=\"og:description\" content=\"L&#039;entra\u00eeneur de Manchester United, Michael Carrick, a d\u00e9clar\u00e9 qu&#039;\u00a0\u00bbil y avait des d\u00e9cisions \u00e0 prendre\u00a0\u00bb avant le mercato estival. Les Diables Rouges devraient \u00eatre actifs\" \/>\n<meta property=\"og:url\" content=\"https:\/\/footdavant.fr\/actualites\/lentraineur-chef-de-man-united-michael-carrick-fait-le-point-sur-les-projets-du-club-pour-le-mercato-estival\/\" \/>\n<meta property=\"og:site_name\" content=\"Foot d&#039;avant\" \/>\n<meta property=\"article:publisher\" content=\"https:\/\/www.facebook.com\/Footdavant\/\" \/>\n<meta property=\"article:published_time\" content=\"2026-04-21T08:48:01+00:00\" \/>\n<meta property=\"article:modified_time\" content=\"2026-04-21T08:48:02+00:00\" \/>\n<meta property=\"og:image\" content=\"https:\/\/footdavant.fr\/actualites\/wp-content\/uploads\/2026\/04\/Nouvelles-du-transfert-de-Man-United-les-Red-Devils.net2Fuploads2F20262F042Farne-slot-mo-sal.webp\" \/>\n\t<meta property=\"og:image:width\" content=\"720\" \/>\n\t<meta property=\"og:image:height\" content=\"410\" \/>\n\t<meta property=\"og:image:type\" content=\"image\/webp\" \/>\n<meta name=\"author\" content=\"Cl\u00e9ment\" \/>\n<meta name=\"twitter:card\" content=\"summary_large_image\" \/>\n<meta name=\"twitter:creator\" content=\"@FootdavantFr\" \/>\n<meta name=\"twitter:site\" content=\"@FootdavantFr\" \/>\n<meta name=\"twitter:label1\" content=\"\u00c9crit par\" \/>\n\t<meta name=\"twitter:data1\" content=\"Cl\u00e9ment\" \/>\n\t<meta name=\"twitter:label2\" content=\"Dur\u00e9e de lecture estim\u00e9e\" \/>\n\t<meta name=\"twitter:data2\" content=\"2 minutes\" \/>\n<script type=\"application\/ld+json\" class=\"yoast-schema-graph\">{\"@context\":\"https:\/\/schema.org\",\"@graph\":[{\"@type\":\"Article\",\"@id\":\"https:\/\/footdavant.fr\/actualites\/lentraineur-chef-de-man-united-michael-carrick-fait-le-point-sur-les-projets-du-club-pour-le-mercato-estival\/#article\",\"isPartOf\":{\"@id\":\"https:\/\/footdavant.fr\/actualites\/lentraineur-chef-de-man-united-michael-carrick-fait-le-point-sur-les-projets-du-club-pour-le-mercato-estival\/\"},\"author\":{\"name\":\"Cl\u00e9ment\",\"@id\":\"https:\/\/footdavant.fr\/actualites\/#\/schema\/person\/bc222566d95871b37e597b3ed3ba5e1d\"},\"headline\":\"L&#39;entra\u00eeneur-chef de Man United, Michael Carrick, fait le point sur les projets du club pour le mercato estival.\",\"datePublished\":\"2026-04-21T08:48:01+00:00\",\"dateModified\":\"2026-04-21T08:48:02+00:00\",\"mainEntityOfPage\":{\"@id\":\"https:\/\/footdavant.fr\/actualites\/lentraineur-chef-de-man-united-michael-carrick-fait-le-point-sur-les-projets-du-club-pour-le-mercato-estival\/\"},\"wordCount\":475,\"publisher\":{\"@id\":\"https:\/\/footdavant.fr\/actualites\/#organization\"},\"keywords\":[\"Carrick\",\"club\",\"estival\",\"fait\",\"L39entra\u00eeneurchef\",\"les\",\"Man\",\"mercato\",\"Michael\",\"point\",\"pour\",\"projets\",\"sur\",\"United\"],\"articleSection\":[\"Premier League\"],\"inLanguage\":\"fr-FR\"},{\"@type\":\"WebPage\",\"@id\":\"https:\/\/footdavant.fr\/actualites\/lentraineur-chef-de-man-united-michael-carrick-fait-le-point-sur-les-projets-du-club-pour-le-mercato-estival\/\",\"url\":\"https:\/\/footdavant.fr\/actualites\/lentraineur-chef-de-man-united-michael-carrick-fait-le-point-sur-les-projets-du-club-pour-le-mercato-estival\/\",\"name\":\"L&#39;entra\u00eeneur-chef de Man United, Michael Carrick, fait le point sur les projets du club pour le mercato estival.\",\"isPartOf\":{\"@id\":\"https:\/\/footdavant.fr\/actualites\/#website\"},\"datePublished\":\"2026-04-21T08:48:01+00:00\",\"dateModified\":\"2026-04-21T08:48:02+00:00\",\"breadcrumb\":{\"@id\":\"https:\/\/footdavant.fr\/actualites\/lentraineur-chef-de-man-united-michael-carrick-fait-le-point-sur-les-projets-du-club-pour-le-mercato-estival\/#breadcrumb\"},\"inLanguage\":\"fr-FR\",\"potentialAction\":[{\"@type\":\"ReadAction\",\"target\":[\"https:\/\/footdavant.fr\/actualites\/lentraineur-chef-de-man-united-michael-carrick-fait-le-point-sur-les-projets-du-club-pour-le-mercato-estival\/\"]}]},{\"@type\":\"BreadcrumbList\",\"@id\":\"https:\/\/footdavant.fr\/actualites\/lentraineur-chef-de-man-united-michael-carrick-fait-le-point-sur-les-projets-du-club-pour-le-mercato-estival\/#breadcrumb\",\"itemListElement\":[{\"@type\":\"ListItem\",\"position\":1,\"name\":\"Accueil\",\"item\":\"https:\/\/footdavant.fr\/actualites\/\"},{\"@type\":\"ListItem\",\"position\":2,\"name\":\"L&#39;entra\u00eeneur-chef de Man United, Michael Carrick, fait le point sur les projets du club pour le mercato estival.\"}]},{\"@type\":\"WebSite\",\"@id\":\"https:\/\/footdavant.fr\/actualites\/#website\",\"url\":\"https:\/\/footdavant.fr\/actualites\/\",\"name\":\"Foot d'avant\",\"description\":\"\",\"publisher\":{\"@id\":\"https:\/\/footdavant.fr\/actualites\/#organization\"},\"potentialAction\":[{\"@type\":\"SearchAction\",\"target\":{\"@type\":\"EntryPoint\",\"urlTemplate\":\"https:\/\/footdavant.fr\/actualites\/?s={search_term_string}\"},\"query-input\":\"required name=search_term_string\"}],\"inLanguage\":\"fr-FR\"},{\"@type\":\"Organization\",\"@id\":\"https:\/\/footdavant.fr\/actualites\/#organization\",\"name\":\"Foot d'avant\",\"url\":\"https:\/\/footdavant.fr\/actualites\/\",\"logo\":{\"@type\":\"ImageObject\",\"inLanguage\":\"fr-FR\",\"@id\":\"https:\/\/footdavant.fr\/actualites\/#\/schema\/logo\/image\/\",\"url\":\"https:\/\/footdavant.fr\/actualites\/wp-content\/uploads\/2023\/09\/Copy-of-FootDavant-Logo.png\",\"contentUrl\":\"https:\/\/footdavant.fr\/actualites\/wp-content\/uploads\/2023\/09\/Copy-of-FootDavant-Logo.png\",\"width\":936,\"height\":549,\"caption\":\"Foot d'avant\"},\"image\":{\"@id\":\"https:\/\/footdavant.fr\/actualites\/#\/schema\/logo\/image\/\"},\"sameAs\":[\"https:\/\/www.facebook.com\/Footdavant\/\",\"https:\/\/twitter.com\/FootdavantFr\",\"https:\/\/www.instagram.com\/footdavant.fr\/\"]},{\"@type\":\"Person\",\"@id\":\"https:\/\/footdavant.fr\/actualites\/#\/schema\/person\/bc222566d95871b37e597b3ed3ba5e1d\",\"name\":\"Cl\u00e9ment\",\"image\":{\"@type\":\"ImageObject\",\"inLanguage\":\"fr-FR\",\"@id\":\"https:\/\/footdavant.fr\/actualites\/#\/schema\/person\/image\/\",\"url\":\"https:\/\/secure.gravatar.com\/avatar\/7728b29aac2719421e1a9159b2254c44?s=96&d=mm&r=g\",\"contentUrl\":\"https:\/\/secure.gravatar.com\/avatar\/7728b29aac2719421e1a9159b2254c44?s=96&d=mm&r=g\",\"caption\":\"Cl\u00e9ment\"},\"sameAs\":[\"https:\/\/footdavant.fr\/\"]}]}<\/script>\n<!-- \/ Yoast SEO plugin. -->","yoast_head_json":{"title":"L&#39;entra\u00eeneur-chef de Man United, Michael Carrick, fait le point sur les projets du club pour le mercato estival.","robots":{"index":"index","follow":"follow","max-snippet":"max-snippet:-1","max-image-preview":"max-image-preview:large","max-video-preview":"max-video-preview:-1"},"canonical":"https:\/\/footdavant.fr\/actualites\/lentraineur-chef-de-man-united-michael-carrick-fait-le-point-sur-les-projets-du-club-pour-le-mercato-estival\/","og_locale":"fr_FR","og_type":"article","og_title":"L&#39;entra\u00eeneur-chef de Man United, Michael Carrick, fait le point sur les projets du club pour le mercato estival.","og_description":"L&#39;entra\u00eeneur de Manchester United, Michael Carrick, a d\u00e9clar\u00e9 qu&#39;\u00a0\u00bbil y avait des d\u00e9cisions \u00e0 prendre\u00a0\u00bb avant le mercato estival. Les Diables Rouges devraient \u00eatre actifs","og_url":"https:\/\/footdavant.fr\/actualites\/lentraineur-chef-de-man-united-michael-carrick-fait-le-point-sur-les-projets-du-club-pour-le-mercato-estival\/","og_site_name":"Foot d&#039;avant","article_publisher":"https:\/\/www.facebook.com\/Footdavant\/","article_published_time":"2026-04-21T08:48:01+00:00","article_modified_time":"2026-04-21T08:48:02+00:00","og_image":[{"width":720,"height":410,"url":"https:\/\/footdavant.fr\/actualites\/wp-content\/uploads\/2026\/04\/Nouvelles-du-transfert-de-Man-United-les-Red-Devils.net2Fuploads2F20262F042Farne-slot-mo-sal.webp","type":"image\/webp"}],"author":"Cl\u00e9ment","twitter_card":"summary_large_image","twitter_creator":"@FootdavantFr","twitter_site":"@FootdavantFr","twitter_misc":{"\u00c9crit par":"Cl\u00e9ment","Dur\u00e9e de lecture estim\u00e9e":"2 minutes"},"schema":{"@context":"https:\/\/schema.org","@graph":[{"@type":"Article","@id":"https:\/\/footdavant.fr\/actualites\/lentraineur-chef-de-man-united-michael-carrick-fait-le-point-sur-les-projets-du-club-pour-le-mercato-estival\/#article","isPartOf":{"@id":"https:\/\/footdavant.fr\/actualites\/lentraineur-chef-de-man-united-michael-carrick-fait-le-point-sur-les-projets-du-club-pour-le-mercato-estival\/"},"author":{"name":"Cl\u00e9ment","@id":"https:\/\/footdavant.fr\/actualites\/#\/schema\/person\/bc222566d95871b37e597b3ed3ba5e1d"},"headline":"L&#39;entra\u00eeneur-chef de Man United, Michael Carrick, fait le point sur les projets du club pour le mercato estival.","datePublished":"2026-04-21T08:48:01+00:00","dateModified":"2026-04-21T08:48:02+00:00","mainEntityOfPage":{"@id":"https:\/\/footdavant.fr\/actualites\/lentraineur-chef-de-man-united-michael-carrick-fait-le-point-sur-les-projets-du-club-pour-le-mercato-estival\/"},"wordCount":475,"publisher":{"@id":"https:\/\/footdavant.fr\/actualites\/#organization"},"keywords":["Carrick","club","estival","fait","L39entra\u00eeneurchef","les","Man","mercato","Michael","point","pour","projets","sur","United"],"articleSection":["Premier League"],"inLanguage":"fr-FR"},{"@type":"WebPage","@id":"https:\/\/footdavant.fr\/actualites\/lentraineur-chef-de-man-united-michael-carrick-fait-le-point-sur-les-projets-du-club-pour-le-mercato-estival\/","url":"https:\/\/footdavant.fr\/actualites\/lentraineur-chef-de-man-united-michael-carrick-fait-le-point-sur-les-projets-du-club-pour-le-mercato-estival\/","name":"L&#39;entra\u00eeneur-chef de Man United, Michael Carrick, fait le point sur les projets du club pour le mercato estival.","isPartOf":{"@id":"https:\/\/footdavant.fr\/actualites\/#website"},"datePublished":"2026-04-21T08:48:01+00:00","dateModified":"2026-04-21T08:48:02+00:00","breadcrumb":{"@id":"https:\/\/footdavant.fr\/actualites\/lentraineur-chef-de-man-united-michael-carrick-fait-le-point-sur-les-projets-du-club-pour-le-mercato-estival\/#breadcrumb"},"inLanguage":"fr-FR","potentialAction":[{"@type":"ReadAction","target":["https:\/\/footdavant.fr\/actualites\/lentraineur-chef-de-man-united-michael-carrick-fait-le-point-sur-les-projets-du-club-pour-le-mercato-estival\/"]}]},{"@type":"BreadcrumbList","@id":"https:\/\/footdavant.fr\/actualites\/lentraineur-chef-de-man-united-michael-carrick-fait-le-point-sur-les-projets-du-club-pour-le-mercato-estival\/#breadcrumb","itemListElement":[{"@type":"ListItem","position":1,"name":"Accueil","item":"https:\/\/footdavant.fr\/actualites\/"},{"@type":"ListItem","position":2,"name":"L&#39;entra\u00eeneur-chef de Man United, Michael Carrick, fait le point sur les projets du club pour le mercato estival."}]},{"@type":"WebSite","@id":"https:\/\/footdavant.fr\/actualites\/#website","url":"https:\/\/footdavant.fr\/actualites\/","name":"Foot d'avant","description":"","publisher":{"@id":"https:\/\/footdavant.fr\/actualites\/#organization"},"potentialAction":[{"@type":"SearchAction","target":{"@type":"EntryPoint","urlTemplate":"https:\/\/footdavant.fr\/actualites\/?s={search_term_string}"},"query-input":"required name=search_term_string"}],"inLanguage":"fr-FR"},{"@type":"Organization","@id":"https:\/\/footdavant.fr\/actualites\/#organization","name":"Foot d'avant","url":"https:\/\/footdavant.fr\/actualites\/","logo":{"@type":"ImageObject","inLanguage":"fr-FR","@id":"https:\/\/footdavant.fr\/actualites\/#\/schema\/logo\/image\/","url":"https:\/\/footdavant.fr\/actualites\/wp-content\/uploads\/2023\/09\/Copy-of-FootDavant-Logo.png","contentUrl":"https:\/\/footdavant.fr\/actualites\/wp-content\/uploads\/2023\/09\/Copy-of-FootDavant-Logo.png","width":936,"height":549,"caption":"Foot d'avant"},"image":{"@id":"https:\/\/footdavant.fr\/actualites\/#\/schema\/logo\/image\/"},"sameAs":["https:\/\/www.facebook.com\/Footdavant\/","https:\/\/twitter.com\/FootdavantFr","https:\/\/www.instagram.com\/footdavant.fr\/"]},{"@type":"Person","@id":"https:\/\/footdavant.fr\/actualites\/#\/schema\/person\/bc222566d95871b37e597b3ed3ba5e1d","name":"Cl\u00e9ment","image":{"@type":"ImageObject","inLanguage":"fr-FR","@id":"https:\/\/footdavant.fr\/actualites\/#\/schema\/person\/image\/","url":"https:\/\/secure.gravatar.com\/avatar\/7728b29aac2719421e1a9159b2254c44?s=96&d=mm&r=g","contentUrl":"https:\/\/secure.gravatar.com\/avatar\/7728b29aac2719421e1a9159b2254c44?s=96&d=mm&r=g","caption":"Cl\u00e9ment"},"sameAs":["https:\/\/footdavant.fr\/"]}]}},"_links":{"self":[{"href":"https:\/\/footdavant.fr\/actualites\/wp-json\/wp\/v2\/posts\/36677"}],"collection":[{"href":"https:\/\/footdavant.fr\/actualites\/wp-json\/wp\/v2\/posts"}],"about":[{"href":"https:\/\/footdavant.fr\/actualites\/wp-json\/wp\/v2\/types\/post"}],"author":[{"embeddable":true,"href":"https:\/\/footdavant.fr\/actualites\/wp-json\/wp\/v2\/users\/1"}],"replies":[{"embeddable":true,"href":"https:\/\/footdavant.fr\/actualites\/wp-json\/wp\/v2\/comments?post=36677"}],"version-history":[{"count":1,"href":"https:\/\/footdavant.fr\/actualites\/wp-json\/wp\/v2\/posts\/36677\/revisions"}],"predecessor-version":[{"id":36678,"href":"https:\/\/footdavant.fr\/actualites\/wp-json\/wp\/v2\/posts\/36677\/revisions\/36678"}],"wp:featuredmedia":[{"embeddable":true,"href":"https:\/\/footdavant.fr\/actualites\/wp-json\/wp\/v2\/media\/36394"}],"wp:attachment":[{"href":"https:\/\/footdavant.fr\/actualites\/wp-json\/wp\/v2\/media?parent=36677"}],"wp:term":[{"taxonomy":"category","embeddable":true,"href":"https:\/\/footdavant.fr\/actualites\/wp-json\/wp\/v2\/categories?post=36677"},{"taxonomy":"post_tag","embeddable":true,"href":"https:\/\/footdavant.fr\/actualites\/wp-json\/wp\/v2\/tags?post=36677"}],"curies":[{"name":"wp","href":"https:\/\/api.w.org\/{rel}","templated":true}]}}