{"id":36682,"date":"2026-04-21T14:48:11","date_gmt":"2026-04-21T12:48:11","guid":{"rendered":"https:\/\/footdavant.fr\/actualites\/arsenal-contre-man-united-les-geants-de-la-premier-league-en-competition-pour-las-du-milieu-de-terrain-du-real-madrid\/"},"modified":"2026-04-21T14:48:12","modified_gmt":"2026-04-21T12:48:12","slug":"arsenal-contre-man-united-les-geants-de-la-premier-league-en-competition-pour-las-du-milieu-de-terrain-du-real-madrid","status":"publish","type":"post","link":"https:\/\/footdavant.fr\/actualites\/arsenal-contre-man-united-les-geants-de-la-premier-league-en-competition-pour-las-du-milieu-de-terrain-du-real-madrid\/","title":{"rendered":"Arsenal contre Man United : les g\u00e9ants de la Premier League \u00ab en comp\u00e9tition \u00bb pour l&#39;as du milieu de terrain du Real Madrid"},"content":{"rendered":"<div itemprop=\"articleBody\">\n<p>Arsenal et Manchester United seraient actuellement en t\u00eate de la course pour Eduardo Camavinga, un transfert loin du Real Madrid cet \u00e9t\u00e9 \u00e9tant consid\u00e9r\u00e9 comme possible.<\/p>\n<p>Camavinga a eu du mal \u00e0 montrer sa meilleure forme pour Los Blancos lors de la campagne 2025-26, et il y a actuellement de nombreuses sp\u00e9culations autour de son avenir dans la capitale espagnole.<\/p>\n<p>L&#39;international fran\u00e7ais est depuis longtemps li\u00e9 \u00e0 un transfert en Premier League, et selon <em>PrisHors-Jeu<\/em>Arsenal et Man United sont les plus int\u00e9ress\u00e9s des clubs de l&#39;\u00e9lite anglaise.<\/p>\n<p>Le rapport affirme que des offres de l\u2019ordre de 52 millions de livres sterling seraient s\u00e9rieusement envisag\u00e9es par le Real Madrid, et Arsenal et Man United seraient pr\u00eats \u00e0 d\u00e9penser ce montant.<\/p>\n<p>Le joueur de 23 ans a marqu\u00e9 deux buts et enregistr\u00e9 une passe d\u00e9cisive en 37 apparitions pour Los Blancos cette saison, alors qu&#39;il compte six buts et 11 passes d\u00e9cisives en 217 sorties pour le club au total.<\/p>\n<div>\n<div>\n<div>\n<div>\n<p>\u00a9 Imago<\/p>\n<\/div>\n<\/div>\n<\/div>\n<\/div>\n<h2>Arsenal et Man United \u00ab m\u00e8nent la course \u00bb pour Camavinga<\/h2>\n<p>Camavinga a \u00e9t\u00e9 expuls\u00e9 lors du quart de finale retour de la Ligue des champions du Real Madrid contre le Bayern Munich la semaine derni\u00e8re, et l&#39;\u00e9quipe d&#39;Alvaro Arbeloa a ensuite subi une d\u00e9faite tardive.<\/p>\n<p>\u00ab\u00a0J&#39;assume ma responsabilit\u00e9, je veux m&#39;excuser aupr\u00e8s des supporters et de mes co\u00e9quipiers. Hala Madrid toujours\u00a0\u00bb, a post\u00e9 Camavinga sur les r\u00e9seaux sociaux apr\u00e8s le match \u00e0 Munich.<\/p>\n<p>L&#39;expert en transferts Fabrizio Romano a r\u00e9cemment d\u00e9clar\u00e9 que le Real Madrid n&#39;essayait pas \u00ab\u00a0activement\u00a0\u00bb de vendre le milieu de terrain pendant le mercato de cet \u00e9t\u00e9.<\/p>\n<p>\u00ab\u00a0Je crois comprendre que le Real Madrid n&#39;essaie pas activement de vendre Camavinga. Le Real Madrid n&#39;offre pas Camavinga aux clubs. Ses agents n&#39;offrent pas Camavinga aux clubs\u00a0\u00bb, a d\u00e9clar\u00e9 Romano lors de son discours officiel. <em>YouTube<\/em> canal.<\/p>\n<p>\u00ab\u00a0Camavinga ne montre pas le d\u00e9sir de quitter le Real Madrid, selon mes informations. Donc, s&#39;il y a un club de haut niveau, une proposition de haut niveau cet \u00e9t\u00e9, nous verrons ce qui se passera, mais, \u00e0 partir d&#39;aujourd&#39;hui, Camavinga n&#39;essaie pas activement de quitter le Real Madrid.<\/p>\n<div>\n<div>\n<div>\n<div><img decoding=\"async\" data-img-id=\"146738\" class=\"lazy\" loading=\"lazy\" src=\"https:\/\/footdavant.fr\/actualites\/wp-content\/uploads\/2025\/10\/1759783681_460_Man-Utd-Man-City-pret-a-faire-des-propositions-de.jpg\"\/><\/p>\n<p>\u00a9 Imago<\/p>\n<\/div>\n<\/div>\n<\/div>\n<\/div>\n<h2>Le Real Madrid n&#39;essaye pas activement de vendre Camavinga<\/h2>\n<p>\u00ab\u00a0Camavinga veut se battre pour sa place au Real Madrid. Camavinga aime le Real Madrid, donc il veut toujours trouver un moyen de continuer au Real Madrid, \u00e9galement dans le futur.<\/p>\n<p>\u00ab\u00a0Et puis, du c\u00f4t\u00e9 du Real Madrid, ce n&#39;est pas un joueur absolument intouchable. Si une grosse proposition arrive et si le joueur est enthousiaste, pour le Real Madrid, la n\u00e9gociation pourrait \u00eatre possible, mais cela ne veut pas dire que le Real Madrid dit \u00e0 Camavinga : \u00ab\u00a0Tu es hors du projet\u00a0\u00bb.<\/p>\n<p>\u00ab\u00a0Ce n&#39;est pas le cas. Voil\u00e0 donc l&#39;\u00e9tat de l&#39;histoire \u00e0 ce jour. Sur Camavinga, encore une fois, beaucoup de questions sur le Paris Saint-Germain. Je ne suis pas au courant que le Paris Saint-Germain travaille activement sur un accord avec Camavinga \u00e0 ce jour. Nous verrons plus tard.<\/p>\n<p>\u00ab\u00a0Ensuite, les clubs de Premier League ont d\u00e9j\u00e0 commenc\u00e9 \u00e0 passer quelques appels pour comprendre la situation de Camavinga, mais, pour le moment, c&#39;est tout. Rien d&#39;autre \u00e0 dire \u00e0 ce jour.\u00a0\u00bb<\/p>\n<p>Le contrat de Camavinga avec les g\u00e9ants espagnols devrait durer jusqu&#39;en juin 2029.<\/p>\n<\/div>\n","protected":false},"excerpt":{"rendered":"<p>Arsenal et Manchester United seraient actuellement en t\u00eate de la course pour Eduardo Camavinga, un transfert loin du Real Madrid cet \u00e9t\u00e9 \u00e9tant consid\u00e9r\u00e9 comme<\/p>\n","protected":false},"author":1,"featured_media":35665,"comment_status":"closed","ping_status":"","sticky":false,"template":"","format":"standard","meta":{"footnotes":""},"categories":[5],"tags":[67,2654,20,4740,4719,202,93,303,24,441,51,201,302,442,13],"yoast_head":"<!-- This site is optimized with the Yoast SEO plugin v21.0 - https:\/\/yoast.com\/wordpress\/plugins\/seo\/ -->\n<title>Arsenal contre Man United : les g\u00e9ants de la Premier League \u00ab en comp\u00e9tition \u00bb pour l&#039;as du milieu de terrain du Real Madrid<\/title>\n<meta name=\"robots\" content=\"index, follow, max-snippet:-1, max-image-preview:large, max-video-preview:-1\" \/>\n<link rel=\"canonical\" href=\"https:\/\/footdavant.fr\/actualites\/arsenal-contre-man-united-les-geants-de-la-premier-league-en-competition-pour-las-du-milieu-de-terrain-du-real-madrid\/\" \/>\n<meta property=\"og:locale\" content=\"fr_FR\" \/>\n<meta property=\"og:type\" content=\"article\" \/>\n<meta property=\"og:title\" content=\"Arsenal contre Man United : les g\u00e9ants de la Premier League \u00ab en comp\u00e9tition \u00bb pour l&#039;as du milieu de terrain du Real Madrid\" \/>\n<meta property=\"og:description\" content=\"Arsenal et Manchester United seraient actuellement en t\u00eate de la course pour Eduardo Camavinga, un transfert loin du Real Madrid cet \u00e9t\u00e9 \u00e9tant consid\u00e9r\u00e9 comme\" \/>\n<meta property=\"og:url\" content=\"https:\/\/footdavant.fr\/actualites\/arsenal-contre-man-united-les-geants-de-la-premier-league-en-competition-pour-las-du-milieu-de-terrain-du-real-madrid\/\" \/>\n<meta property=\"og:site_name\" content=\"Foot d&#039;avant\" \/>\n<meta property=\"article:publisher\" content=\"https:\/\/www.facebook.com\/Footdavant\/\" \/>\n<meta property=\"article:published_time\" content=\"2026-04-21T12:48:11+00:00\" \/>\n<meta property=\"article:modified_time\" content=\"2026-04-21T12:48:12+00:00\" \/>\n<meta property=\"og:image\" content=\"https:\/\/footdavant.fr\/actualites\/wp-content\/uploads\/2026\/03\/Nouvelles-du-transfert-de-Liverpool-les-Reds-menent.jpg\" \/>\n\t<meta property=\"og:image:width\" content=\"720\" \/>\n\t<meta property=\"og:image:height\" content=\"410\" \/>\n\t<meta property=\"og:image:type\" content=\"image\/jpeg\" \/>\n<meta name=\"author\" content=\"Cl\u00e9ment\" \/>\n<meta name=\"twitter:card\" content=\"summary_large_image\" \/>\n<meta name=\"twitter:creator\" content=\"@FootdavantFr\" \/>\n<meta name=\"twitter:site\" content=\"@FootdavantFr\" \/>\n<meta name=\"twitter:label1\" content=\"\u00c9crit par\" \/>\n\t<meta name=\"twitter:data1\" content=\"Cl\u00e9ment\" \/>\n\t<meta name=\"twitter:label2\" content=\"Dur\u00e9e de lecture estim\u00e9e\" \/>\n\t<meta name=\"twitter:data2\" content=\"3 minutes\" \/>\n<script type=\"application\/ld+json\" class=\"yoast-schema-graph\">{\"@context\":\"https:\/\/schema.org\",\"@graph\":[{\"@type\":\"Article\",\"@id\":\"https:\/\/footdavant.fr\/actualites\/arsenal-contre-man-united-les-geants-de-la-premier-league-en-competition-pour-las-du-milieu-de-terrain-du-real-madrid\/#article\",\"isPartOf\":{\"@id\":\"https:\/\/footdavant.fr\/actualites\/arsenal-contre-man-united-les-geants-de-la-premier-league-en-competition-pour-las-du-milieu-de-terrain-du-real-madrid\/\"},\"author\":{\"name\":\"Cl\u00e9ment\",\"@id\":\"https:\/\/footdavant.fr\/actualites\/#\/schema\/person\/bc222566d95871b37e597b3ed3ba5e1d\"},\"headline\":\"Arsenal contre Man United : les g\u00e9ants de la Premier League \u00ab en comp\u00e9tition \u00bb pour l&#39;as du milieu de terrain du Real Madrid\",\"datePublished\":\"2026-04-21T12:48:11+00:00\",\"dateModified\":\"2026-04-21T12:48:12+00:00\",\"mainEntityOfPage\":{\"@id\":\"https:\/\/footdavant.fr\/actualites\/arsenal-contre-man-united-les-geants-de-la-premier-league-en-competition-pour-las-du-milieu-de-terrain-du-real-madrid\/\"},\"wordCount\":591,\"publisher\":{\"@id\":\"https:\/\/footdavant.fr\/actualites\/#organization\"},\"keywords\":[\"Arsenal\",\"comp\u00e9tition\",\"contre\",\"g\u00e9ants\",\"L39as\",\"League\",\"les\",\"Madrid\",\"Man\",\"milieu\",\"pour\",\"Premier\",\"Real\",\"terrain\",\"United\"],\"articleSection\":[\"Premier League\"],\"inLanguage\":\"fr-FR\"},{\"@type\":\"WebPage\",\"@id\":\"https:\/\/footdavant.fr\/actualites\/arsenal-contre-man-united-les-geants-de-la-premier-league-en-competition-pour-las-du-milieu-de-terrain-du-real-madrid\/\",\"url\":\"https:\/\/footdavant.fr\/actualites\/arsenal-contre-man-united-les-geants-de-la-premier-league-en-competition-pour-las-du-milieu-de-terrain-du-real-madrid\/\",\"name\":\"Arsenal contre Man United : les g\u00e9ants de la Premier League \u00ab en comp\u00e9tition \u00bb pour l&#39;as du milieu de terrain du Real Madrid\",\"isPartOf\":{\"@id\":\"https:\/\/footdavant.fr\/actualites\/#website\"},\"datePublished\":\"2026-04-21T12:48:11+00:00\",\"dateModified\":\"2026-04-21T12:48:12+00:00\",\"breadcrumb\":{\"@id\":\"https:\/\/footdavant.fr\/actualites\/arsenal-contre-man-united-les-geants-de-la-premier-league-en-competition-pour-las-du-milieu-de-terrain-du-real-madrid\/#breadcrumb\"},\"inLanguage\":\"fr-FR\",\"potentialAction\":[{\"@type\":\"ReadAction\",\"target\":[\"https:\/\/footdavant.fr\/actualites\/arsenal-contre-man-united-les-geants-de-la-premier-league-en-competition-pour-las-du-milieu-de-terrain-du-real-madrid\/\"]}]},{\"@type\":\"BreadcrumbList\",\"@id\":\"https:\/\/footdavant.fr\/actualites\/arsenal-contre-man-united-les-geants-de-la-premier-league-en-competition-pour-las-du-milieu-de-terrain-du-real-madrid\/#breadcrumb\",\"itemListElement\":[{\"@type\":\"ListItem\",\"position\":1,\"name\":\"Accueil\",\"item\":\"https:\/\/footdavant.fr\/actualites\/\"},{\"@type\":\"ListItem\",\"position\":2,\"name\":\"Arsenal contre Man United : les g\u00e9ants de la Premier League \u00ab en comp\u00e9tition \u00bb pour l&#39;as du milieu de terrain du Real Madrid\"}]},{\"@type\":\"WebSite\",\"@id\":\"https:\/\/footdavant.fr\/actualites\/#website\",\"url\":\"https:\/\/footdavant.fr\/actualites\/\",\"name\":\"Foot d'avant\",\"description\":\"\",\"publisher\":{\"@id\":\"https:\/\/footdavant.fr\/actualites\/#organization\"},\"potentialAction\":[{\"@type\":\"SearchAction\",\"target\":{\"@type\":\"EntryPoint\",\"urlTemplate\":\"https:\/\/footdavant.fr\/actualites\/?s={search_term_string}\"},\"query-input\":\"required name=search_term_string\"}],\"inLanguage\":\"fr-FR\"},{\"@type\":\"Organization\",\"@id\":\"https:\/\/footdavant.fr\/actualites\/#organization\",\"name\":\"Foot d'avant\",\"url\":\"https:\/\/footdavant.fr\/actualites\/\",\"logo\":{\"@type\":\"ImageObject\",\"inLanguage\":\"fr-FR\",\"@id\":\"https:\/\/footdavant.fr\/actualites\/#\/schema\/logo\/image\/\",\"url\":\"https:\/\/footdavant.fr\/actualites\/wp-content\/uploads\/2023\/09\/Copy-of-FootDavant-Logo.png\",\"contentUrl\":\"https:\/\/footdavant.fr\/actualites\/wp-content\/uploads\/2023\/09\/Copy-of-FootDavant-Logo.png\",\"width\":936,\"height\":549,\"caption\":\"Foot d'avant\"},\"image\":{\"@id\":\"https:\/\/footdavant.fr\/actualites\/#\/schema\/logo\/image\/\"},\"sameAs\":[\"https:\/\/www.facebook.com\/Footdavant\/\",\"https:\/\/twitter.com\/FootdavantFr\",\"https:\/\/www.instagram.com\/footdavant.fr\/\"]},{\"@type\":\"Person\",\"@id\":\"https:\/\/footdavant.fr\/actualites\/#\/schema\/person\/bc222566d95871b37e597b3ed3ba5e1d\",\"name\":\"Cl\u00e9ment\",\"image\":{\"@type\":\"ImageObject\",\"inLanguage\":\"fr-FR\",\"@id\":\"https:\/\/footdavant.fr\/actualites\/#\/schema\/person\/image\/\",\"url\":\"https:\/\/secure.gravatar.com\/avatar\/7728b29aac2719421e1a9159b2254c44?s=96&d=mm&r=g\",\"contentUrl\":\"https:\/\/secure.gravatar.com\/avatar\/7728b29aac2719421e1a9159b2254c44?s=96&d=mm&r=g\",\"caption\":\"Cl\u00e9ment\"},\"sameAs\":[\"https:\/\/footdavant.fr\/\"]}]}<\/script>\n<!-- \/ Yoast SEO plugin. -->","yoast_head_json":{"title":"Arsenal contre Man United : les g\u00e9ants de la Premier League \u00ab en comp\u00e9tition \u00bb pour l&#39;as du milieu de terrain du Real Madrid","robots":{"index":"index","follow":"follow","max-snippet":"max-snippet:-1","max-image-preview":"max-image-preview:large","max-video-preview":"max-video-preview:-1"},"canonical":"https:\/\/footdavant.fr\/actualites\/arsenal-contre-man-united-les-geants-de-la-premier-league-en-competition-pour-las-du-milieu-de-terrain-du-real-madrid\/","og_locale":"fr_FR","og_type":"article","og_title":"Arsenal contre Man United : les g\u00e9ants de la Premier League \u00ab en comp\u00e9tition \u00bb pour l&#39;as du milieu de terrain du Real Madrid","og_description":"Arsenal et Manchester United seraient actuellement en t\u00eate de la course pour Eduardo Camavinga, un transfert loin du Real Madrid cet \u00e9t\u00e9 \u00e9tant consid\u00e9r\u00e9 comme","og_url":"https:\/\/footdavant.fr\/actualites\/arsenal-contre-man-united-les-geants-de-la-premier-league-en-competition-pour-las-du-milieu-de-terrain-du-real-madrid\/","og_site_name":"Foot d&#039;avant","article_publisher":"https:\/\/www.facebook.com\/Footdavant\/","article_published_time":"2026-04-21T12:48:11+00:00","article_modified_time":"2026-04-21T12:48:12+00:00","og_image":[{"width":720,"height":410,"url":"https:\/\/footdavant.fr\/actualites\/wp-content\/uploads\/2026\/03\/Nouvelles-du-transfert-de-Liverpool-les-Reds-menent.jpg","type":"image\/jpeg"}],"author":"Cl\u00e9ment","twitter_card":"summary_large_image","twitter_creator":"@FootdavantFr","twitter_site":"@FootdavantFr","twitter_misc":{"\u00c9crit par":"Cl\u00e9ment","Dur\u00e9e de lecture estim\u00e9e":"3 minutes"},"schema":{"@context":"https:\/\/schema.org","@graph":[{"@type":"Article","@id":"https:\/\/footdavant.fr\/actualites\/arsenal-contre-man-united-les-geants-de-la-premier-league-en-competition-pour-las-du-milieu-de-terrain-du-real-madrid\/#article","isPartOf":{"@id":"https:\/\/footdavant.fr\/actualites\/arsenal-contre-man-united-les-geants-de-la-premier-league-en-competition-pour-las-du-milieu-de-terrain-du-real-madrid\/"},"author":{"name":"Cl\u00e9ment","@id":"https:\/\/footdavant.fr\/actualites\/#\/schema\/person\/bc222566d95871b37e597b3ed3ba5e1d"},"headline":"Arsenal contre Man United : les g\u00e9ants de la Premier League \u00ab en comp\u00e9tition \u00bb pour l&#39;as du milieu de terrain du Real Madrid","datePublished":"2026-04-21T12:48:11+00:00","dateModified":"2026-04-21T12:48:12+00:00","mainEntityOfPage":{"@id":"https:\/\/footdavant.fr\/actualites\/arsenal-contre-man-united-les-geants-de-la-premier-league-en-competition-pour-las-du-milieu-de-terrain-du-real-madrid\/"},"wordCount":591,"publisher":{"@id":"https:\/\/footdavant.fr\/actualites\/#organization"},"keywords":["Arsenal","comp\u00e9tition","contre","g\u00e9ants","L39as","League","les","Madrid","Man","milieu","pour","Premier","Real","terrain","United"],"articleSection":["Premier League"],"inLanguage":"fr-FR"},{"@type":"WebPage","@id":"https:\/\/footdavant.fr\/actualites\/arsenal-contre-man-united-les-geants-de-la-premier-league-en-competition-pour-las-du-milieu-de-terrain-du-real-madrid\/","url":"https:\/\/footdavant.fr\/actualites\/arsenal-contre-man-united-les-geants-de-la-premier-league-en-competition-pour-las-du-milieu-de-terrain-du-real-madrid\/","name":"Arsenal contre Man United : les g\u00e9ants de la Premier League \u00ab en comp\u00e9tition \u00bb pour l&#39;as du milieu de terrain du Real Madrid","isPartOf":{"@id":"https:\/\/footdavant.fr\/actualites\/#website"},"datePublished":"2026-04-21T12:48:11+00:00","dateModified":"2026-04-21T12:48:12+00:00","breadcrumb":{"@id":"https:\/\/footdavant.fr\/actualites\/arsenal-contre-man-united-les-geants-de-la-premier-league-en-competition-pour-las-du-milieu-de-terrain-du-real-madrid\/#breadcrumb"},"inLanguage":"fr-FR","potentialAction":[{"@type":"ReadAction","target":["https:\/\/footdavant.fr\/actualites\/arsenal-contre-man-united-les-geants-de-la-premier-league-en-competition-pour-las-du-milieu-de-terrain-du-real-madrid\/"]}]},{"@type":"BreadcrumbList","@id":"https:\/\/footdavant.fr\/actualites\/arsenal-contre-man-united-les-geants-de-la-premier-league-en-competition-pour-las-du-milieu-de-terrain-du-real-madrid\/#breadcrumb","itemListElement":[{"@type":"ListItem","position":1,"name":"Accueil","item":"https:\/\/footdavant.fr\/actualites\/"},{"@type":"ListItem","position":2,"name":"Arsenal contre Man United : les g\u00e9ants de la Premier League \u00ab en comp\u00e9tition \u00bb pour l&#39;as du milieu de terrain du Real Madrid"}]},{"@type":"WebSite","@id":"https:\/\/footdavant.fr\/actualites\/#website","url":"https:\/\/footdavant.fr\/actualites\/","name":"Foot d'avant","description":"","publisher":{"@id":"https:\/\/footdavant.fr\/actualites\/#organization"},"potentialAction":[{"@type":"SearchAction","target":{"@type":"EntryPoint","urlTemplate":"https:\/\/footdavant.fr\/actualites\/?s={search_term_string}"},"query-input":"required name=search_term_string"}],"inLanguage":"fr-FR"},{"@type":"Organization","@id":"https:\/\/footdavant.fr\/actualites\/#organization","name":"Foot d'avant","url":"https:\/\/footdavant.fr\/actualites\/","logo":{"@type":"ImageObject","inLanguage":"fr-FR","@id":"https:\/\/footdavant.fr\/actualites\/#\/schema\/logo\/image\/","url":"https:\/\/footdavant.fr\/actualites\/wp-content\/uploads\/2023\/09\/Copy-of-FootDavant-Logo.png","contentUrl":"https:\/\/footdavant.fr\/actualites\/wp-content\/uploads\/2023\/09\/Copy-of-FootDavant-Logo.png","width":936,"height":549,"caption":"Foot d'avant"},"image":{"@id":"https:\/\/footdavant.fr\/actualites\/#\/schema\/logo\/image\/"},"sameAs":["https:\/\/www.facebook.com\/Footdavant\/","https:\/\/twitter.com\/FootdavantFr","https:\/\/www.instagram.com\/footdavant.fr\/"]},{"@type":"Person","@id":"https:\/\/footdavant.fr\/actualites\/#\/schema\/person\/bc222566d95871b37e597b3ed3ba5e1d","name":"Cl\u00e9ment","image":{"@type":"ImageObject","inLanguage":"fr-FR","@id":"https:\/\/footdavant.fr\/actualites\/#\/schema\/person\/image\/","url":"https:\/\/secure.gravatar.com\/avatar\/7728b29aac2719421e1a9159b2254c44?s=96&d=mm&r=g","contentUrl":"https:\/\/secure.gravatar.com\/avatar\/7728b29aac2719421e1a9159b2254c44?s=96&d=mm&r=g","caption":"Cl\u00e9ment"},"sameAs":["https:\/\/footdavant.fr\/"]}]}},"_links":{"self":[{"href":"https:\/\/footdavant.fr\/actualites\/wp-json\/wp\/v2\/posts\/36682"}],"collection":[{"href":"https:\/\/footdavant.fr\/actualites\/wp-json\/wp\/v2\/posts"}],"about":[{"href":"https:\/\/footdavant.fr\/actualites\/wp-json\/wp\/v2\/types\/post"}],"author":[{"embeddable":true,"href":"https:\/\/footdavant.fr\/actualites\/wp-json\/wp\/v2\/users\/1"}],"replies":[{"embeddable":true,"href":"https:\/\/footdavant.fr\/actualites\/wp-json\/wp\/v2\/comments?post=36682"}],"version-history":[{"count":1,"href":"https:\/\/footdavant.fr\/actualites\/wp-json\/wp\/v2\/posts\/36682\/revisions"}],"predecessor-version":[{"id":36683,"href":"https:\/\/footdavant.fr\/actualites\/wp-json\/wp\/v2\/posts\/36682\/revisions\/36683"}],"wp:featuredmedia":[{"embeddable":true,"href":"https:\/\/footdavant.fr\/actualites\/wp-json\/wp\/v2\/media\/35665"}],"wp:attachment":[{"href":"https:\/\/footdavant.fr\/actualites\/wp-json\/wp\/v2\/media?parent=36682"}],"wp:term":[{"taxonomy":"category","embeddable":true,"href":"https:\/\/footdavant.fr\/actualites\/wp-json\/wp\/v2\/categories?post=36682"},{"taxonomy":"post_tag","embeddable":true,"href":"https:\/\/footdavant.fr\/actualites\/wp-json\/wp\/v2\/tags?post=36682"}],"curies":[{"name":"wp","href":"https:\/\/api.w.org\/{rel}","templated":true}]}}