{"id":36684,"date":"2026-04-21T16:48:26","date_gmt":"2026-04-21T14:48:26","guid":{"rendered":"https:\/\/footdavant.fr\/actualites\/marc-casado-barcelone-prend-une-decision-majeure-sur-lobjectif-de-man-united\/"},"modified":"2026-04-21T16:48:28","modified_gmt":"2026-04-21T14:48:28","slug":"marc-casado-barcelone-prend-une-decision-majeure-sur-lobjectif-de-man-united","status":"publish","type":"post","link":"https:\/\/footdavant.fr\/actualites\/marc-casado-barcelone-prend-une-decision-majeure-sur-lobjectif-de-man-united\/","title":{"rendered":"Marc Casado: Barcelone prend une d\u00e9cision majeure sur l&#39;objectif de Man United &#8211;"},"content":{"rendered":"<div id=\"penci-post-entry-inner\">\n<p>\t\t\t<i class=\"penci-post-countview-number-check\" style=\"display:none\">1<\/i><\/p>\n<p>Manchester United aurait \u00e9t\u00e9 frapp\u00e9 \u00e0 double tranchant par le plan du FC Barcelone cet \u00e9t\u00e9, puisque deux stars Blaugrana pourraient d\u00e9sormais atterrir \u00e0 Old Trafford, m\u00eame si INEOS n&#39;en veut qu&#39;une.<\/p>\n<h5>Barcelone pr\u00e9pare une refonte \u00e0 grande \u00e9chelle<\/h5>\n<p>Le journal espagnol r\u00e9v\u00e8le que les g\u00e9ants de la Liga se pr\u00e9parent \u00e0 une refonte majeure de l&#39;\u00e9quipe de Hansi Flick apr\u00e8s la d\u00e9ception d&#39;une sortie de la Ligue des champions. La controverse a assombri un affrontement palpitant en quart de finale avec son rival, l&#39;Atletico Madrid, qui a finalement vu \u00e9merger des vainqueurs 3-2 au total apr\u00e8s que Barcelone ait vu rouge dans les deux jambes.<\/p>\n<p>Marcus Rashford, pr\u00eat\u00e9 pour une saison par United, \u00e9tait l&#39;un des boucs \u00e9missaires alors que les m\u00e9dias locaux d\u00e9chiraient la performance de l&#39;Anglais de 28 ans, ou son absence, lors de la d\u00e9faite.<\/p>\n<p>Cela a conduit les dirigeants du Camp Nou \u00e0 le placer aux c\u00f4t\u00e9s de quatre autres stars du Bar\u00e7a, dont Robert Lewandowski, Andreas Christensen, Frenkie de Jong et Marc Casado, que le club cherchera \u00e0 remplacer cet \u00e9t\u00e9. Barcelone a inclus une option d&#39;achat de 26 millions de livres sterling dans le pr\u00eat avec United \u2013 un prix que les Catalans semblaient pr\u00eats \u00e0 payer plus t\u00f4t dans la saison apr\u00e8s le bon d\u00e9part de Rashford.<\/p>\n<p>Mais une baisse de performance, ainsi qu&#39;une r\u00e9ticence \u00e0 payer \u00e0 la fois les frais et son salaire, ont laiss\u00e9 l&#39;international anglais avec la perspective d&#39;un retour non d\u00e9sir\u00e9 \u00e0 Old Trafford \u00e0 la fin de la campagne. INEOS cherche d\u00e9sesp\u00e9r\u00e9ment \u00e0 se d\u00e9barrasser de son contrat exorbitant, qui augmentera si United remporte la Ligue des champions l&#39;ann\u00e9e prochaine, garantissant que ces retrouvailles ne seront pas heureuses.<\/p>\n<p>Cependant, d&#39;un autre c\u00f4t\u00e9, Casado \u2013 le milieu de terrain de Barcelone \u2013 est une cible pour les Diables Rouges qui souhaitent effectuer leur propre refonte cet \u00e9t\u00e9, ce qui signifie que sa disponibilit\u00e9 sera un coup de pouce en m\u00eame temps que le retour de Rashford est un coup dur.<\/p>\n<h5>Ma\u00eetre du milieu de terrain<\/h5>\n<p>Deux grosses recrues devraient arriver dans le M16 pour r\u00e9parer la salle des machines qui cale, \u00e9tant donn\u00e9 que Casemiro est sur le point de partir et que Manuel Ugarte s&#39;est r\u00e9v\u00e9l\u00e9 \u00eatre une doublure incapable.<\/p>\n<p>INEOS cherche \u00e0 r\u00e9p\u00e9ter l&#39;approche \u00ab \u00e9prouv\u00e9e en Premier League \u00bb qui a guid\u00e9 la refonte de la ligne avant rat\u00e9e l&#39;ann\u00e9e derni\u00e8re. Elliot Anderson est la cible principale, tandis que Sandro Tonali, Carlos Baleba et Adam Wharton sont \u00e9galement \u00e0 l&#39;\u00e9tude.<\/p>\n<p>Cependant, le club examinerait \u00e9galement un certain nombre d&#39;options tr\u00e8s m\u00e9diatis\u00e9es en Espagne, avec le duo dynamique du Real Madrid, Aur\u00e9lien Tchouameni et Eduardo Camavinga, tous deux sur le radar.<\/p>\n<p>Mais Casado est un autre joueur qui a des admirateurs \u00e0 Old Trafford, car la puissante combinaison de technique et d&#39;industrie de l&#39;international espagnol offre un ensemble \u00ab complet \u00bb au milieu de terrain. <\/p>\n<p>Le technicien \u00ab d&#39;\u00e9lite \u00bb a m\u00eame fait des comparaisons avec la superstar du Bayern Munich, Joshua Kimmich, de la part de ses co\u00e9quipiers dans le vestiaire du Bar\u00e7a.<\/p>\n<p>Plus t\u00f4t dans la campagne, United avait manifest\u00e9 un vif int\u00e9r\u00eat, mais la r\u00e9ticence de Barcelone \u00e0 perdre un talent local \u00e9tait consid\u00e9r\u00e9e comme un obstacle \u00e0 tout accord.<\/p>\n<p>Cela signifie que la poursuite de Casado a maintenant re\u00e7u un \u00e9clair apr\u00e8s un changement d&#39;avis en Catalogne, m\u00eame si cela oblige \u00e9galement Rashford \u00e0 prendre place \u00e0 c\u00f4t\u00e9 du milieu de terrain espagnol dans l&#39;avion pour Manchester une fois la saison termin\u00e9e.<\/p>\n<\/p>\n<hr\/>\n<p>The Peoples Person est l&#39;un des principaux sites d&#39;information de Man United au monde depuis plus d&#39;une d\u00e9cennie. Suivez-nous sur Bluesky\u00a0: @peoplesperson.bsky.social<\/p>\n<p><!-- CONTENT END 2 --><\/p><\/div>\n","protected":false},"excerpt":{"rendered":"<p>1 Manchester United aurait \u00e9t\u00e9 frapp\u00e9 \u00e0 double tranchant par le plan du FC Barcelone cet \u00e9t\u00e9, puisque deux stars Blaugrana pourraient d\u00e9sormais atterrir \u00e0<\/p>\n","protected":false},"author":1,"featured_media":36685,"comment_status":"closed","ping_status":"","sticky":false,"template":"","format":"standard","meta":{"footnotes":""},"categories":[3],"tags":[130,11862,497,5238,1628,24,1678,88,103,92,13],"yoast_head":"<!-- This site is optimized with the Yoast SEO plugin v21.0 - https:\/\/yoast.com\/wordpress\/plugins\/seo\/ -->\n<title>Marc Casado: Barcelone prend une d\u00e9cision majeure sur l&#039;objectif de Man United -<\/title>\n<meta name=\"robots\" content=\"index, follow, max-snippet:-1, max-image-preview:large, max-video-preview:-1\" \/>\n<link rel=\"canonical\" href=\"https:\/\/footdavant.fr\/actualites\/marc-casado-barcelone-prend-une-decision-majeure-sur-lobjectif-de-man-united\/\" \/>\n<meta property=\"og:locale\" content=\"fr_FR\" \/>\n<meta property=\"og:type\" content=\"article\" \/>\n<meta property=\"og:title\" content=\"Marc Casado: Barcelone prend une d\u00e9cision majeure sur l&#039;objectif de Man United -\" \/>\n<meta property=\"og:description\" content=\"1 Manchester United aurait \u00e9t\u00e9 frapp\u00e9 \u00e0 double tranchant par le plan du FC Barcelone cet \u00e9t\u00e9, puisque deux stars Blaugrana pourraient d\u00e9sormais atterrir \u00e0\" \/>\n<meta property=\"og:url\" content=\"https:\/\/footdavant.fr\/actualites\/marc-casado-barcelone-prend-une-decision-majeure-sur-lobjectif-de-man-united\/\" \/>\n<meta property=\"og:site_name\" content=\"Foot d&#039;avant\" \/>\n<meta property=\"article:publisher\" content=\"https:\/\/www.facebook.com\/Footdavant\/\" \/>\n<meta property=\"article:published_time\" content=\"2026-04-21T14:48:26+00:00\" \/>\n<meta property=\"article:modified_time\" content=\"2026-04-21T14:48:28+00:00\" \/>\n<meta property=\"og:image\" content=\"https:\/\/footdavant.fr\/actualites\/wp-content\/uploads\/2026\/04\/Marc-Casado-Barcelone-prend-une-decision-majeure-sur-l39objectif-de.jpg\" \/>\n\t<meta property=\"og:image:width\" content=\"1600\" \/>\n\t<meta property=\"og:image:height\" content=\"714\" \/>\n\t<meta property=\"og:image:type\" content=\"image\/jpeg\" \/>\n<meta name=\"author\" content=\"Cl\u00e9ment\" \/>\n<meta name=\"twitter:card\" content=\"summary_large_image\" \/>\n<meta name=\"twitter:creator\" content=\"@FootdavantFr\" \/>\n<meta name=\"twitter:site\" content=\"@FootdavantFr\" \/>\n<meta name=\"twitter:label1\" content=\"\u00c9crit par\" \/>\n\t<meta name=\"twitter:data1\" content=\"Cl\u00e9ment\" \/>\n\t<meta name=\"twitter:label2\" content=\"Dur\u00e9e de lecture estim\u00e9e\" \/>\n\t<meta name=\"twitter:data2\" content=\"3 minutes\" \/>\n<script type=\"application\/ld+json\" class=\"yoast-schema-graph\">{\"@context\":\"https:\/\/schema.org\",\"@graph\":[{\"@type\":\"Article\",\"@id\":\"https:\/\/footdavant.fr\/actualites\/marc-casado-barcelone-prend-une-decision-majeure-sur-lobjectif-de-man-united\/#article\",\"isPartOf\":{\"@id\":\"https:\/\/footdavant.fr\/actualites\/marc-casado-barcelone-prend-une-decision-majeure-sur-lobjectif-de-man-united\/\"},\"author\":{\"name\":\"Cl\u00e9ment\",\"@id\":\"https:\/\/footdavant.fr\/actualites\/#\/schema\/person\/bc222566d95871b37e597b3ed3ba5e1d\"},\"headline\":\"Marc Casado: Barcelone prend une d\u00e9cision majeure sur l&#39;objectif de Man United &#8211;\",\"datePublished\":\"2026-04-21T14:48:26+00:00\",\"dateModified\":\"2026-04-21T14:48:28+00:00\",\"mainEntityOfPage\":{\"@id\":\"https:\/\/footdavant.fr\/actualites\/marc-casado-barcelone-prend-une-decision-majeure-sur-lobjectif-de-man-united\/\"},\"wordCount\":676,\"publisher\":{\"@id\":\"https:\/\/footdavant.fr\/actualites\/#organization\"},\"keywords\":[\"Barcelone\",\"Casado\",\"d\u00e9cision\",\"l39objectif\",\"majeure\",\"Man\",\"Marc\",\"prend\",\"sur\",\"une\",\"United\"],\"articleSection\":[\"Football\"],\"inLanguage\":\"fr-FR\"},{\"@type\":\"WebPage\",\"@id\":\"https:\/\/footdavant.fr\/actualites\/marc-casado-barcelone-prend-une-decision-majeure-sur-lobjectif-de-man-united\/\",\"url\":\"https:\/\/footdavant.fr\/actualites\/marc-casado-barcelone-prend-une-decision-majeure-sur-lobjectif-de-man-united\/\",\"name\":\"Marc Casado: Barcelone prend une d\u00e9cision majeure sur l&#39;objectif de Man United -\",\"isPartOf\":{\"@id\":\"https:\/\/footdavant.fr\/actualites\/#website\"},\"datePublished\":\"2026-04-21T14:48:26+00:00\",\"dateModified\":\"2026-04-21T14:48:28+00:00\",\"breadcrumb\":{\"@id\":\"https:\/\/footdavant.fr\/actualites\/marc-casado-barcelone-prend-une-decision-majeure-sur-lobjectif-de-man-united\/#breadcrumb\"},\"inLanguage\":\"fr-FR\",\"potentialAction\":[{\"@type\":\"ReadAction\",\"target\":[\"https:\/\/footdavant.fr\/actualites\/marc-casado-barcelone-prend-une-decision-majeure-sur-lobjectif-de-man-united\/\"]}]},{\"@type\":\"BreadcrumbList\",\"@id\":\"https:\/\/footdavant.fr\/actualites\/marc-casado-barcelone-prend-une-decision-majeure-sur-lobjectif-de-man-united\/#breadcrumb\",\"itemListElement\":[{\"@type\":\"ListItem\",\"position\":1,\"name\":\"Accueil\",\"item\":\"https:\/\/footdavant.fr\/actualites\/\"},{\"@type\":\"ListItem\",\"position\":2,\"name\":\"Marc Casado: Barcelone prend une d\u00e9cision majeure sur l&#39;objectif de Man United &#8211;\"}]},{\"@type\":\"WebSite\",\"@id\":\"https:\/\/footdavant.fr\/actualites\/#website\",\"url\":\"https:\/\/footdavant.fr\/actualites\/\",\"name\":\"Foot d'avant\",\"description\":\"\",\"publisher\":{\"@id\":\"https:\/\/footdavant.fr\/actualites\/#organization\"},\"potentialAction\":[{\"@type\":\"SearchAction\",\"target\":{\"@type\":\"EntryPoint\",\"urlTemplate\":\"https:\/\/footdavant.fr\/actualites\/?s={search_term_string}\"},\"query-input\":\"required name=search_term_string\"}],\"inLanguage\":\"fr-FR\"},{\"@type\":\"Organization\",\"@id\":\"https:\/\/footdavant.fr\/actualites\/#organization\",\"name\":\"Foot d'avant\",\"url\":\"https:\/\/footdavant.fr\/actualites\/\",\"logo\":{\"@type\":\"ImageObject\",\"inLanguage\":\"fr-FR\",\"@id\":\"https:\/\/footdavant.fr\/actualites\/#\/schema\/logo\/image\/\",\"url\":\"https:\/\/footdavant.fr\/actualites\/wp-content\/uploads\/2023\/09\/Copy-of-FootDavant-Logo.png\",\"contentUrl\":\"https:\/\/footdavant.fr\/actualites\/wp-content\/uploads\/2023\/09\/Copy-of-FootDavant-Logo.png\",\"width\":936,\"height\":549,\"caption\":\"Foot d'avant\"},\"image\":{\"@id\":\"https:\/\/footdavant.fr\/actualites\/#\/schema\/logo\/image\/\"},\"sameAs\":[\"https:\/\/www.facebook.com\/Footdavant\/\",\"https:\/\/twitter.com\/FootdavantFr\",\"https:\/\/www.instagram.com\/footdavant.fr\/\"]},{\"@type\":\"Person\",\"@id\":\"https:\/\/footdavant.fr\/actualites\/#\/schema\/person\/bc222566d95871b37e597b3ed3ba5e1d\",\"name\":\"Cl\u00e9ment\",\"image\":{\"@type\":\"ImageObject\",\"inLanguage\":\"fr-FR\",\"@id\":\"https:\/\/footdavant.fr\/actualites\/#\/schema\/person\/image\/\",\"url\":\"https:\/\/secure.gravatar.com\/avatar\/7728b29aac2719421e1a9159b2254c44?s=96&d=mm&r=g\",\"contentUrl\":\"https:\/\/secure.gravatar.com\/avatar\/7728b29aac2719421e1a9159b2254c44?s=96&d=mm&r=g\",\"caption\":\"Cl\u00e9ment\"},\"sameAs\":[\"https:\/\/footdavant.fr\/\"]}]}<\/script>\n<!-- \/ Yoast SEO plugin. -->","yoast_head_json":{"title":"Marc Casado: Barcelone prend une d\u00e9cision majeure sur l&#39;objectif de Man United -","robots":{"index":"index","follow":"follow","max-snippet":"max-snippet:-1","max-image-preview":"max-image-preview:large","max-video-preview":"max-video-preview:-1"},"canonical":"https:\/\/footdavant.fr\/actualites\/marc-casado-barcelone-prend-une-decision-majeure-sur-lobjectif-de-man-united\/","og_locale":"fr_FR","og_type":"article","og_title":"Marc Casado: Barcelone prend une d\u00e9cision majeure sur l&#39;objectif de Man United -","og_description":"1 Manchester United aurait \u00e9t\u00e9 frapp\u00e9 \u00e0 double tranchant par le plan du FC Barcelone cet \u00e9t\u00e9, puisque deux stars Blaugrana pourraient d\u00e9sormais atterrir \u00e0","og_url":"https:\/\/footdavant.fr\/actualites\/marc-casado-barcelone-prend-une-decision-majeure-sur-lobjectif-de-man-united\/","og_site_name":"Foot d&#039;avant","article_publisher":"https:\/\/www.facebook.com\/Footdavant\/","article_published_time":"2026-04-21T14:48:26+00:00","article_modified_time":"2026-04-21T14:48:28+00:00","og_image":[{"width":1600,"height":714,"url":"https:\/\/footdavant.fr\/actualites\/wp-content\/uploads\/2026\/04\/Marc-Casado-Barcelone-prend-une-decision-majeure-sur-l39objectif-de.jpg","type":"image\/jpeg"}],"author":"Cl\u00e9ment","twitter_card":"summary_large_image","twitter_creator":"@FootdavantFr","twitter_site":"@FootdavantFr","twitter_misc":{"\u00c9crit par":"Cl\u00e9ment","Dur\u00e9e de lecture estim\u00e9e":"3 minutes"},"schema":{"@context":"https:\/\/schema.org","@graph":[{"@type":"Article","@id":"https:\/\/footdavant.fr\/actualites\/marc-casado-barcelone-prend-une-decision-majeure-sur-lobjectif-de-man-united\/#article","isPartOf":{"@id":"https:\/\/footdavant.fr\/actualites\/marc-casado-barcelone-prend-une-decision-majeure-sur-lobjectif-de-man-united\/"},"author":{"name":"Cl\u00e9ment","@id":"https:\/\/footdavant.fr\/actualites\/#\/schema\/person\/bc222566d95871b37e597b3ed3ba5e1d"},"headline":"Marc Casado: Barcelone prend une d\u00e9cision majeure sur l&#39;objectif de Man United &#8211;","datePublished":"2026-04-21T14:48:26+00:00","dateModified":"2026-04-21T14:48:28+00:00","mainEntityOfPage":{"@id":"https:\/\/footdavant.fr\/actualites\/marc-casado-barcelone-prend-une-decision-majeure-sur-lobjectif-de-man-united\/"},"wordCount":676,"publisher":{"@id":"https:\/\/footdavant.fr\/actualites\/#organization"},"keywords":["Barcelone","Casado","d\u00e9cision","l39objectif","majeure","Man","Marc","prend","sur","une","United"],"articleSection":["Football"],"inLanguage":"fr-FR"},{"@type":"WebPage","@id":"https:\/\/footdavant.fr\/actualites\/marc-casado-barcelone-prend-une-decision-majeure-sur-lobjectif-de-man-united\/","url":"https:\/\/footdavant.fr\/actualites\/marc-casado-barcelone-prend-une-decision-majeure-sur-lobjectif-de-man-united\/","name":"Marc Casado: Barcelone prend une d\u00e9cision majeure sur l&#39;objectif de Man United -","isPartOf":{"@id":"https:\/\/footdavant.fr\/actualites\/#website"},"datePublished":"2026-04-21T14:48:26+00:00","dateModified":"2026-04-21T14:48:28+00:00","breadcrumb":{"@id":"https:\/\/footdavant.fr\/actualites\/marc-casado-barcelone-prend-une-decision-majeure-sur-lobjectif-de-man-united\/#breadcrumb"},"inLanguage":"fr-FR","potentialAction":[{"@type":"ReadAction","target":["https:\/\/footdavant.fr\/actualites\/marc-casado-barcelone-prend-une-decision-majeure-sur-lobjectif-de-man-united\/"]}]},{"@type":"BreadcrumbList","@id":"https:\/\/footdavant.fr\/actualites\/marc-casado-barcelone-prend-une-decision-majeure-sur-lobjectif-de-man-united\/#breadcrumb","itemListElement":[{"@type":"ListItem","position":1,"name":"Accueil","item":"https:\/\/footdavant.fr\/actualites\/"},{"@type":"ListItem","position":2,"name":"Marc Casado: Barcelone prend une d\u00e9cision majeure sur l&#39;objectif de Man United &#8211;"}]},{"@type":"WebSite","@id":"https:\/\/footdavant.fr\/actualites\/#website","url":"https:\/\/footdavant.fr\/actualites\/","name":"Foot d'avant","description":"","publisher":{"@id":"https:\/\/footdavant.fr\/actualites\/#organization"},"potentialAction":[{"@type":"SearchAction","target":{"@type":"EntryPoint","urlTemplate":"https:\/\/footdavant.fr\/actualites\/?s={search_term_string}"},"query-input":"required name=search_term_string"}],"inLanguage":"fr-FR"},{"@type":"Organization","@id":"https:\/\/footdavant.fr\/actualites\/#organization","name":"Foot d'avant","url":"https:\/\/footdavant.fr\/actualites\/","logo":{"@type":"ImageObject","inLanguage":"fr-FR","@id":"https:\/\/footdavant.fr\/actualites\/#\/schema\/logo\/image\/","url":"https:\/\/footdavant.fr\/actualites\/wp-content\/uploads\/2023\/09\/Copy-of-FootDavant-Logo.png","contentUrl":"https:\/\/footdavant.fr\/actualites\/wp-content\/uploads\/2023\/09\/Copy-of-FootDavant-Logo.png","width":936,"height":549,"caption":"Foot d'avant"},"image":{"@id":"https:\/\/footdavant.fr\/actualites\/#\/schema\/logo\/image\/"},"sameAs":["https:\/\/www.facebook.com\/Footdavant\/","https:\/\/twitter.com\/FootdavantFr","https:\/\/www.instagram.com\/footdavant.fr\/"]},{"@type":"Person","@id":"https:\/\/footdavant.fr\/actualites\/#\/schema\/person\/bc222566d95871b37e597b3ed3ba5e1d","name":"Cl\u00e9ment","image":{"@type":"ImageObject","inLanguage":"fr-FR","@id":"https:\/\/footdavant.fr\/actualites\/#\/schema\/person\/image\/","url":"https:\/\/secure.gravatar.com\/avatar\/7728b29aac2719421e1a9159b2254c44?s=96&d=mm&r=g","contentUrl":"https:\/\/secure.gravatar.com\/avatar\/7728b29aac2719421e1a9159b2254c44?s=96&d=mm&r=g","caption":"Cl\u00e9ment"},"sameAs":["https:\/\/footdavant.fr\/"]}]}},"_links":{"self":[{"href":"https:\/\/footdavant.fr\/actualites\/wp-json\/wp\/v2\/posts\/36684"}],"collection":[{"href":"https:\/\/footdavant.fr\/actualites\/wp-json\/wp\/v2\/posts"}],"about":[{"href":"https:\/\/footdavant.fr\/actualites\/wp-json\/wp\/v2\/types\/post"}],"author":[{"embeddable":true,"href":"https:\/\/footdavant.fr\/actualites\/wp-json\/wp\/v2\/users\/1"}],"replies":[{"embeddable":true,"href":"https:\/\/footdavant.fr\/actualites\/wp-json\/wp\/v2\/comments?post=36684"}],"version-history":[{"count":1,"href":"https:\/\/footdavant.fr\/actualites\/wp-json\/wp\/v2\/posts\/36684\/revisions"}],"predecessor-version":[{"id":36686,"href":"https:\/\/footdavant.fr\/actualites\/wp-json\/wp\/v2\/posts\/36684\/revisions\/36686"}],"wp:featuredmedia":[{"embeddable":true,"href":"https:\/\/footdavant.fr\/actualites\/wp-json\/wp\/v2\/media\/36685"}],"wp:attachment":[{"href":"https:\/\/footdavant.fr\/actualites\/wp-json\/wp\/v2\/media?parent=36684"}],"wp:term":[{"taxonomy":"category","embeddable":true,"href":"https:\/\/footdavant.fr\/actualites\/wp-json\/wp\/v2\/categories?post=36684"},{"taxonomy":"post_tag","embeddable":true,"href":"https:\/\/footdavant.fr\/actualites\/wp-json\/wp\/v2\/tags?post=36684"}],"curies":[{"name":"wp","href":"https:\/\/api.w.org\/{rel}","templated":true}]}}