{"id":36687,"date":"2026-04-21T18:48:06","date_gmt":"2026-04-21T16:48:06","guid":{"rendered":"https:\/\/footdavant.fr\/actualites\/nouvelles-de-lequipe-leeds-united-contre-wolves-rob-edwards-lance-un-appel-de-selection-choc-pour-le-road-trip-delland\/"},"modified":"2026-04-21T18:48:07","modified_gmt":"2026-04-21T16:48:07","slug":"nouvelles-de-lequipe-leeds-united-contre-wolves-rob-edwards-lance-un-appel-de-selection-choc-pour-le-road-trip-delland","status":"publish","type":"post","link":"https:\/\/footdavant.fr\/actualites\/nouvelles-de-lequipe-leeds-united-contre-wolves-rob-edwards-lance-un-appel-de-selection-choc-pour-le-road-trip-delland\/","title":{"rendered":"Nouvelles de l\u2019\u00e9quipe Leeds United contre Wolves: Rob Edwards lance un appel de s\u00e9lection choc pour le road trip d\u2019Elland"},"content":{"rendered":"<div itemprop=\"articleBody\">\n<p>L&#39;entra\u00eeneur-chef des Wolverhampton Wanderers, Rob Edwards, a pris une d\u00e9cision de s\u00e9lection surprise pour le match de Premier League de samedi contre Leeds United.<\/p>\n<p>L&#39;\u00e9quipe des West Midlands a fait le d\u00e9placement \u00e0 Elland Road en sachant que seule une victoire suffira s&#39;ils veulent \u00e9viter la rel\u00e9gation au championnat.<\/p>\n<p>Cependant, leur t\u00e2che a \u00e9t\u00e9 rendue beaucoup plus difficile par l&#39;absence du gardien titulaire Jos\u00e9 Sa, vraisemblablement bless\u00e9.<\/p>\n<p>Avec Sam Johnstone \u00e9galement sur la touche, Daniel Bentley est int\u00e9gr\u00e9 \u00e0 l&#39;\u00e9quipe pour sa premi\u00e8re apparition de la saison.<\/p>\n<p>Pendant ce temps, l&#39;autre modification apport\u00e9e par Edwards intervient en d\u00e9fense, cons\u00e9quence du d\u00e9but d&#39;une suspension de deux matches de Yerson Mosquera.<\/p>\n<p>Toti Gomes a \u00e9t\u00e9 rappel\u00e9 \u00e0 sa place dans les trois derniers, l&#39;indication \u00e9tant qu&#39;il d\u00e9butera sur le c\u00f4t\u00e9 droit avec Ladislav Krejci restant \u00e0 gauche.<\/p>\n<p>Edwards a \u00e9vit\u00e9 la tentation de rappeler Mateus Mane ou Tolu Arokodare en attaque pour un match o\u00f9 les Wolves tentent d&#39;infliger une premi\u00e8re de 44 ans \u00e0 Leeds.<\/p>\n<div>\n<div>\n<p>\u00a9 Iconsport \/ SPI<\/p>\n<\/div>\n<\/div>\n<h2>Leeds inchang\u00e9 pour le match des Wolves<\/h2>\n<p>Quant \u00e0 Leeds, Daniel Farke a choisi de conserver la m\u00eame onze de d\u00e9part que lors de la victoire 2-1 \u00e0 Manchester United lundi.<\/p>\n<p>Ilia Gruev et Sean Longstaff \u00e9taient tous deux en lice pour remplacer Ao Tanaka au centre du milieu de terrain.<\/p>\n<p>Au lieu de cela, l\u2019international japonais a conserv\u00e9 sa place dans l\u2019\u00e9quipe, Dominic Calvert-Lewin continuant de mener la ligne.<\/p>\n<p>Leeds United XI\u00a0: Darlow\u00a0; Justin, Bijol, Struijk; Bogle, Ampadu, Tanaka, Gudmundsson\u00a0; Aaronson, Okafor\u00a0; Calvert-Lewin<\/p>\n<p>Rempla\u00e7ants: Perri, Bornauw, Rodon, Longstaff, Gruev, Gnonto, Buonanotte, Piroe, Nmecha<\/p>\n<p>Wolverhampton Wanderers XI : Bentley ; T. Gomes, S. Bueno, Krejci ; Tchatchoua, Andr\u00e9, J. Gomes, H. Bueno ; A. Gomes, Bellegarde ; Armstrong<\/p>\n<p>Rempla\u00e7ants: Brooks, Moller Wolfe, Hwang, Arokodare, Lima, R.Gomes, Mane, Olagunju, Edozie<\/p>\n<\/div>\n","protected":false},"excerpt":{"rendered":"<p>L&#39;entra\u00eeneur-chef des Wolverhampton Wanderers, Rob Edwards, a pris une d\u00e9cision de s\u00e9lection surprise pour le match de Premier League de samedi contre Leeds United. L&#39;\u00e9quipe<\/p>\n","protected":false},"author":1,"featured_media":36688,"comment_status":"closed","ping_status":"","sticky":false,"template":"","format":"standard","meta":{"footnotes":""},"categories":[5],"tags":[724,332,20,11863,3971,4464,121,9,461,51,6796,6140,1457,10640,13,1454],"yoast_head":"<!-- This site is optimized with the Yoast SEO plugin v21.0 - https:\/\/yoast.com\/wordpress\/plugins\/seo\/ -->\n<title>Nouvelles de l\u2019\u00e9quipe Leeds United contre Wolves: Rob Edwards lance un appel de s\u00e9lection choc pour le road trip d\u2019Elland<\/title>\n<meta name=\"robots\" content=\"index, follow, max-snippet:-1, max-image-preview:large, max-video-preview:-1\" \/>\n<link rel=\"canonical\" href=\"https:\/\/footdavant.fr\/actualites\/nouvelles-de-lequipe-leeds-united-contre-wolves-rob-edwards-lance-un-appel-de-selection-choc-pour-le-road-trip-delland\/\" \/>\n<meta property=\"og:locale\" content=\"fr_FR\" \/>\n<meta property=\"og:type\" content=\"article\" \/>\n<meta property=\"og:title\" content=\"Nouvelles de l\u2019\u00e9quipe Leeds United contre Wolves: Rob Edwards lance un appel de s\u00e9lection choc pour le road trip d\u2019Elland\" \/>\n<meta property=\"og:description\" content=\"L&#039;entra\u00eeneur-chef des Wolverhampton Wanderers, Rob Edwards, a pris une d\u00e9cision de s\u00e9lection surprise pour le match de Premier League de samedi contre Leeds United. L&#039;\u00e9quipe\" \/>\n<meta property=\"og:url\" content=\"https:\/\/footdavant.fr\/actualites\/nouvelles-de-lequipe-leeds-united-contre-wolves-rob-edwards-lance-un-appel-de-selection-choc-pour-le-road-trip-delland\/\" \/>\n<meta property=\"og:site_name\" content=\"Foot d&#039;avant\" \/>\n<meta property=\"article:publisher\" content=\"https:\/\/www.facebook.com\/Footdavant\/\" \/>\n<meta property=\"article:published_time\" content=\"2026-04-21T16:48:06+00:00\" \/>\n<meta property=\"article:modified_time\" content=\"2026-04-21T16:48:07+00:00\" \/>\n<meta property=\"og:image\" content=\"https:\/\/footdavant.fr\/actualites\/wp-content\/uploads\/2026\/04\/Nouvelles-de-lequipe-Leeds-United-contre-Wolves-Rob-Edwards-lance.net2Fuploads2F20252F122Fimago1070121329.webp\" \/>\n\t<meta property=\"og:image:width\" content=\"720\" \/>\n\t<meta property=\"og:image:height\" content=\"410\" \/>\n\t<meta property=\"og:image:type\" content=\"image\/webp\" \/>\n<meta name=\"author\" content=\"Cl\u00e9ment\" \/>\n<meta name=\"twitter:card\" content=\"summary_large_image\" \/>\n<meta name=\"twitter:creator\" content=\"@FootdavantFr\" \/>\n<meta name=\"twitter:site\" content=\"@FootdavantFr\" \/>\n<meta name=\"twitter:label1\" content=\"\u00c9crit par\" \/>\n\t<meta name=\"twitter:data1\" content=\"Cl\u00e9ment\" \/>\n\t<meta name=\"twitter:label2\" content=\"Dur\u00e9e de lecture estim\u00e9e\" \/>\n\t<meta name=\"twitter:data2\" content=\"2 minutes\" \/>\n<script type=\"application\/ld+json\" class=\"yoast-schema-graph\">{\"@context\":\"https:\/\/schema.org\",\"@graph\":[{\"@type\":\"Article\",\"@id\":\"https:\/\/footdavant.fr\/actualites\/nouvelles-de-lequipe-leeds-united-contre-wolves-rob-edwards-lance-un-appel-de-selection-choc-pour-le-road-trip-delland\/#article\",\"isPartOf\":{\"@id\":\"https:\/\/footdavant.fr\/actualites\/nouvelles-de-lequipe-leeds-united-contre-wolves-rob-edwards-lance-un-appel-de-selection-choc-pour-le-road-trip-delland\/\"},\"author\":{\"name\":\"Cl\u00e9ment\",\"@id\":\"https:\/\/footdavant.fr\/actualites\/#\/schema\/person\/bc222566d95871b37e597b3ed3ba5e1d\"},\"headline\":\"Nouvelles de l\u2019\u00e9quipe Leeds United contre Wolves: Rob Edwards lance un appel de s\u00e9lection choc pour le road trip d\u2019Elland\",\"datePublished\":\"2026-04-21T16:48:06+00:00\",\"dateModified\":\"2026-04-21T16:48:07+00:00\",\"mainEntityOfPage\":{\"@id\":\"https:\/\/footdavant.fr\/actualites\/nouvelles-de-lequipe-leeds-united-contre-wolves-rob-edwards-lance-un-appel-de-selection-choc-pour-le-road-trip-delland\/\"},\"wordCount\":337,\"publisher\":{\"@id\":\"https:\/\/footdavant.fr\/actualites\/#organization\"},\"keywords\":[\"appel\",\"choc\",\"contre\",\"dElland\",\"Edwards\",\"lance\",\"Leeds\",\"l\u00e9quipe\",\"Nouvelles\",\"pour\",\"Road\",\"Rob\",\"s\u00e9lection\",\"Trip\",\"United\",\"Wolves\"],\"articleSection\":[\"Premier League\"],\"inLanguage\":\"fr-FR\"},{\"@type\":\"WebPage\",\"@id\":\"https:\/\/footdavant.fr\/actualites\/nouvelles-de-lequipe-leeds-united-contre-wolves-rob-edwards-lance-un-appel-de-selection-choc-pour-le-road-trip-delland\/\",\"url\":\"https:\/\/footdavant.fr\/actualites\/nouvelles-de-lequipe-leeds-united-contre-wolves-rob-edwards-lance-un-appel-de-selection-choc-pour-le-road-trip-delland\/\",\"name\":\"Nouvelles de l\u2019\u00e9quipe Leeds United contre Wolves: Rob Edwards lance un appel de s\u00e9lection choc pour le road trip d\u2019Elland\",\"isPartOf\":{\"@id\":\"https:\/\/footdavant.fr\/actualites\/#website\"},\"datePublished\":\"2026-04-21T16:48:06+00:00\",\"dateModified\":\"2026-04-21T16:48:07+00:00\",\"breadcrumb\":{\"@id\":\"https:\/\/footdavant.fr\/actualites\/nouvelles-de-lequipe-leeds-united-contre-wolves-rob-edwards-lance-un-appel-de-selection-choc-pour-le-road-trip-delland\/#breadcrumb\"},\"inLanguage\":\"fr-FR\",\"potentialAction\":[{\"@type\":\"ReadAction\",\"target\":[\"https:\/\/footdavant.fr\/actualites\/nouvelles-de-lequipe-leeds-united-contre-wolves-rob-edwards-lance-un-appel-de-selection-choc-pour-le-road-trip-delland\/\"]}]},{\"@type\":\"BreadcrumbList\",\"@id\":\"https:\/\/footdavant.fr\/actualites\/nouvelles-de-lequipe-leeds-united-contre-wolves-rob-edwards-lance-un-appel-de-selection-choc-pour-le-road-trip-delland\/#breadcrumb\",\"itemListElement\":[{\"@type\":\"ListItem\",\"position\":1,\"name\":\"Accueil\",\"item\":\"https:\/\/footdavant.fr\/actualites\/\"},{\"@type\":\"ListItem\",\"position\":2,\"name\":\"Nouvelles de l\u2019\u00e9quipe Leeds United contre Wolves: Rob Edwards lance un appel de s\u00e9lection choc pour le road trip d\u2019Elland\"}]},{\"@type\":\"WebSite\",\"@id\":\"https:\/\/footdavant.fr\/actualites\/#website\",\"url\":\"https:\/\/footdavant.fr\/actualites\/\",\"name\":\"Foot d'avant\",\"description\":\"\",\"publisher\":{\"@id\":\"https:\/\/footdavant.fr\/actualites\/#organization\"},\"potentialAction\":[{\"@type\":\"SearchAction\",\"target\":{\"@type\":\"EntryPoint\",\"urlTemplate\":\"https:\/\/footdavant.fr\/actualites\/?s={search_term_string}\"},\"query-input\":\"required name=search_term_string\"}],\"inLanguage\":\"fr-FR\"},{\"@type\":\"Organization\",\"@id\":\"https:\/\/footdavant.fr\/actualites\/#organization\",\"name\":\"Foot d'avant\",\"url\":\"https:\/\/footdavant.fr\/actualites\/\",\"logo\":{\"@type\":\"ImageObject\",\"inLanguage\":\"fr-FR\",\"@id\":\"https:\/\/footdavant.fr\/actualites\/#\/schema\/logo\/image\/\",\"url\":\"https:\/\/footdavant.fr\/actualites\/wp-content\/uploads\/2023\/09\/Copy-of-FootDavant-Logo.png\",\"contentUrl\":\"https:\/\/footdavant.fr\/actualites\/wp-content\/uploads\/2023\/09\/Copy-of-FootDavant-Logo.png\",\"width\":936,\"height\":549,\"caption\":\"Foot d'avant\"},\"image\":{\"@id\":\"https:\/\/footdavant.fr\/actualites\/#\/schema\/logo\/image\/\"},\"sameAs\":[\"https:\/\/www.facebook.com\/Footdavant\/\",\"https:\/\/twitter.com\/FootdavantFr\",\"https:\/\/www.instagram.com\/footdavant.fr\/\"]},{\"@type\":\"Person\",\"@id\":\"https:\/\/footdavant.fr\/actualites\/#\/schema\/person\/bc222566d95871b37e597b3ed3ba5e1d\",\"name\":\"Cl\u00e9ment\",\"image\":{\"@type\":\"ImageObject\",\"inLanguage\":\"fr-FR\",\"@id\":\"https:\/\/footdavant.fr\/actualites\/#\/schema\/person\/image\/\",\"url\":\"https:\/\/secure.gravatar.com\/avatar\/7728b29aac2719421e1a9159b2254c44?s=96&d=mm&r=g\",\"contentUrl\":\"https:\/\/secure.gravatar.com\/avatar\/7728b29aac2719421e1a9159b2254c44?s=96&d=mm&r=g\",\"caption\":\"Cl\u00e9ment\"},\"sameAs\":[\"https:\/\/footdavant.fr\/\"]}]}<\/script>\n<!-- \/ Yoast SEO plugin. -->","yoast_head_json":{"title":"Nouvelles de l\u2019\u00e9quipe Leeds United contre Wolves: Rob Edwards lance un appel de s\u00e9lection choc pour le road trip d\u2019Elland","robots":{"index":"index","follow":"follow","max-snippet":"max-snippet:-1","max-image-preview":"max-image-preview:large","max-video-preview":"max-video-preview:-1"},"canonical":"https:\/\/footdavant.fr\/actualites\/nouvelles-de-lequipe-leeds-united-contre-wolves-rob-edwards-lance-un-appel-de-selection-choc-pour-le-road-trip-delland\/","og_locale":"fr_FR","og_type":"article","og_title":"Nouvelles de l\u2019\u00e9quipe Leeds United contre Wolves: Rob Edwards lance un appel de s\u00e9lection choc pour le road trip d\u2019Elland","og_description":"L&#39;entra\u00eeneur-chef des Wolverhampton Wanderers, Rob Edwards, a pris une d\u00e9cision de s\u00e9lection surprise pour le match de Premier League de samedi contre Leeds United. L&#39;\u00e9quipe","og_url":"https:\/\/footdavant.fr\/actualites\/nouvelles-de-lequipe-leeds-united-contre-wolves-rob-edwards-lance-un-appel-de-selection-choc-pour-le-road-trip-delland\/","og_site_name":"Foot d&#039;avant","article_publisher":"https:\/\/www.facebook.com\/Footdavant\/","article_published_time":"2026-04-21T16:48:06+00:00","article_modified_time":"2026-04-21T16:48:07+00:00","og_image":[{"width":720,"height":410,"url":"https:\/\/footdavant.fr\/actualites\/wp-content\/uploads\/2026\/04\/Nouvelles-de-lequipe-Leeds-United-contre-Wolves-Rob-Edwards-lance.net2Fuploads2F20252F122Fimago1070121329.webp","type":"image\/webp"}],"author":"Cl\u00e9ment","twitter_card":"summary_large_image","twitter_creator":"@FootdavantFr","twitter_site":"@FootdavantFr","twitter_misc":{"\u00c9crit par":"Cl\u00e9ment","Dur\u00e9e de lecture estim\u00e9e":"2 minutes"},"schema":{"@context":"https:\/\/schema.org","@graph":[{"@type":"Article","@id":"https:\/\/footdavant.fr\/actualites\/nouvelles-de-lequipe-leeds-united-contre-wolves-rob-edwards-lance-un-appel-de-selection-choc-pour-le-road-trip-delland\/#article","isPartOf":{"@id":"https:\/\/footdavant.fr\/actualites\/nouvelles-de-lequipe-leeds-united-contre-wolves-rob-edwards-lance-un-appel-de-selection-choc-pour-le-road-trip-delland\/"},"author":{"name":"Cl\u00e9ment","@id":"https:\/\/footdavant.fr\/actualites\/#\/schema\/person\/bc222566d95871b37e597b3ed3ba5e1d"},"headline":"Nouvelles de l\u2019\u00e9quipe Leeds United contre Wolves: Rob Edwards lance un appel de s\u00e9lection choc pour le road trip d\u2019Elland","datePublished":"2026-04-21T16:48:06+00:00","dateModified":"2026-04-21T16:48:07+00:00","mainEntityOfPage":{"@id":"https:\/\/footdavant.fr\/actualites\/nouvelles-de-lequipe-leeds-united-contre-wolves-rob-edwards-lance-un-appel-de-selection-choc-pour-le-road-trip-delland\/"},"wordCount":337,"publisher":{"@id":"https:\/\/footdavant.fr\/actualites\/#organization"},"keywords":["appel","choc","contre","dElland","Edwards","lance","Leeds","l\u00e9quipe","Nouvelles","pour","Road","Rob","s\u00e9lection","Trip","United","Wolves"],"articleSection":["Premier League"],"inLanguage":"fr-FR"},{"@type":"WebPage","@id":"https:\/\/footdavant.fr\/actualites\/nouvelles-de-lequipe-leeds-united-contre-wolves-rob-edwards-lance-un-appel-de-selection-choc-pour-le-road-trip-delland\/","url":"https:\/\/footdavant.fr\/actualites\/nouvelles-de-lequipe-leeds-united-contre-wolves-rob-edwards-lance-un-appel-de-selection-choc-pour-le-road-trip-delland\/","name":"Nouvelles de l\u2019\u00e9quipe Leeds United contre Wolves: Rob Edwards lance un appel de s\u00e9lection choc pour le road trip d\u2019Elland","isPartOf":{"@id":"https:\/\/footdavant.fr\/actualites\/#website"},"datePublished":"2026-04-21T16:48:06+00:00","dateModified":"2026-04-21T16:48:07+00:00","breadcrumb":{"@id":"https:\/\/footdavant.fr\/actualites\/nouvelles-de-lequipe-leeds-united-contre-wolves-rob-edwards-lance-un-appel-de-selection-choc-pour-le-road-trip-delland\/#breadcrumb"},"inLanguage":"fr-FR","potentialAction":[{"@type":"ReadAction","target":["https:\/\/footdavant.fr\/actualites\/nouvelles-de-lequipe-leeds-united-contre-wolves-rob-edwards-lance-un-appel-de-selection-choc-pour-le-road-trip-delland\/"]}]},{"@type":"BreadcrumbList","@id":"https:\/\/footdavant.fr\/actualites\/nouvelles-de-lequipe-leeds-united-contre-wolves-rob-edwards-lance-un-appel-de-selection-choc-pour-le-road-trip-delland\/#breadcrumb","itemListElement":[{"@type":"ListItem","position":1,"name":"Accueil","item":"https:\/\/footdavant.fr\/actualites\/"},{"@type":"ListItem","position":2,"name":"Nouvelles de l\u2019\u00e9quipe Leeds United contre Wolves: Rob Edwards lance un appel de s\u00e9lection choc pour le road trip d\u2019Elland"}]},{"@type":"WebSite","@id":"https:\/\/footdavant.fr\/actualites\/#website","url":"https:\/\/footdavant.fr\/actualites\/","name":"Foot d'avant","description":"","publisher":{"@id":"https:\/\/footdavant.fr\/actualites\/#organization"},"potentialAction":[{"@type":"SearchAction","target":{"@type":"EntryPoint","urlTemplate":"https:\/\/footdavant.fr\/actualites\/?s={search_term_string}"},"query-input":"required name=search_term_string"}],"inLanguage":"fr-FR"},{"@type":"Organization","@id":"https:\/\/footdavant.fr\/actualites\/#organization","name":"Foot d'avant","url":"https:\/\/footdavant.fr\/actualites\/","logo":{"@type":"ImageObject","inLanguage":"fr-FR","@id":"https:\/\/footdavant.fr\/actualites\/#\/schema\/logo\/image\/","url":"https:\/\/footdavant.fr\/actualites\/wp-content\/uploads\/2023\/09\/Copy-of-FootDavant-Logo.png","contentUrl":"https:\/\/footdavant.fr\/actualites\/wp-content\/uploads\/2023\/09\/Copy-of-FootDavant-Logo.png","width":936,"height":549,"caption":"Foot d'avant"},"image":{"@id":"https:\/\/footdavant.fr\/actualites\/#\/schema\/logo\/image\/"},"sameAs":["https:\/\/www.facebook.com\/Footdavant\/","https:\/\/twitter.com\/FootdavantFr","https:\/\/www.instagram.com\/footdavant.fr\/"]},{"@type":"Person","@id":"https:\/\/footdavant.fr\/actualites\/#\/schema\/person\/bc222566d95871b37e597b3ed3ba5e1d","name":"Cl\u00e9ment","image":{"@type":"ImageObject","inLanguage":"fr-FR","@id":"https:\/\/footdavant.fr\/actualites\/#\/schema\/person\/image\/","url":"https:\/\/secure.gravatar.com\/avatar\/7728b29aac2719421e1a9159b2254c44?s=96&d=mm&r=g","contentUrl":"https:\/\/secure.gravatar.com\/avatar\/7728b29aac2719421e1a9159b2254c44?s=96&d=mm&r=g","caption":"Cl\u00e9ment"},"sameAs":["https:\/\/footdavant.fr\/"]}]}},"_links":{"self":[{"href":"https:\/\/footdavant.fr\/actualites\/wp-json\/wp\/v2\/posts\/36687"}],"collection":[{"href":"https:\/\/footdavant.fr\/actualites\/wp-json\/wp\/v2\/posts"}],"about":[{"href":"https:\/\/footdavant.fr\/actualites\/wp-json\/wp\/v2\/types\/post"}],"author":[{"embeddable":true,"href":"https:\/\/footdavant.fr\/actualites\/wp-json\/wp\/v2\/users\/1"}],"replies":[{"embeddable":true,"href":"https:\/\/footdavant.fr\/actualites\/wp-json\/wp\/v2\/comments?post=36687"}],"version-history":[{"count":1,"href":"https:\/\/footdavant.fr\/actualites\/wp-json\/wp\/v2\/posts\/36687\/revisions"}],"predecessor-version":[{"id":36689,"href":"https:\/\/footdavant.fr\/actualites\/wp-json\/wp\/v2\/posts\/36687\/revisions\/36689"}],"wp:featuredmedia":[{"embeddable":true,"href":"https:\/\/footdavant.fr\/actualites\/wp-json\/wp\/v2\/media\/36688"}],"wp:attachment":[{"href":"https:\/\/footdavant.fr\/actualites\/wp-json\/wp\/v2\/media?parent=36687"}],"wp:term":[{"taxonomy":"category","embeddable":true,"href":"https:\/\/footdavant.fr\/actualites\/wp-json\/wp\/v2\/categories?post=36687"},{"taxonomy":"post_tag","embeddable":true,"href":"https:\/\/footdavant.fr\/actualites\/wp-json\/wp\/v2\/tags?post=36687"}],"curies":[{"name":"wp","href":"https:\/\/api.w.org\/{rel}","templated":true}]}}