{"id":36690,"date":"2026-04-21T20:48:10","date_gmt":"2026-04-21T18:48:10","guid":{"rendered":"https:\/\/footdavant.fr\/actualites\/liam-rosenior-doit-partir-mais-la-responsabilite-incombe-a-ceux-au-dessus-de-lui\/"},"modified":"2026-04-21T20:48:13","modified_gmt":"2026-04-21T18:48:13","slug":"liam-rosenior-doit-partir-mais-la-responsabilite-incombe-a-ceux-au-dessus-de-lui","status":"publish","type":"post","link":"https:\/\/footdavant.fr\/actualites\/liam-rosenior-doit-partir-mais-la-responsabilite-incombe-a-ceux-au-dessus-de-lui\/","title":{"rendered":"Liam Rosenior doit partir mais la responsabilit\u00e9 incombe \u00e0 ceux au-dessus de lui"},"content":{"rendered":"<div>\n<p>M\u00eame les directeurs sportifs ne font que ce qu\u2019on leur a dit de faire d\u2019en haut. Mais non, bien s\u00fbr, je ne les note pas. Mais en fin de compte, ils ne font que suivre les ordres et les instructions d\u2019en haut. En fin de compte, ce sont les propri\u00e9taires qui prennent les d\u00e9cisions dans ce club de football, en majorit\u00e9 Behdad Eghbali.<\/p>\n<p>Liam Rosenior est un \u00e9norme probl\u00e8me. Il est horrible. Bien hors de sa profondeur. Mais ce n&#39;est pas sa faute. Il avait probablement besoin d&#39;\u00eatre rassur\u00e9 lorsqu&#39;on lui a annonc\u00e9 en janvier qu&#39;il \u00e9tait sur le point de devenir manager du Chelsea Football Club, sinon il serait tomb\u00e9. Imaginez \u00e7a ? Ce ne serait pas tr\u00e8s diff\u00e9rent si on me proposait le r\u00f4le de manager de Chelsea, \u00e0 vous ou \u00e0 moi\u00a0! C\u2019est dire \u00e0 quel point il \u00e9tait\/est inexp\u00e9riment\u00e9 et hors de profondeur. Chelsea n\u2019est pas Strasbourg et la Premier League n\u2019est pas la Ligue 1. N\u2019importe quel Joe moyen aurait pu vous le dire !<\/p>\n<p>Il n&#39;aurait jamais d\u00fb \u00eatre embauch\u00e9. Mais cela ne d\u00e9pend pas de lui, mais de ceux qui sont au-dessus de lui, ceux qui ont pens\u00e9 que ce serait une bonne id\u00e9e d&#39;embaucher un autre manager inexp\u00e9riment\u00e9. Un autre b\u00e9ni-oui-oui sans feu dans le ventre. Aucune direction. Non rien.<\/p>\n<p>Ne vous m\u00e9prenez pas, j&#39;aime Liam en tant que personne, je pense qu&#39;il serait probablement un type d\u00e9cent avec qui sortir, m\u00eame si je ne le choisirais pas n\u00e9cessairement. Mais il a l\u2019air d\u2019\u00eatre un \u00eatre humain honn\u00eate, donc je me sens d\u00e9sol\u00e9 pour lui, j\u2019ai de l\u2019empathie. Mais il doit aller directement vers la porte de sortie de Stamford Bridge AUJOURD\u2019HUI et nous rendre service \u00e0 tous, y compris \u00e0 lui-m\u00eame. Mais ce n\u2019\u00e9tait jamais sa faute, c\u2019\u00e9tait la faute de BlueCo, comme tout se passe actuellement dans ce club de football. Ce sont eux qui d\u00e9cident, ce sont eux qui prennent les d\u00e9cisions. C&#39;est \u00e0 eux qu&#39;incombe la responsabilit\u00e9.<\/p>\n<p>Et comme ils ne vont nulle part malgr\u00e9 le fait que 95% des fans de Chelsea veulent maintenant qu&#39;ils partent, ils feraient mieux de bien faire les choses cet \u00e9t\u00e9 et d&#39;apporter de grands changements \u00e0 tout, en commen\u00e7ant par un manager comp\u00e9tent et exp\u00e9riment\u00e9. Mais quel manager de ce calibre vient \u00e0 ce spectacle de merde en ce moment ? Ce serait pour eux un suicide professionnel. Je pense que n\u2019importe quel manager \u00e0 moiti\u00e9 d\u00e9cent fera un mile. Inqui\u00e9tant.<\/p>\n<p>Mais si BlueCo veut essayer de sauver tout espoir qui lui reste dans NOTRE club, alors ils doivent proc\u00e9der \u00e0 un autre changement de manager d\u00e8s que possible, puis s&#39;attaquer au d\u00e9sastre de l&#39;\u00e9quipe qu&#39;ils ont constitu\u00e9e. OK, ce n&#39;est pas un d\u00e9sastre complet, il y a de bons joueurs l\u00e0-bas et de bonnes fondations. Nous avons certainement de bons joueurs. Mais il lui manque encore une colonne vert\u00e9brale, de l\u2019exp\u00e9rience, des leaders, du physique, de la taille et de la qualit\u00e9. Pas grand chose alors hein ? Faites tout cela, changez le projet et ne vous contentez pas de le peaufiner, et tout ira peut-\u00eatre bien. Ne faites pas \u00e7a, alors continuez \u00e0 \u00eatre condamn\u00e9 ici.<\/p>\n<\/p><\/div>\n","protected":false},"excerpt":{"rendered":"<p>M\u00eame les directeurs sportifs ne font que ce qu\u2019on leur a dit de faire d\u2019en haut. Mais non, bien s\u00fbr, je ne les note pas.<\/p>\n","protected":false},"author":1,"featured_media":36691,"comment_status":"closed","ping_status":"","sticky":false,"template":"","format":"standard","meta":{"footnotes":""},"categories":[3],"tags":[8963,5593,578,11864,5457,771,365,1306,3464,10942],"yoast_head":"<!-- This site is optimized with the Yoast SEO plugin v21.0 - https:\/\/yoast.com\/wordpress\/plugins\/seo\/ -->\n<title>Liam Rosenior doit partir mais la responsabilit\u00e9 incombe \u00e0 ceux au-dessus de lui<\/title>\n<meta name=\"robots\" content=\"index, follow, max-snippet:-1, max-image-preview:large, max-video-preview:-1\" \/>\n<link rel=\"canonical\" href=\"https:\/\/footdavant.fr\/actualites\/liam-rosenior-doit-partir-mais-la-responsabilite-incombe-a-ceux-au-dessus-de-lui\/\" \/>\n<meta property=\"og:locale\" content=\"fr_FR\" \/>\n<meta property=\"og:type\" content=\"article\" \/>\n<meta property=\"og:title\" content=\"Liam Rosenior doit partir mais la responsabilit\u00e9 incombe \u00e0 ceux au-dessus de lui\" \/>\n<meta property=\"og:description\" content=\"M\u00eame les directeurs sportifs ne font que ce qu\u2019on leur a dit de faire d\u2019en haut. Mais non, bien s\u00fbr, je ne les note pas.\" \/>\n<meta property=\"og:url\" content=\"https:\/\/footdavant.fr\/actualites\/liam-rosenior-doit-partir-mais-la-responsabilite-incombe-a-ceux-au-dessus-de-lui\/\" \/>\n<meta property=\"og:site_name\" content=\"Foot d&#039;avant\" \/>\n<meta property=\"article:publisher\" content=\"https:\/\/www.facebook.com\/Footdavant\/\" \/>\n<meta property=\"article:published_time\" content=\"2026-04-21T18:48:10+00:00\" \/>\n<meta property=\"article:modified_time\" content=\"2026-04-21T18:48:13+00:00\" \/>\n<meta property=\"og:image\" content=\"https:\/\/footdavant.fr\/actualites\/wp-content\/uploads\/2026\/04\/Liam-Rosenior-doit-partir-mais-la-responsabilite-incombe-a-ceux.jpg\" \/>\n\t<meta property=\"og:image:width\" content=\"2560\" \/>\n\t<meta property=\"og:image:height\" content=\"1707\" \/>\n\t<meta property=\"og:image:type\" content=\"image\/jpeg\" \/>\n<meta name=\"author\" content=\"Cl\u00e9ment\" \/>\n<meta name=\"twitter:card\" content=\"summary_large_image\" \/>\n<meta name=\"twitter:creator\" content=\"@FootdavantFr\" \/>\n<meta name=\"twitter:site\" content=\"@FootdavantFr\" \/>\n<meta name=\"twitter:label1\" content=\"\u00c9crit par\" \/>\n\t<meta name=\"twitter:data1\" content=\"Cl\u00e9ment\" \/>\n\t<meta name=\"twitter:label2\" content=\"Dur\u00e9e de lecture estim\u00e9e\" \/>\n\t<meta name=\"twitter:data2\" content=\"3 minutes\" \/>\n<script type=\"application\/ld+json\" class=\"yoast-schema-graph\">{\"@context\":\"https:\/\/schema.org\",\"@graph\":[{\"@type\":\"Article\",\"@id\":\"https:\/\/footdavant.fr\/actualites\/liam-rosenior-doit-partir-mais-la-responsabilite-incombe-a-ceux-au-dessus-de-lui\/#article\",\"isPartOf\":{\"@id\":\"https:\/\/footdavant.fr\/actualites\/liam-rosenior-doit-partir-mais-la-responsabilite-incombe-a-ceux-au-dessus-de-lui\/\"},\"author\":{\"name\":\"Cl\u00e9ment\",\"@id\":\"https:\/\/footdavant.fr\/actualites\/#\/schema\/person\/bc222566d95871b37e597b3ed3ba5e1d\"},\"headline\":\"Liam Rosenior doit partir mais la responsabilit\u00e9 incombe \u00e0 ceux au-dessus de lui\",\"datePublished\":\"2026-04-21T18:48:10+00:00\",\"dateModified\":\"2026-04-21T18:48:13+00:00\",\"mainEntityOfPage\":{\"@id\":\"https:\/\/footdavant.fr\/actualites\/liam-rosenior-doit-partir-mais-la-responsabilite-incombe-a-ceux-au-dessus-de-lui\/\"},\"wordCount\":591,\"publisher\":{\"@id\":\"https:\/\/footdavant.fr\/actualites\/#organization\"},\"keywords\":[\"audessus\",\"ceux\",\"doit\",\"incombe\",\"Liam\",\"lui\",\"mais\",\"partir\",\"responsabilit\u00e9\",\"Rosenior\"],\"articleSection\":[\"Football\"],\"inLanguage\":\"fr-FR\"},{\"@type\":\"WebPage\",\"@id\":\"https:\/\/footdavant.fr\/actualites\/liam-rosenior-doit-partir-mais-la-responsabilite-incombe-a-ceux-au-dessus-de-lui\/\",\"url\":\"https:\/\/footdavant.fr\/actualites\/liam-rosenior-doit-partir-mais-la-responsabilite-incombe-a-ceux-au-dessus-de-lui\/\",\"name\":\"Liam Rosenior doit partir mais la responsabilit\u00e9 incombe \u00e0 ceux au-dessus de lui\",\"isPartOf\":{\"@id\":\"https:\/\/footdavant.fr\/actualites\/#website\"},\"datePublished\":\"2026-04-21T18:48:10+00:00\",\"dateModified\":\"2026-04-21T18:48:13+00:00\",\"breadcrumb\":{\"@id\":\"https:\/\/footdavant.fr\/actualites\/liam-rosenior-doit-partir-mais-la-responsabilite-incombe-a-ceux-au-dessus-de-lui\/#breadcrumb\"},\"inLanguage\":\"fr-FR\",\"potentialAction\":[{\"@type\":\"ReadAction\",\"target\":[\"https:\/\/footdavant.fr\/actualites\/liam-rosenior-doit-partir-mais-la-responsabilite-incombe-a-ceux-au-dessus-de-lui\/\"]}]},{\"@type\":\"BreadcrumbList\",\"@id\":\"https:\/\/footdavant.fr\/actualites\/liam-rosenior-doit-partir-mais-la-responsabilite-incombe-a-ceux-au-dessus-de-lui\/#breadcrumb\",\"itemListElement\":[{\"@type\":\"ListItem\",\"position\":1,\"name\":\"Accueil\",\"item\":\"https:\/\/footdavant.fr\/actualites\/\"},{\"@type\":\"ListItem\",\"position\":2,\"name\":\"Liam Rosenior doit partir mais la responsabilit\u00e9 incombe \u00e0 ceux au-dessus de lui\"}]},{\"@type\":\"WebSite\",\"@id\":\"https:\/\/footdavant.fr\/actualites\/#website\",\"url\":\"https:\/\/footdavant.fr\/actualites\/\",\"name\":\"Foot d'avant\",\"description\":\"\",\"publisher\":{\"@id\":\"https:\/\/footdavant.fr\/actualites\/#organization\"},\"potentialAction\":[{\"@type\":\"SearchAction\",\"target\":{\"@type\":\"EntryPoint\",\"urlTemplate\":\"https:\/\/footdavant.fr\/actualites\/?s={search_term_string}\"},\"query-input\":\"required name=search_term_string\"}],\"inLanguage\":\"fr-FR\"},{\"@type\":\"Organization\",\"@id\":\"https:\/\/footdavant.fr\/actualites\/#organization\",\"name\":\"Foot d'avant\",\"url\":\"https:\/\/footdavant.fr\/actualites\/\",\"logo\":{\"@type\":\"ImageObject\",\"inLanguage\":\"fr-FR\",\"@id\":\"https:\/\/footdavant.fr\/actualites\/#\/schema\/logo\/image\/\",\"url\":\"https:\/\/footdavant.fr\/actualites\/wp-content\/uploads\/2023\/09\/Copy-of-FootDavant-Logo.png\",\"contentUrl\":\"https:\/\/footdavant.fr\/actualites\/wp-content\/uploads\/2023\/09\/Copy-of-FootDavant-Logo.png\",\"width\":936,\"height\":549,\"caption\":\"Foot d'avant\"},\"image\":{\"@id\":\"https:\/\/footdavant.fr\/actualites\/#\/schema\/logo\/image\/\"},\"sameAs\":[\"https:\/\/www.facebook.com\/Footdavant\/\",\"https:\/\/twitter.com\/FootdavantFr\",\"https:\/\/www.instagram.com\/footdavant.fr\/\"]},{\"@type\":\"Person\",\"@id\":\"https:\/\/footdavant.fr\/actualites\/#\/schema\/person\/bc222566d95871b37e597b3ed3ba5e1d\",\"name\":\"Cl\u00e9ment\",\"image\":{\"@type\":\"ImageObject\",\"inLanguage\":\"fr-FR\",\"@id\":\"https:\/\/footdavant.fr\/actualites\/#\/schema\/person\/image\/\",\"url\":\"https:\/\/secure.gravatar.com\/avatar\/7728b29aac2719421e1a9159b2254c44?s=96&d=mm&r=g\",\"contentUrl\":\"https:\/\/secure.gravatar.com\/avatar\/7728b29aac2719421e1a9159b2254c44?s=96&d=mm&r=g\",\"caption\":\"Cl\u00e9ment\"},\"sameAs\":[\"https:\/\/footdavant.fr\/\"]}]}<\/script>\n<!-- \/ Yoast SEO plugin. -->","yoast_head_json":{"title":"Liam Rosenior doit partir mais la responsabilit\u00e9 incombe \u00e0 ceux au-dessus de lui","robots":{"index":"index","follow":"follow","max-snippet":"max-snippet:-1","max-image-preview":"max-image-preview:large","max-video-preview":"max-video-preview:-1"},"canonical":"https:\/\/footdavant.fr\/actualites\/liam-rosenior-doit-partir-mais-la-responsabilite-incombe-a-ceux-au-dessus-de-lui\/","og_locale":"fr_FR","og_type":"article","og_title":"Liam Rosenior doit partir mais la responsabilit\u00e9 incombe \u00e0 ceux au-dessus de lui","og_description":"M\u00eame les directeurs sportifs ne font que ce qu\u2019on leur a dit de faire d\u2019en haut. Mais non, bien s\u00fbr, je ne les note pas.","og_url":"https:\/\/footdavant.fr\/actualites\/liam-rosenior-doit-partir-mais-la-responsabilite-incombe-a-ceux-au-dessus-de-lui\/","og_site_name":"Foot d&#039;avant","article_publisher":"https:\/\/www.facebook.com\/Footdavant\/","article_published_time":"2026-04-21T18:48:10+00:00","article_modified_time":"2026-04-21T18:48:13+00:00","og_image":[{"width":2560,"height":1707,"url":"https:\/\/footdavant.fr\/actualites\/wp-content\/uploads\/2026\/04\/Liam-Rosenior-doit-partir-mais-la-responsabilite-incombe-a-ceux.jpg","type":"image\/jpeg"}],"author":"Cl\u00e9ment","twitter_card":"summary_large_image","twitter_creator":"@FootdavantFr","twitter_site":"@FootdavantFr","twitter_misc":{"\u00c9crit par":"Cl\u00e9ment","Dur\u00e9e de lecture estim\u00e9e":"3 minutes"},"schema":{"@context":"https:\/\/schema.org","@graph":[{"@type":"Article","@id":"https:\/\/footdavant.fr\/actualites\/liam-rosenior-doit-partir-mais-la-responsabilite-incombe-a-ceux-au-dessus-de-lui\/#article","isPartOf":{"@id":"https:\/\/footdavant.fr\/actualites\/liam-rosenior-doit-partir-mais-la-responsabilite-incombe-a-ceux-au-dessus-de-lui\/"},"author":{"name":"Cl\u00e9ment","@id":"https:\/\/footdavant.fr\/actualites\/#\/schema\/person\/bc222566d95871b37e597b3ed3ba5e1d"},"headline":"Liam Rosenior doit partir mais la responsabilit\u00e9 incombe \u00e0 ceux au-dessus de lui","datePublished":"2026-04-21T18:48:10+00:00","dateModified":"2026-04-21T18:48:13+00:00","mainEntityOfPage":{"@id":"https:\/\/footdavant.fr\/actualites\/liam-rosenior-doit-partir-mais-la-responsabilite-incombe-a-ceux-au-dessus-de-lui\/"},"wordCount":591,"publisher":{"@id":"https:\/\/footdavant.fr\/actualites\/#organization"},"keywords":["audessus","ceux","doit","incombe","Liam","lui","mais","partir","responsabilit\u00e9","Rosenior"],"articleSection":["Football"],"inLanguage":"fr-FR"},{"@type":"WebPage","@id":"https:\/\/footdavant.fr\/actualites\/liam-rosenior-doit-partir-mais-la-responsabilite-incombe-a-ceux-au-dessus-de-lui\/","url":"https:\/\/footdavant.fr\/actualites\/liam-rosenior-doit-partir-mais-la-responsabilite-incombe-a-ceux-au-dessus-de-lui\/","name":"Liam Rosenior doit partir mais la responsabilit\u00e9 incombe \u00e0 ceux au-dessus de lui","isPartOf":{"@id":"https:\/\/footdavant.fr\/actualites\/#website"},"datePublished":"2026-04-21T18:48:10+00:00","dateModified":"2026-04-21T18:48:13+00:00","breadcrumb":{"@id":"https:\/\/footdavant.fr\/actualites\/liam-rosenior-doit-partir-mais-la-responsabilite-incombe-a-ceux-au-dessus-de-lui\/#breadcrumb"},"inLanguage":"fr-FR","potentialAction":[{"@type":"ReadAction","target":["https:\/\/footdavant.fr\/actualites\/liam-rosenior-doit-partir-mais-la-responsabilite-incombe-a-ceux-au-dessus-de-lui\/"]}]},{"@type":"BreadcrumbList","@id":"https:\/\/footdavant.fr\/actualites\/liam-rosenior-doit-partir-mais-la-responsabilite-incombe-a-ceux-au-dessus-de-lui\/#breadcrumb","itemListElement":[{"@type":"ListItem","position":1,"name":"Accueil","item":"https:\/\/footdavant.fr\/actualites\/"},{"@type":"ListItem","position":2,"name":"Liam Rosenior doit partir mais la responsabilit\u00e9 incombe \u00e0 ceux au-dessus de lui"}]},{"@type":"WebSite","@id":"https:\/\/footdavant.fr\/actualites\/#website","url":"https:\/\/footdavant.fr\/actualites\/","name":"Foot d'avant","description":"","publisher":{"@id":"https:\/\/footdavant.fr\/actualites\/#organization"},"potentialAction":[{"@type":"SearchAction","target":{"@type":"EntryPoint","urlTemplate":"https:\/\/footdavant.fr\/actualites\/?s={search_term_string}"},"query-input":"required name=search_term_string"}],"inLanguage":"fr-FR"},{"@type":"Organization","@id":"https:\/\/footdavant.fr\/actualites\/#organization","name":"Foot d'avant","url":"https:\/\/footdavant.fr\/actualites\/","logo":{"@type":"ImageObject","inLanguage":"fr-FR","@id":"https:\/\/footdavant.fr\/actualites\/#\/schema\/logo\/image\/","url":"https:\/\/footdavant.fr\/actualites\/wp-content\/uploads\/2023\/09\/Copy-of-FootDavant-Logo.png","contentUrl":"https:\/\/footdavant.fr\/actualites\/wp-content\/uploads\/2023\/09\/Copy-of-FootDavant-Logo.png","width":936,"height":549,"caption":"Foot d'avant"},"image":{"@id":"https:\/\/footdavant.fr\/actualites\/#\/schema\/logo\/image\/"},"sameAs":["https:\/\/www.facebook.com\/Footdavant\/","https:\/\/twitter.com\/FootdavantFr","https:\/\/www.instagram.com\/footdavant.fr\/"]},{"@type":"Person","@id":"https:\/\/footdavant.fr\/actualites\/#\/schema\/person\/bc222566d95871b37e597b3ed3ba5e1d","name":"Cl\u00e9ment","image":{"@type":"ImageObject","inLanguage":"fr-FR","@id":"https:\/\/footdavant.fr\/actualites\/#\/schema\/person\/image\/","url":"https:\/\/secure.gravatar.com\/avatar\/7728b29aac2719421e1a9159b2254c44?s=96&d=mm&r=g","contentUrl":"https:\/\/secure.gravatar.com\/avatar\/7728b29aac2719421e1a9159b2254c44?s=96&d=mm&r=g","caption":"Cl\u00e9ment"},"sameAs":["https:\/\/footdavant.fr\/"]}]}},"_links":{"self":[{"href":"https:\/\/footdavant.fr\/actualites\/wp-json\/wp\/v2\/posts\/36690"}],"collection":[{"href":"https:\/\/footdavant.fr\/actualites\/wp-json\/wp\/v2\/posts"}],"about":[{"href":"https:\/\/footdavant.fr\/actualites\/wp-json\/wp\/v2\/types\/post"}],"author":[{"embeddable":true,"href":"https:\/\/footdavant.fr\/actualites\/wp-json\/wp\/v2\/users\/1"}],"replies":[{"embeddable":true,"href":"https:\/\/footdavant.fr\/actualites\/wp-json\/wp\/v2\/comments?post=36690"}],"version-history":[{"count":1,"href":"https:\/\/footdavant.fr\/actualites\/wp-json\/wp\/v2\/posts\/36690\/revisions"}],"predecessor-version":[{"id":36692,"href":"https:\/\/footdavant.fr\/actualites\/wp-json\/wp\/v2\/posts\/36690\/revisions\/36692"}],"wp:featuredmedia":[{"embeddable":true,"href":"https:\/\/footdavant.fr\/actualites\/wp-json\/wp\/v2\/media\/36691"}],"wp:attachment":[{"href":"https:\/\/footdavant.fr\/actualites\/wp-json\/wp\/v2\/media?parent=36690"}],"wp:term":[{"taxonomy":"category","embeddable":true,"href":"https:\/\/footdavant.fr\/actualites\/wp-json\/wp\/v2\/categories?post=36690"},{"taxonomy":"post_tag","embeddable":true,"href":"https:\/\/footdavant.fr\/actualites\/wp-json\/wp\/v2\/tags?post=36690"}],"curies":[{"name":"wp","href":"https:\/\/api.w.org\/{rel}","templated":true}]}}