{"id":36696,"date":"2026-04-22T00:48:38","date_gmt":"2026-04-21T22:48:38","guid":{"rendered":"https:\/\/footdavant.fr\/actualites\/les-grandes-questions-un-blog-darsenal\/"},"modified":"2026-04-22T00:48:41","modified_gmt":"2026-04-21T22:48:41","slug":"les-grandes-questions-un-blog-darsenal","status":"publish","type":"post","link":"https:\/\/footdavant.fr\/actualites\/les-grandes-questions-un-blog-darsenal\/","title":{"rendered":"Les grandes questions |  &#8230;un blog d&#39;Arsenal"},"content":{"rendered":"<div>\n<p>Bonjour \u00e0 tous.<\/p>\n<p>Je ne peux pas vraiment dire que la poussi\u00e8re est retomb\u00e9e apr\u00e8s le match de dimanche, mais au moins je pense que nous avons une certaine clart\u00e9 sur ce qui doit se passer. Arsenal, selon toute vraisemblance, devra remporter cinq matchs de suite pour avoir une chance de remporter le championnat. Pour une \u00e9quipe qui encha\u00eene une victoire sur six toutes comp\u00e9titions confondues, cela me semble beaucoup demander, mais deux choses me viennent \u00e0 l\u2019esprit.<\/p>\n<p>L\u2019une est que cette forme actuelle est une valeur aberrante par rapport \u00e0 ce que nous avons g\u00e9n\u00e9ralement produit au cours de la saison jusqu\u2019\u00e0 pr\u00e9sent, et l\u2019autre est que la concentration laser requise par ce sc\u00e9nario pourrait \u00eatre utile. Apr\u00e8s la d\u00e9faite 2-1 contre Man City, Mikel Arteta a qualifi\u00e9 cette confrontation de \u00ab nouvelle Premier League \u00bb, et c&#39;est ainsi que nous devons la voir. Alors voici une grande question\u00a0:<\/p>\n<h4>Pouvons-nous le faire ?<\/h4>\n<p>\u00c0 un niveau tr\u00e8s basique, cette \u00e9quipe est-elle capable de ce genre de parcours ? Eh bien, plus t\u00f4t dans la saison, nous avons encha\u00een\u00e9 10 victoires cons\u00e9cutives du 24 septembre au 4 novembre. Cela consistait en 5 matchs de Premier League, deux matchs de Coupe de la Ligue et trois matchs de Ligue des Champions. Il y a \u00e9galement eu une s\u00e9rie de 7 victoires entre le 10 d\u00e9cembre et le 3 janvier, dont la victoire aux tirs au but contre Crystal Palace en Coupe de la Ligue, ainsi qu&#39;une victoire en Ligue des champions et cinq victoires en Premier League.<\/p>\n<p>La saison derni\u00e8re, nous n\u2019avons pas gagn\u00e9 une seule fois 5 matchs de suite. La saison pr\u00e9c\u00e9dente, nous l&#39;avons fait trois fois, avec des s\u00e9ries distinctes de 6 victoires, 5 victoires et 6 victoires r\u00e9parties sur toute la campagne. En termes purement Premier League, nous avons connu une s\u00e9rie de 8 victoires successives en 2023-24, avant cette s\u00e9rie de 6 vers la fin de cette saison. Cette saison, rien qu&#39;en championnat, nous l&#39;avons fait deux fois. Pour la premi\u00e8re fois en septembre, avec une s\u00e9rie de 5 victoires comprenant Newcastle \u00e0 l&#39;ext\u00e9rieur, West Ham \u00e0 domicile, Fulham \u00e0 l&#39;ext\u00e9rieur, Crystal Palace \u00e0 domicile et Burnley \u00e0 l&#39;ext\u00e9rieur. Ensuite, nous avons fait match nul avec Sunderland.<\/p>\n<p>La deuxi\u00e8me manche a eu lieu en d\u00e9cembre susmentionn\u00e9 avec des victoires \u00e0 domicile contre les Wolves, Everton \u00e0 l&#39;ext\u00e9rieur, Brighton et Aston Villa \u00e0 domicile, et une victoire 3-2 \u00e0 l&#39;ext\u00e9rieur contre Bournemouth. Donc, si vous cherchez un pr\u00e9c\u00e9dent, c&#39;est en fait l\u00e0 cette saison, nous l&#39;avons fait plus d&#39;une fois, donc je pense que nous pouvons voir que c&#39;est quelque chose que nous faisons.<\/p>\n<h4>Le ferons-nous ?<\/h4>\n<p>Il y a la question des 64 000 $. J&#39;aimerais pouvoir vous le dire avec certitude, mais je n&#39;ai pas de boule de cristal. La meilleure question est peut-\u00eatre\u2026<\/p>\n<h4>Comment fait-on ?<\/h4>\n<p>Votre kilom\u00e9trage peut varier selon que vous ayez trouv\u00e9 ou non un encouragement dans notre performance contre City. Le r\u00e9sultat \u00e9tait \u00e9videmment mauvais, mais je pense qu\u2019il y avait des choses qui peuvent fournir, sinon un mod\u00e8le en soi, des facteurs directeurs \u00e0 Mikel Arteta pour ces cinq prochains matchs.<\/p>\n<p>Je l&#39;ai dit plus d&#39;une fois cette saison, mais on a quelque peu oubli\u00e9 que nous n&#39;avons pas pu (pour la plupart) et pas voulu (parfois) voir Martin Odegaard et Eberechi Eze sur le terrain ensemble en m\u00eame temps. La s\u00e9lection de l&#39;\u00e9quipe de dimanche les a vu tous les deux d\u00e9buter, et pour moi, c&#39;est quelque chose sur lequel nous devons nous appuyer. Je ne pense vraiment pas que nous serions dans un sc\u00e9nario aussi tendu si le capitaine avait \u00e9t\u00e9 en forme plus souvent, et lui et Eze avaient trouv\u00e9 le temps de construire une v\u00e9ritable relation sur le terrain.<\/p>\n<p>En plus de cela, je pense que nous devons continuer avec Kai Havertz devant. Je ne pense pas que ce soit une co\u00efncidence si nous avons jou\u00e9 certains de nos meilleurs trucs depuis longtemps avec un joueur plus technique \u00e0 9 ans, capable de gagner des duels et de g\u00e9rer les cha\u00eenes plus efficacement. Je sais qu&#39;il a rat\u00e9 des occasions, mais en termes de coh\u00e9sion globale, s&#39;il est pr\u00eat physiquement, il doit commencer. Cela ne veut pas dire que Viktor Gyokeres n&#39;aura pas un r\u00f4le \u00e0 jouer, mais apr\u00e8s l&#39;avoir observ\u00e9 toute la saison et reconnaissant ses contributions qui font de lui notre meilleur buteur, je pense simplement qu&#39;il est g\u00e9n\u00e9ralement mal adapt\u00e9 \u00e0 la fa\u00e7on dont nous voulons jouer.<\/p>\n<p>Vous pouvez faire valoir que c&#39;est quelqu&#39;un qui aurait tr\u00e8s bien pu b\u00e9n\u00e9ficier d&#39;un Odegaard en forme et de la relation qu&#39;il aurait pu nouer avec Eze, mais lorsque nous avons besoin d&#39;une s\u00e9curit\u00e9 technique d\u00e8s le d\u00e9part, il ne peut pas \u00eatre la personne vers laquelle nous nous tournons. Ceux qui sont plus enclins que moi \u00e0 Gyokeres disent souvent : \u00ab Nous devons exploiter ses points forts \u00bb, ce qui est bien, mais cela signifie aussi que nous devons reconna\u00eetre ses faiblesses. Et quand il d\u00e9butera, comme il va devoir le faire avec les matchs de Ligue des Champions, nous avons besoin qu&#39;il soit performant comme il l&#39;a fait lors de ce derby du nord de Londres, par exemple, car trop souvent les matchs lui \u00e9chappent.<\/p>\n<p>La diff\u00e9rence de buts \u00e9tant un facteur d\u00e9cisif potentiel, il est \u00e9galement n\u00e9cessaire de prendre en compte les postes d&#39;arri\u00e8re lat\u00e9ral. Piero Hincapie et Cristhian Mosquera sont tous deux tr\u00e8s bons d\u00e9fensivement, mais nous manquons de ce que Riccardo Calafiori et Jurrien Timber peuvent nous offrir dans la moiti\u00e9 de terrain adverse. Dans la premi\u00e8re moiti\u00e9 de la saison, l&#39;Italien a trouv\u00e9 l&#39;\u00e9quilibre parfait dans son jeu, produisant sa meilleure forme d\u00e9fensive alors que l&#39;\u00e9quipe a connu sa p\u00e9riode la plus parcimonie de la campagne, mais fournissant \u00e9galement une pouss\u00e9e offensive.<\/p>\n<p>Quant \u00e0 Timber, m\u00eame si j&#39;ai parfois trouv\u00e9 frustrant qu&#39;il devienne le point central de notre attaque dans des positions o\u00f9 l&#39;on pr\u00e9f\u00e9rerait voir un attaquant plus naturel, il a 4 buts et 7 passes d\u00e9cisives \u00e0 son actif dans toutes les comp\u00e9titions, et je pense que nous en avons besoin en retour. Peut-\u00eatre sacrifions-nous un peu de solidit\u00e9 d\u00e9fensive, mais si ce n\u2019est pas le moment de le faire, alors quand le sera-t-il ?<\/p>\n<p>Le dernier probl\u00e8me que nous avons est un probl\u00e8me du c\u00f4t\u00e9 droit de l\u2019attaque. Imaginez dimanche avec un d\u00e9part de Timber et Bukayo Saka en pleine forme. On ne peut pas dire \u00e0 100 % que nous aurions obtenu un r\u00e9sultat, mais je pense que nos chances auraient \u00e9t\u00e9 bien meilleures. Malheureusement, il ne semble pas que Saka revienne de sit\u00f4t, et il y a peu de choses dans la forme de Noni Madueke au cours de cette saison qui me donnent la confiance qu&#39;il peut jouer et produire au niveau n\u00e9cessaire.<\/p>\n<p>En 22 matchs de Premier League cette saison, il compte 2 buts et 1 passe d\u00e9cisive. Il a eu un parcours assez correct au d\u00e9but quand il a jou\u00e9 5 matchs de suite, il avait l&#39;air assez vif, mais en termes de produit final, il n&#39;y avait rien. L\u2019alternative est un joueur de 16 ans qui, aussi talentueux soit-il, m\u2019a toujours l\u2019air tr\u00e8s brut, et il y a \u00e9videmment des aspects de son jeu qui n\u00e9cessitent du d\u00e9veloppement \u2013 \u200b\u200bce qui est tout \u00e0 fait normal pour un jeune homme de cet \u00e2ge. C&#39;est aussi beaucoup demander \u00e0 un joueur aussi jeune de venir et d&#39;assumer un tel fardeau, mais je pense que c&#39;est une chose \u00e0 laquelle le manager doit r\u00e9fl\u00e9chir.<\/p>\n<p>Au-del\u00e0 de cela cependant, Arteta doit tirer plus de jus de ses joueurs attaquants. Ces statistiques proviennent via @Orbinho via ce post sur BlueSky (suivez-le ici), reproduit au format texte pour faciliter la lecture :<\/p>\n<ul>\n<li><\/li>\n<li><\/li>\n<li><\/li>\n<li><\/li>\n<li><\/li>\n<\/ul>\n<p>Je pense que mes r\u00e9serves exprim\u00e9es ci-dessus \u00e0 propos de Gyokeres sont parfaitement valables, mais il est \u00e9galement vrai de dire qu&#39;il a probablement marqu\u00e9 des buts au niveau attendu et que trop de nos joueurs offensifs ne produisent rien de proche de ce dont nous avons besoin. Cela doit changer. Il y a des probl\u00e8mes de forme et de blessures qui pourraient att\u00e9nuer certaines de ces statistiques, mais en fin de compte, ce niveau de rendement n&#39;est pas suffisant pour une \u00e9quipe qui veut remporter le titre. Vous pourriez m\u00eame dire que c&#39;est un miracle que nous en soyons l\u00e0 avec des statistiques comme celles-l\u00e0.<\/p>\n<p>Les gens classent Arteta comme entra\u00eeneur d\u00e9fensif, et je le comprends. Vous ne pouvez pas regarder comment nous avons parfois jou\u00e9 cette saison, et m\u00eame la derni\u00e8re, sans que cela fasse partie de votre conclusion. Pour moi, je pense que ses id\u00e9es consistent davantage \u00e0 construire une attaque performante sur une plate-forme d\u00e9fensive solide, mais une trop grande partie de ce que nous avons fait au cours des 18 derniers mois a \u00e9t\u00e9 influenc\u00e9e\/impact\u00e9e par des blessures. C&#39;est une discussion distincte de celle d&#39;aujourd&#39;hui, mais \u00e9galement l\u00e9gitime : trop de nos joueurs cl\u00e9s sont absents depuis trop longtemps et incapables d&#39;atteindre les niveaux dont nous savons qu&#39;ils sont capables. C\u2019est un probl\u00e8me que pose le manager et que nous devons r\u00e9soudre \u00e0 l\u2019avenir.<\/p>\n<p>Je pense qu&#39;il a parfois fait preuve de trop de prudence, mais n&#39;ignorons pas que nous avons \u00e9t\u00e9 priv\u00e9s de joueurs cl\u00e9s comme Odegaard, Havertz et Saka trop souvent et pendant trop longtemps. C&#39;est peut-\u00eatre enti\u00e8rement de sa faute, mais c&#39;est aussi la r\u00e9alit\u00e9 \u2013 parall\u00e8lement au fait que certains des joueurs que nous avons recrut\u00e9s pour ajouter de la profondeur n&#39;ont pas \u00e9t\u00e9 suffisamment performants ou, dans certains cas, n&#39;ont pas \u00e9t\u00e9 jug\u00e9s assez bons pour contribuer. Juste pour \u00eatre clair, je ne cherche aucune excuse, mais cela fait 2024 qu&#39;Odegaard, Saka et Havertz ont commenc\u00e9 en m\u00eame temps, ce qui est un peu fou quand on pense \u00e0 leur efficacit\u00e9 dans cette course au titre.<\/p>\n<p>En fin de compte, trop de joueurs sont sous-performants en termes de buts et de passes d\u00e9cisives, et c&#39;est quelque chose que nous devons r\u00e9soudre si nous avons une chance de gagner ces cinq matchs et potentiellement de marquer le nombre de buts qui pourraient nous donner l&#39;avantage sur une \u00e9quipe de Man City avec plus de puissance de feu.<\/p>\n<p>Ce qui nous am\u00e8ne \u00e0 la derni\u00e8re question :<\/p>\n<h4>Et si nous ne le faisons pas ?<\/h4>\n<p>J&#39;en suis \u00e0 pr\u00e8s de 1 600 mots ce matin, et vous pourriez consid\u00e9rer cela comme une \u00e9chappatoire, mais la r\u00e9ponse \u00e0 cette question est que nous devons simplement attendre d&#39;avoir des \u00e9claircissements. Pour \u00eatre tout \u00e0 fait honn\u00eate, je me sens vraiment d\u00e9prim\u00e9 apr\u00e8s ces derni\u00e8res semaines, et je pense que nous avons probablement rat\u00e9 une brillante occasion de remporter le championnat, mais ce n&#39;est pas fini tant que ce n&#39;est pas fini. Il est \u00e9galement possible que cette \u00e9quipe entre dans l&#39;histoire en remportant la Ligue des champions pour la premi\u00e8re fois. Je ne fais en aucun cas de nous des favoris, mais on ne sait jamais avec une coupe de football.<\/p>\n<p>Donc, jusqu\u2019\u00e0 ce que nous en soyons s\u00fbrs, c\u2019est un sujet que je laisserai de c\u00f4t\u00e9. Ce n&#39;est pas que je n&#39;aie pas de r\u00e9elles id\u00e9es \u00e0 ce sujet, j&#39;en ai absolument, mais m\u00eame si nous sommes toujours en comp\u00e9tition et que le paysage et l&#39;ambiance pourraient changer \u00e9norm\u00e9ment au cours des prochaines semaines, cela peut attendre.<\/p>\n<p>Bon, je vais en rester l\u00e0. Comme toujours, vos pens\u00e9es sont les bienvenues dans les Culs. N&#39;h\u00e9sitez pas \u00e0 discuter et d\u00e9battre \u00e0 volont\u00e9. Pour l&#39;instant, je vais en rester l\u00e0 et j&#39;esp\u00e8re que vous passerez tous un bon mardi.<\/p>\n<\/div>\n","protected":false},"excerpt":{"rendered":"<p>Bonjour \u00e0 tous. Je ne peux pas vraiment dire que la poussi\u00e8re est retomb\u00e9e apr\u00e8s le match de dimanche, mais au moins je pense que<\/p>\n","protected":false},"author":1,"featured_media":36697,"comment_status":"closed","ping_status":"","sticky":false,"template":"","format":"standard","meta":{"footnotes":""},"categories":[3],"tags":[57,58,4221,5747,93,1530],"yoast_head":"<!-- This site is optimized with the Yoast SEO plugin v21.0 - https:\/\/yoast.com\/wordpress\/plugins\/seo\/ -->\n<title>Les grandes questions | ...un blog d&#039;Arsenal<\/title>\n<meta name=\"robots\" content=\"index, follow, max-snippet:-1, max-image-preview:large, max-video-preview:-1\" \/>\n<link rel=\"canonical\" href=\"https:\/\/footdavant.fr\/actualites\/les-grandes-questions-un-blog-darsenal\/\" \/>\n<meta property=\"og:locale\" content=\"fr_FR\" \/>\n<meta property=\"og:type\" content=\"article\" \/>\n<meta property=\"og:title\" content=\"Les grandes questions | ...un blog d&#039;Arsenal\" \/>\n<meta property=\"og:description\" content=\"Bonjour \u00e0 tous. Je ne peux pas vraiment dire que la poussi\u00e8re est retomb\u00e9e apr\u00e8s le match de dimanche, mais au moins je pense que\" \/>\n<meta property=\"og:url\" content=\"https:\/\/footdavant.fr\/actualites\/les-grandes-questions-un-blog-darsenal\/\" \/>\n<meta property=\"og:site_name\" content=\"Foot d&#039;avant\" \/>\n<meta property=\"article:publisher\" content=\"https:\/\/www.facebook.com\/Footdavant\/\" \/>\n<meta property=\"article:published_time\" content=\"2026-04-21T22:48:38+00:00\" \/>\n<meta property=\"article:modified_time\" content=\"2026-04-21T22:48:41+00:00\" \/>\n<meta property=\"og:image\" content=\"https:\/\/footdavant.fr\/actualites\/wp-content\/uploads\/2026\/04\/Les-grandes-questions-un-blog-d39Arsenal.jpg\" \/>\n\t<meta property=\"og:image:width\" content=\"1500\" \/>\n\t<meta property=\"og:image:height\" content=\"750\" \/>\n\t<meta property=\"og:image:type\" content=\"image\/jpeg\" \/>\n<meta name=\"author\" content=\"Cl\u00e9ment\" \/>\n<meta name=\"twitter:card\" content=\"summary_large_image\" \/>\n<meta name=\"twitter:creator\" content=\"@FootdavantFr\" \/>\n<meta name=\"twitter:site\" content=\"@FootdavantFr\" \/>\n<meta name=\"twitter:label1\" content=\"\u00c9crit par\" \/>\n\t<meta name=\"twitter:data1\" content=\"Cl\u00e9ment\" \/>\n\t<meta name=\"twitter:label2\" content=\"Dur\u00e9e de lecture estim\u00e9e\" \/>\n\t<meta name=\"twitter:data2\" content=\"10 minutes\" \/>\n<script type=\"application\/ld+json\" class=\"yoast-schema-graph\">{\"@context\":\"https:\/\/schema.org\",\"@graph\":[{\"@type\":\"Article\",\"@id\":\"https:\/\/footdavant.fr\/actualites\/les-grandes-questions-un-blog-darsenal\/#article\",\"isPartOf\":{\"@id\":\"https:\/\/footdavant.fr\/actualites\/les-grandes-questions-un-blog-darsenal\/\"},\"author\":{\"name\":\"Cl\u00e9ment\",\"@id\":\"https:\/\/footdavant.fr\/actualites\/#\/schema\/person\/bc222566d95871b37e597b3ed3ba5e1d\"},\"headline\":\"Les grandes questions | &#8230;un blog d&#39;Arsenal\",\"datePublished\":\"2026-04-21T22:48:38+00:00\",\"dateModified\":\"2026-04-21T22:48:41+00:00\",\"mainEntityOfPage\":{\"@id\":\"https:\/\/footdavant.fr\/actualites\/les-grandes-questions-un-blog-darsenal\/\"},\"wordCount\":2079,\"publisher\":{\"@id\":\"https:\/\/footdavant.fr\/actualites\/#organization\"},\"keywords\":[\"...un\",\"blog\",\"d39Arsenal\",\"grandes\",\"les\",\"Questions\"],\"articleSection\":[\"Football\"],\"inLanguage\":\"fr-FR\"},{\"@type\":\"WebPage\",\"@id\":\"https:\/\/footdavant.fr\/actualites\/les-grandes-questions-un-blog-darsenal\/\",\"url\":\"https:\/\/footdavant.fr\/actualites\/les-grandes-questions-un-blog-darsenal\/\",\"name\":\"Les grandes questions | ...un blog d&#39;Arsenal\",\"isPartOf\":{\"@id\":\"https:\/\/footdavant.fr\/actualites\/#website\"},\"datePublished\":\"2026-04-21T22:48:38+00:00\",\"dateModified\":\"2026-04-21T22:48:41+00:00\",\"breadcrumb\":{\"@id\":\"https:\/\/footdavant.fr\/actualites\/les-grandes-questions-un-blog-darsenal\/#breadcrumb\"},\"inLanguage\":\"fr-FR\",\"potentialAction\":[{\"@type\":\"ReadAction\",\"target\":[\"https:\/\/footdavant.fr\/actualites\/les-grandes-questions-un-blog-darsenal\/\"]}]},{\"@type\":\"BreadcrumbList\",\"@id\":\"https:\/\/footdavant.fr\/actualites\/les-grandes-questions-un-blog-darsenal\/#breadcrumb\",\"itemListElement\":[{\"@type\":\"ListItem\",\"position\":1,\"name\":\"Accueil\",\"item\":\"https:\/\/footdavant.fr\/actualites\/\"},{\"@type\":\"ListItem\",\"position\":2,\"name\":\"Les grandes questions | &#8230;un blog d&#39;Arsenal\"}]},{\"@type\":\"WebSite\",\"@id\":\"https:\/\/footdavant.fr\/actualites\/#website\",\"url\":\"https:\/\/footdavant.fr\/actualites\/\",\"name\":\"Foot d'avant\",\"description\":\"\",\"publisher\":{\"@id\":\"https:\/\/footdavant.fr\/actualites\/#organization\"},\"potentialAction\":[{\"@type\":\"SearchAction\",\"target\":{\"@type\":\"EntryPoint\",\"urlTemplate\":\"https:\/\/footdavant.fr\/actualites\/?s={search_term_string}\"},\"query-input\":\"required name=search_term_string\"}],\"inLanguage\":\"fr-FR\"},{\"@type\":\"Organization\",\"@id\":\"https:\/\/footdavant.fr\/actualites\/#organization\",\"name\":\"Foot d'avant\",\"url\":\"https:\/\/footdavant.fr\/actualites\/\",\"logo\":{\"@type\":\"ImageObject\",\"inLanguage\":\"fr-FR\",\"@id\":\"https:\/\/footdavant.fr\/actualites\/#\/schema\/logo\/image\/\",\"url\":\"https:\/\/footdavant.fr\/actualites\/wp-content\/uploads\/2023\/09\/Copy-of-FootDavant-Logo.png\",\"contentUrl\":\"https:\/\/footdavant.fr\/actualites\/wp-content\/uploads\/2023\/09\/Copy-of-FootDavant-Logo.png\",\"width\":936,\"height\":549,\"caption\":\"Foot d'avant\"},\"image\":{\"@id\":\"https:\/\/footdavant.fr\/actualites\/#\/schema\/logo\/image\/\"},\"sameAs\":[\"https:\/\/www.facebook.com\/Footdavant\/\",\"https:\/\/twitter.com\/FootdavantFr\",\"https:\/\/www.instagram.com\/footdavant.fr\/\"]},{\"@type\":\"Person\",\"@id\":\"https:\/\/footdavant.fr\/actualites\/#\/schema\/person\/bc222566d95871b37e597b3ed3ba5e1d\",\"name\":\"Cl\u00e9ment\",\"image\":{\"@type\":\"ImageObject\",\"inLanguage\":\"fr-FR\",\"@id\":\"https:\/\/footdavant.fr\/actualites\/#\/schema\/person\/image\/\",\"url\":\"https:\/\/secure.gravatar.com\/avatar\/7728b29aac2719421e1a9159b2254c44?s=96&d=mm&r=g\",\"contentUrl\":\"https:\/\/secure.gravatar.com\/avatar\/7728b29aac2719421e1a9159b2254c44?s=96&d=mm&r=g\",\"caption\":\"Cl\u00e9ment\"},\"sameAs\":[\"https:\/\/footdavant.fr\/\"]}]}<\/script>\n<!-- \/ Yoast SEO plugin. -->","yoast_head_json":{"title":"Les grandes questions | ...un blog d&#39;Arsenal","robots":{"index":"index","follow":"follow","max-snippet":"max-snippet:-1","max-image-preview":"max-image-preview:large","max-video-preview":"max-video-preview:-1"},"canonical":"https:\/\/footdavant.fr\/actualites\/les-grandes-questions-un-blog-darsenal\/","og_locale":"fr_FR","og_type":"article","og_title":"Les grandes questions | ...un blog d&#39;Arsenal","og_description":"Bonjour \u00e0 tous. Je ne peux pas vraiment dire que la poussi\u00e8re est retomb\u00e9e apr\u00e8s le match de dimanche, mais au moins je pense que","og_url":"https:\/\/footdavant.fr\/actualites\/les-grandes-questions-un-blog-darsenal\/","og_site_name":"Foot d&#039;avant","article_publisher":"https:\/\/www.facebook.com\/Footdavant\/","article_published_time":"2026-04-21T22:48:38+00:00","article_modified_time":"2026-04-21T22:48:41+00:00","og_image":[{"width":1500,"height":750,"url":"https:\/\/footdavant.fr\/actualites\/wp-content\/uploads\/2026\/04\/Les-grandes-questions-un-blog-d39Arsenal.jpg","type":"image\/jpeg"}],"author":"Cl\u00e9ment","twitter_card":"summary_large_image","twitter_creator":"@FootdavantFr","twitter_site":"@FootdavantFr","twitter_misc":{"\u00c9crit par":"Cl\u00e9ment","Dur\u00e9e de lecture estim\u00e9e":"10 minutes"},"schema":{"@context":"https:\/\/schema.org","@graph":[{"@type":"Article","@id":"https:\/\/footdavant.fr\/actualites\/les-grandes-questions-un-blog-darsenal\/#article","isPartOf":{"@id":"https:\/\/footdavant.fr\/actualites\/les-grandes-questions-un-blog-darsenal\/"},"author":{"name":"Cl\u00e9ment","@id":"https:\/\/footdavant.fr\/actualites\/#\/schema\/person\/bc222566d95871b37e597b3ed3ba5e1d"},"headline":"Les grandes questions | &#8230;un blog d&#39;Arsenal","datePublished":"2026-04-21T22:48:38+00:00","dateModified":"2026-04-21T22:48:41+00:00","mainEntityOfPage":{"@id":"https:\/\/footdavant.fr\/actualites\/les-grandes-questions-un-blog-darsenal\/"},"wordCount":2079,"publisher":{"@id":"https:\/\/footdavant.fr\/actualites\/#organization"},"keywords":["...un","blog","d39Arsenal","grandes","les","Questions"],"articleSection":["Football"],"inLanguage":"fr-FR"},{"@type":"WebPage","@id":"https:\/\/footdavant.fr\/actualites\/les-grandes-questions-un-blog-darsenal\/","url":"https:\/\/footdavant.fr\/actualites\/les-grandes-questions-un-blog-darsenal\/","name":"Les grandes questions | ...un blog d&#39;Arsenal","isPartOf":{"@id":"https:\/\/footdavant.fr\/actualites\/#website"},"datePublished":"2026-04-21T22:48:38+00:00","dateModified":"2026-04-21T22:48:41+00:00","breadcrumb":{"@id":"https:\/\/footdavant.fr\/actualites\/les-grandes-questions-un-blog-darsenal\/#breadcrumb"},"inLanguage":"fr-FR","potentialAction":[{"@type":"ReadAction","target":["https:\/\/footdavant.fr\/actualites\/les-grandes-questions-un-blog-darsenal\/"]}]},{"@type":"BreadcrumbList","@id":"https:\/\/footdavant.fr\/actualites\/les-grandes-questions-un-blog-darsenal\/#breadcrumb","itemListElement":[{"@type":"ListItem","position":1,"name":"Accueil","item":"https:\/\/footdavant.fr\/actualites\/"},{"@type":"ListItem","position":2,"name":"Les grandes questions | &#8230;un blog d&#39;Arsenal"}]},{"@type":"WebSite","@id":"https:\/\/footdavant.fr\/actualites\/#website","url":"https:\/\/footdavant.fr\/actualites\/","name":"Foot d'avant","description":"","publisher":{"@id":"https:\/\/footdavant.fr\/actualites\/#organization"},"potentialAction":[{"@type":"SearchAction","target":{"@type":"EntryPoint","urlTemplate":"https:\/\/footdavant.fr\/actualites\/?s={search_term_string}"},"query-input":"required name=search_term_string"}],"inLanguage":"fr-FR"},{"@type":"Organization","@id":"https:\/\/footdavant.fr\/actualites\/#organization","name":"Foot d'avant","url":"https:\/\/footdavant.fr\/actualites\/","logo":{"@type":"ImageObject","inLanguage":"fr-FR","@id":"https:\/\/footdavant.fr\/actualites\/#\/schema\/logo\/image\/","url":"https:\/\/footdavant.fr\/actualites\/wp-content\/uploads\/2023\/09\/Copy-of-FootDavant-Logo.png","contentUrl":"https:\/\/footdavant.fr\/actualites\/wp-content\/uploads\/2023\/09\/Copy-of-FootDavant-Logo.png","width":936,"height":549,"caption":"Foot d'avant"},"image":{"@id":"https:\/\/footdavant.fr\/actualites\/#\/schema\/logo\/image\/"},"sameAs":["https:\/\/www.facebook.com\/Footdavant\/","https:\/\/twitter.com\/FootdavantFr","https:\/\/www.instagram.com\/footdavant.fr\/"]},{"@type":"Person","@id":"https:\/\/footdavant.fr\/actualites\/#\/schema\/person\/bc222566d95871b37e597b3ed3ba5e1d","name":"Cl\u00e9ment","image":{"@type":"ImageObject","inLanguage":"fr-FR","@id":"https:\/\/footdavant.fr\/actualites\/#\/schema\/person\/image\/","url":"https:\/\/secure.gravatar.com\/avatar\/7728b29aac2719421e1a9159b2254c44?s=96&d=mm&r=g","contentUrl":"https:\/\/secure.gravatar.com\/avatar\/7728b29aac2719421e1a9159b2254c44?s=96&d=mm&r=g","caption":"Cl\u00e9ment"},"sameAs":["https:\/\/footdavant.fr\/"]}]}},"_links":{"self":[{"href":"https:\/\/footdavant.fr\/actualites\/wp-json\/wp\/v2\/posts\/36696"}],"collection":[{"href":"https:\/\/footdavant.fr\/actualites\/wp-json\/wp\/v2\/posts"}],"about":[{"href":"https:\/\/footdavant.fr\/actualites\/wp-json\/wp\/v2\/types\/post"}],"author":[{"embeddable":true,"href":"https:\/\/footdavant.fr\/actualites\/wp-json\/wp\/v2\/users\/1"}],"replies":[{"embeddable":true,"href":"https:\/\/footdavant.fr\/actualites\/wp-json\/wp\/v2\/comments?post=36696"}],"version-history":[{"count":1,"href":"https:\/\/footdavant.fr\/actualites\/wp-json\/wp\/v2\/posts\/36696\/revisions"}],"predecessor-version":[{"id":36698,"href":"https:\/\/footdavant.fr\/actualites\/wp-json\/wp\/v2\/posts\/36696\/revisions\/36698"}],"wp:featuredmedia":[{"embeddable":true,"href":"https:\/\/footdavant.fr\/actualites\/wp-json\/wp\/v2\/media\/36697"}],"wp:attachment":[{"href":"https:\/\/footdavant.fr\/actualites\/wp-json\/wp\/v2\/media?parent=36696"}],"wp:term":[{"taxonomy":"category","embeddable":true,"href":"https:\/\/footdavant.fr\/actualites\/wp-json\/wp\/v2\/categories?post=36696"},{"taxonomy":"post_tag","embeddable":true,"href":"https:\/\/footdavant.fr\/actualites\/wp-json\/wp\/v2\/tags?post=36696"}],"curies":[{"name":"wp","href":"https:\/\/api.w.org\/{rel}","templated":true}]}}