{"id":3670,"date":"2024-01-10T08:54:32","date_gmt":"2024-01-10T07:54:32","guid":{"rendered":"https:\/\/footdavant.fr\/actualites\/qui-est-favorise-pour-etre-le-prochain-entraineur-chef-des-titans\/"},"modified":"2024-01-10T08:54:32","modified_gmt":"2024-01-10T07:54:32","slug":"qui-est-favorise-pour-etre-le-prochain-entraineur-chef-des-titans","status":"publish","type":"post","link":"https:\/\/footdavant.fr\/actualites\/qui-est-favorise-pour-etre-le-prochain-entraineur-chef-des-titans\/","title":{"rendered":"Qui est favoris\u00e9 pour \u00eatre le prochain entra\u00eeneur-chef des Titans ?"},"content":{"rendered":"<div>\n<p>Un autre poste d&rsquo;entra\u00eeneur-chef de la NFL s&rsquo;est ajout\u00e9 \u00e0 la liste croissante mardi matin lorsqu&rsquo;il a \u00e9t\u00e9 annonc\u00e9 que les Titans du Tennessee avaient relev\u00e9 Mike Vrabel de ses fonctions.  Cela fait actuellement six postes d&rsquo;entra\u00eeneur-chef vacants (en attendant la d\u00e9cision de Bill Belichick) dans la ligue, et les noms de candidats potentiels pour pourvoir ces postes en font l&rsquo;un des cycles d&#8217;embauche les plus int\u00e9ressants que nous ayons vus de m\u00e9moire r\u00e9cente.<\/p>\n<h2>Cotes NFL : Mike MacDonald est le favori pour le poste des Titans<\/h2>\n<blockquote class=\"twitter-tweet\">\n<p dir=\"ltr\" lang=\"en\">Les Titans ont licenci\u00e9 l&rsquo;entra\u00eeneur-chef Mike Vrabel, selon des sources.<\/p>\n<p>Vrabel a men\u00e9 le Tennessee \u00e0 quatre saisons gagnantes cons\u00e9cutives apr\u00e8s son arriv\u00e9e en 2018, mais les Titans ont connu des saisons frustrantes cons\u00e9cutives, terminant plusieurs matchs sous la barre des 0,500 \u00e0 chaque fois.<\/p>\n<p>\u2013Adam Schefter (@AdamSchefter) <a rel=\"nofollow\" href=\"https:\/\/twitter.com\/AdamSchefter\/status\/1744773924599038342?ref_src=twsrc%5Etfw\">9 janvier 2024<\/a><\/p>\n<\/blockquote>\n<p>Le licenciement de Vrabel pourrait en surprendre certains.  Les Titans ont connu des difficult\u00e9s au cours des deux derni\u00e8res saisons, mais Vrabel a \u00e9t\u00e9 l&rsquo;un des entra\u00eeneurs les plus performants de la ligue au cours de ses quatre premi\u00e8res ann\u00e9es avec l&rsquo;\u00e9quipe.  Le Tennessee a fait trois apparitions cons\u00e9cutives en s\u00e9ries \u00e9liminatoires entre 2019 et 2021 et a atteint le championnat de l&rsquo;AFC en 2020, la saison avant de remporter le prix de l&rsquo;entra\u00eeneur de l&rsquo;ann\u00e9e de la NFL.<\/p>\n<p>Alors, o\u00f9 vont les Titans \u00e0 partir d\u2019ici ?  Voici quelques-uns des noms les plus int\u00e9ressants r\u00e9pertori\u00e9s sur le tableau des cotes de BetOnline pour savoir qui sera le prochain entra\u00eeneur-chef du Tennessee\u00a0:<\/p>\n<h4>Mike MacDonald (+300)<\/h4>\n<p>Les parieurs disent que les Titans vont tr\u00e8s probablement s&rsquo;en tenir \u00e0 une approche d\u00e9fensive.  Le leader du conseil d&rsquo;administration est l&rsquo;actuel coordinateur d\u00e9fensif des Ravens de Baltimore, Mike MacDonald, qui figure comme l&rsquo;un des candidats les plus en vue au cours du cycle de cette ann\u00e9e.  Il occupe son poste actuel depuis deux saisons et fait partie de l&rsquo;organisation des Ravens depuis 2014, en dehors de l&rsquo;ann\u00e9e o\u00f9 il a accept\u00e9 le poste de coordonnateur d\u00e9fensif \u00e0 l&rsquo;Universit\u00e9 du Michigan.<\/p>\n<p>MacDonald, 36 ans, serait le plus jeune entra\u00eeneur-chef de la NFL s&rsquo;il \u00e9tait embauch\u00e9.<\/p>\n<h4>Bill Belichick (+400)<\/h4>\n<p>Les Patriots et les Titans pourraient-ils essentiellement \u00e9changer leurs entra\u00eeneurs ?  Aucune d\u00e9cision concr\u00e8te n&rsquo;a \u00e9t\u00e9 prise quant \u00e0 l&rsquo;avenir de Bill Belichick en Nouvelle-Angleterre, mais de nombreuses sp\u00e9culations circulent selon lesquelles il sera licenci\u00e9 et que Vrabel serait le rempla\u00e7ant \u00e9vident.  Mais les Titans sont-ils l\u2019\u00e9quipe de la NFL avec laquelle Belichick voudrait poursuivre sa riche carri\u00e8re ?  L&rsquo;entra\u00eeneur du Temple de la renomm\u00e9e suscitera beaucoup d&rsquo;int\u00e9r\u00eat s&rsquo;il est licenci\u00e9, et il aura probablement le choix de la situation qui lui convient le mieux.<\/p>\n<h4>Bobby Slowik (+500)<\/h4>\n<p>Slowik a en fait quelques jours de moins que Mike MacDonald, donc si l&rsquo;actuel coordinateur offensif des Houston Texans est embauch\u00e9, alors <em>enfer<\/em> \u00eatre le plus jeune entra\u00eeneur de la NFL.  Slowik a pass\u00e9 une grande partie de sa carri\u00e8re sous Kyle Shanahan, d&rsquo;abord avec les Redskins en tant qu&rsquo;assistant d\u00e9fensif, puis avec les 49ers dans divers r\u00f4les offensifs apr\u00e8s avoir pass\u00e9 quelques ann\u00e9es en tant qu&rsquo;analyste PFF.  Il a bifurqu\u00e9 l\u2019ann\u00e9e derni\u00e8re mais est rest\u00e9 dans le m\u00eame arbre d\u2019entra\u00eeneurs, suivant DeMeco Ryans \u00e0 Houston pour la saison 2023.<\/p>\n<\/p><\/div>\n<p><script async src=\"https:\/\/platform.twitter.com\/widgets.js\" charset=\"utf-8\"><\/script><\/p>\n","protected":false},"excerpt":{"rendered":"<p>Un autre poste d&rsquo;entra\u00eeneur-chef de la NFL s&rsquo;est ajout\u00e9 \u00e0 la liste croissante mardi matin lorsqu&rsquo;il a \u00e9t\u00e9 annonc\u00e9 que les Titans du Tennessee avaient<\/p>\n","protected":false},"author":1,"featured_media":3671,"comment_status":"closed","ping_status":"","sticky":false,"template":"","format":"standard","meta":{"footnotes":""},"categories":[3],"tags":[12,2934,217,270,2933,51,1257,243,2935],"yoast_head":"<!-- This site is optimized with the Yoast SEO plugin v21.0 - https:\/\/yoast.com\/wordpress\/plugins\/seo\/ -->\n<title>Qui est favoris\u00e9 pour \u00eatre le prochain entra\u00eeneur-chef des Titans ?<\/title>\n<meta name=\"robots\" content=\"index, follow, max-snippet:-1, max-image-preview:large, max-video-preview:-1\" \/>\n<link rel=\"canonical\" href=\"https:\/\/footdavant.fr\/actualites\/qui-est-favorise-pour-etre-le-prochain-entraineur-chef-des-titans\/\" \/>\n<meta property=\"og:locale\" content=\"fr_FR\" \/>\n<meta property=\"og:type\" content=\"article\" \/>\n<meta property=\"og:title\" content=\"Qui est favoris\u00e9 pour \u00eatre le prochain entra\u00eeneur-chef des Titans ?\" \/>\n<meta property=\"og:description\" content=\"Un autre poste d&rsquo;entra\u00eeneur-chef de la NFL s&rsquo;est ajout\u00e9 \u00e0 la liste croissante mardi matin lorsqu&rsquo;il a \u00e9t\u00e9 annonc\u00e9 que les Titans du Tennessee avaient\" \/>\n<meta property=\"og:url\" content=\"https:\/\/footdavant.fr\/actualites\/qui-est-favorise-pour-etre-le-prochain-entraineur-chef-des-titans\/\" \/>\n<meta property=\"og:site_name\" content=\"Foot d&#039;avant\" \/>\n<meta property=\"article:publisher\" content=\"https:\/\/www.facebook.com\/Footdavant\/\" \/>\n<meta property=\"article:published_time\" content=\"2024-01-10T07:54:32+00:00\" \/>\n<meta property=\"og:image\" content=\"https:\/\/footdavant.fr\/actualites\/wp-content\/uploads\/2024\/01\/Qui-est-favorise-pour-etre-le-prochain-entraineur-chef-des-Titans.jpeg\" \/>\n\t<meta property=\"og:image:width\" content=\"650\" \/>\n\t<meta property=\"og:image:height\" content=\"433\" \/>\n\t<meta property=\"og:image:type\" content=\"image\/jpeg\" \/>\n<meta name=\"author\" content=\"Cl\u00e9ment\" \/>\n<meta name=\"twitter:card\" content=\"summary_large_image\" \/>\n<meta name=\"twitter:creator\" content=\"@FootdavantFr\" \/>\n<meta name=\"twitter:site\" content=\"@FootdavantFr\" \/>\n<meta name=\"twitter:label1\" content=\"\u00c9crit par\" \/>\n\t<meta name=\"twitter:data1\" content=\"Cl\u00e9ment\" \/>\n\t<meta name=\"twitter:label2\" content=\"Dur\u00e9e de lecture estim\u00e9e\" \/>\n\t<meta name=\"twitter:data2\" content=\"3 minutes\" \/>\n<script type=\"application\/ld+json\" class=\"yoast-schema-graph\">{\"@context\":\"https:\/\/schema.org\",\"@graph\":[{\"@type\":\"Article\",\"@id\":\"https:\/\/footdavant.fr\/actualites\/qui-est-favorise-pour-etre-le-prochain-entraineur-chef-des-titans\/#article\",\"isPartOf\":{\"@id\":\"https:\/\/footdavant.fr\/actualites\/qui-est-favorise-pour-etre-le-prochain-entraineur-chef-des-titans\/\"},\"author\":{\"name\":\"Cl\u00e9ment\",\"@id\":\"https:\/\/footdavant.fr\/actualites\/#\/schema\/person\/bc222566d95871b37e597b3ed3ba5e1d\"},\"headline\":\"Qui est favoris\u00e9 pour \u00eatre le prochain entra\u00eeneur-chef des Titans ?\",\"datePublished\":\"2024-01-10T07:54:32+00:00\",\"dateModified\":\"2024-01-10T07:54:32+00:00\",\"mainEntityOfPage\":{\"@id\":\"https:\/\/footdavant.fr\/actualites\/qui-est-favorise-pour-etre-le-prochain-entraineur-chef-des-titans\/\"},\"wordCount\":571,\"publisher\":{\"@id\":\"https:\/\/footdavant.fr\/actualites\/#organization\"},\"keywords\":[\"des\",\"entra\u00eeneurchef\",\"est\",\"\u00eatre\",\"favoris\u00e9\",\"pour\",\"prochain\",\"qui\",\"Titans\"],\"articleSection\":[\"Football\"],\"inLanguage\":\"fr-FR\"},{\"@type\":\"WebPage\",\"@id\":\"https:\/\/footdavant.fr\/actualites\/qui-est-favorise-pour-etre-le-prochain-entraineur-chef-des-titans\/\",\"url\":\"https:\/\/footdavant.fr\/actualites\/qui-est-favorise-pour-etre-le-prochain-entraineur-chef-des-titans\/\",\"name\":\"Qui est favoris\u00e9 pour \u00eatre le prochain entra\u00eeneur-chef des Titans ?\",\"isPartOf\":{\"@id\":\"https:\/\/footdavant.fr\/actualites\/#website\"},\"datePublished\":\"2024-01-10T07:54:32+00:00\",\"dateModified\":\"2024-01-10T07:54:32+00:00\",\"breadcrumb\":{\"@id\":\"https:\/\/footdavant.fr\/actualites\/qui-est-favorise-pour-etre-le-prochain-entraineur-chef-des-titans\/#breadcrumb\"},\"inLanguage\":\"fr-FR\",\"potentialAction\":[{\"@type\":\"ReadAction\",\"target\":[\"https:\/\/footdavant.fr\/actualites\/qui-est-favorise-pour-etre-le-prochain-entraineur-chef-des-titans\/\"]}]},{\"@type\":\"BreadcrumbList\",\"@id\":\"https:\/\/footdavant.fr\/actualites\/qui-est-favorise-pour-etre-le-prochain-entraineur-chef-des-titans\/#breadcrumb\",\"itemListElement\":[{\"@type\":\"ListItem\",\"position\":1,\"name\":\"Accueil\",\"item\":\"https:\/\/footdavant.fr\/actualites\/\"},{\"@type\":\"ListItem\",\"position\":2,\"name\":\"Qui est favoris\u00e9 pour \u00eatre le prochain entra\u00eeneur-chef des Titans ?\"}]},{\"@type\":\"WebSite\",\"@id\":\"https:\/\/footdavant.fr\/actualites\/#website\",\"url\":\"https:\/\/footdavant.fr\/actualites\/\",\"name\":\"Foot d'avant\",\"description\":\"\",\"publisher\":{\"@id\":\"https:\/\/footdavant.fr\/actualites\/#organization\"},\"potentialAction\":[{\"@type\":\"SearchAction\",\"target\":{\"@type\":\"EntryPoint\",\"urlTemplate\":\"https:\/\/footdavant.fr\/actualites\/?s={search_term_string}\"},\"query-input\":\"required name=search_term_string\"}],\"inLanguage\":\"fr-FR\"},{\"@type\":\"Organization\",\"@id\":\"https:\/\/footdavant.fr\/actualites\/#organization\",\"name\":\"Foot d'avant\",\"url\":\"https:\/\/footdavant.fr\/actualites\/\",\"logo\":{\"@type\":\"ImageObject\",\"inLanguage\":\"fr-FR\",\"@id\":\"https:\/\/footdavant.fr\/actualites\/#\/schema\/logo\/image\/\",\"url\":\"https:\/\/footdavant.fr\/actualites\/wp-content\/uploads\/2023\/09\/Copy-of-FootDavant-Logo.png\",\"contentUrl\":\"https:\/\/footdavant.fr\/actualites\/wp-content\/uploads\/2023\/09\/Copy-of-FootDavant-Logo.png\",\"width\":936,\"height\":549,\"caption\":\"Foot d'avant\"},\"image\":{\"@id\":\"https:\/\/footdavant.fr\/actualites\/#\/schema\/logo\/image\/\"},\"sameAs\":[\"https:\/\/www.facebook.com\/Footdavant\/\",\"https:\/\/twitter.com\/FootdavantFr\",\"https:\/\/www.instagram.com\/footdavant.fr\/\"]},{\"@type\":\"Person\",\"@id\":\"https:\/\/footdavant.fr\/actualites\/#\/schema\/person\/bc222566d95871b37e597b3ed3ba5e1d\",\"name\":\"Cl\u00e9ment\",\"image\":{\"@type\":\"ImageObject\",\"inLanguage\":\"fr-FR\",\"@id\":\"https:\/\/footdavant.fr\/actualites\/#\/schema\/person\/image\/\",\"url\":\"https:\/\/secure.gravatar.com\/avatar\/7728b29aac2719421e1a9159b2254c44?s=96&d=mm&r=g\",\"contentUrl\":\"https:\/\/secure.gravatar.com\/avatar\/7728b29aac2719421e1a9159b2254c44?s=96&d=mm&r=g\",\"caption\":\"Cl\u00e9ment\"},\"sameAs\":[\"https:\/\/footdavant.fr\/\"]}]}<\/script>\n<!-- \/ Yoast SEO plugin. -->","yoast_head_json":{"title":"Qui est favoris\u00e9 pour \u00eatre le prochain entra\u00eeneur-chef des Titans ?","robots":{"index":"index","follow":"follow","max-snippet":"max-snippet:-1","max-image-preview":"max-image-preview:large","max-video-preview":"max-video-preview:-1"},"canonical":"https:\/\/footdavant.fr\/actualites\/qui-est-favorise-pour-etre-le-prochain-entraineur-chef-des-titans\/","og_locale":"fr_FR","og_type":"article","og_title":"Qui est favoris\u00e9 pour \u00eatre le prochain entra\u00eeneur-chef des Titans ?","og_description":"Un autre poste d&rsquo;entra\u00eeneur-chef de la NFL s&rsquo;est ajout\u00e9 \u00e0 la liste croissante mardi matin lorsqu&rsquo;il a \u00e9t\u00e9 annonc\u00e9 que les Titans du Tennessee avaient","og_url":"https:\/\/footdavant.fr\/actualites\/qui-est-favorise-pour-etre-le-prochain-entraineur-chef-des-titans\/","og_site_name":"Foot d&#039;avant","article_publisher":"https:\/\/www.facebook.com\/Footdavant\/","article_published_time":"2024-01-10T07:54:32+00:00","og_image":[{"width":650,"height":433,"url":"https:\/\/footdavant.fr\/actualites\/wp-content\/uploads\/2024\/01\/Qui-est-favorise-pour-etre-le-prochain-entraineur-chef-des-Titans.jpeg","type":"image\/jpeg"}],"author":"Cl\u00e9ment","twitter_card":"summary_large_image","twitter_creator":"@FootdavantFr","twitter_site":"@FootdavantFr","twitter_misc":{"\u00c9crit par":"Cl\u00e9ment","Dur\u00e9e de lecture estim\u00e9e":"3 minutes"},"schema":{"@context":"https:\/\/schema.org","@graph":[{"@type":"Article","@id":"https:\/\/footdavant.fr\/actualites\/qui-est-favorise-pour-etre-le-prochain-entraineur-chef-des-titans\/#article","isPartOf":{"@id":"https:\/\/footdavant.fr\/actualites\/qui-est-favorise-pour-etre-le-prochain-entraineur-chef-des-titans\/"},"author":{"name":"Cl\u00e9ment","@id":"https:\/\/footdavant.fr\/actualites\/#\/schema\/person\/bc222566d95871b37e597b3ed3ba5e1d"},"headline":"Qui est favoris\u00e9 pour \u00eatre le prochain entra\u00eeneur-chef des Titans ?","datePublished":"2024-01-10T07:54:32+00:00","dateModified":"2024-01-10T07:54:32+00:00","mainEntityOfPage":{"@id":"https:\/\/footdavant.fr\/actualites\/qui-est-favorise-pour-etre-le-prochain-entraineur-chef-des-titans\/"},"wordCount":571,"publisher":{"@id":"https:\/\/footdavant.fr\/actualites\/#organization"},"keywords":["des","entra\u00eeneurchef","est","\u00eatre","favoris\u00e9","pour","prochain","qui","Titans"],"articleSection":["Football"],"inLanguage":"fr-FR"},{"@type":"WebPage","@id":"https:\/\/footdavant.fr\/actualites\/qui-est-favorise-pour-etre-le-prochain-entraineur-chef-des-titans\/","url":"https:\/\/footdavant.fr\/actualites\/qui-est-favorise-pour-etre-le-prochain-entraineur-chef-des-titans\/","name":"Qui est favoris\u00e9 pour \u00eatre le prochain entra\u00eeneur-chef des Titans ?","isPartOf":{"@id":"https:\/\/footdavant.fr\/actualites\/#website"},"datePublished":"2024-01-10T07:54:32+00:00","dateModified":"2024-01-10T07:54:32+00:00","breadcrumb":{"@id":"https:\/\/footdavant.fr\/actualites\/qui-est-favorise-pour-etre-le-prochain-entraineur-chef-des-titans\/#breadcrumb"},"inLanguage":"fr-FR","potentialAction":[{"@type":"ReadAction","target":["https:\/\/footdavant.fr\/actualites\/qui-est-favorise-pour-etre-le-prochain-entraineur-chef-des-titans\/"]}]},{"@type":"BreadcrumbList","@id":"https:\/\/footdavant.fr\/actualites\/qui-est-favorise-pour-etre-le-prochain-entraineur-chef-des-titans\/#breadcrumb","itemListElement":[{"@type":"ListItem","position":1,"name":"Accueil","item":"https:\/\/footdavant.fr\/actualites\/"},{"@type":"ListItem","position":2,"name":"Qui est favoris\u00e9 pour \u00eatre le prochain entra\u00eeneur-chef des Titans ?"}]},{"@type":"WebSite","@id":"https:\/\/footdavant.fr\/actualites\/#website","url":"https:\/\/footdavant.fr\/actualites\/","name":"Foot d'avant","description":"","publisher":{"@id":"https:\/\/footdavant.fr\/actualites\/#organization"},"potentialAction":[{"@type":"SearchAction","target":{"@type":"EntryPoint","urlTemplate":"https:\/\/footdavant.fr\/actualites\/?s={search_term_string}"},"query-input":"required name=search_term_string"}],"inLanguage":"fr-FR"},{"@type":"Organization","@id":"https:\/\/footdavant.fr\/actualites\/#organization","name":"Foot d'avant","url":"https:\/\/footdavant.fr\/actualites\/","logo":{"@type":"ImageObject","inLanguage":"fr-FR","@id":"https:\/\/footdavant.fr\/actualites\/#\/schema\/logo\/image\/","url":"https:\/\/footdavant.fr\/actualites\/wp-content\/uploads\/2023\/09\/Copy-of-FootDavant-Logo.png","contentUrl":"https:\/\/footdavant.fr\/actualites\/wp-content\/uploads\/2023\/09\/Copy-of-FootDavant-Logo.png","width":936,"height":549,"caption":"Foot d'avant"},"image":{"@id":"https:\/\/footdavant.fr\/actualites\/#\/schema\/logo\/image\/"},"sameAs":["https:\/\/www.facebook.com\/Footdavant\/","https:\/\/twitter.com\/FootdavantFr","https:\/\/www.instagram.com\/footdavant.fr\/"]},{"@type":"Person","@id":"https:\/\/footdavant.fr\/actualites\/#\/schema\/person\/bc222566d95871b37e597b3ed3ba5e1d","name":"Cl\u00e9ment","image":{"@type":"ImageObject","inLanguage":"fr-FR","@id":"https:\/\/footdavant.fr\/actualites\/#\/schema\/person\/image\/","url":"https:\/\/secure.gravatar.com\/avatar\/7728b29aac2719421e1a9159b2254c44?s=96&d=mm&r=g","contentUrl":"https:\/\/secure.gravatar.com\/avatar\/7728b29aac2719421e1a9159b2254c44?s=96&d=mm&r=g","caption":"Cl\u00e9ment"},"sameAs":["https:\/\/footdavant.fr\/"]}]}},"_links":{"self":[{"href":"https:\/\/footdavant.fr\/actualites\/wp-json\/wp\/v2\/posts\/3670"}],"collection":[{"href":"https:\/\/footdavant.fr\/actualites\/wp-json\/wp\/v2\/posts"}],"about":[{"href":"https:\/\/footdavant.fr\/actualites\/wp-json\/wp\/v2\/types\/post"}],"author":[{"embeddable":true,"href":"https:\/\/footdavant.fr\/actualites\/wp-json\/wp\/v2\/users\/1"}],"replies":[{"embeddable":true,"href":"https:\/\/footdavant.fr\/actualites\/wp-json\/wp\/v2\/comments?post=3670"}],"version-history":[{"count":1,"href":"https:\/\/footdavant.fr\/actualites\/wp-json\/wp\/v2\/posts\/3670\/revisions"}],"predecessor-version":[{"id":3672,"href":"https:\/\/footdavant.fr\/actualites\/wp-json\/wp\/v2\/posts\/3670\/revisions\/3672"}],"wp:featuredmedia":[{"embeddable":true,"href":"https:\/\/footdavant.fr\/actualites\/wp-json\/wp\/v2\/media\/3671"}],"wp:attachment":[{"href":"https:\/\/footdavant.fr\/actualites\/wp-json\/wp\/v2\/media?parent=3670"}],"wp:term":[{"taxonomy":"category","embeddable":true,"href":"https:\/\/footdavant.fr\/actualites\/wp-json\/wp\/v2\/categories?post=3670"},{"taxonomy":"post_tag","embeddable":true,"href":"https:\/\/footdavant.fr\/actualites\/wp-json\/wp\/v2\/tags?post=3670"}],"curies":[{"name":"wp","href":"https:\/\/api.w.org\/{rel}","templated":true}]}}