{"id":36707,"date":"2026-04-22T08:49:09","date_gmt":"2026-04-22T06:49:09","guid":{"rendered":"https:\/\/footdavant.fr\/actualites\/le-double-reve-de-linter-est-vivant-apres-le-retour-de-calhanoglu\/"},"modified":"2026-04-22T08:49:14","modified_gmt":"2026-04-22T06:49:14","slug":"le-double-reve-de-linter-est-vivant-apres-le-retour-de-calhanoglu","status":"publish","type":"post","link":"https:\/\/footdavant.fr\/actualites\/le-double-reve-de-linter-est-vivant-apres-le-retour-de-calhanoglu\/","title":{"rendered":"Le double r\u00eave de l&#39;Inter est vivant apr\u00e8s le retour de Calhanoglu"},"content":{"rendered":"<div>\n<p>L&#39;Inter Milan reste sur la bonne voie pour un doubl\u00e9 national apr\u00e8s que Hakan Calhanoglu a inspir\u00e9 les champions \u00e9lus de Serie A \u00e0 une victoire 3-2 contre C\u00f4me lors du match retour des demi-finales de la Coppa Italia.<\/p>\n<p>Avec douze points d&#39;avance sur l&#39;AC Milan avec cinq matchs \u00e0 jouer, l&#39;Inter est presque certain de remporter le Scudetto, et ils peuvent s&#39;attendre \u00e0 une finale contre la Lazio ou l&#39;Atalanta en Coppa Italia apr\u00e8s une soir\u00e9e dramatique \u00e0 San Siro.<\/p>\n<p>Apr\u00e8s avoir tenu les Nerazzurri \u00e0 un match nul 0-0 au match aller, C\u00f4me semblait avoir ma\u00eetris\u00e9 l&#39;\u00e9galit\u00e9 apr\u00e8s que Martin Baturina et Lucas Da Cunha les aient mis 2-0 devant en 48 minutes. <\/p>\n<p>Mais la frappe d\u00e9vi\u00e9e de Calhanoglu depuis l&#39;entr\u00e9e de la surface a redonn\u00e9 espoir \u00e0 l&#39;Inter, avant que le Turc ne reprenne de la t\u00eate un superbe centre de Petar Sucic sur l&#39;aile gauche pour porter le score \u00e0 2-2 \u00e0 quatre minutes de la fin du temps r\u00e9glementaire.<\/p>\n<p>Trois minutes plus tard, il lui rendait la pareille alors que l&#39;Inter effectuait un revirement remarquable, son licenciement \u00e9tant r\u00e9cup\u00e9r\u00e9 avec gratitude par Sucic, qui trouvait le coin inf\u00e9rieur droit pour ravir les supporters locaux.<\/p>\n<figure class=\"wp-block-embed is-type-video is-provider-youtube wp-block-embed-youtube wp-embed-aspect-16-9 wp-has-aspect-ratio\">\n<p>\n<noscript><iframe loading=\"lazy\" title=\"HIGHLIGHTS | Inter 3-2 Como | \u00c7alhano\u011flu inspires incredible comeback in Coppa Italia Semi-Final\" width=\"1200\" height=\"675\" src=\"https:\/\/www.youtube.com\/embed\/eY4IIDGJoOQ?feature=oembed\" frameborder=\"0\" allow=\"accelerometer; autoplay; clipboard-write; encrypted-media; gyroscope; picture-in-picture; web-share\" referrerpolicy=\"strict-origin-when-cross-origin\" allowfullscreen><\/iframe><\/noscript>\n<\/p>\n<\/figure>\n<h2 class=\"wp-block-heading\"><span id=\"Lens_end_28-year_wait\">Lens met fin \u00e0 28 ans d&#39;attente<\/span><\/h2>\n<p>En Coupe de France, Lens s&#39;est qualifi\u00e9 pour la finale pour la premi\u00e8re fois depuis 1998 en s&#39;imposant 4-1 contre Toulouse.<\/p>\n<p>Lens est toujours fermement dans le mix pour ce qui serait un superbe doubl\u00e9. Ils sont \u00e0 un point du Paris Saint-Germain en Ligue 1 et disputeront d\u00e9sormais une finale de coupe contre Strasbourg ou Nice apr\u00e8s une victoire \u00e9clatante au Stade Bollaert-Delelis.<\/p>\n<p>Le penalty de Florian Thauvin \u00e0 la 9e minute donnait l&#39;avantage \u00e0 Lens avant qu&#39;Allan Saint-Maximin ne double la mise d&#39;une belle frappe \u00e0 l&#39;entr\u00e9e de la surface.<\/p>\n<p>Santiago Hidalgo a ensuite redonn\u00e9 espoir \u00e0 Toulouse avant que Matthieu Udol ne redonne l&#39;avantage \u00e0 Lens, dont la victoire a \u00e9t\u00e9 assur\u00e9e \u00e0 16 minutes de la fin du temps r\u00e9glementaire par Adrien Thomasson.<\/p>\n<h2 class=\"wp-block-heading\"><span id=\"Betis_cement_grip_on_fifth\">Le Betis cimente le cinqui\u00e8me<\/span><\/h2>\n<p>Le Real Madrid s&#39;est rapproch\u00e9 de six points du leader de la Liga, Barcelone, qui affrontera le Celta Vigo mercredi, avec une victoire 2-1 sur Alaves au Santiago Bernabeu. Kylian Mbappe et Vinicius Junior \u00e9taient sur la bonne voie pour les h\u00f4tes.<\/p>\n<p>Le Betis a cinq points d&#39;avance sur le Celta Vigo dans la course \u00e0 la cinqui\u00e8me place et \u00e0 la potentielle place suppl\u00e9mentaire en Ligue des champions apr\u00e8s avoir remport\u00e9 une rencontre \u00e0 l&#39;envers \u00e0 G\u00e9rone 3-2.<\/p>\n<p>Viktor Tsyhankov a donn\u00e9 l&#39;avantage \u00e0 G\u00e9rone d\u00e8s la septi\u00e8me minute, avant que Marc Roca et Abde Ezzalzouli ne retournent le match en faveur du Betis. <\/p>\n<p>Le penalty d&#39;Azzedine Ounahi r\u00e9tablit la parit\u00e9, mais Rodrigo Riquelme inscrit le but vainqueur \u00e0 10 minutes de la fin du temps r\u00e9glementaire.<\/p>\n<p>Pendant ce temps, Gorka Guruzeta a marqu\u00e9 le seul but du match alors que l&#39;Athletic Club battait Osasuna dans un derby basque pour renforcer ses espoirs europ\u00e9ens. <\/p>\n<p>Ante Budimir a rat\u00e9 un penalty en seconde p\u00e9riode pour Osasuna, qui n&#39;a pas pu profiter des arr\u00eats de jeu apr\u00e8s que l&#39;Athletic ait vu Mikel Jauregizar expuls\u00e9 pour une deuxi\u00e8me infraction pouvant \u00eatre r\u00e9serv\u00e9e. L&#39;Athletic n&#39;est qu&#39;\u00e0 trois points du Celta Vigo, sixi\u00e8me.<\/p>\n<p>Dans la lutte contre la rel\u00e9gation, Majorque et Valence ont fait match nul 1-1 \u00e0 Son Moix. <\/p>\n<\/p><\/div>\n","protected":false},"excerpt":{"rendered":"<p>L&#39;Inter Milan reste sur la bonne voie pour un doubl\u00e9 national apr\u00e8s que Hakan Calhanoglu a inspir\u00e9 les champions \u00e9lus de Serie A \u00e0 une<\/p>\n","protected":false},"author":1,"featured_media":36708,"comment_status":"closed","ping_status":"","sticky":false,"template":"","format":"standard","meta":{"footnotes":""},"categories":[3],"tags":[25,11867,317,217,5414,393,163,11866],"yoast_head":"<!-- This site is optimized with the Yoast SEO plugin v21.0 - https:\/\/yoast.com\/wordpress\/plugins\/seo\/ -->\n<title>Le double r\u00eave de l&#039;Inter est vivant apr\u00e8s le retour de Calhanoglu<\/title>\n<meta name=\"robots\" content=\"index, follow, max-snippet:-1, max-image-preview:large, max-video-preview:-1\" \/>\n<link rel=\"canonical\" href=\"https:\/\/footdavant.fr\/actualites\/le-double-reve-de-linter-est-vivant-apres-le-retour-de-calhanoglu\/\" \/>\n<meta property=\"og:locale\" content=\"fr_FR\" \/>\n<meta property=\"og:type\" content=\"article\" \/>\n<meta property=\"og:title\" content=\"Le double r\u00eave de l&#039;Inter est vivant apr\u00e8s le retour de Calhanoglu\" \/>\n<meta property=\"og:description\" content=\"L&#039;Inter Milan reste sur la bonne voie pour un doubl\u00e9 national apr\u00e8s que Hakan Calhanoglu a inspir\u00e9 les champions \u00e9lus de Serie A \u00e0 une\" \/>\n<meta property=\"og:url\" content=\"https:\/\/footdavant.fr\/actualites\/le-double-reve-de-linter-est-vivant-apres-le-retour-de-calhanoglu\/\" \/>\n<meta property=\"og:site_name\" content=\"Foot d&#039;avant\" \/>\n<meta property=\"article:publisher\" content=\"https:\/\/www.facebook.com\/Footdavant\/\" \/>\n<meta property=\"article:published_time\" content=\"2026-04-22T06:49:09+00:00\" \/>\n<meta property=\"article:modified_time\" content=\"2026-04-22T06:49:14+00:00\" \/>\n<meta property=\"og:image\" content=\"https:\/\/footdavant.fr\/actualites\/wp-content\/uploads\/2026\/04\/Le-double-reve-de-l39Inter-est-vivant-apres-le-retour.jpg\" \/>\n\t<meta property=\"og:image:width\" content=\"1200\" \/>\n\t<meta property=\"og:image:height\" content=\"800\" \/>\n\t<meta property=\"og:image:type\" content=\"image\/jpeg\" \/>\n<meta name=\"author\" content=\"Cl\u00e9ment\" \/>\n<meta name=\"twitter:card\" content=\"summary_large_image\" \/>\n<meta name=\"twitter:creator\" content=\"@FootdavantFr\" \/>\n<meta name=\"twitter:site\" content=\"@FootdavantFr\" \/>\n<meta name=\"twitter:label1\" content=\"\u00c9crit par\" \/>\n\t<meta name=\"twitter:data1\" content=\"Cl\u00e9ment\" \/>\n\t<meta name=\"twitter:label2\" content=\"Dur\u00e9e de lecture estim\u00e9e\" \/>\n\t<meta name=\"twitter:data2\" content=\"3 minutes\" \/>\n<script type=\"application\/ld+json\" class=\"yoast-schema-graph\">{\"@context\":\"https:\/\/schema.org\",\"@graph\":[{\"@type\":\"Article\",\"@id\":\"https:\/\/footdavant.fr\/actualites\/le-double-reve-de-linter-est-vivant-apres-le-retour-de-calhanoglu\/#article\",\"isPartOf\":{\"@id\":\"https:\/\/footdavant.fr\/actualites\/le-double-reve-de-linter-est-vivant-apres-le-retour-de-calhanoglu\/\"},\"author\":{\"name\":\"Cl\u00e9ment\",\"@id\":\"https:\/\/footdavant.fr\/actualites\/#\/schema\/person\/bc222566d95871b37e597b3ed3ba5e1d\"},\"headline\":\"Le double r\u00eave de l&#39;Inter est vivant apr\u00e8s le retour de Calhanoglu\",\"datePublished\":\"2026-04-22T06:49:09+00:00\",\"dateModified\":\"2026-04-22T06:49:14+00:00\",\"mainEntityOfPage\":{\"@id\":\"https:\/\/footdavant.fr\/actualites\/le-double-reve-de-linter-est-vivant-apres-le-retour-de-calhanoglu\/\"},\"wordCount\":621,\"publisher\":{\"@id\":\"https:\/\/footdavant.fr\/actualites\/#organization\"},\"keywords\":[\"apr\u00e8s\",\"Calhanoglu\",\"doubl\u00e9\",\"est\",\"l39Inter\",\"retour\",\"r\u00eave\",\"vivant\"],\"articleSection\":[\"Football\"],\"inLanguage\":\"fr-FR\"},{\"@type\":\"WebPage\",\"@id\":\"https:\/\/footdavant.fr\/actualites\/le-double-reve-de-linter-est-vivant-apres-le-retour-de-calhanoglu\/\",\"url\":\"https:\/\/footdavant.fr\/actualites\/le-double-reve-de-linter-est-vivant-apres-le-retour-de-calhanoglu\/\",\"name\":\"Le double r\u00eave de l&#39;Inter est vivant apr\u00e8s le retour de Calhanoglu\",\"isPartOf\":{\"@id\":\"https:\/\/footdavant.fr\/actualites\/#website\"},\"datePublished\":\"2026-04-22T06:49:09+00:00\",\"dateModified\":\"2026-04-22T06:49:14+00:00\",\"breadcrumb\":{\"@id\":\"https:\/\/footdavant.fr\/actualites\/le-double-reve-de-linter-est-vivant-apres-le-retour-de-calhanoglu\/#breadcrumb\"},\"inLanguage\":\"fr-FR\",\"potentialAction\":[{\"@type\":\"ReadAction\",\"target\":[\"https:\/\/footdavant.fr\/actualites\/le-double-reve-de-linter-est-vivant-apres-le-retour-de-calhanoglu\/\"]}]},{\"@type\":\"BreadcrumbList\",\"@id\":\"https:\/\/footdavant.fr\/actualites\/le-double-reve-de-linter-est-vivant-apres-le-retour-de-calhanoglu\/#breadcrumb\",\"itemListElement\":[{\"@type\":\"ListItem\",\"position\":1,\"name\":\"Accueil\",\"item\":\"https:\/\/footdavant.fr\/actualites\/\"},{\"@type\":\"ListItem\",\"position\":2,\"name\":\"Le double r\u00eave de l&#39;Inter est vivant apr\u00e8s le retour de Calhanoglu\"}]},{\"@type\":\"WebSite\",\"@id\":\"https:\/\/footdavant.fr\/actualites\/#website\",\"url\":\"https:\/\/footdavant.fr\/actualites\/\",\"name\":\"Foot d'avant\",\"description\":\"\",\"publisher\":{\"@id\":\"https:\/\/footdavant.fr\/actualites\/#organization\"},\"potentialAction\":[{\"@type\":\"SearchAction\",\"target\":{\"@type\":\"EntryPoint\",\"urlTemplate\":\"https:\/\/footdavant.fr\/actualites\/?s={search_term_string}\"},\"query-input\":\"required name=search_term_string\"}],\"inLanguage\":\"fr-FR\"},{\"@type\":\"Organization\",\"@id\":\"https:\/\/footdavant.fr\/actualites\/#organization\",\"name\":\"Foot d'avant\",\"url\":\"https:\/\/footdavant.fr\/actualites\/\",\"logo\":{\"@type\":\"ImageObject\",\"inLanguage\":\"fr-FR\",\"@id\":\"https:\/\/footdavant.fr\/actualites\/#\/schema\/logo\/image\/\",\"url\":\"https:\/\/footdavant.fr\/actualites\/wp-content\/uploads\/2023\/09\/Copy-of-FootDavant-Logo.png\",\"contentUrl\":\"https:\/\/footdavant.fr\/actualites\/wp-content\/uploads\/2023\/09\/Copy-of-FootDavant-Logo.png\",\"width\":936,\"height\":549,\"caption\":\"Foot d'avant\"},\"image\":{\"@id\":\"https:\/\/footdavant.fr\/actualites\/#\/schema\/logo\/image\/\"},\"sameAs\":[\"https:\/\/www.facebook.com\/Footdavant\/\",\"https:\/\/twitter.com\/FootdavantFr\",\"https:\/\/www.instagram.com\/footdavant.fr\/\"]},{\"@type\":\"Person\",\"@id\":\"https:\/\/footdavant.fr\/actualites\/#\/schema\/person\/bc222566d95871b37e597b3ed3ba5e1d\",\"name\":\"Cl\u00e9ment\",\"image\":{\"@type\":\"ImageObject\",\"inLanguage\":\"fr-FR\",\"@id\":\"https:\/\/footdavant.fr\/actualites\/#\/schema\/person\/image\/\",\"url\":\"https:\/\/secure.gravatar.com\/avatar\/7728b29aac2719421e1a9159b2254c44?s=96&d=mm&r=g\",\"contentUrl\":\"https:\/\/secure.gravatar.com\/avatar\/7728b29aac2719421e1a9159b2254c44?s=96&d=mm&r=g\",\"caption\":\"Cl\u00e9ment\"},\"sameAs\":[\"https:\/\/footdavant.fr\/\"]}]}<\/script>\n<!-- \/ Yoast SEO plugin. -->","yoast_head_json":{"title":"Le double r\u00eave de l&#39;Inter est vivant apr\u00e8s le retour de Calhanoglu","robots":{"index":"index","follow":"follow","max-snippet":"max-snippet:-1","max-image-preview":"max-image-preview:large","max-video-preview":"max-video-preview:-1"},"canonical":"https:\/\/footdavant.fr\/actualites\/le-double-reve-de-linter-est-vivant-apres-le-retour-de-calhanoglu\/","og_locale":"fr_FR","og_type":"article","og_title":"Le double r\u00eave de l&#39;Inter est vivant apr\u00e8s le retour de Calhanoglu","og_description":"L&#39;Inter Milan reste sur la bonne voie pour un doubl\u00e9 national apr\u00e8s que Hakan Calhanoglu a inspir\u00e9 les champions \u00e9lus de Serie A \u00e0 une","og_url":"https:\/\/footdavant.fr\/actualites\/le-double-reve-de-linter-est-vivant-apres-le-retour-de-calhanoglu\/","og_site_name":"Foot d&#039;avant","article_publisher":"https:\/\/www.facebook.com\/Footdavant\/","article_published_time":"2026-04-22T06:49:09+00:00","article_modified_time":"2026-04-22T06:49:14+00:00","og_image":[{"width":1200,"height":800,"url":"https:\/\/footdavant.fr\/actualites\/wp-content\/uploads\/2026\/04\/Le-double-reve-de-l39Inter-est-vivant-apres-le-retour.jpg","type":"image\/jpeg"}],"author":"Cl\u00e9ment","twitter_card":"summary_large_image","twitter_creator":"@FootdavantFr","twitter_site":"@FootdavantFr","twitter_misc":{"\u00c9crit par":"Cl\u00e9ment","Dur\u00e9e de lecture estim\u00e9e":"3 minutes"},"schema":{"@context":"https:\/\/schema.org","@graph":[{"@type":"Article","@id":"https:\/\/footdavant.fr\/actualites\/le-double-reve-de-linter-est-vivant-apres-le-retour-de-calhanoglu\/#article","isPartOf":{"@id":"https:\/\/footdavant.fr\/actualites\/le-double-reve-de-linter-est-vivant-apres-le-retour-de-calhanoglu\/"},"author":{"name":"Cl\u00e9ment","@id":"https:\/\/footdavant.fr\/actualites\/#\/schema\/person\/bc222566d95871b37e597b3ed3ba5e1d"},"headline":"Le double r\u00eave de l&#39;Inter est vivant apr\u00e8s le retour de Calhanoglu","datePublished":"2026-04-22T06:49:09+00:00","dateModified":"2026-04-22T06:49:14+00:00","mainEntityOfPage":{"@id":"https:\/\/footdavant.fr\/actualites\/le-double-reve-de-linter-est-vivant-apres-le-retour-de-calhanoglu\/"},"wordCount":621,"publisher":{"@id":"https:\/\/footdavant.fr\/actualites\/#organization"},"keywords":["apr\u00e8s","Calhanoglu","doubl\u00e9","est","l39Inter","retour","r\u00eave","vivant"],"articleSection":["Football"],"inLanguage":"fr-FR"},{"@type":"WebPage","@id":"https:\/\/footdavant.fr\/actualites\/le-double-reve-de-linter-est-vivant-apres-le-retour-de-calhanoglu\/","url":"https:\/\/footdavant.fr\/actualites\/le-double-reve-de-linter-est-vivant-apres-le-retour-de-calhanoglu\/","name":"Le double r\u00eave de l&#39;Inter est vivant apr\u00e8s le retour de Calhanoglu","isPartOf":{"@id":"https:\/\/footdavant.fr\/actualites\/#website"},"datePublished":"2026-04-22T06:49:09+00:00","dateModified":"2026-04-22T06:49:14+00:00","breadcrumb":{"@id":"https:\/\/footdavant.fr\/actualites\/le-double-reve-de-linter-est-vivant-apres-le-retour-de-calhanoglu\/#breadcrumb"},"inLanguage":"fr-FR","potentialAction":[{"@type":"ReadAction","target":["https:\/\/footdavant.fr\/actualites\/le-double-reve-de-linter-est-vivant-apres-le-retour-de-calhanoglu\/"]}]},{"@type":"BreadcrumbList","@id":"https:\/\/footdavant.fr\/actualites\/le-double-reve-de-linter-est-vivant-apres-le-retour-de-calhanoglu\/#breadcrumb","itemListElement":[{"@type":"ListItem","position":1,"name":"Accueil","item":"https:\/\/footdavant.fr\/actualites\/"},{"@type":"ListItem","position":2,"name":"Le double r\u00eave de l&#39;Inter est vivant apr\u00e8s le retour de Calhanoglu"}]},{"@type":"WebSite","@id":"https:\/\/footdavant.fr\/actualites\/#website","url":"https:\/\/footdavant.fr\/actualites\/","name":"Foot d'avant","description":"","publisher":{"@id":"https:\/\/footdavant.fr\/actualites\/#organization"},"potentialAction":[{"@type":"SearchAction","target":{"@type":"EntryPoint","urlTemplate":"https:\/\/footdavant.fr\/actualites\/?s={search_term_string}"},"query-input":"required name=search_term_string"}],"inLanguage":"fr-FR"},{"@type":"Organization","@id":"https:\/\/footdavant.fr\/actualites\/#organization","name":"Foot d'avant","url":"https:\/\/footdavant.fr\/actualites\/","logo":{"@type":"ImageObject","inLanguage":"fr-FR","@id":"https:\/\/footdavant.fr\/actualites\/#\/schema\/logo\/image\/","url":"https:\/\/footdavant.fr\/actualites\/wp-content\/uploads\/2023\/09\/Copy-of-FootDavant-Logo.png","contentUrl":"https:\/\/footdavant.fr\/actualites\/wp-content\/uploads\/2023\/09\/Copy-of-FootDavant-Logo.png","width":936,"height":549,"caption":"Foot d'avant"},"image":{"@id":"https:\/\/footdavant.fr\/actualites\/#\/schema\/logo\/image\/"},"sameAs":["https:\/\/www.facebook.com\/Footdavant\/","https:\/\/twitter.com\/FootdavantFr","https:\/\/www.instagram.com\/footdavant.fr\/"]},{"@type":"Person","@id":"https:\/\/footdavant.fr\/actualites\/#\/schema\/person\/bc222566d95871b37e597b3ed3ba5e1d","name":"Cl\u00e9ment","image":{"@type":"ImageObject","inLanguage":"fr-FR","@id":"https:\/\/footdavant.fr\/actualites\/#\/schema\/person\/image\/","url":"https:\/\/secure.gravatar.com\/avatar\/7728b29aac2719421e1a9159b2254c44?s=96&d=mm&r=g","contentUrl":"https:\/\/secure.gravatar.com\/avatar\/7728b29aac2719421e1a9159b2254c44?s=96&d=mm&r=g","caption":"Cl\u00e9ment"},"sameAs":["https:\/\/footdavant.fr\/"]}]}},"_links":{"self":[{"href":"https:\/\/footdavant.fr\/actualites\/wp-json\/wp\/v2\/posts\/36707"}],"collection":[{"href":"https:\/\/footdavant.fr\/actualites\/wp-json\/wp\/v2\/posts"}],"about":[{"href":"https:\/\/footdavant.fr\/actualites\/wp-json\/wp\/v2\/types\/post"}],"author":[{"embeddable":true,"href":"https:\/\/footdavant.fr\/actualites\/wp-json\/wp\/v2\/users\/1"}],"replies":[{"embeddable":true,"href":"https:\/\/footdavant.fr\/actualites\/wp-json\/wp\/v2\/comments?post=36707"}],"version-history":[{"count":1,"href":"https:\/\/footdavant.fr\/actualites\/wp-json\/wp\/v2\/posts\/36707\/revisions"}],"predecessor-version":[{"id":36709,"href":"https:\/\/footdavant.fr\/actualites\/wp-json\/wp\/v2\/posts\/36707\/revisions\/36709"}],"wp:featuredmedia":[{"embeddable":true,"href":"https:\/\/footdavant.fr\/actualites\/wp-json\/wp\/v2\/media\/36708"}],"wp:attachment":[{"href":"https:\/\/footdavant.fr\/actualites\/wp-json\/wp\/v2\/media?parent=36707"}],"wp:term":[{"taxonomy":"category","embeddable":true,"href":"https:\/\/footdavant.fr\/actualites\/wp-json\/wp\/v2\/categories?post=36707"},{"taxonomy":"post_tag","embeddable":true,"href":"https:\/\/footdavant.fr\/actualites\/wp-json\/wp\/v2\/tags?post=36707"}],"curies":[{"name":"wp","href":"https:\/\/api.w.org\/{rel}","templated":true}]}}