{"id":36710,"date":"2026-04-22T10:48:44","date_gmt":"2026-04-22T08:48:44","guid":{"rendered":"https:\/\/footdavant.fr\/actualites\/composition-de-west-ham-contre-crystal-palace-xi-prevu-pour-le-choc-de-premier-league-alors-que-la-statistique-agreable-de-jarrod-bowen-emerge\/"},"modified":"2026-04-22T10:48:45","modified_gmt":"2026-04-22T08:48:45","slug":"composition-de-west-ham-contre-crystal-palace-xi-prevu-pour-le-choc-de-premier-league-alors-que-la-statistique-agreable-de-jarrod-bowen-emerge","status":"publish","type":"post","link":"https:\/\/footdavant.fr\/actualites\/composition-de-west-ham-contre-crystal-palace-xi-prevu-pour-le-choc-de-premier-league-alors-que-la-statistique-agreable-de-jarrod-bowen-emerge\/","title":{"rendered":"Composition de West Ham contre Crystal Palace\u00a0: XI pr\u00e9vu pour le choc de Premier League alors que la statistique agr\u00e9able de Jarrod Bowen \u00e9merge"},"content":{"rendered":"<div itemprop=\"articleBody\">\n<p>Le capitaine de West Ham United, Jarrod Bowen, tentera de marquer contre Crystal Palace pour le troisi\u00e8me match cons\u00e9cutif lors du derby de la Premier League londonienne lundi \u00e0 Selhurst Park.<\/p>\n<p>L&#39;international anglais n&#39;a r\u00e9ussi \u00e0 trouver le fond des filets lors d&#39;aucun de ses huit premiers matchs contre les Eagles, mais il a marqu\u00e9 lors de la victoire 2-0 \u00e0 l&#39;ext\u00e9rieur de la saison derni\u00e8re et de la d\u00e9faite 2-1 de cette saison au stade de Londres.<\/p>\n<p>Bowen a \u00e9galement d\u00e9livr\u00e9 deux passes d\u00e9cisives lors de la victoire 4-0 des Irons contre Wolverhampton Wanderers il y a deux vendredis, et l&#39;ailier devrait porter le brassard de capitaine dans un Hammers XI inchang\u00e9.<\/p>\n<p>Taty Castellanos a annonc\u00e9 tardivement son arriv\u00e9e en Angleterre avec un doubl\u00e9 lors de la racl\u00e9e des Wolves, et la signature de janvier devrait \u00e0 nouveau lier les bras \u00e0 son compatriote hivernal Pablo dans le dernier tiers.<\/p>\n<p>Bowen et Crysencio Summerville fourniront la largeur de chaque c\u00f4t\u00e9 de Tomas Soucek et Mateus Fernandes, tout comme Kyle Walker-Peters et El Hadji Malick Diouf dans une ligne arri\u00e8re install\u00e9e.<\/p>\n<p>Dinos Mavropanos a \u00e9t\u00e9 un h\u00e9ros surprise avec deux buts la derni\u00e8re fois, et l&#39;ancien homme d&#39;Arsenal est pr\u00eat \u00e0 rejoindre Axel Disasi dans le duo central des Irons.<\/p>\n<p>Lukasz Fabianski est apparemment revenu d&#39;une blessure au dos, mais Mads Hermansen est s\u00fbr de continuer entre les b\u00e2tons, avec Alphonse Areola r\u00e9chauffant le banc.<\/p>\n<p>Onze de d\u00e9part possible de West Ham United :<\/p>\n<p>Hermansen\u00a0; Walker-Peters, Mavropanos, Disasi, Diouf; Bowen, Soucek, Fernandes, Summerville\u00a0; Pablo\u00a0; Castellanos<\/p>\n<p>> Cliquez ici pour voir comment Crystal Palace pourrait s&#39;aligner contre West Ham<\/p>\n<h2>D\u00e9couvrez l\u2019aper\u00e7u vid\u00e9o de Sports Mole pour Crystal Palace contre West Ham\u00a0:<\/h2>\n<\/div>\n","protected":false},"excerpt":{"rendered":"<p>Le capitaine de West Ham United, Jarrod Bowen, tentera de marquer contre Crystal Palace pour le troisi\u00e8me match cons\u00e9cutif lors du derby de la Premier<\/p>\n","protected":false},"author":1,"featured_media":36711,"comment_status":"closed","ping_status":"","sticky":false,"template":"","format":"standard","meta":{"footnotes":""},"categories":[5],"tags":[11241,318,6885,332,2291,20,1008,5267,286,6884,202,815,51,201,3924,6848,285],"yoast_head":"<!-- This site is optimized with the Yoast SEO plugin v21.0 - https:\/\/yoast.com\/wordpress\/plugins\/seo\/ -->\n<title>Composition de West Ham contre Crystal Palace\u00a0: XI pr\u00e9vu pour le choc de Premier League alors que la statistique agr\u00e9able de Jarrod Bowen \u00e9merge<\/title>\n<meta name=\"robots\" content=\"index, follow, max-snippet:-1, max-image-preview:large, max-video-preview:-1\" \/>\n<link rel=\"canonical\" href=\"https:\/\/footdavant.fr\/actualites\/composition-de-west-ham-contre-crystal-palace-xi-prevu-pour-le-choc-de-premier-league-alors-que-la-statistique-agreable-de-jarrod-bowen-emerge\/\" \/>\n<meta property=\"og:locale\" content=\"fr_FR\" \/>\n<meta property=\"og:type\" content=\"article\" \/>\n<meta property=\"og:title\" content=\"Composition de West Ham contre Crystal Palace\u00a0: XI pr\u00e9vu pour le choc de Premier League alors que la statistique agr\u00e9able de Jarrod Bowen \u00e9merge\" \/>\n<meta property=\"og:description\" content=\"Le capitaine de West Ham United, Jarrod Bowen, tentera de marquer contre Crystal Palace pour le troisi\u00e8me match cons\u00e9cutif lors du derby de la Premier\" \/>\n<meta property=\"og:url\" content=\"https:\/\/footdavant.fr\/actualites\/composition-de-west-ham-contre-crystal-palace-xi-prevu-pour-le-choc-de-premier-league-alors-que-la-statistique-agreable-de-jarrod-bowen-emerge\/\" \/>\n<meta property=\"og:site_name\" content=\"Foot d&#039;avant\" \/>\n<meta property=\"article:publisher\" content=\"https:\/\/www.facebook.com\/Footdavant\/\" \/>\n<meta property=\"article:published_time\" content=\"2026-04-22T08:48:44+00:00\" \/>\n<meta property=\"article:modified_time\" content=\"2026-04-22T08:48:45+00:00\" \/>\n<meta property=\"og:image\" content=\"https:\/\/footdavant.fr\/actualites\/wp-content\/uploads\/2026\/04\/Composition-de-West-Ham-contre-Crystal-Palace-XI-prevu-pour.net2Fuploads2F20262F012Fimago1071914827.webp\" \/>\n\t<meta property=\"og:image:width\" content=\"720\" \/>\n\t<meta property=\"og:image:height\" content=\"410\" \/>\n\t<meta property=\"og:image:type\" content=\"image\/webp\" \/>\n<meta name=\"author\" content=\"Cl\u00e9ment\" \/>\n<meta name=\"twitter:card\" content=\"summary_large_image\" \/>\n<meta name=\"twitter:creator\" content=\"@FootdavantFr\" \/>\n<meta name=\"twitter:site\" content=\"@FootdavantFr\" \/>\n<meta name=\"twitter:label1\" content=\"\u00c9crit par\" \/>\n\t<meta name=\"twitter:data1\" content=\"Cl\u00e9ment\" \/>\n\t<meta name=\"twitter:label2\" content=\"Dur\u00e9e de lecture estim\u00e9e\" \/>\n\t<meta name=\"twitter:data2\" content=\"2 minutes\" \/>\n<script type=\"application\/ld+json\" class=\"yoast-schema-graph\">{\"@context\":\"https:\/\/schema.org\",\"@graph\":[{\"@type\":\"Article\",\"@id\":\"https:\/\/footdavant.fr\/actualites\/composition-de-west-ham-contre-crystal-palace-xi-prevu-pour-le-choc-de-premier-league-alors-que-la-statistique-agreable-de-jarrod-bowen-emerge\/#article\",\"isPartOf\":{\"@id\":\"https:\/\/footdavant.fr\/actualites\/composition-de-west-ham-contre-crystal-palace-xi-prevu-pour-le-choc-de-premier-league-alors-que-la-statistique-agreable-de-jarrod-bowen-emerge\/\"},\"author\":{\"name\":\"Cl\u00e9ment\",\"@id\":\"https:\/\/footdavant.fr\/actualites\/#\/schema\/person\/bc222566d95871b37e597b3ed3ba5e1d\"},\"headline\":\"Composition de West Ham contre Crystal Palace\u00a0: XI pr\u00e9vu pour le choc de Premier League alors que la statistique agr\u00e9able de Jarrod Bowen \u00e9merge\",\"datePublished\":\"2026-04-22T08:48:44+00:00\",\"dateModified\":\"2026-04-22T08:48:45+00:00\",\"mainEntityOfPage\":{\"@id\":\"https:\/\/footdavant.fr\/actualites\/composition-de-west-ham-contre-crystal-palace-xi-prevu-pour-le-choc-de-premier-league-alors-que-la-statistique-agreable-de-jarrod-bowen-emerge\/\"},\"wordCount\":331,\"publisher\":{\"@id\":\"https:\/\/footdavant.fr\/actualites\/#organization\"},\"keywords\":[\"agr\u00e9able\",\"alors\",\"Bowen\",\"choc\",\"composition\",\"contre\",\"Crystal\",\"\u00e9merge\",\"Ham\",\"Jarrod\",\"League\",\"Palace\",\"pour\",\"Premier\",\"pr\u00e9vu\",\"statistique\",\"West\"],\"articleSection\":[\"Premier League\"],\"inLanguage\":\"fr-FR\"},{\"@type\":\"WebPage\",\"@id\":\"https:\/\/footdavant.fr\/actualites\/composition-de-west-ham-contre-crystal-palace-xi-prevu-pour-le-choc-de-premier-league-alors-que-la-statistique-agreable-de-jarrod-bowen-emerge\/\",\"url\":\"https:\/\/footdavant.fr\/actualites\/composition-de-west-ham-contre-crystal-palace-xi-prevu-pour-le-choc-de-premier-league-alors-que-la-statistique-agreable-de-jarrod-bowen-emerge\/\",\"name\":\"Composition de West Ham contre Crystal Palace\u00a0: XI pr\u00e9vu pour le choc de Premier League alors que la statistique agr\u00e9able de Jarrod Bowen \u00e9merge\",\"isPartOf\":{\"@id\":\"https:\/\/footdavant.fr\/actualites\/#website\"},\"datePublished\":\"2026-04-22T08:48:44+00:00\",\"dateModified\":\"2026-04-22T08:48:45+00:00\",\"breadcrumb\":{\"@id\":\"https:\/\/footdavant.fr\/actualites\/composition-de-west-ham-contre-crystal-palace-xi-prevu-pour-le-choc-de-premier-league-alors-que-la-statistique-agreable-de-jarrod-bowen-emerge\/#breadcrumb\"},\"inLanguage\":\"fr-FR\",\"potentialAction\":[{\"@type\":\"ReadAction\",\"target\":[\"https:\/\/footdavant.fr\/actualites\/composition-de-west-ham-contre-crystal-palace-xi-prevu-pour-le-choc-de-premier-league-alors-que-la-statistique-agreable-de-jarrod-bowen-emerge\/\"]}]},{\"@type\":\"BreadcrumbList\",\"@id\":\"https:\/\/footdavant.fr\/actualites\/composition-de-west-ham-contre-crystal-palace-xi-prevu-pour-le-choc-de-premier-league-alors-que-la-statistique-agreable-de-jarrod-bowen-emerge\/#breadcrumb\",\"itemListElement\":[{\"@type\":\"ListItem\",\"position\":1,\"name\":\"Accueil\",\"item\":\"https:\/\/footdavant.fr\/actualites\/\"},{\"@type\":\"ListItem\",\"position\":2,\"name\":\"Composition de West Ham contre Crystal Palace\u00a0: XI pr\u00e9vu pour le choc de Premier League alors que la statistique agr\u00e9able de Jarrod Bowen \u00e9merge\"}]},{\"@type\":\"WebSite\",\"@id\":\"https:\/\/footdavant.fr\/actualites\/#website\",\"url\":\"https:\/\/footdavant.fr\/actualites\/\",\"name\":\"Foot d'avant\",\"description\":\"\",\"publisher\":{\"@id\":\"https:\/\/footdavant.fr\/actualites\/#organization\"},\"potentialAction\":[{\"@type\":\"SearchAction\",\"target\":{\"@type\":\"EntryPoint\",\"urlTemplate\":\"https:\/\/footdavant.fr\/actualites\/?s={search_term_string}\"},\"query-input\":\"required name=search_term_string\"}],\"inLanguage\":\"fr-FR\"},{\"@type\":\"Organization\",\"@id\":\"https:\/\/footdavant.fr\/actualites\/#organization\",\"name\":\"Foot d'avant\",\"url\":\"https:\/\/footdavant.fr\/actualites\/\",\"logo\":{\"@type\":\"ImageObject\",\"inLanguage\":\"fr-FR\",\"@id\":\"https:\/\/footdavant.fr\/actualites\/#\/schema\/logo\/image\/\",\"url\":\"https:\/\/footdavant.fr\/actualites\/wp-content\/uploads\/2023\/09\/Copy-of-FootDavant-Logo.png\",\"contentUrl\":\"https:\/\/footdavant.fr\/actualites\/wp-content\/uploads\/2023\/09\/Copy-of-FootDavant-Logo.png\",\"width\":936,\"height\":549,\"caption\":\"Foot d'avant\"},\"image\":{\"@id\":\"https:\/\/footdavant.fr\/actualites\/#\/schema\/logo\/image\/\"},\"sameAs\":[\"https:\/\/www.facebook.com\/Footdavant\/\",\"https:\/\/twitter.com\/FootdavantFr\",\"https:\/\/www.instagram.com\/footdavant.fr\/\"]},{\"@type\":\"Person\",\"@id\":\"https:\/\/footdavant.fr\/actualites\/#\/schema\/person\/bc222566d95871b37e597b3ed3ba5e1d\",\"name\":\"Cl\u00e9ment\",\"image\":{\"@type\":\"ImageObject\",\"inLanguage\":\"fr-FR\",\"@id\":\"https:\/\/footdavant.fr\/actualites\/#\/schema\/person\/image\/\",\"url\":\"https:\/\/secure.gravatar.com\/avatar\/7728b29aac2719421e1a9159b2254c44?s=96&d=mm&r=g\",\"contentUrl\":\"https:\/\/secure.gravatar.com\/avatar\/7728b29aac2719421e1a9159b2254c44?s=96&d=mm&r=g\",\"caption\":\"Cl\u00e9ment\"},\"sameAs\":[\"https:\/\/footdavant.fr\/\"]}]}<\/script>\n<!-- \/ Yoast SEO plugin. -->","yoast_head_json":{"title":"Composition de West Ham contre Crystal Palace\u00a0: XI pr\u00e9vu pour le choc de Premier League alors que la statistique agr\u00e9able de Jarrod Bowen \u00e9merge","robots":{"index":"index","follow":"follow","max-snippet":"max-snippet:-1","max-image-preview":"max-image-preview:large","max-video-preview":"max-video-preview:-1"},"canonical":"https:\/\/footdavant.fr\/actualites\/composition-de-west-ham-contre-crystal-palace-xi-prevu-pour-le-choc-de-premier-league-alors-que-la-statistique-agreable-de-jarrod-bowen-emerge\/","og_locale":"fr_FR","og_type":"article","og_title":"Composition de West Ham contre Crystal Palace\u00a0: XI pr\u00e9vu pour le choc de Premier League alors que la statistique agr\u00e9able de Jarrod Bowen \u00e9merge","og_description":"Le capitaine de West Ham United, Jarrod Bowen, tentera de marquer contre Crystal Palace pour le troisi\u00e8me match cons\u00e9cutif lors du derby de la Premier","og_url":"https:\/\/footdavant.fr\/actualites\/composition-de-west-ham-contre-crystal-palace-xi-prevu-pour-le-choc-de-premier-league-alors-que-la-statistique-agreable-de-jarrod-bowen-emerge\/","og_site_name":"Foot d&#039;avant","article_publisher":"https:\/\/www.facebook.com\/Footdavant\/","article_published_time":"2026-04-22T08:48:44+00:00","article_modified_time":"2026-04-22T08:48:45+00:00","og_image":[{"width":720,"height":410,"url":"https:\/\/footdavant.fr\/actualites\/wp-content\/uploads\/2026\/04\/Composition-de-West-Ham-contre-Crystal-Palace-XI-prevu-pour.net2Fuploads2F20262F012Fimago1071914827.webp","type":"image\/webp"}],"author":"Cl\u00e9ment","twitter_card":"summary_large_image","twitter_creator":"@FootdavantFr","twitter_site":"@FootdavantFr","twitter_misc":{"\u00c9crit par":"Cl\u00e9ment","Dur\u00e9e de lecture estim\u00e9e":"2 minutes"},"schema":{"@context":"https:\/\/schema.org","@graph":[{"@type":"Article","@id":"https:\/\/footdavant.fr\/actualites\/composition-de-west-ham-contre-crystal-palace-xi-prevu-pour-le-choc-de-premier-league-alors-que-la-statistique-agreable-de-jarrod-bowen-emerge\/#article","isPartOf":{"@id":"https:\/\/footdavant.fr\/actualites\/composition-de-west-ham-contre-crystal-palace-xi-prevu-pour-le-choc-de-premier-league-alors-que-la-statistique-agreable-de-jarrod-bowen-emerge\/"},"author":{"name":"Cl\u00e9ment","@id":"https:\/\/footdavant.fr\/actualites\/#\/schema\/person\/bc222566d95871b37e597b3ed3ba5e1d"},"headline":"Composition de West Ham contre Crystal Palace\u00a0: XI pr\u00e9vu pour le choc de Premier League alors que la statistique agr\u00e9able de Jarrod Bowen \u00e9merge","datePublished":"2026-04-22T08:48:44+00:00","dateModified":"2026-04-22T08:48:45+00:00","mainEntityOfPage":{"@id":"https:\/\/footdavant.fr\/actualites\/composition-de-west-ham-contre-crystal-palace-xi-prevu-pour-le-choc-de-premier-league-alors-que-la-statistique-agreable-de-jarrod-bowen-emerge\/"},"wordCount":331,"publisher":{"@id":"https:\/\/footdavant.fr\/actualites\/#organization"},"keywords":["agr\u00e9able","alors","Bowen","choc","composition","contre","Crystal","\u00e9merge","Ham","Jarrod","League","Palace","pour","Premier","pr\u00e9vu","statistique","West"],"articleSection":["Premier League"],"inLanguage":"fr-FR"},{"@type":"WebPage","@id":"https:\/\/footdavant.fr\/actualites\/composition-de-west-ham-contre-crystal-palace-xi-prevu-pour-le-choc-de-premier-league-alors-que-la-statistique-agreable-de-jarrod-bowen-emerge\/","url":"https:\/\/footdavant.fr\/actualites\/composition-de-west-ham-contre-crystal-palace-xi-prevu-pour-le-choc-de-premier-league-alors-que-la-statistique-agreable-de-jarrod-bowen-emerge\/","name":"Composition de West Ham contre Crystal Palace\u00a0: XI pr\u00e9vu pour le choc de Premier League alors que la statistique agr\u00e9able de Jarrod Bowen \u00e9merge","isPartOf":{"@id":"https:\/\/footdavant.fr\/actualites\/#website"},"datePublished":"2026-04-22T08:48:44+00:00","dateModified":"2026-04-22T08:48:45+00:00","breadcrumb":{"@id":"https:\/\/footdavant.fr\/actualites\/composition-de-west-ham-contre-crystal-palace-xi-prevu-pour-le-choc-de-premier-league-alors-que-la-statistique-agreable-de-jarrod-bowen-emerge\/#breadcrumb"},"inLanguage":"fr-FR","potentialAction":[{"@type":"ReadAction","target":["https:\/\/footdavant.fr\/actualites\/composition-de-west-ham-contre-crystal-palace-xi-prevu-pour-le-choc-de-premier-league-alors-que-la-statistique-agreable-de-jarrod-bowen-emerge\/"]}]},{"@type":"BreadcrumbList","@id":"https:\/\/footdavant.fr\/actualites\/composition-de-west-ham-contre-crystal-palace-xi-prevu-pour-le-choc-de-premier-league-alors-que-la-statistique-agreable-de-jarrod-bowen-emerge\/#breadcrumb","itemListElement":[{"@type":"ListItem","position":1,"name":"Accueil","item":"https:\/\/footdavant.fr\/actualites\/"},{"@type":"ListItem","position":2,"name":"Composition de West Ham contre Crystal Palace\u00a0: XI pr\u00e9vu pour le choc de Premier League alors que la statistique agr\u00e9able de Jarrod Bowen \u00e9merge"}]},{"@type":"WebSite","@id":"https:\/\/footdavant.fr\/actualites\/#website","url":"https:\/\/footdavant.fr\/actualites\/","name":"Foot d'avant","description":"","publisher":{"@id":"https:\/\/footdavant.fr\/actualites\/#organization"},"potentialAction":[{"@type":"SearchAction","target":{"@type":"EntryPoint","urlTemplate":"https:\/\/footdavant.fr\/actualites\/?s={search_term_string}"},"query-input":"required name=search_term_string"}],"inLanguage":"fr-FR"},{"@type":"Organization","@id":"https:\/\/footdavant.fr\/actualites\/#organization","name":"Foot d'avant","url":"https:\/\/footdavant.fr\/actualites\/","logo":{"@type":"ImageObject","inLanguage":"fr-FR","@id":"https:\/\/footdavant.fr\/actualites\/#\/schema\/logo\/image\/","url":"https:\/\/footdavant.fr\/actualites\/wp-content\/uploads\/2023\/09\/Copy-of-FootDavant-Logo.png","contentUrl":"https:\/\/footdavant.fr\/actualites\/wp-content\/uploads\/2023\/09\/Copy-of-FootDavant-Logo.png","width":936,"height":549,"caption":"Foot d'avant"},"image":{"@id":"https:\/\/footdavant.fr\/actualites\/#\/schema\/logo\/image\/"},"sameAs":["https:\/\/www.facebook.com\/Footdavant\/","https:\/\/twitter.com\/FootdavantFr","https:\/\/www.instagram.com\/footdavant.fr\/"]},{"@type":"Person","@id":"https:\/\/footdavant.fr\/actualites\/#\/schema\/person\/bc222566d95871b37e597b3ed3ba5e1d","name":"Cl\u00e9ment","image":{"@type":"ImageObject","inLanguage":"fr-FR","@id":"https:\/\/footdavant.fr\/actualites\/#\/schema\/person\/image\/","url":"https:\/\/secure.gravatar.com\/avatar\/7728b29aac2719421e1a9159b2254c44?s=96&d=mm&r=g","contentUrl":"https:\/\/secure.gravatar.com\/avatar\/7728b29aac2719421e1a9159b2254c44?s=96&d=mm&r=g","caption":"Cl\u00e9ment"},"sameAs":["https:\/\/footdavant.fr\/"]}]}},"_links":{"self":[{"href":"https:\/\/footdavant.fr\/actualites\/wp-json\/wp\/v2\/posts\/36710"}],"collection":[{"href":"https:\/\/footdavant.fr\/actualites\/wp-json\/wp\/v2\/posts"}],"about":[{"href":"https:\/\/footdavant.fr\/actualites\/wp-json\/wp\/v2\/types\/post"}],"author":[{"embeddable":true,"href":"https:\/\/footdavant.fr\/actualites\/wp-json\/wp\/v2\/users\/1"}],"replies":[{"embeddable":true,"href":"https:\/\/footdavant.fr\/actualites\/wp-json\/wp\/v2\/comments?post=36710"}],"version-history":[{"count":1,"href":"https:\/\/footdavant.fr\/actualites\/wp-json\/wp\/v2\/posts\/36710\/revisions"}],"predecessor-version":[{"id":36712,"href":"https:\/\/footdavant.fr\/actualites\/wp-json\/wp\/v2\/posts\/36710\/revisions\/36712"}],"wp:featuredmedia":[{"embeddable":true,"href":"https:\/\/footdavant.fr\/actualites\/wp-json\/wp\/v2\/media\/36711"}],"wp:attachment":[{"href":"https:\/\/footdavant.fr\/actualites\/wp-json\/wp\/v2\/media?parent=36710"}],"wp:term":[{"taxonomy":"category","embeddable":true,"href":"https:\/\/footdavant.fr\/actualites\/wp-json\/wp\/v2\/categories?post=36710"},{"taxonomy":"post_tag","embeddable":true,"href":"https:\/\/footdavant.fr\/actualites\/wp-json\/wp\/v2\/tags?post=36710"}],"curies":[{"name":"wp","href":"https:\/\/api.w.org\/{rel}","templated":true}]}}