{"id":36713,"date":"2026-04-22T12:48:06","date_gmt":"2026-04-22T10:48:06","guid":{"rendered":"https:\/\/footdavant.fr\/actualites\/richard-rios-man-united-apprend-le-prix-demande-pour-le-guerrier-de-benfica\/"},"modified":"2026-04-22T12:48:07","modified_gmt":"2026-04-22T10:48:07","slug":"richard-rios-man-united-apprend-le-prix-demande-pour-le-guerrier-de-benfica","status":"publish","type":"post","link":"https:\/\/footdavant.fr\/actualites\/richard-rios-man-united-apprend-le-prix-demande-pour-le-guerrier-de-benfica\/","title":{"rendered":"Richard Rios: Man United apprend le prix demand\u00e9 pour le guerrier de Benfica &#8211;"},"content":{"rendered":"<div id=\"penci-post-entry-inner\">\n<p>\t\t\t<i class=\"penci-post-countview-number-check\" style=\"display:none\">0<\/i><\/p>\n<p>La poursuite de Richard Rios par Manchester United a re\u00e7u un coup de pouce puisque Benfica est pr\u00eat \u00e0 accepter un accord \u00e0 prix r\u00e9duit cet \u00e9t\u00e9, selon un nouveau rapport.<\/p>\n<h5>Touche-\u00e0-tout<\/h5>\n<p>Rios est un milieu de terrain polyvalent, capable d&#39;influencer les matchs \u00e0 chaque phase du jeu. Bien qu&#39;il ait \u00e9t\u00e9 principalement utilis\u00e9 par Jose Mourinho comme d\u00e9fenseur d\u00e9fensif des Eagles cette saison, le joueur de 25 ans a retourn\u00e9 10 buts \u2013 cinq buts et cinq passes d\u00e9cisives \u2013 en 42 apparitions.<\/p>\n<p>L&#39;international colombien, qui devrait jouer un r\u00f4le cl\u00e9 pour son pays lors de la Coupe du monde cet \u00e9t\u00e9, mesure 6&#39;1 avec un cadre puissant et une excellente mobilit\u00e9. En particulier, ses capacit\u00e9s \u00e0 remporter des duels se d\u00e9marquent par-dessus tout, car il \u00e9tait in\u00e9gal\u00e9 dans ce domaine. <a rel=\"nofollow noopener\" href=\"https:\/\/twitter.com\/StatmanDave\/status\/1940129639902716290#:~:text=Jul%201-,Richard%20R%C3%ADos%20has%20won%2025%20ground%20duels%20at%20the%20Club,the%20tournament%20has%20won%20more.\" target=\"_blank\">statistique <\/a> \u00e0 la Coupe du Monde des Clubs l&#39;\u00e9t\u00e9 dernier alors qu&#39;il \u00e9voluait encore sous les couleurs de Palmeiras, malgr\u00e9 la sortie du g\u00e9ant br\u00e9silien en quart de finale. <\/p>\n<p>Ces performances accrocheuses lui ont valu un transfert de 26 millions de livres sterling au Portugal \u2013 avec un int\u00e9r\u00eat croissant de la Premier League et de la Serie A apr\u00e8s une premi\u00e8re campagne impressionnante \u00e0 l&#39;Estadio da Luz.<\/p>\n<h5>Course br\u00fblante<\/h5>\n<p>Caught Offside r\u00e9v\u00e8le que les Diables Rouges sont \u00ab \u00e0 surveiller dans la course \u00bb \u00e0 la signature de Rios cet \u00e9t\u00e9. <\/p>\n<p>Cela corrobore un rapport relay\u00e9 par Old Trafford comme une potentielle am\u00e9lioration de Manuel Ugarte, l&#39;Uruguayen de 25 ans n&#39;ayant pas r\u00e9ussi \u00e0 impressionner depuis son arriv\u00e9e du Paris Saint-Germain en 2024.<\/p>\n<p>Une clause lib\u00e9ratoire d\u2019une valeur de 87 millions de livres sterling constituait un obstacle important \u00e0 tout accord, mais des sources bien plac\u00e9es indiquent qu\u2019une offre de l\u2019ordre de 39 millions de livres sterling est \u00ab susceptible d\u2019\u00eatre accept\u00e9e \u00bb. Il est d\u00e9crit comme \u00ab hautement improbable \u00bb que Rios reste dans la capitale portugaise au-del\u00e0 de l&#39;\u00e9t\u00e9, m\u00eame si le rapport indique que Benfica sera conscient que son stock pourrait monter en fl\u00e8che s&#39;il brille pour la Colombie \u00e0 la Coupe du monde.<\/p>\n<p>Fulham, son rival en Premier League, aurait d\u00e9j\u00e0 pris contact avec le camp de Rios, tandis que les champions italiens de Naples ont \u00ab\u00a0tenu des discussions internes sur la pr\u00e9sentation d&#39;une offre d&#39;ouverture\u00a0\u00bb.<\/p>\n<p>Cependant, avec United, les trois clubs \u00e9valuent le natif de Vegachi \u00e0 environ 26 millions de livres sterling, ce qui indique que Benfica surgonfle le prix demand\u00e9 pour son pr\u00e9cieux atout.<\/p>\n<h5>Pens\u00e9es finales<\/h5>\n<p>INEOS a l&#39;intention de r\u00e9organiser le milieu de terrain cet \u00e9t\u00e9 avec l&#39;arriv\u00e9e de deux nouvelles recrues, une pour am\u00e9liorer Ugarte et une pour remplacer Casemiro alors que son contrat expire en mai.<\/p>\n<p>La priorit\u00e9 est de trouver un successeur appropri\u00e9 au g\u00e9ant br\u00e9silien qui, malgr\u00e9 ses 34 ans en f\u00e9vrier, reste partie int\u00e9grante de l&#39;\u00e9quipe de Michael Carrick.<\/p>\n<p>Mais si un accord \u00e0 prix r\u00e9duit, plus proche de 26 millions de livres sterling que de 39 millions de livres sterling, pouvait \u00eatre conclu pour un mastodonte sud-am\u00e9ricain r\u00e9sistant et \u00e9nergique pour remplacer la version d\u00e9faillante actuellement \u00e0 Old Trafford, cela transformerait le milieu de terrain de United en une source de force, plut\u00f4t que de faiblesse.<\/p>\n<p>Et le fait que des sources indiquent que Rios est plus susceptible qu\u2019improbable de quitter Benfica signifie que United peut d\u00e9crocher l\u2019or cet \u00e9t\u00e9 avec un doubl\u00e9 au milieu du terrain. <\/p>\n<hr\/>\n<p>The Peoples Person est l&#39;un des principaux sites d&#39;information de Man United au monde depuis plus d&#39;une d\u00e9cennie. Suivez-nous sur Bluesky\u00a0: @peoplesperson.bsky.social<\/p>\n<p><!-- CONTENT END 2 --><\/p><\/div>\n<p><script async src=\"https:\/\/platform.twitter.com\/widgets.js\" charset=\"utf-8\"><\/script><\/p>\n","protected":false},"excerpt":{"rendered":"<p>0 La poursuite de Richard Rios par Manchester United a re\u00e7u un coup de pouce puisque Benfica est pr\u00eat \u00e0 accepter un accord \u00e0 prix<\/p>\n","protected":false},"author":1,"featured_media":36518,"comment_status":"closed","ping_status":"","sticky":false,"template":"","format":"standard","meta":{"footnotes":""},"categories":[3],"tags":[2905,528,74,11868,24,51,73,3489,9660,13],"yoast_head":"<!-- This site is optimized with the Yoast SEO plugin v21.0 - https:\/\/yoast.com\/wordpress\/plugins\/seo\/ -->\n<title>Richard Rios: Man United apprend le prix demand\u00e9 pour le guerrier de Benfica -<\/title>\n<meta name=\"robots\" content=\"index, follow, max-snippet:-1, max-image-preview:large, max-video-preview:-1\" \/>\n<link rel=\"canonical\" href=\"https:\/\/footdavant.fr\/actualites\/richard-rios-man-united-apprend-le-prix-demande-pour-le-guerrier-de-benfica\/\" \/>\n<meta property=\"og:locale\" content=\"fr_FR\" \/>\n<meta property=\"og:type\" content=\"article\" \/>\n<meta property=\"og:title\" content=\"Richard Rios: Man United apprend le prix demand\u00e9 pour le guerrier de Benfica -\" \/>\n<meta property=\"og:description\" content=\"0 La poursuite de Richard Rios par Manchester United a re\u00e7u un coup de pouce puisque Benfica est pr\u00eat \u00e0 accepter un accord \u00e0 prix\" \/>\n<meta property=\"og:url\" content=\"https:\/\/footdavant.fr\/actualites\/richard-rios-man-united-apprend-le-prix-demande-pour-le-guerrier-de-benfica\/\" \/>\n<meta property=\"og:site_name\" content=\"Foot d&#039;avant\" \/>\n<meta property=\"article:publisher\" content=\"https:\/\/www.facebook.com\/Footdavant\/\" \/>\n<meta property=\"article:published_time\" content=\"2026-04-22T10:48:06+00:00\" \/>\n<meta property=\"article:modified_time\" content=\"2026-04-22T10:48:07+00:00\" \/>\n<meta property=\"og:image\" content=\"https:\/\/footdavant.fr\/actualites\/wp-content\/uploads\/2026\/04\/Richard-Rios-Manchester-United-se-lance-dans-la-course-pour.jpg\" \/>\n\t<meta property=\"og:image:width\" content=\"1600\" \/>\n\t<meta property=\"og:image:height\" content=\"703\" \/>\n\t<meta property=\"og:image:type\" content=\"image\/jpeg\" \/>\n<meta name=\"author\" content=\"Cl\u00e9ment\" \/>\n<meta name=\"twitter:card\" content=\"summary_large_image\" \/>\n<meta name=\"twitter:creator\" content=\"@FootdavantFr\" \/>\n<meta name=\"twitter:site\" content=\"@FootdavantFr\" \/>\n<meta name=\"twitter:label1\" content=\"\u00c9crit par\" \/>\n\t<meta name=\"twitter:data1\" content=\"Cl\u00e9ment\" \/>\n\t<meta name=\"twitter:label2\" content=\"Dur\u00e9e de lecture estim\u00e9e\" \/>\n\t<meta name=\"twitter:data2\" content=\"3 minutes\" \/>\n<script type=\"application\/ld+json\" class=\"yoast-schema-graph\">{\"@context\":\"https:\/\/schema.org\",\"@graph\":[{\"@type\":\"Article\",\"@id\":\"https:\/\/footdavant.fr\/actualites\/richard-rios-man-united-apprend-le-prix-demande-pour-le-guerrier-de-benfica\/#article\",\"isPartOf\":{\"@id\":\"https:\/\/footdavant.fr\/actualites\/richard-rios-man-united-apprend-le-prix-demande-pour-le-guerrier-de-benfica\/\"},\"author\":{\"name\":\"Cl\u00e9ment\",\"@id\":\"https:\/\/footdavant.fr\/actualites\/#\/schema\/person\/bc222566d95871b37e597b3ed3ba5e1d\"},\"headline\":\"Richard Rios: Man United apprend le prix demand\u00e9 pour le guerrier de Benfica &#8211;\",\"datePublished\":\"2026-04-22T10:48:06+00:00\",\"dateModified\":\"2026-04-22T10:48:07+00:00\",\"mainEntityOfPage\":{\"@id\":\"https:\/\/footdavant.fr\/actualites\/richard-rios-man-united-apprend-le-prix-demande-pour-le-guerrier-de-benfica\/\"},\"wordCount\":627,\"publisher\":{\"@id\":\"https:\/\/footdavant.fr\/actualites\/#organization\"},\"keywords\":[\"apprend\",\"Benfica\",\"demand\u00e9\",\"guerrier\",\"Man\",\"pour\",\"prix\",\"Richard\",\"Rios\",\"United\"],\"articleSection\":[\"Football\"],\"inLanguage\":\"fr-FR\"},{\"@type\":\"WebPage\",\"@id\":\"https:\/\/footdavant.fr\/actualites\/richard-rios-man-united-apprend-le-prix-demande-pour-le-guerrier-de-benfica\/\",\"url\":\"https:\/\/footdavant.fr\/actualites\/richard-rios-man-united-apprend-le-prix-demande-pour-le-guerrier-de-benfica\/\",\"name\":\"Richard Rios: Man United apprend le prix demand\u00e9 pour le guerrier de Benfica -\",\"isPartOf\":{\"@id\":\"https:\/\/footdavant.fr\/actualites\/#website\"},\"datePublished\":\"2026-04-22T10:48:06+00:00\",\"dateModified\":\"2026-04-22T10:48:07+00:00\",\"breadcrumb\":{\"@id\":\"https:\/\/footdavant.fr\/actualites\/richard-rios-man-united-apprend-le-prix-demande-pour-le-guerrier-de-benfica\/#breadcrumb\"},\"inLanguage\":\"fr-FR\",\"potentialAction\":[{\"@type\":\"ReadAction\",\"target\":[\"https:\/\/footdavant.fr\/actualites\/richard-rios-man-united-apprend-le-prix-demande-pour-le-guerrier-de-benfica\/\"]}]},{\"@type\":\"BreadcrumbList\",\"@id\":\"https:\/\/footdavant.fr\/actualites\/richard-rios-man-united-apprend-le-prix-demande-pour-le-guerrier-de-benfica\/#breadcrumb\",\"itemListElement\":[{\"@type\":\"ListItem\",\"position\":1,\"name\":\"Accueil\",\"item\":\"https:\/\/footdavant.fr\/actualites\/\"},{\"@type\":\"ListItem\",\"position\":2,\"name\":\"Richard Rios: Man United apprend le prix demand\u00e9 pour le guerrier de Benfica &#8211;\"}]},{\"@type\":\"WebSite\",\"@id\":\"https:\/\/footdavant.fr\/actualites\/#website\",\"url\":\"https:\/\/footdavant.fr\/actualites\/\",\"name\":\"Foot d'avant\",\"description\":\"\",\"publisher\":{\"@id\":\"https:\/\/footdavant.fr\/actualites\/#organization\"},\"potentialAction\":[{\"@type\":\"SearchAction\",\"target\":{\"@type\":\"EntryPoint\",\"urlTemplate\":\"https:\/\/footdavant.fr\/actualites\/?s={search_term_string}\"},\"query-input\":\"required name=search_term_string\"}],\"inLanguage\":\"fr-FR\"},{\"@type\":\"Organization\",\"@id\":\"https:\/\/footdavant.fr\/actualites\/#organization\",\"name\":\"Foot d'avant\",\"url\":\"https:\/\/footdavant.fr\/actualites\/\",\"logo\":{\"@type\":\"ImageObject\",\"inLanguage\":\"fr-FR\",\"@id\":\"https:\/\/footdavant.fr\/actualites\/#\/schema\/logo\/image\/\",\"url\":\"https:\/\/footdavant.fr\/actualites\/wp-content\/uploads\/2023\/09\/Copy-of-FootDavant-Logo.png\",\"contentUrl\":\"https:\/\/footdavant.fr\/actualites\/wp-content\/uploads\/2023\/09\/Copy-of-FootDavant-Logo.png\",\"width\":936,\"height\":549,\"caption\":\"Foot d'avant\"},\"image\":{\"@id\":\"https:\/\/footdavant.fr\/actualites\/#\/schema\/logo\/image\/\"},\"sameAs\":[\"https:\/\/www.facebook.com\/Footdavant\/\",\"https:\/\/twitter.com\/FootdavantFr\",\"https:\/\/www.instagram.com\/footdavant.fr\/\"]},{\"@type\":\"Person\",\"@id\":\"https:\/\/footdavant.fr\/actualites\/#\/schema\/person\/bc222566d95871b37e597b3ed3ba5e1d\",\"name\":\"Cl\u00e9ment\",\"image\":{\"@type\":\"ImageObject\",\"inLanguage\":\"fr-FR\",\"@id\":\"https:\/\/footdavant.fr\/actualites\/#\/schema\/person\/image\/\",\"url\":\"https:\/\/secure.gravatar.com\/avatar\/7728b29aac2719421e1a9159b2254c44?s=96&d=mm&r=g\",\"contentUrl\":\"https:\/\/secure.gravatar.com\/avatar\/7728b29aac2719421e1a9159b2254c44?s=96&d=mm&r=g\",\"caption\":\"Cl\u00e9ment\"},\"sameAs\":[\"https:\/\/footdavant.fr\/\"]}]}<\/script>\n<!-- \/ Yoast SEO plugin. -->","yoast_head_json":{"title":"Richard Rios: Man United apprend le prix demand\u00e9 pour le guerrier de Benfica -","robots":{"index":"index","follow":"follow","max-snippet":"max-snippet:-1","max-image-preview":"max-image-preview:large","max-video-preview":"max-video-preview:-1"},"canonical":"https:\/\/footdavant.fr\/actualites\/richard-rios-man-united-apprend-le-prix-demande-pour-le-guerrier-de-benfica\/","og_locale":"fr_FR","og_type":"article","og_title":"Richard Rios: Man United apprend le prix demand\u00e9 pour le guerrier de Benfica -","og_description":"0 La poursuite de Richard Rios par Manchester United a re\u00e7u un coup de pouce puisque Benfica est pr\u00eat \u00e0 accepter un accord \u00e0 prix","og_url":"https:\/\/footdavant.fr\/actualites\/richard-rios-man-united-apprend-le-prix-demande-pour-le-guerrier-de-benfica\/","og_site_name":"Foot d&#039;avant","article_publisher":"https:\/\/www.facebook.com\/Footdavant\/","article_published_time":"2026-04-22T10:48:06+00:00","article_modified_time":"2026-04-22T10:48:07+00:00","og_image":[{"width":1600,"height":703,"url":"https:\/\/footdavant.fr\/actualites\/wp-content\/uploads\/2026\/04\/Richard-Rios-Manchester-United-se-lance-dans-la-course-pour.jpg","type":"image\/jpeg"}],"author":"Cl\u00e9ment","twitter_card":"summary_large_image","twitter_creator":"@FootdavantFr","twitter_site":"@FootdavantFr","twitter_misc":{"\u00c9crit par":"Cl\u00e9ment","Dur\u00e9e de lecture estim\u00e9e":"3 minutes"},"schema":{"@context":"https:\/\/schema.org","@graph":[{"@type":"Article","@id":"https:\/\/footdavant.fr\/actualites\/richard-rios-man-united-apprend-le-prix-demande-pour-le-guerrier-de-benfica\/#article","isPartOf":{"@id":"https:\/\/footdavant.fr\/actualites\/richard-rios-man-united-apprend-le-prix-demande-pour-le-guerrier-de-benfica\/"},"author":{"name":"Cl\u00e9ment","@id":"https:\/\/footdavant.fr\/actualites\/#\/schema\/person\/bc222566d95871b37e597b3ed3ba5e1d"},"headline":"Richard Rios: Man United apprend le prix demand\u00e9 pour le guerrier de Benfica &#8211;","datePublished":"2026-04-22T10:48:06+00:00","dateModified":"2026-04-22T10:48:07+00:00","mainEntityOfPage":{"@id":"https:\/\/footdavant.fr\/actualites\/richard-rios-man-united-apprend-le-prix-demande-pour-le-guerrier-de-benfica\/"},"wordCount":627,"publisher":{"@id":"https:\/\/footdavant.fr\/actualites\/#organization"},"keywords":["apprend","Benfica","demand\u00e9","guerrier","Man","pour","prix","Richard","Rios","United"],"articleSection":["Football"],"inLanguage":"fr-FR"},{"@type":"WebPage","@id":"https:\/\/footdavant.fr\/actualites\/richard-rios-man-united-apprend-le-prix-demande-pour-le-guerrier-de-benfica\/","url":"https:\/\/footdavant.fr\/actualites\/richard-rios-man-united-apprend-le-prix-demande-pour-le-guerrier-de-benfica\/","name":"Richard Rios: Man United apprend le prix demand\u00e9 pour le guerrier de Benfica -","isPartOf":{"@id":"https:\/\/footdavant.fr\/actualites\/#website"},"datePublished":"2026-04-22T10:48:06+00:00","dateModified":"2026-04-22T10:48:07+00:00","breadcrumb":{"@id":"https:\/\/footdavant.fr\/actualites\/richard-rios-man-united-apprend-le-prix-demande-pour-le-guerrier-de-benfica\/#breadcrumb"},"inLanguage":"fr-FR","potentialAction":[{"@type":"ReadAction","target":["https:\/\/footdavant.fr\/actualites\/richard-rios-man-united-apprend-le-prix-demande-pour-le-guerrier-de-benfica\/"]}]},{"@type":"BreadcrumbList","@id":"https:\/\/footdavant.fr\/actualites\/richard-rios-man-united-apprend-le-prix-demande-pour-le-guerrier-de-benfica\/#breadcrumb","itemListElement":[{"@type":"ListItem","position":1,"name":"Accueil","item":"https:\/\/footdavant.fr\/actualites\/"},{"@type":"ListItem","position":2,"name":"Richard Rios: Man United apprend le prix demand\u00e9 pour le guerrier de Benfica &#8211;"}]},{"@type":"WebSite","@id":"https:\/\/footdavant.fr\/actualites\/#website","url":"https:\/\/footdavant.fr\/actualites\/","name":"Foot d'avant","description":"","publisher":{"@id":"https:\/\/footdavant.fr\/actualites\/#organization"},"potentialAction":[{"@type":"SearchAction","target":{"@type":"EntryPoint","urlTemplate":"https:\/\/footdavant.fr\/actualites\/?s={search_term_string}"},"query-input":"required name=search_term_string"}],"inLanguage":"fr-FR"},{"@type":"Organization","@id":"https:\/\/footdavant.fr\/actualites\/#organization","name":"Foot d'avant","url":"https:\/\/footdavant.fr\/actualites\/","logo":{"@type":"ImageObject","inLanguage":"fr-FR","@id":"https:\/\/footdavant.fr\/actualites\/#\/schema\/logo\/image\/","url":"https:\/\/footdavant.fr\/actualites\/wp-content\/uploads\/2023\/09\/Copy-of-FootDavant-Logo.png","contentUrl":"https:\/\/footdavant.fr\/actualites\/wp-content\/uploads\/2023\/09\/Copy-of-FootDavant-Logo.png","width":936,"height":549,"caption":"Foot d'avant"},"image":{"@id":"https:\/\/footdavant.fr\/actualites\/#\/schema\/logo\/image\/"},"sameAs":["https:\/\/www.facebook.com\/Footdavant\/","https:\/\/twitter.com\/FootdavantFr","https:\/\/www.instagram.com\/footdavant.fr\/"]},{"@type":"Person","@id":"https:\/\/footdavant.fr\/actualites\/#\/schema\/person\/bc222566d95871b37e597b3ed3ba5e1d","name":"Cl\u00e9ment","image":{"@type":"ImageObject","inLanguage":"fr-FR","@id":"https:\/\/footdavant.fr\/actualites\/#\/schema\/person\/image\/","url":"https:\/\/secure.gravatar.com\/avatar\/7728b29aac2719421e1a9159b2254c44?s=96&d=mm&r=g","contentUrl":"https:\/\/secure.gravatar.com\/avatar\/7728b29aac2719421e1a9159b2254c44?s=96&d=mm&r=g","caption":"Cl\u00e9ment"},"sameAs":["https:\/\/footdavant.fr\/"]}]}},"_links":{"self":[{"href":"https:\/\/footdavant.fr\/actualites\/wp-json\/wp\/v2\/posts\/36713"}],"collection":[{"href":"https:\/\/footdavant.fr\/actualites\/wp-json\/wp\/v2\/posts"}],"about":[{"href":"https:\/\/footdavant.fr\/actualites\/wp-json\/wp\/v2\/types\/post"}],"author":[{"embeddable":true,"href":"https:\/\/footdavant.fr\/actualites\/wp-json\/wp\/v2\/users\/1"}],"replies":[{"embeddable":true,"href":"https:\/\/footdavant.fr\/actualites\/wp-json\/wp\/v2\/comments?post=36713"}],"version-history":[{"count":1,"href":"https:\/\/footdavant.fr\/actualites\/wp-json\/wp\/v2\/posts\/36713\/revisions"}],"predecessor-version":[{"id":36714,"href":"https:\/\/footdavant.fr\/actualites\/wp-json\/wp\/v2\/posts\/36713\/revisions\/36714"}],"wp:featuredmedia":[{"embeddable":true,"href":"https:\/\/footdavant.fr\/actualites\/wp-json\/wp\/v2\/media\/36518"}],"wp:attachment":[{"href":"https:\/\/footdavant.fr\/actualites\/wp-json\/wp\/v2\/media?parent=36713"}],"wp:term":[{"taxonomy":"category","embeddable":true,"href":"https:\/\/footdavant.fr\/actualites\/wp-json\/wp\/v2\/categories?post=36713"},{"taxonomy":"post_tag","embeddable":true,"href":"https:\/\/footdavant.fr\/actualites\/wp-json\/wp\/v2\/tags?post=36713"}],"curies":[{"name":"wp","href":"https:\/\/api.w.org\/{rel}","templated":true}]}}