{"id":36715,"date":"2026-04-22T14:48:10","date_gmt":"2026-04-22T12:48:10","guid":{"rendered":"https:\/\/footdavant.fr\/actualites\/composition-de-crystal-palace-contre-west-ham-xi-prevu-pour-le-choc-de-premier-league-apres-la-frayeur-dadam-wharton\/"},"modified":"2026-04-22T14:48:11","modified_gmt":"2026-04-22T12:48:11","slug":"composition-de-crystal-palace-contre-west-ham-xi-prevu-pour-le-choc-de-premier-league-apres-la-frayeur-dadam-wharton","status":"publish","type":"post","link":"https:\/\/footdavant.fr\/actualites\/composition-de-crystal-palace-contre-west-ham-xi-prevu-pour-le-choc-de-premier-league-apres-la-frayeur-dadam-wharton\/","title":{"rendered":"Composition de Crystal Palace contre West Ham : XI pr\u00e9vu pour le choc de Premier League apr\u00e8s la frayeur d&#39;Adam Wharton"},"content":{"rendered":"<div itemprop=\"articleBody\">\n<p>Crystal Palace transpire sur la forme physique d&#39;Adam Wharton et de Maxence Lacroix avant le derby de la Premier League londonienne de lundi contre West Ham United \u00e0 Selhurst Park.<\/p>\n<p>Les deux hommes ont \u00e9t\u00e9 retir\u00e9s dans la premi\u00e8re mi-temps de la d\u00e9faite 2-1 de la Conference League contre la Fiorentina jeudi \u2013 qui a n\u00e9anmoins propuls\u00e9 Palace en demi-finale 4-2 au total \u2013 alors que Wharton s&#39;est bless\u00e9 \u00e0 l&#39;adducteur tandis que Lacroix s&#39;est bless\u00e9 au genou.<\/p>\n<p>Sans surprise, Oliver Glasner n&#39;a pas pu donner de mise \u00e0 jour ferme sur Wharton ou Lacroix imm\u00e9diatement apr\u00e8s le match, mais le redressement serr\u00e9 signifie que ce serait un choc de voir l&#39;un ou l&#39;autre donner le feu vert pour lundi soir.<\/p>\n<p>Dans une meilleure nouvelle, le retrait de Jean-Philippe Mateta \u00e0 la mi-temps en milieu de semaine n&#39;\u00e9tait que par pr\u00e9caution, le Fran\u00e7ais devrait donc garder Jorgen Strand Larsen \u00e0 distance alors qu&#39;il poursuit son 50e but en Premier League, apr\u00e8s \u00eatre pass\u00e9 \u00e0 48 avec son doubl\u00e9 contre Newcastle United le week-end dernier.<\/p>\n<p>Ismaila Sarr devrait comme toujours s&#39;associer \u00e0 Mateta, mais Brennan Johnson pourrait remplacer Yeremy Pino dans l&#39;un des rares changements apport\u00e9s \u00e0 une \u00e9quipe fatigu\u00e9e de Crystal Palace.<\/p>\n<p>Borna Sosa, Will Hughes et Jefferson Lerma pourraient tous b\u00e9n\u00e9ficier d&#39;une rotation indispensable dans la banque centrale de quatre, m\u00eame s&#39;il est peu probable que Daniel Munoz b\u00e9n\u00e9ficie d&#39;un r\u00e9pit.<\/p>\n<p>Lerma serait \u00e9galement une option alternative \u00e0 Lacroix en difficult\u00e9 en d\u00e9fense, mais Chadi Riad est une alternative plus que comp\u00e9tente aux c\u00f4t\u00e9s de Chris Richards et Jaydee Canvot.<\/p>\n<p>Composition de d\u00e9part possible de Crystal Palace :<\/p>\n<p>Henderson\u00a0; Canvot, Richards, Riad; Munoz, Lerma, Hughes, Sosa; Sarr, Johnson; Mateta<\/p>\n<p>> Cliquez ici pour voir comment West Ham pourrait s&#39;aligner contre Crystal Palace<\/p>\n<h2>D\u00e9couvrez l\u2019aper\u00e7u vid\u00e9o de Sports Mole pour Crystal Palace contre West Ham\u00a0:<\/h2>\n<\/div>\n","protected":false},"excerpt":{"rendered":"<p>Crystal Palace transpire sur la forme physique d&#39;Adam Wharton et de Maxence Lacroix avant le derby de la Premier League londonienne de lundi contre West<\/p>\n","protected":false},"author":1,"featured_media":36716,"comment_status":"closed","ping_status":"","sticky":false,"template":"","format":"standard","meta":{"footnotes":""},"categories":[5],"tags":[25,332,2291,20,1008,11141,905,286,202,815,51,201,3924,285,5312],"yoast_head":"<!-- This site is optimized with the Yoast SEO plugin v21.0 - https:\/\/yoast.com\/wordpress\/plugins\/seo\/ -->\n<title>Composition de Crystal Palace contre West Ham : XI pr\u00e9vu pour le choc de Premier League apr\u00e8s la frayeur d&#039;Adam Wharton<\/title>\n<meta name=\"robots\" content=\"index, follow, max-snippet:-1, max-image-preview:large, max-video-preview:-1\" \/>\n<link rel=\"canonical\" href=\"https:\/\/footdavant.fr\/actualites\/composition-de-crystal-palace-contre-west-ham-xi-prevu-pour-le-choc-de-premier-league-apres-la-frayeur-dadam-wharton\/\" \/>\n<meta property=\"og:locale\" content=\"fr_FR\" \/>\n<meta property=\"og:type\" content=\"article\" \/>\n<meta property=\"og:title\" content=\"Composition de Crystal Palace contre West Ham : XI pr\u00e9vu pour le choc de Premier League apr\u00e8s la frayeur d&#039;Adam Wharton\" \/>\n<meta property=\"og:description\" content=\"Crystal Palace transpire sur la forme physique d&#039;Adam Wharton et de Maxence Lacroix avant le derby de la Premier League londonienne de lundi contre West\" \/>\n<meta property=\"og:url\" content=\"https:\/\/footdavant.fr\/actualites\/composition-de-crystal-palace-contre-west-ham-xi-prevu-pour-le-choc-de-premier-league-apres-la-frayeur-dadam-wharton\/\" \/>\n<meta property=\"og:site_name\" content=\"Foot d&#039;avant\" \/>\n<meta property=\"article:publisher\" content=\"https:\/\/www.facebook.com\/Footdavant\/\" \/>\n<meta property=\"article:published_time\" content=\"2026-04-22T12:48:10+00:00\" \/>\n<meta property=\"article:modified_time\" content=\"2026-04-22T12:48:11+00:00\" \/>\n<meta property=\"og:image\" content=\"https:\/\/footdavant.fr\/actualites\/wp-content\/uploads\/2026\/04\/Composition-de-Crystal-Palace-contre-West-Ham-XI-prevu.net2Fuploads2F20262F012Fcrystal-palace-s.webp\" \/>\n\t<meta property=\"og:image:width\" content=\"720\" \/>\n\t<meta property=\"og:image:height\" content=\"410\" \/>\n\t<meta property=\"og:image:type\" content=\"image\/webp\" \/>\n<meta name=\"author\" content=\"Cl\u00e9ment\" \/>\n<meta name=\"twitter:card\" content=\"summary_large_image\" \/>\n<meta name=\"twitter:creator\" content=\"@FootdavantFr\" \/>\n<meta name=\"twitter:site\" content=\"@FootdavantFr\" \/>\n<meta name=\"twitter:label1\" content=\"\u00c9crit par\" \/>\n\t<meta name=\"twitter:data1\" content=\"Cl\u00e9ment\" \/>\n\t<meta name=\"twitter:label2\" content=\"Dur\u00e9e de lecture estim\u00e9e\" \/>\n\t<meta name=\"twitter:data2\" content=\"2 minutes\" \/>\n<script type=\"application\/ld+json\" class=\"yoast-schema-graph\">{\"@context\":\"https:\/\/schema.org\",\"@graph\":[{\"@type\":\"Article\",\"@id\":\"https:\/\/footdavant.fr\/actualites\/composition-de-crystal-palace-contre-west-ham-xi-prevu-pour-le-choc-de-premier-league-apres-la-frayeur-dadam-wharton\/#article\",\"isPartOf\":{\"@id\":\"https:\/\/footdavant.fr\/actualites\/composition-de-crystal-palace-contre-west-ham-xi-prevu-pour-le-choc-de-premier-league-apres-la-frayeur-dadam-wharton\/\"},\"author\":{\"name\":\"Cl\u00e9ment\",\"@id\":\"https:\/\/footdavant.fr\/actualites\/#\/schema\/person\/bc222566d95871b37e597b3ed3ba5e1d\"},\"headline\":\"Composition de Crystal Palace contre West Ham : XI pr\u00e9vu pour le choc de Premier League apr\u00e8s la frayeur d&#39;Adam Wharton\",\"datePublished\":\"2026-04-22T12:48:10+00:00\",\"dateModified\":\"2026-04-22T12:48:11+00:00\",\"mainEntityOfPage\":{\"@id\":\"https:\/\/footdavant.fr\/actualites\/composition-de-crystal-palace-contre-west-ham-xi-prevu-pour-le-choc-de-premier-league-apres-la-frayeur-dadam-wharton\/\"},\"wordCount\":355,\"publisher\":{\"@id\":\"https:\/\/footdavant.fr\/actualites\/#organization\"},\"keywords\":[\"apr\u00e8s\",\"choc\",\"composition\",\"contre\",\"Crystal\",\"d39Adam\",\"frayeur\",\"Ham\",\"League\",\"Palace\",\"pour\",\"Premier\",\"pr\u00e9vu\",\"West\",\"Wharton\"],\"articleSection\":[\"Premier League\"],\"inLanguage\":\"fr-FR\"},{\"@type\":\"WebPage\",\"@id\":\"https:\/\/footdavant.fr\/actualites\/composition-de-crystal-palace-contre-west-ham-xi-prevu-pour-le-choc-de-premier-league-apres-la-frayeur-dadam-wharton\/\",\"url\":\"https:\/\/footdavant.fr\/actualites\/composition-de-crystal-palace-contre-west-ham-xi-prevu-pour-le-choc-de-premier-league-apres-la-frayeur-dadam-wharton\/\",\"name\":\"Composition de Crystal Palace contre West Ham : XI pr\u00e9vu pour le choc de Premier League apr\u00e8s la frayeur d&#39;Adam Wharton\",\"isPartOf\":{\"@id\":\"https:\/\/footdavant.fr\/actualites\/#website\"},\"datePublished\":\"2026-04-22T12:48:10+00:00\",\"dateModified\":\"2026-04-22T12:48:11+00:00\",\"breadcrumb\":{\"@id\":\"https:\/\/footdavant.fr\/actualites\/composition-de-crystal-palace-contre-west-ham-xi-prevu-pour-le-choc-de-premier-league-apres-la-frayeur-dadam-wharton\/#breadcrumb\"},\"inLanguage\":\"fr-FR\",\"potentialAction\":[{\"@type\":\"ReadAction\",\"target\":[\"https:\/\/footdavant.fr\/actualites\/composition-de-crystal-palace-contre-west-ham-xi-prevu-pour-le-choc-de-premier-league-apres-la-frayeur-dadam-wharton\/\"]}]},{\"@type\":\"BreadcrumbList\",\"@id\":\"https:\/\/footdavant.fr\/actualites\/composition-de-crystal-palace-contre-west-ham-xi-prevu-pour-le-choc-de-premier-league-apres-la-frayeur-dadam-wharton\/#breadcrumb\",\"itemListElement\":[{\"@type\":\"ListItem\",\"position\":1,\"name\":\"Accueil\",\"item\":\"https:\/\/footdavant.fr\/actualites\/\"},{\"@type\":\"ListItem\",\"position\":2,\"name\":\"Composition de Crystal Palace contre West Ham : XI pr\u00e9vu pour le choc de Premier League apr\u00e8s la frayeur d&#39;Adam Wharton\"}]},{\"@type\":\"WebSite\",\"@id\":\"https:\/\/footdavant.fr\/actualites\/#website\",\"url\":\"https:\/\/footdavant.fr\/actualites\/\",\"name\":\"Foot d'avant\",\"description\":\"\",\"publisher\":{\"@id\":\"https:\/\/footdavant.fr\/actualites\/#organization\"},\"potentialAction\":[{\"@type\":\"SearchAction\",\"target\":{\"@type\":\"EntryPoint\",\"urlTemplate\":\"https:\/\/footdavant.fr\/actualites\/?s={search_term_string}\"},\"query-input\":\"required name=search_term_string\"}],\"inLanguage\":\"fr-FR\"},{\"@type\":\"Organization\",\"@id\":\"https:\/\/footdavant.fr\/actualites\/#organization\",\"name\":\"Foot d'avant\",\"url\":\"https:\/\/footdavant.fr\/actualites\/\",\"logo\":{\"@type\":\"ImageObject\",\"inLanguage\":\"fr-FR\",\"@id\":\"https:\/\/footdavant.fr\/actualites\/#\/schema\/logo\/image\/\",\"url\":\"https:\/\/footdavant.fr\/actualites\/wp-content\/uploads\/2023\/09\/Copy-of-FootDavant-Logo.png\",\"contentUrl\":\"https:\/\/footdavant.fr\/actualites\/wp-content\/uploads\/2023\/09\/Copy-of-FootDavant-Logo.png\",\"width\":936,\"height\":549,\"caption\":\"Foot d'avant\"},\"image\":{\"@id\":\"https:\/\/footdavant.fr\/actualites\/#\/schema\/logo\/image\/\"},\"sameAs\":[\"https:\/\/www.facebook.com\/Footdavant\/\",\"https:\/\/twitter.com\/FootdavantFr\",\"https:\/\/www.instagram.com\/footdavant.fr\/\"]},{\"@type\":\"Person\",\"@id\":\"https:\/\/footdavant.fr\/actualites\/#\/schema\/person\/bc222566d95871b37e597b3ed3ba5e1d\",\"name\":\"Cl\u00e9ment\",\"image\":{\"@type\":\"ImageObject\",\"inLanguage\":\"fr-FR\",\"@id\":\"https:\/\/footdavant.fr\/actualites\/#\/schema\/person\/image\/\",\"url\":\"https:\/\/secure.gravatar.com\/avatar\/7728b29aac2719421e1a9159b2254c44?s=96&d=mm&r=g\",\"contentUrl\":\"https:\/\/secure.gravatar.com\/avatar\/7728b29aac2719421e1a9159b2254c44?s=96&d=mm&r=g\",\"caption\":\"Cl\u00e9ment\"},\"sameAs\":[\"https:\/\/footdavant.fr\/\"]}]}<\/script>\n<!-- \/ Yoast SEO plugin. -->","yoast_head_json":{"title":"Composition de Crystal Palace contre West Ham : XI pr\u00e9vu pour le choc de Premier League apr\u00e8s la frayeur d&#39;Adam Wharton","robots":{"index":"index","follow":"follow","max-snippet":"max-snippet:-1","max-image-preview":"max-image-preview:large","max-video-preview":"max-video-preview:-1"},"canonical":"https:\/\/footdavant.fr\/actualites\/composition-de-crystal-palace-contre-west-ham-xi-prevu-pour-le-choc-de-premier-league-apres-la-frayeur-dadam-wharton\/","og_locale":"fr_FR","og_type":"article","og_title":"Composition de Crystal Palace contre West Ham : XI pr\u00e9vu pour le choc de Premier League apr\u00e8s la frayeur d&#39;Adam Wharton","og_description":"Crystal Palace transpire sur la forme physique d&#39;Adam Wharton et de Maxence Lacroix avant le derby de la Premier League londonienne de lundi contre West","og_url":"https:\/\/footdavant.fr\/actualites\/composition-de-crystal-palace-contre-west-ham-xi-prevu-pour-le-choc-de-premier-league-apres-la-frayeur-dadam-wharton\/","og_site_name":"Foot d&#039;avant","article_publisher":"https:\/\/www.facebook.com\/Footdavant\/","article_published_time":"2026-04-22T12:48:10+00:00","article_modified_time":"2026-04-22T12:48:11+00:00","og_image":[{"width":720,"height":410,"url":"https:\/\/footdavant.fr\/actualites\/wp-content\/uploads\/2026\/04\/Composition-de-Crystal-Palace-contre-West-Ham-XI-prevu.net2Fuploads2F20262F012Fcrystal-palace-s.webp","type":"image\/webp"}],"author":"Cl\u00e9ment","twitter_card":"summary_large_image","twitter_creator":"@FootdavantFr","twitter_site":"@FootdavantFr","twitter_misc":{"\u00c9crit par":"Cl\u00e9ment","Dur\u00e9e de lecture estim\u00e9e":"2 minutes"},"schema":{"@context":"https:\/\/schema.org","@graph":[{"@type":"Article","@id":"https:\/\/footdavant.fr\/actualites\/composition-de-crystal-palace-contre-west-ham-xi-prevu-pour-le-choc-de-premier-league-apres-la-frayeur-dadam-wharton\/#article","isPartOf":{"@id":"https:\/\/footdavant.fr\/actualites\/composition-de-crystal-palace-contre-west-ham-xi-prevu-pour-le-choc-de-premier-league-apres-la-frayeur-dadam-wharton\/"},"author":{"name":"Cl\u00e9ment","@id":"https:\/\/footdavant.fr\/actualites\/#\/schema\/person\/bc222566d95871b37e597b3ed3ba5e1d"},"headline":"Composition de Crystal Palace contre West Ham : XI pr\u00e9vu pour le choc de Premier League apr\u00e8s la frayeur d&#39;Adam Wharton","datePublished":"2026-04-22T12:48:10+00:00","dateModified":"2026-04-22T12:48:11+00:00","mainEntityOfPage":{"@id":"https:\/\/footdavant.fr\/actualites\/composition-de-crystal-palace-contre-west-ham-xi-prevu-pour-le-choc-de-premier-league-apres-la-frayeur-dadam-wharton\/"},"wordCount":355,"publisher":{"@id":"https:\/\/footdavant.fr\/actualites\/#organization"},"keywords":["apr\u00e8s","choc","composition","contre","Crystal","d39Adam","frayeur","Ham","League","Palace","pour","Premier","pr\u00e9vu","West","Wharton"],"articleSection":["Premier League"],"inLanguage":"fr-FR"},{"@type":"WebPage","@id":"https:\/\/footdavant.fr\/actualites\/composition-de-crystal-palace-contre-west-ham-xi-prevu-pour-le-choc-de-premier-league-apres-la-frayeur-dadam-wharton\/","url":"https:\/\/footdavant.fr\/actualites\/composition-de-crystal-palace-contre-west-ham-xi-prevu-pour-le-choc-de-premier-league-apres-la-frayeur-dadam-wharton\/","name":"Composition de Crystal Palace contre West Ham : XI pr\u00e9vu pour le choc de Premier League apr\u00e8s la frayeur d&#39;Adam Wharton","isPartOf":{"@id":"https:\/\/footdavant.fr\/actualites\/#website"},"datePublished":"2026-04-22T12:48:10+00:00","dateModified":"2026-04-22T12:48:11+00:00","breadcrumb":{"@id":"https:\/\/footdavant.fr\/actualites\/composition-de-crystal-palace-contre-west-ham-xi-prevu-pour-le-choc-de-premier-league-apres-la-frayeur-dadam-wharton\/#breadcrumb"},"inLanguage":"fr-FR","potentialAction":[{"@type":"ReadAction","target":["https:\/\/footdavant.fr\/actualites\/composition-de-crystal-palace-contre-west-ham-xi-prevu-pour-le-choc-de-premier-league-apres-la-frayeur-dadam-wharton\/"]}]},{"@type":"BreadcrumbList","@id":"https:\/\/footdavant.fr\/actualites\/composition-de-crystal-palace-contre-west-ham-xi-prevu-pour-le-choc-de-premier-league-apres-la-frayeur-dadam-wharton\/#breadcrumb","itemListElement":[{"@type":"ListItem","position":1,"name":"Accueil","item":"https:\/\/footdavant.fr\/actualites\/"},{"@type":"ListItem","position":2,"name":"Composition de Crystal Palace contre West Ham : XI pr\u00e9vu pour le choc de Premier League apr\u00e8s la frayeur d&#39;Adam Wharton"}]},{"@type":"WebSite","@id":"https:\/\/footdavant.fr\/actualites\/#website","url":"https:\/\/footdavant.fr\/actualites\/","name":"Foot d'avant","description":"","publisher":{"@id":"https:\/\/footdavant.fr\/actualites\/#organization"},"potentialAction":[{"@type":"SearchAction","target":{"@type":"EntryPoint","urlTemplate":"https:\/\/footdavant.fr\/actualites\/?s={search_term_string}"},"query-input":"required name=search_term_string"}],"inLanguage":"fr-FR"},{"@type":"Organization","@id":"https:\/\/footdavant.fr\/actualites\/#organization","name":"Foot d'avant","url":"https:\/\/footdavant.fr\/actualites\/","logo":{"@type":"ImageObject","inLanguage":"fr-FR","@id":"https:\/\/footdavant.fr\/actualites\/#\/schema\/logo\/image\/","url":"https:\/\/footdavant.fr\/actualites\/wp-content\/uploads\/2023\/09\/Copy-of-FootDavant-Logo.png","contentUrl":"https:\/\/footdavant.fr\/actualites\/wp-content\/uploads\/2023\/09\/Copy-of-FootDavant-Logo.png","width":936,"height":549,"caption":"Foot d'avant"},"image":{"@id":"https:\/\/footdavant.fr\/actualites\/#\/schema\/logo\/image\/"},"sameAs":["https:\/\/www.facebook.com\/Footdavant\/","https:\/\/twitter.com\/FootdavantFr","https:\/\/www.instagram.com\/footdavant.fr\/"]},{"@type":"Person","@id":"https:\/\/footdavant.fr\/actualites\/#\/schema\/person\/bc222566d95871b37e597b3ed3ba5e1d","name":"Cl\u00e9ment","image":{"@type":"ImageObject","inLanguage":"fr-FR","@id":"https:\/\/footdavant.fr\/actualites\/#\/schema\/person\/image\/","url":"https:\/\/secure.gravatar.com\/avatar\/7728b29aac2719421e1a9159b2254c44?s=96&d=mm&r=g","contentUrl":"https:\/\/secure.gravatar.com\/avatar\/7728b29aac2719421e1a9159b2254c44?s=96&d=mm&r=g","caption":"Cl\u00e9ment"},"sameAs":["https:\/\/footdavant.fr\/"]}]}},"_links":{"self":[{"href":"https:\/\/footdavant.fr\/actualites\/wp-json\/wp\/v2\/posts\/36715"}],"collection":[{"href":"https:\/\/footdavant.fr\/actualites\/wp-json\/wp\/v2\/posts"}],"about":[{"href":"https:\/\/footdavant.fr\/actualites\/wp-json\/wp\/v2\/types\/post"}],"author":[{"embeddable":true,"href":"https:\/\/footdavant.fr\/actualites\/wp-json\/wp\/v2\/users\/1"}],"replies":[{"embeddable":true,"href":"https:\/\/footdavant.fr\/actualites\/wp-json\/wp\/v2\/comments?post=36715"}],"version-history":[{"count":1,"href":"https:\/\/footdavant.fr\/actualites\/wp-json\/wp\/v2\/posts\/36715\/revisions"}],"predecessor-version":[{"id":36717,"href":"https:\/\/footdavant.fr\/actualites\/wp-json\/wp\/v2\/posts\/36715\/revisions\/36717"}],"wp:featuredmedia":[{"embeddable":true,"href":"https:\/\/footdavant.fr\/actualites\/wp-json\/wp\/v2\/media\/36716"}],"wp:attachment":[{"href":"https:\/\/footdavant.fr\/actualites\/wp-json\/wp\/v2\/media?parent=36715"}],"wp:term":[{"taxonomy":"category","embeddable":true,"href":"https:\/\/footdavant.fr\/actualites\/wp-json\/wp\/v2\/categories?post=36715"},{"taxonomy":"post_tag","embeddable":true,"href":"https:\/\/footdavant.fr\/actualites\/wp-json\/wp\/v2\/tags?post=36715"}],"curies":[{"name":"wp","href":"https:\/\/api.w.org\/{rel}","templated":true}]}}