{"id":36721,"date":"2026-04-22T18:48:15","date_gmt":"2026-04-22T16:48:15","guid":{"rendered":"https:\/\/footdavant.fr\/actualites\/nottingham-forest-contre-burnley-vitor-pereira-tente-deviter-degaler-lexploit-de-frank-lampard-et-dentrer-dans-lhistoire-de-lelite\/"},"modified":"2026-04-22T18:48:16","modified_gmt":"2026-04-22T16:48:16","slug":"nottingham-forest-contre-burnley-vitor-pereira-tente-deviter-degaler-lexploit-de-frank-lampard-et-dentrer-dans-lhistoire-de-lelite","status":"publish","type":"post","link":"https:\/\/footdavant.fr\/actualites\/nottingham-forest-contre-burnley-vitor-pereira-tente-deviter-degaler-lexploit-de-frank-lampard-et-dentrer-dans-lhistoire-de-lelite\/","title":{"rendered":"Nottingham Forest contre Burnley : Vitor Pereira tente d\u2019\u00e9viter d\u2019\u00e9galer l\u2019exploit de Frank Lampard et d\u2019entrer dans l\u2019histoire de l\u2019\u00e9lite"},"content":{"rendered":"<div itemprop=\"articleBody\">\n<p>L&#39;entra\u00eeneur-chef de Nottingham Forest, Vitor Pereira, pourrait enregistrer une premi\u00e8re non d\u00e9sir\u00e9e dans l&#39;histoire de l&#39;\u00e9lite anglaise ce week-end.<\/p>\n<p>Burnley est les visiteurs du City Ground alors que Forest tente de s&#39;\u00e9loigner des trois derniers du classement de la Premier League.<\/p>\n<p>L&#39;\u00e9quipe de Pereira est en pleine forme apr\u00e8s avoir battu Porto jeudi soir pour se qualifier pour les demi-finales de la Ligue Europa.<\/p>\n<p>Cependant, avec un double match contre Aston Villa \u00e0 venir, Pereira et son \u00e9quipe seront impatients de s&#39;\u00e9loigner davantage de la zone de rel\u00e9gation ce week-end.<\/p>\n<p>N\u00e9anmoins, le Portugais risque de cr\u00e9er un morceau ind\u00e9sirable de l\u2019histoire de l\u2019\u00e9lite anglaise, ainsi que d\u2019\u00e9galer quelque chose enregistr\u00e9 pour la derni\u00e8re fois par Frank Lampard.<\/p>\n<div>\n<div>\n<div>\n<p>\u00a9 Iconsport \/ SUSA<\/p>\n<\/div>\n<\/div>\n<\/div>\n<h2>Comment Pereira peut-il entrer dans l\u2019histoire de l\u2019\u00e9lite anglaise ?<\/h2>\n<p>Pereira a d\u00e9j\u00e0 jou\u00e9 contre Burnley cette saison, subissant une d\u00e9faite 3-2 \u00e0 domicile contre les Clarets alors qu&#39;il \u00e9tait entra\u00eeneur-chef des Wolverhampton Wanderers.<\/p>\n<p>Dans l\u2019histoire du football anglais de haut niveau, aucun entra\u00eeneur n\u2019a jamais subi deux d\u00e9faites \u00e0 domicile contre une \u00e9quipe nouvellement promue en une seule saison.<\/p>\n<p>Cela dit, l\u2019exploit de perdre deux matchs \u00e0 domicile contre le m\u00eame adversaire au cours de la m\u00eame campagne n\u2019est pas rare, Frank Lampard subissant cet exploit non d\u00e9sir\u00e9 en 2022-23.<\/p>\n<p>Lampard, dont l&#39;\u00e9quipe de Coventry City a remport\u00e9 la promotion en Premier League vendredi, a perdu les matchs \u00e0 domicile contre Brighton &#038; Hove Albion lorsqu&#39;il dirigeait Everton et Chelsea.<\/p>\n<p>L&#39;histoire n&#39;est pas n\u00e9cessairement en faveur de Pereira, Forest n&#39;ayant remport\u00e9 qu&#39;un seul de ses huit derniers matchs contre Burnley.<\/p>\n<\/p>\n<p><iframe loading=\"lazy\" title=\"&quot;Haven&#039;t Got The Players&quot; | Nottingham Forest vs. Burnley Premier League Preview \ud83c\udf33\ud83d\udfe3\" width=\"1200\" height=\"675\" src=\"https:\/\/www.youtube.com\/embed\/uWDbErFsKho?feature=oembed\" frameborder=\"0\" allow=\"accelerometer; autoplay; clipboard-write; encrypted-media; gyroscope; picture-in-picture; web-share\" referrerpolicy=\"strict-origin-when-cross-origin\" allowfullscreen><\/iframe><\/p>\n<h2>Pourquoi les statistiques sugg\u00e8rent-elles que Forest fera match nul 1-1 avec Burnley ?<\/h2>\n<p>Non seulement cinq des huit derniers matchs entre ces clubs se sont sold\u00e9s par une impasse, mais les trois rencontres les plus r\u00e9centes au City Ground se sont sold\u00e9es par un score de 1-1.<\/p>\n<p>Pendant ce temps, Forest a enregistr\u00e9 des matchs nuls lors de trois de ses quatre derniers matches de Premier League au City Ground.<\/p>\n<p>Ils n\u2019ont \u00e9galement marqu\u00e9 que 14 buts en 16 matchs de ce type. Dans le m\u00eame temps, Burnley a marqu\u00e9 18 buts sur le m\u00eame nombre de matchs \u00e0 l&#39;ext\u00e9rieur.<\/p>\n<\/div>\n","protected":false},"excerpt":{"rendered":"<p>L&#39;entra\u00eeneur-chef de Nottingham Forest, Vitor Pereira, pourrait enregistrer une premi\u00e8re non d\u00e9sir\u00e9e dans l&#39;histoire de l&#39;\u00e9lite anglaise ce week-end. Burnley est les visiteurs du City<\/p>\n","protected":false},"author":1,"featured_media":36722,"comment_status":"closed","ping_status":"","sticky":false,"template":"","format":"standard","meta":{"footnotes":""},"categories":[5],"tags":[541,20,19,3997,11869,7414,358,662,663,11870,7390,2566,357,6262,3456,7457],"yoast_head":"<!-- This site is optimized with the Yoast SEO plugin v21.0 - https:\/\/yoast.com\/wordpress\/plugins\/seo\/ -->\n<title>Nottingham Forest contre Burnley : Vitor Pereira tente d\u2019\u00e9viter d\u2019\u00e9galer l\u2019exploit de Frank Lampard et d\u2019entrer dans l\u2019histoire de l\u2019\u00e9lite<\/title>\n<meta name=\"robots\" content=\"index, follow, max-snippet:-1, max-image-preview:large, max-video-preview:-1\" \/>\n<link rel=\"canonical\" href=\"https:\/\/footdavant.fr\/actualites\/nottingham-forest-contre-burnley-vitor-pereira-tente-deviter-degaler-lexploit-de-frank-lampard-et-dentrer-dans-lhistoire-de-lelite\/\" \/>\n<meta property=\"og:locale\" content=\"fr_FR\" \/>\n<meta property=\"og:type\" content=\"article\" \/>\n<meta property=\"og:title\" content=\"Nottingham Forest contre Burnley : Vitor Pereira tente d\u2019\u00e9viter d\u2019\u00e9galer l\u2019exploit de Frank Lampard et d\u2019entrer dans l\u2019histoire de l\u2019\u00e9lite\" \/>\n<meta property=\"og:description\" content=\"L&#039;entra\u00eeneur-chef de Nottingham Forest, Vitor Pereira, pourrait enregistrer une premi\u00e8re non d\u00e9sir\u00e9e dans l&#039;histoire de l&#039;\u00e9lite anglaise ce week-end. Burnley est les visiteurs du City\" \/>\n<meta property=\"og:url\" content=\"https:\/\/footdavant.fr\/actualites\/nottingham-forest-contre-burnley-vitor-pereira-tente-deviter-degaler-lexploit-de-frank-lampard-et-dentrer-dans-lhistoire-de-lelite\/\" \/>\n<meta property=\"og:site_name\" content=\"Foot d&#039;avant\" \/>\n<meta property=\"article:publisher\" content=\"https:\/\/www.facebook.com\/Footdavant\/\" \/>\n<meta property=\"article:published_time\" content=\"2026-04-22T16:48:15+00:00\" \/>\n<meta property=\"article:modified_time\" content=\"2026-04-22T16:48:16+00:00\" \/>\n<meta property=\"og:image\" content=\"https:\/\/footdavant.fr\/actualites\/wp-content\/uploads\/2026\/04\/Nottingham-Forest-contre-Burnley-Vitor-Pereira-tente-deviter-degaler.net2Fuploads2F20262F022Faaa-vp-6994b2c9d.webp\" \/>\n\t<meta property=\"og:image:width\" content=\"720\" \/>\n\t<meta property=\"og:image:height\" content=\"410\" \/>\n\t<meta property=\"og:image:type\" content=\"image\/webp\" \/>\n<meta name=\"author\" content=\"Cl\u00e9ment\" \/>\n<meta name=\"twitter:card\" content=\"summary_large_image\" \/>\n<meta name=\"twitter:creator\" content=\"@FootdavantFr\" \/>\n<meta name=\"twitter:site\" content=\"@FootdavantFr\" \/>\n<meta name=\"twitter:label1\" content=\"\u00c9crit par\" \/>\n\t<meta name=\"twitter:data1\" content=\"Cl\u00e9ment\" \/>\n\t<meta name=\"twitter:label2\" content=\"Dur\u00e9e de lecture estim\u00e9e\" \/>\n\t<meta name=\"twitter:data2\" content=\"2 minutes\" \/>\n<script type=\"application\/ld+json\" class=\"yoast-schema-graph\">{\"@context\":\"https:\/\/schema.org\",\"@graph\":[{\"@type\":\"Article\",\"@id\":\"https:\/\/footdavant.fr\/actualites\/nottingham-forest-contre-burnley-vitor-pereira-tente-deviter-degaler-lexploit-de-frank-lampard-et-dentrer-dans-lhistoire-de-lelite\/#article\",\"isPartOf\":{\"@id\":\"https:\/\/footdavant.fr\/actualites\/nottingham-forest-contre-burnley-vitor-pereira-tente-deviter-degaler-lexploit-de-frank-lampard-et-dentrer-dans-lhistoire-de-lelite\/\"},\"author\":{\"name\":\"Cl\u00e9ment\",\"@id\":\"https:\/\/footdavant.fr\/actualites\/#\/schema\/person\/bc222566d95871b37e597b3ed3ba5e1d\"},\"headline\":\"Nottingham Forest contre Burnley : Vitor Pereira tente d\u2019\u00e9viter d\u2019\u00e9galer l\u2019exploit de Frank Lampard et d\u2019entrer dans l\u2019histoire de l\u2019\u00e9lite\",\"datePublished\":\"2026-04-22T16:48:15+00:00\",\"dateModified\":\"2026-04-22T16:48:16+00:00\",\"mainEntityOfPage\":{\"@id\":\"https:\/\/footdavant.fr\/actualites\/nottingham-forest-contre-burnley-vitor-pereira-tente-deviter-degaler-lexploit-de-frank-lampard-et-dentrer-dans-lhistoire-de-lelite\/\"},\"wordCount\":432,\"publisher\":{\"@id\":\"https:\/\/footdavant.fr\/actualites\/#organization\"},\"keywords\":[\"Burnley\",\"contre\",\"dans\",\"d\u00e9galer\",\"dentrer\",\"d\u00e9viter\",\"Forest\",\"Frank\",\"Lampard\",\"l\u00e9lite\",\"lexploit\",\"lhistoire\",\"Nottingham\",\"Pereira\",\"tente\",\"Vitor\"],\"articleSection\":[\"Premier League\"],\"inLanguage\":\"fr-FR\"},{\"@type\":\"WebPage\",\"@id\":\"https:\/\/footdavant.fr\/actualites\/nottingham-forest-contre-burnley-vitor-pereira-tente-deviter-degaler-lexploit-de-frank-lampard-et-dentrer-dans-lhistoire-de-lelite\/\",\"url\":\"https:\/\/footdavant.fr\/actualites\/nottingham-forest-contre-burnley-vitor-pereira-tente-deviter-degaler-lexploit-de-frank-lampard-et-dentrer-dans-lhistoire-de-lelite\/\",\"name\":\"Nottingham Forest contre Burnley : Vitor Pereira tente d\u2019\u00e9viter d\u2019\u00e9galer l\u2019exploit de Frank Lampard et d\u2019entrer dans l\u2019histoire de l\u2019\u00e9lite\",\"isPartOf\":{\"@id\":\"https:\/\/footdavant.fr\/actualites\/#website\"},\"datePublished\":\"2026-04-22T16:48:15+00:00\",\"dateModified\":\"2026-04-22T16:48:16+00:00\",\"breadcrumb\":{\"@id\":\"https:\/\/footdavant.fr\/actualites\/nottingham-forest-contre-burnley-vitor-pereira-tente-deviter-degaler-lexploit-de-frank-lampard-et-dentrer-dans-lhistoire-de-lelite\/#breadcrumb\"},\"inLanguage\":\"fr-FR\",\"potentialAction\":[{\"@type\":\"ReadAction\",\"target\":[\"https:\/\/footdavant.fr\/actualites\/nottingham-forest-contre-burnley-vitor-pereira-tente-deviter-degaler-lexploit-de-frank-lampard-et-dentrer-dans-lhistoire-de-lelite\/\"]}]},{\"@type\":\"BreadcrumbList\",\"@id\":\"https:\/\/footdavant.fr\/actualites\/nottingham-forest-contre-burnley-vitor-pereira-tente-deviter-degaler-lexploit-de-frank-lampard-et-dentrer-dans-lhistoire-de-lelite\/#breadcrumb\",\"itemListElement\":[{\"@type\":\"ListItem\",\"position\":1,\"name\":\"Accueil\",\"item\":\"https:\/\/footdavant.fr\/actualites\/\"},{\"@type\":\"ListItem\",\"position\":2,\"name\":\"Nottingham Forest contre Burnley : Vitor Pereira tente d\u2019\u00e9viter d\u2019\u00e9galer l\u2019exploit de Frank Lampard et d\u2019entrer dans l\u2019histoire de l\u2019\u00e9lite\"}]},{\"@type\":\"WebSite\",\"@id\":\"https:\/\/footdavant.fr\/actualites\/#website\",\"url\":\"https:\/\/footdavant.fr\/actualites\/\",\"name\":\"Foot d'avant\",\"description\":\"\",\"publisher\":{\"@id\":\"https:\/\/footdavant.fr\/actualites\/#organization\"},\"potentialAction\":[{\"@type\":\"SearchAction\",\"target\":{\"@type\":\"EntryPoint\",\"urlTemplate\":\"https:\/\/footdavant.fr\/actualites\/?s={search_term_string}\"},\"query-input\":\"required name=search_term_string\"}],\"inLanguage\":\"fr-FR\"},{\"@type\":\"Organization\",\"@id\":\"https:\/\/footdavant.fr\/actualites\/#organization\",\"name\":\"Foot d'avant\",\"url\":\"https:\/\/footdavant.fr\/actualites\/\",\"logo\":{\"@type\":\"ImageObject\",\"inLanguage\":\"fr-FR\",\"@id\":\"https:\/\/footdavant.fr\/actualites\/#\/schema\/logo\/image\/\",\"url\":\"https:\/\/footdavant.fr\/actualites\/wp-content\/uploads\/2023\/09\/Copy-of-FootDavant-Logo.png\",\"contentUrl\":\"https:\/\/footdavant.fr\/actualites\/wp-content\/uploads\/2023\/09\/Copy-of-FootDavant-Logo.png\",\"width\":936,\"height\":549,\"caption\":\"Foot d'avant\"},\"image\":{\"@id\":\"https:\/\/footdavant.fr\/actualites\/#\/schema\/logo\/image\/\"},\"sameAs\":[\"https:\/\/www.facebook.com\/Footdavant\/\",\"https:\/\/twitter.com\/FootdavantFr\",\"https:\/\/www.instagram.com\/footdavant.fr\/\"]},{\"@type\":\"Person\",\"@id\":\"https:\/\/footdavant.fr\/actualites\/#\/schema\/person\/bc222566d95871b37e597b3ed3ba5e1d\",\"name\":\"Cl\u00e9ment\",\"image\":{\"@type\":\"ImageObject\",\"inLanguage\":\"fr-FR\",\"@id\":\"https:\/\/footdavant.fr\/actualites\/#\/schema\/person\/image\/\",\"url\":\"https:\/\/secure.gravatar.com\/avatar\/7728b29aac2719421e1a9159b2254c44?s=96&d=mm&r=g\",\"contentUrl\":\"https:\/\/secure.gravatar.com\/avatar\/7728b29aac2719421e1a9159b2254c44?s=96&d=mm&r=g\",\"caption\":\"Cl\u00e9ment\"},\"sameAs\":[\"https:\/\/footdavant.fr\/\"]}]}<\/script>\n<!-- \/ Yoast SEO plugin. -->","yoast_head_json":{"title":"Nottingham Forest contre Burnley : Vitor Pereira tente d\u2019\u00e9viter d\u2019\u00e9galer l\u2019exploit de Frank Lampard et d\u2019entrer dans l\u2019histoire de l\u2019\u00e9lite","robots":{"index":"index","follow":"follow","max-snippet":"max-snippet:-1","max-image-preview":"max-image-preview:large","max-video-preview":"max-video-preview:-1"},"canonical":"https:\/\/footdavant.fr\/actualites\/nottingham-forest-contre-burnley-vitor-pereira-tente-deviter-degaler-lexploit-de-frank-lampard-et-dentrer-dans-lhistoire-de-lelite\/","og_locale":"fr_FR","og_type":"article","og_title":"Nottingham Forest contre Burnley : Vitor Pereira tente d\u2019\u00e9viter d\u2019\u00e9galer l\u2019exploit de Frank Lampard et d\u2019entrer dans l\u2019histoire de l\u2019\u00e9lite","og_description":"L&#39;entra\u00eeneur-chef de Nottingham Forest, Vitor Pereira, pourrait enregistrer une premi\u00e8re non d\u00e9sir\u00e9e dans l&#39;histoire de l&#39;\u00e9lite anglaise ce week-end. Burnley est les visiteurs du City","og_url":"https:\/\/footdavant.fr\/actualites\/nottingham-forest-contre-burnley-vitor-pereira-tente-deviter-degaler-lexploit-de-frank-lampard-et-dentrer-dans-lhistoire-de-lelite\/","og_site_name":"Foot d&#039;avant","article_publisher":"https:\/\/www.facebook.com\/Footdavant\/","article_published_time":"2026-04-22T16:48:15+00:00","article_modified_time":"2026-04-22T16:48:16+00:00","og_image":[{"width":720,"height":410,"url":"https:\/\/footdavant.fr\/actualites\/wp-content\/uploads\/2026\/04\/Nottingham-Forest-contre-Burnley-Vitor-Pereira-tente-deviter-degaler.net2Fuploads2F20262F022Faaa-vp-6994b2c9d.webp","type":"image\/webp"}],"author":"Cl\u00e9ment","twitter_card":"summary_large_image","twitter_creator":"@FootdavantFr","twitter_site":"@FootdavantFr","twitter_misc":{"\u00c9crit par":"Cl\u00e9ment","Dur\u00e9e de lecture estim\u00e9e":"2 minutes"},"schema":{"@context":"https:\/\/schema.org","@graph":[{"@type":"Article","@id":"https:\/\/footdavant.fr\/actualites\/nottingham-forest-contre-burnley-vitor-pereira-tente-deviter-degaler-lexploit-de-frank-lampard-et-dentrer-dans-lhistoire-de-lelite\/#article","isPartOf":{"@id":"https:\/\/footdavant.fr\/actualites\/nottingham-forest-contre-burnley-vitor-pereira-tente-deviter-degaler-lexploit-de-frank-lampard-et-dentrer-dans-lhistoire-de-lelite\/"},"author":{"name":"Cl\u00e9ment","@id":"https:\/\/footdavant.fr\/actualites\/#\/schema\/person\/bc222566d95871b37e597b3ed3ba5e1d"},"headline":"Nottingham Forest contre Burnley : Vitor Pereira tente d\u2019\u00e9viter d\u2019\u00e9galer l\u2019exploit de Frank Lampard et d\u2019entrer dans l\u2019histoire de l\u2019\u00e9lite","datePublished":"2026-04-22T16:48:15+00:00","dateModified":"2026-04-22T16:48:16+00:00","mainEntityOfPage":{"@id":"https:\/\/footdavant.fr\/actualites\/nottingham-forest-contre-burnley-vitor-pereira-tente-deviter-degaler-lexploit-de-frank-lampard-et-dentrer-dans-lhistoire-de-lelite\/"},"wordCount":432,"publisher":{"@id":"https:\/\/footdavant.fr\/actualites\/#organization"},"keywords":["Burnley","contre","dans","d\u00e9galer","dentrer","d\u00e9viter","Forest","Frank","Lampard","l\u00e9lite","lexploit","lhistoire","Nottingham","Pereira","tente","Vitor"],"articleSection":["Premier League"],"inLanguage":"fr-FR"},{"@type":"WebPage","@id":"https:\/\/footdavant.fr\/actualites\/nottingham-forest-contre-burnley-vitor-pereira-tente-deviter-degaler-lexploit-de-frank-lampard-et-dentrer-dans-lhistoire-de-lelite\/","url":"https:\/\/footdavant.fr\/actualites\/nottingham-forest-contre-burnley-vitor-pereira-tente-deviter-degaler-lexploit-de-frank-lampard-et-dentrer-dans-lhistoire-de-lelite\/","name":"Nottingham Forest contre Burnley : Vitor Pereira tente d\u2019\u00e9viter d\u2019\u00e9galer l\u2019exploit de Frank Lampard et d\u2019entrer dans l\u2019histoire de l\u2019\u00e9lite","isPartOf":{"@id":"https:\/\/footdavant.fr\/actualites\/#website"},"datePublished":"2026-04-22T16:48:15+00:00","dateModified":"2026-04-22T16:48:16+00:00","breadcrumb":{"@id":"https:\/\/footdavant.fr\/actualites\/nottingham-forest-contre-burnley-vitor-pereira-tente-deviter-degaler-lexploit-de-frank-lampard-et-dentrer-dans-lhistoire-de-lelite\/#breadcrumb"},"inLanguage":"fr-FR","potentialAction":[{"@type":"ReadAction","target":["https:\/\/footdavant.fr\/actualites\/nottingham-forest-contre-burnley-vitor-pereira-tente-deviter-degaler-lexploit-de-frank-lampard-et-dentrer-dans-lhistoire-de-lelite\/"]}]},{"@type":"BreadcrumbList","@id":"https:\/\/footdavant.fr\/actualites\/nottingham-forest-contre-burnley-vitor-pereira-tente-deviter-degaler-lexploit-de-frank-lampard-et-dentrer-dans-lhistoire-de-lelite\/#breadcrumb","itemListElement":[{"@type":"ListItem","position":1,"name":"Accueil","item":"https:\/\/footdavant.fr\/actualites\/"},{"@type":"ListItem","position":2,"name":"Nottingham Forest contre Burnley : Vitor Pereira tente d\u2019\u00e9viter d\u2019\u00e9galer l\u2019exploit de Frank Lampard et d\u2019entrer dans l\u2019histoire de l\u2019\u00e9lite"}]},{"@type":"WebSite","@id":"https:\/\/footdavant.fr\/actualites\/#website","url":"https:\/\/footdavant.fr\/actualites\/","name":"Foot d'avant","description":"","publisher":{"@id":"https:\/\/footdavant.fr\/actualites\/#organization"},"potentialAction":[{"@type":"SearchAction","target":{"@type":"EntryPoint","urlTemplate":"https:\/\/footdavant.fr\/actualites\/?s={search_term_string}"},"query-input":"required name=search_term_string"}],"inLanguage":"fr-FR"},{"@type":"Organization","@id":"https:\/\/footdavant.fr\/actualites\/#organization","name":"Foot d'avant","url":"https:\/\/footdavant.fr\/actualites\/","logo":{"@type":"ImageObject","inLanguage":"fr-FR","@id":"https:\/\/footdavant.fr\/actualites\/#\/schema\/logo\/image\/","url":"https:\/\/footdavant.fr\/actualites\/wp-content\/uploads\/2023\/09\/Copy-of-FootDavant-Logo.png","contentUrl":"https:\/\/footdavant.fr\/actualites\/wp-content\/uploads\/2023\/09\/Copy-of-FootDavant-Logo.png","width":936,"height":549,"caption":"Foot d'avant"},"image":{"@id":"https:\/\/footdavant.fr\/actualites\/#\/schema\/logo\/image\/"},"sameAs":["https:\/\/www.facebook.com\/Footdavant\/","https:\/\/twitter.com\/FootdavantFr","https:\/\/www.instagram.com\/footdavant.fr\/"]},{"@type":"Person","@id":"https:\/\/footdavant.fr\/actualites\/#\/schema\/person\/bc222566d95871b37e597b3ed3ba5e1d","name":"Cl\u00e9ment","image":{"@type":"ImageObject","inLanguage":"fr-FR","@id":"https:\/\/footdavant.fr\/actualites\/#\/schema\/person\/image\/","url":"https:\/\/secure.gravatar.com\/avatar\/7728b29aac2719421e1a9159b2254c44?s=96&d=mm&r=g","contentUrl":"https:\/\/secure.gravatar.com\/avatar\/7728b29aac2719421e1a9159b2254c44?s=96&d=mm&r=g","caption":"Cl\u00e9ment"},"sameAs":["https:\/\/footdavant.fr\/"]}]}},"_links":{"self":[{"href":"https:\/\/footdavant.fr\/actualites\/wp-json\/wp\/v2\/posts\/36721"}],"collection":[{"href":"https:\/\/footdavant.fr\/actualites\/wp-json\/wp\/v2\/posts"}],"about":[{"href":"https:\/\/footdavant.fr\/actualites\/wp-json\/wp\/v2\/types\/post"}],"author":[{"embeddable":true,"href":"https:\/\/footdavant.fr\/actualites\/wp-json\/wp\/v2\/users\/1"}],"replies":[{"embeddable":true,"href":"https:\/\/footdavant.fr\/actualites\/wp-json\/wp\/v2\/comments?post=36721"}],"version-history":[{"count":1,"href":"https:\/\/footdavant.fr\/actualites\/wp-json\/wp\/v2\/posts\/36721\/revisions"}],"predecessor-version":[{"id":36723,"href":"https:\/\/footdavant.fr\/actualites\/wp-json\/wp\/v2\/posts\/36721\/revisions\/36723"}],"wp:featuredmedia":[{"embeddable":true,"href":"https:\/\/footdavant.fr\/actualites\/wp-json\/wp\/v2\/media\/36722"}],"wp:attachment":[{"href":"https:\/\/footdavant.fr\/actualites\/wp-json\/wp\/v2\/media?parent=36721"}],"wp:term":[{"taxonomy":"category","embeddable":true,"href":"https:\/\/footdavant.fr\/actualites\/wp-json\/wp\/v2\/categories?post=36721"},{"taxonomy":"post_tag","embeddable":true,"href":"https:\/\/footdavant.fr\/actualites\/wp-json\/wp\/v2\/tags?post=36721"}],"curies":[{"name":"wp","href":"https:\/\/api.w.org\/{rel}","templated":true}]}}