{"id":36724,"date":"2026-04-22T20:48:12","date_gmt":"2026-04-22T18:48:12","guid":{"rendered":"https:\/\/footdavant.fr\/actualites\/les-limites-de-la-perception-un-blog-darsenal\/"},"modified":"2026-04-22T20:48:14","modified_gmt":"2026-04-22T18:48:14","slug":"les-limites-de-la-perception-un-blog-darsenal","status":"publish","type":"post","link":"https:\/\/footdavant.fr\/actualites\/les-limites-de-la-perception-un-blog-darsenal\/","title":{"rendered":"Les limites de la perception |  &#8230;un blog d&#39;Arsenal"},"content":{"rendered":"<div>\n<p>Une erreur de pens\u00e9e critique que commettent tous les humains est qu\u2019une fois que nous sommes convaincus d\u2019une critique ou d\u2019une faiblesse chez une personne, un dirigeant, un gouvernement ou une \u00e9quipe sportive, nous commen\u00e7ons \u00e0 la voir partout. Une fois la critique form\u00e9e, m\u00eame si elle repose effectivement sur une base solide, nous la voyons d\u2019abord et y adaptons ensuite les \u00e9v\u00e9nements. Nous perdons facilement la perspective.<\/p>\n<p>Et je le r\u00e9p\u00e8te, nous faisons tous cela, c\u2019est une partie naturelle de la psychologie humaine. Nous absorbons plus d\u2019informations au cours d\u2019une journ\u00e9e moyenne que notre cerveau ne pourrait jamais en absorber, nous devons donc disposer d\u2019un syst\u00e8me de classement. C&#39;est pourquoi la mythologie et la narration \u00e9taient si importantes avant le si\u00e8cle des Lumi\u00e8res. Le mythe de Pers\u00e9phone, par exemple, \u00e9tait une mani\u00e8re abr\u00e9g\u00e9e d\u2019expliquer le ph\u00e9nom\u00e8ne complexe des saisons et la transition entre elles.<\/p>\n<p>Les d\u00e9tectives et les enqu\u00eateurs apprennent \u00e0 garder l\u2019esprit ouvert lorsqu\u2019ils travaillent sur des affaires et \u00e0 se laisser guider par les faits plut\u00f4t que de laisser leurs th\u00e9ories les conduire \u00e0 des preuves. Je pense tous les deux qu&#39;il est vrai qu&#39;Arsenal pourrait avoir des regrets de ne pas avoir \u00ab desserr\u00e9 le frein \u00e0 main \u00bb \u00e0 certains moments cette saison, mais je pense \u00e9galement qu&#39;il existe de nombreuses circonstances dans lesquelles cette critique peut \u00eatre accueillie dans son contexte.<\/p>\n<p>J&#39;appr\u00e9cie vraiment le podcast Libero et je pense qu&#39;ils ont eu plusieurs discussions int\u00e9ressantes et nuanc\u00e9es sur Arsenal cette saison. Ils ont enregistr\u00e9 un \u00e9pisode sur le match Manchester City contre Arsenal plus t\u00f4t cette semaine, qui \u00e9tait encore une fois d&#39;un tr\u00e8s haut niveau. Dans l&#39;\u00e9pisode, ils discutent de la question de savoir si Manchester City a cet avantage cr\u00e9atif cl\u00e9 sur Arsenal en achetant un joueur comme Rayan Cherki et en tol\u00e9rant une partie de sa prodigalit\u00e9 structurelle en \u00e9change de sa capacit\u00e9 \u00e0 marquer le but qu&#39;il a marqu\u00e9 dimanche.<\/p>\n<p>Je pense que c&#39;est une question tout \u00e0 fait l\u00e9gitime. En m\u00eame temps, je pense qu\u2019il y a des circonstances qu\u2019il ne faut pas n\u00e9gliger. Je dirais, peut-\u00eatre avec un certain sens d&#39;extrapolation, qu&#39;Eberechi Eze a suivi un parcours similaire \u00e0 Cherki cette saison, dans le sens o\u00f9 il a fallu un certain temps au joueur et \u00e0 l&#39;\u00e9quipe pour s&#39;entendre.<\/p>\n<p>La frustration, pour moi, c&#39;est qu&#39;au sommet absolu de cette trajectoire, juste apr\u00e8s qu&#39;Eze ait d\u00e9coch\u00e9 une d\u00e9licieuse vol\u00e9e dans la lucarne contre le Bayer Leverkusen, il tire son mollet environ une demi-heure plus tard et rate une partie cruciale de la saison. Avec les blessures de Havertz, Odegaard, Merino et Saka, je pense que cela a \u00e9t\u00e9 un coup dur.<\/p>\n<p>Je pense que la s\u00e9lection d&#39;Arteta contre Manchester City a \u00e9t\u00e9 instructive. Il voulait qu&#39;Odegaard, Eze et Havertz soient ensemble sur le terrain. C&#39;\u00e9tait la premi\u00e8re fois qu&#39;Eze jouait sur l&#39;aile gauche depuis d\u00e9cembre \u00e0 Villa Park. C&#39;\u00e9tait aussi la premi\u00e8re fois qu&#39;Eze et Odegaard \u00e9taient disponibles simultan\u00e9ment depuis des mois.<\/p>\n<p>Lorsqu&#39;on lui a demand\u00e9 avant le match pourquoi Arteta avait c\u00e9d\u00e9 et s\u00e9lectionn\u00e9 Eze sur la gauche dans un match de cette importance, l&#39;entra\u00eeneur a r\u00e9pondu : \u00ab\u00a0Parce qu&#39;il a prouv\u00e9 qu&#39;il \u00e9tait un joueur pour les grands moments\u00a0\u00bb. En bref, cela allait \u00eatre un jeu de pouces et Eze \u00e9tait per\u00e7u comme un joueur capable de faire jouer ces pouces en faveur de l&#39;\u00e9quipe.<\/p>\n<p>Dans le podcast Libero que j&#39;ai li\u00e9, les pan\u00e9listes discutent du brillant objectif individuel de Cherki et sugg\u00e8rent qu&#39;il montre une relaxation chez Pep et une d\u00e9f\u00e9rence envers la cr\u00e9ativit\u00e9 qui manque \u00e0 Arteta. Je pense que cela ne tient pas compte du fait qu&#39;Eze a \u00e9t\u00e9 s\u00e9lectionn\u00e9 pour ce match et qu&#39;il \u00e9tait \u00e0 un quart de pouce de marquer un but d&#39;une beaut\u00e9 et d&#39;une cr\u00e9ativit\u00e9 \u00e9gales.<\/p>\n<p>En fin de compte, City et Arsenal ont tous deux achet\u00e9 des num\u00e9ros 10 \u00ab non-conformistes \u00bb cet \u00e9t\u00e9, qui ont tous deux mis du temps \u00e0 s&#39;acclimater, tous deux ont \u00e9t\u00e9 s\u00e9lectionn\u00e9s pour le plus grand match de la saison et ont tous deux effectu\u00e9 quelques excellentes touches avant d&#39;envoyer le ballon vers le coin inf\u00e9rieur. Le r\u00e9sultat diff\u00e9rait de quelques millim\u00e8tres.<\/p>\n<p>Je ne rejette certainement pas les critiques selon lesquelles Arteta et Arsenal auraient pu et auraient d\u00fb jouer un peu avec le cadran des risques et des r\u00e9compenses au cours des derniers mois. \u00c0 Brighton, Arsenal a choisi de remporter une victoire 1-0 alors qu&#39;il aurait pu \u00eatre plus expressif et capable de multiplier l&#39;avantage. \u00c0 Brighton, le r\u00e9sultat s\u2019est d\u00e9roul\u00e9 dans le bon sens, mais pas aux Wolves et \u00e0 Brentford, par exemple.<\/p>\n<p>Je pense que les blessures susmentionn\u00e9es de certains des meilleurs joueurs techniques d\u2019Arsenal expliquent en grande partie (pas la totalit\u00e9) cela. Je ne dis pas non plus que si Arsenal ne remporte pas le championnat cette saison, la psychologie sera une grande partie de cet \u00e9chec. Tous les \u00e9checs et tous les succ\u00e8s ont plusieurs auteurs et plusieurs facteurs. Les blessures feraient partie de l\u2019histoire, tout comme la fragilit\u00e9 psychologique dans certains moments critiques.<\/p>\n<p>Mais je ne suis toujours pas convaincu qu\u2019Arteta valorise r\u00e9ellement le contr\u00f4le et la prudence. Je pense que l&#39;approche d&#39;une \u00e9quipe est d\u00e9finie par son talent et la plupart des v\u00e9ritables talents d&#39;\u00e9lite d&#39;Arsenal se trouvent derri\u00e8re le ballon. Je pense que si Arteta \u00e9tait avant tout obs\u00e9d\u00e9 par le contr\u00f4le et la prudence, Madueke, Eze et Gyokeres constitueraient une liste de courses estivales tr\u00e8s \u00e9trange et Riccardo Calafiori serait un d\u00e9fenseur tr\u00e8s g\u00eanant.<\/p>\n<p>Au contraire, on pourrait vraiment attribuer la d\u00e9faite de City \u00e0 un manque de prudence. Eze, s\u00e9lectionn\u00e9 pour ses capacit\u00e9s \u00e0 gagner des matchs, est accroch\u00e9 sur le but de Cherki car il n&#39;est pas un d\u00e9fenseur naturel et ses instincts aux abords de sa surface l&#39;ont montr\u00e9. Arsenal conc\u00e8de le deuxi\u00e8me but en grande partie parce qu&#39;ils (enfin, Martinelli) s&#39;engagent trop dans la haute presse.<\/p>\n<p>Mais je comprends pourquoi \u00ab Arsenal a perdu le match parce qu\u2019ils ont manqu\u00e9 de prudence hors du ballon \u00bb n\u2019est pas un cadre attrayant pour ce match \u00e9tant donn\u00e9 les critiques d\u2019Arsenal auxquelles nous nous sommes habitu\u00e9s cette saison (qui, encore une fois, ne sont pas du tout sans fondement). Ce qui est clair maintenant, c\u2019est que nous avons de la clart\u00e9.<\/p>\n<p>Arsenal devra probablement gagner ses cinq derniers matchs pour remporter le titre. Ils affrontent au moins trois adversaires embourb\u00e9s au milieu de la table avec peu de choses \u00e0 jouer et lorsque Burnley viendra aux Emirats en mai, ils seront probablement d\u00e9j\u00e0 rel\u00e9gu\u00e9s. Arsenal doit desserrer le frein \u00e0 main.<\/p>\n<p>Mon opinion personnelle est que s\u2019ils r\u00e9ussissent, cela repr\u00e9sentera moins probablement un changement tactique ou psychologique et cela d\u00e9pendra plus probablement des joueurs disponibles. Je pense que si Eze, Odegaard, Havertz et (esp\u00e9rons-le) Saka peuvent jouer un r\u00f4le important dans ces cinq derniers matchs, nous verrons Arsenal devenir plus expansif en grande partie en raison du talent disponible et moins en raison d&#39;un calcul situationnel.<\/p>\n<\/div>\n","protected":false},"excerpt":{"rendered":"<p>Une erreur de pens\u00e9e critique que commettent tous les humains est qu\u2019une fois que nous sommes convaincus d\u2019une critique ou d\u2019une faiblesse chez une personne,<\/p>\n","protected":false},"author":1,"featured_media":34777,"comment_status":"closed","ping_status":"","sticky":false,"template":"","format":"standard","meta":{"footnotes":""},"categories":[3],"tags":[57,58,4221,93,2021,9237],"yoast_head":"<!-- This site is optimized with the Yoast SEO plugin v21.0 - https:\/\/yoast.com\/wordpress\/plugins\/seo\/ -->\n<title>Les limites de la perception | ...un blog d&#039;Arsenal<\/title>\n<meta name=\"robots\" content=\"index, follow, max-snippet:-1, max-image-preview:large, max-video-preview:-1\" \/>\n<link rel=\"canonical\" href=\"https:\/\/footdavant.fr\/actualites\/les-limites-de-la-perception-un-blog-darsenal\/\" \/>\n<meta property=\"og:locale\" content=\"fr_FR\" \/>\n<meta property=\"og:type\" content=\"article\" \/>\n<meta property=\"og:title\" content=\"Les limites de la perception | ...un blog d&#039;Arsenal\" \/>\n<meta property=\"og:description\" content=\"Une erreur de pens\u00e9e critique que commettent tous les humains est qu\u2019une fois que nous sommes convaincus d\u2019une critique ou d\u2019une faiblesse chez une personne,\" \/>\n<meta property=\"og:url\" content=\"https:\/\/footdavant.fr\/actualites\/les-limites-de-la-perception-un-blog-darsenal\/\" \/>\n<meta property=\"og:site_name\" content=\"Foot d&#039;avant\" \/>\n<meta property=\"article:publisher\" content=\"https:\/\/www.facebook.com\/Footdavant\/\" \/>\n<meta property=\"article:published_time\" content=\"2026-04-22T18:48:12+00:00\" \/>\n<meta property=\"article:modified_time\" content=\"2026-04-22T18:48:14+00:00\" \/>\n<meta property=\"og:image\" content=\"https:\/\/footdavant.fr\/actualites\/wp-content\/uploads\/2026\/02\/Sprs-1-4-Arsenal-Eze-et-Gyokeres-au-double.jpg\" \/>\n\t<meta property=\"og:image:width\" content=\"1500\" \/>\n\t<meta property=\"og:image:height\" content=\"750\" \/>\n\t<meta property=\"og:image:type\" content=\"image\/jpeg\" \/>\n<meta name=\"author\" content=\"Cl\u00e9ment\" \/>\n<meta name=\"twitter:card\" content=\"summary_large_image\" \/>\n<meta name=\"twitter:creator\" content=\"@FootdavantFr\" \/>\n<meta name=\"twitter:site\" content=\"@FootdavantFr\" \/>\n<meta name=\"twitter:label1\" content=\"\u00c9crit par\" \/>\n\t<meta name=\"twitter:data1\" content=\"Cl\u00e9ment\" \/>\n\t<meta name=\"twitter:label2\" content=\"Dur\u00e9e de lecture estim\u00e9e\" \/>\n\t<meta name=\"twitter:data2\" content=\"6 minutes\" \/>\n<script type=\"application\/ld+json\" class=\"yoast-schema-graph\">{\"@context\":\"https:\/\/schema.org\",\"@graph\":[{\"@type\":\"Article\",\"@id\":\"https:\/\/footdavant.fr\/actualites\/les-limites-de-la-perception-un-blog-darsenal\/#article\",\"isPartOf\":{\"@id\":\"https:\/\/footdavant.fr\/actualites\/les-limites-de-la-perception-un-blog-darsenal\/\"},\"author\":{\"name\":\"Cl\u00e9ment\",\"@id\":\"https:\/\/footdavant.fr\/actualites\/#\/schema\/person\/bc222566d95871b37e597b3ed3ba5e1d\"},\"headline\":\"Les limites de la perception | &#8230;un blog d&#39;Arsenal\",\"datePublished\":\"2026-04-22T18:48:12+00:00\",\"dateModified\":\"2026-04-22T18:48:14+00:00\",\"mainEntityOfPage\":{\"@id\":\"https:\/\/footdavant.fr\/actualites\/les-limites-de-la-perception-un-blog-darsenal\/\"},\"wordCount\":1298,\"publisher\":{\"@id\":\"https:\/\/footdavant.fr\/actualites\/#organization\"},\"keywords\":[\"...un\",\"blog\",\"d39Arsenal\",\"les\",\"limites\",\"Perception\"],\"articleSection\":[\"Football\"],\"inLanguage\":\"fr-FR\"},{\"@type\":\"WebPage\",\"@id\":\"https:\/\/footdavant.fr\/actualites\/les-limites-de-la-perception-un-blog-darsenal\/\",\"url\":\"https:\/\/footdavant.fr\/actualites\/les-limites-de-la-perception-un-blog-darsenal\/\",\"name\":\"Les limites de la perception | ...un blog d&#39;Arsenal\",\"isPartOf\":{\"@id\":\"https:\/\/footdavant.fr\/actualites\/#website\"},\"datePublished\":\"2026-04-22T18:48:12+00:00\",\"dateModified\":\"2026-04-22T18:48:14+00:00\",\"breadcrumb\":{\"@id\":\"https:\/\/footdavant.fr\/actualites\/les-limites-de-la-perception-un-blog-darsenal\/#breadcrumb\"},\"inLanguage\":\"fr-FR\",\"potentialAction\":[{\"@type\":\"ReadAction\",\"target\":[\"https:\/\/footdavant.fr\/actualites\/les-limites-de-la-perception-un-blog-darsenal\/\"]}]},{\"@type\":\"BreadcrumbList\",\"@id\":\"https:\/\/footdavant.fr\/actualites\/les-limites-de-la-perception-un-blog-darsenal\/#breadcrumb\",\"itemListElement\":[{\"@type\":\"ListItem\",\"position\":1,\"name\":\"Accueil\",\"item\":\"https:\/\/footdavant.fr\/actualites\/\"},{\"@type\":\"ListItem\",\"position\":2,\"name\":\"Les limites de la perception | &#8230;un blog d&#39;Arsenal\"}]},{\"@type\":\"WebSite\",\"@id\":\"https:\/\/footdavant.fr\/actualites\/#website\",\"url\":\"https:\/\/footdavant.fr\/actualites\/\",\"name\":\"Foot d'avant\",\"description\":\"\",\"publisher\":{\"@id\":\"https:\/\/footdavant.fr\/actualites\/#organization\"},\"potentialAction\":[{\"@type\":\"SearchAction\",\"target\":{\"@type\":\"EntryPoint\",\"urlTemplate\":\"https:\/\/footdavant.fr\/actualites\/?s={search_term_string}\"},\"query-input\":\"required name=search_term_string\"}],\"inLanguage\":\"fr-FR\"},{\"@type\":\"Organization\",\"@id\":\"https:\/\/footdavant.fr\/actualites\/#organization\",\"name\":\"Foot d'avant\",\"url\":\"https:\/\/footdavant.fr\/actualites\/\",\"logo\":{\"@type\":\"ImageObject\",\"inLanguage\":\"fr-FR\",\"@id\":\"https:\/\/footdavant.fr\/actualites\/#\/schema\/logo\/image\/\",\"url\":\"https:\/\/footdavant.fr\/actualites\/wp-content\/uploads\/2023\/09\/Copy-of-FootDavant-Logo.png\",\"contentUrl\":\"https:\/\/footdavant.fr\/actualites\/wp-content\/uploads\/2023\/09\/Copy-of-FootDavant-Logo.png\",\"width\":936,\"height\":549,\"caption\":\"Foot d'avant\"},\"image\":{\"@id\":\"https:\/\/footdavant.fr\/actualites\/#\/schema\/logo\/image\/\"},\"sameAs\":[\"https:\/\/www.facebook.com\/Footdavant\/\",\"https:\/\/twitter.com\/FootdavantFr\",\"https:\/\/www.instagram.com\/footdavant.fr\/\"]},{\"@type\":\"Person\",\"@id\":\"https:\/\/footdavant.fr\/actualites\/#\/schema\/person\/bc222566d95871b37e597b3ed3ba5e1d\",\"name\":\"Cl\u00e9ment\",\"image\":{\"@type\":\"ImageObject\",\"inLanguage\":\"fr-FR\",\"@id\":\"https:\/\/footdavant.fr\/actualites\/#\/schema\/person\/image\/\",\"url\":\"https:\/\/secure.gravatar.com\/avatar\/7728b29aac2719421e1a9159b2254c44?s=96&d=mm&r=g\",\"contentUrl\":\"https:\/\/secure.gravatar.com\/avatar\/7728b29aac2719421e1a9159b2254c44?s=96&d=mm&r=g\",\"caption\":\"Cl\u00e9ment\"},\"sameAs\":[\"https:\/\/footdavant.fr\/\"]}]}<\/script>\n<!-- \/ Yoast SEO plugin. -->","yoast_head_json":{"title":"Les limites de la perception | ...un blog d&#39;Arsenal","robots":{"index":"index","follow":"follow","max-snippet":"max-snippet:-1","max-image-preview":"max-image-preview:large","max-video-preview":"max-video-preview:-1"},"canonical":"https:\/\/footdavant.fr\/actualites\/les-limites-de-la-perception-un-blog-darsenal\/","og_locale":"fr_FR","og_type":"article","og_title":"Les limites de la perception | ...un blog d&#39;Arsenal","og_description":"Une erreur de pens\u00e9e critique que commettent tous les humains est qu\u2019une fois que nous sommes convaincus d\u2019une critique ou d\u2019une faiblesse chez une personne,","og_url":"https:\/\/footdavant.fr\/actualites\/les-limites-de-la-perception-un-blog-darsenal\/","og_site_name":"Foot d&#039;avant","article_publisher":"https:\/\/www.facebook.com\/Footdavant\/","article_published_time":"2026-04-22T18:48:12+00:00","article_modified_time":"2026-04-22T18:48:14+00:00","og_image":[{"width":1500,"height":750,"url":"https:\/\/footdavant.fr\/actualites\/wp-content\/uploads\/2026\/02\/Sprs-1-4-Arsenal-Eze-et-Gyokeres-au-double.jpg","type":"image\/jpeg"}],"author":"Cl\u00e9ment","twitter_card":"summary_large_image","twitter_creator":"@FootdavantFr","twitter_site":"@FootdavantFr","twitter_misc":{"\u00c9crit par":"Cl\u00e9ment","Dur\u00e9e de lecture estim\u00e9e":"6 minutes"},"schema":{"@context":"https:\/\/schema.org","@graph":[{"@type":"Article","@id":"https:\/\/footdavant.fr\/actualites\/les-limites-de-la-perception-un-blog-darsenal\/#article","isPartOf":{"@id":"https:\/\/footdavant.fr\/actualites\/les-limites-de-la-perception-un-blog-darsenal\/"},"author":{"name":"Cl\u00e9ment","@id":"https:\/\/footdavant.fr\/actualites\/#\/schema\/person\/bc222566d95871b37e597b3ed3ba5e1d"},"headline":"Les limites de la perception | &#8230;un blog d&#39;Arsenal","datePublished":"2026-04-22T18:48:12+00:00","dateModified":"2026-04-22T18:48:14+00:00","mainEntityOfPage":{"@id":"https:\/\/footdavant.fr\/actualites\/les-limites-de-la-perception-un-blog-darsenal\/"},"wordCount":1298,"publisher":{"@id":"https:\/\/footdavant.fr\/actualites\/#organization"},"keywords":["...un","blog","d39Arsenal","les","limites","Perception"],"articleSection":["Football"],"inLanguage":"fr-FR"},{"@type":"WebPage","@id":"https:\/\/footdavant.fr\/actualites\/les-limites-de-la-perception-un-blog-darsenal\/","url":"https:\/\/footdavant.fr\/actualites\/les-limites-de-la-perception-un-blog-darsenal\/","name":"Les limites de la perception | ...un blog d&#39;Arsenal","isPartOf":{"@id":"https:\/\/footdavant.fr\/actualites\/#website"},"datePublished":"2026-04-22T18:48:12+00:00","dateModified":"2026-04-22T18:48:14+00:00","breadcrumb":{"@id":"https:\/\/footdavant.fr\/actualites\/les-limites-de-la-perception-un-blog-darsenal\/#breadcrumb"},"inLanguage":"fr-FR","potentialAction":[{"@type":"ReadAction","target":["https:\/\/footdavant.fr\/actualites\/les-limites-de-la-perception-un-blog-darsenal\/"]}]},{"@type":"BreadcrumbList","@id":"https:\/\/footdavant.fr\/actualites\/les-limites-de-la-perception-un-blog-darsenal\/#breadcrumb","itemListElement":[{"@type":"ListItem","position":1,"name":"Accueil","item":"https:\/\/footdavant.fr\/actualites\/"},{"@type":"ListItem","position":2,"name":"Les limites de la perception | &#8230;un blog d&#39;Arsenal"}]},{"@type":"WebSite","@id":"https:\/\/footdavant.fr\/actualites\/#website","url":"https:\/\/footdavant.fr\/actualites\/","name":"Foot d'avant","description":"","publisher":{"@id":"https:\/\/footdavant.fr\/actualites\/#organization"},"potentialAction":[{"@type":"SearchAction","target":{"@type":"EntryPoint","urlTemplate":"https:\/\/footdavant.fr\/actualites\/?s={search_term_string}"},"query-input":"required name=search_term_string"}],"inLanguage":"fr-FR"},{"@type":"Organization","@id":"https:\/\/footdavant.fr\/actualites\/#organization","name":"Foot d'avant","url":"https:\/\/footdavant.fr\/actualites\/","logo":{"@type":"ImageObject","inLanguage":"fr-FR","@id":"https:\/\/footdavant.fr\/actualites\/#\/schema\/logo\/image\/","url":"https:\/\/footdavant.fr\/actualites\/wp-content\/uploads\/2023\/09\/Copy-of-FootDavant-Logo.png","contentUrl":"https:\/\/footdavant.fr\/actualites\/wp-content\/uploads\/2023\/09\/Copy-of-FootDavant-Logo.png","width":936,"height":549,"caption":"Foot d'avant"},"image":{"@id":"https:\/\/footdavant.fr\/actualites\/#\/schema\/logo\/image\/"},"sameAs":["https:\/\/www.facebook.com\/Footdavant\/","https:\/\/twitter.com\/FootdavantFr","https:\/\/www.instagram.com\/footdavant.fr\/"]},{"@type":"Person","@id":"https:\/\/footdavant.fr\/actualites\/#\/schema\/person\/bc222566d95871b37e597b3ed3ba5e1d","name":"Cl\u00e9ment","image":{"@type":"ImageObject","inLanguage":"fr-FR","@id":"https:\/\/footdavant.fr\/actualites\/#\/schema\/person\/image\/","url":"https:\/\/secure.gravatar.com\/avatar\/7728b29aac2719421e1a9159b2254c44?s=96&d=mm&r=g","contentUrl":"https:\/\/secure.gravatar.com\/avatar\/7728b29aac2719421e1a9159b2254c44?s=96&d=mm&r=g","caption":"Cl\u00e9ment"},"sameAs":["https:\/\/footdavant.fr\/"]}]}},"_links":{"self":[{"href":"https:\/\/footdavant.fr\/actualites\/wp-json\/wp\/v2\/posts\/36724"}],"collection":[{"href":"https:\/\/footdavant.fr\/actualites\/wp-json\/wp\/v2\/posts"}],"about":[{"href":"https:\/\/footdavant.fr\/actualites\/wp-json\/wp\/v2\/types\/post"}],"author":[{"embeddable":true,"href":"https:\/\/footdavant.fr\/actualites\/wp-json\/wp\/v2\/users\/1"}],"replies":[{"embeddable":true,"href":"https:\/\/footdavant.fr\/actualites\/wp-json\/wp\/v2\/comments?post=36724"}],"version-history":[{"count":1,"href":"https:\/\/footdavant.fr\/actualites\/wp-json\/wp\/v2\/posts\/36724\/revisions"}],"predecessor-version":[{"id":36725,"href":"https:\/\/footdavant.fr\/actualites\/wp-json\/wp\/v2\/posts\/36724\/revisions\/36725"}],"wp:featuredmedia":[{"embeddable":true,"href":"https:\/\/footdavant.fr\/actualites\/wp-json\/wp\/v2\/media\/34777"}],"wp:attachment":[{"href":"https:\/\/footdavant.fr\/actualites\/wp-json\/wp\/v2\/media?parent=36724"}],"wp:term":[{"taxonomy":"category","embeddable":true,"href":"https:\/\/footdavant.fr\/actualites\/wp-json\/wp\/v2\/categories?post=36724"},{"taxonomy":"post_tag","embeddable":true,"href":"https:\/\/footdavant.fr\/actualites\/wp-json\/wp\/v2\/tags?post=36724"}],"curies":[{"name":"wp","href":"https:\/\/api.w.org\/{rel}","templated":true}]}}