{"id":36729,"date":"2026-04-23T00:48:00","date_gmt":"2026-04-22T22:48:00","guid":{"rendered":"https:\/\/footdavant.fr\/actualites\/deeney-rend-un-verdict-clair-sur-van-dijk-apres-le-derby\/"},"modified":"2026-04-23T00:48:03","modified_gmt":"2026-04-22T22:48:03","slug":"deeney-rend-un-verdict-clair-sur-van-dijk-apres-le-derby","status":"publish","type":"post","link":"https:\/\/footdavant.fr\/actualites\/deeney-rend-un-verdict-clair-sur-van-dijk-apres-le-derby\/","title":{"rendered":"Deeney rend un verdict clair sur Van Dijk apr\u00e8s le derby"},"content":{"rendered":"<p><\/p>\n<div id=\"article-body\">\n<!-- Article Start --><\/p>\n<p>La victoire tardive de Liverpool sur Everton ne nous a pas seulement donn\u00e9 trois \u00e9normes points, elle a \u00e9galement rappel\u00e9 \u00e0 tout le monde pourquoi Virgil van Dijk reste si important pour cette \u00e9quipe.<\/p>\n<hr\/>\n<p><b><i>T\u00c9L\u00c9CHARGEZ L&#39;APPLICATION OFFICIELLE EMPIRE OF KOP POUR TOUTES LES DERNI\u00c8RES MISES \u00c0 JOUR \u2013 DIRECTEMENT SUR VOTRE T\u00c9L\u00c9PHONE\u00a0! SUR <\/i><\/b><b><i>POMME<\/i><\/b><b><i> &#038; <\/i><\/b><b><i>GOOGLE JOUER<\/i><\/b><\/p>\n<hr\/>\n<p>Le vainqueur spectaculaire du N\u00e9erlandais a d\u00e9sormais \u00e9galement \u00e9t\u00e9 reconnu \u00e0 l&#39;ext\u00e9rieur, Troy Deeney ayant s\u00e9lectionn\u00e9 notre capitaine dans son \u00e9quipe de la semaine en Premier League.<\/p>\n<h2>Deeney explique la s\u00e9lection de Van Dijk apr\u00e8s le vainqueur du derby<\/h2>\n<p>\u00c9crivant pour BBC Sport, l&#39;ancien attaquant de Watford n&#39;a pas trop compliqu\u00e9 son raisonnement lorsqu&#39;il s&#39;agissait d&#39;inclure le n\u00b04 de Liverpool.<\/p>\n<p>Il a dit : <\/p>\n<p>C&#39;est une \u00e9valuation simple, mais qui refl\u00e8te parfaitement l&#39;ampleur du moment, avec Van Dijk qui intervient au moment le plus important lors de l&#39;un des plus grands matches de notre saison.<\/p>\n<p>L&#39;international n\u00e9erlandais a non seulement marqu\u00e9 le but d\u00e9cisif, mais a \u00e9galement produit une solide performance d\u00e9fensive tout au long du match, soulignant pourquoi il continue d&#39;\u00eatre consid\u00e9r\u00e9 comme le leader de cette \u00e9quipe.<\/p>\n<h2>Van Dijk fait preuve de leadership lorsque Liverpool en a le plus besoin<\/h2>\n<p>Pour nous, cette performance ne concernait pas seulement une t\u00eate dans les arr\u00eats de jeu, mais aussi l&#39;influence qu&#39;il apportait pendant 90 minutes, en particulier dans des matchs sous haute pression comme celui-ci.<\/p>\n<p>Les statistiques du match soulignent son impact, avec huit d\u00e9gagements, quatre r\u00e9cup\u00e9rations et un but pour couronner une domination en d\u00e9fense (via Sofascore).<\/p>\n<p>Jamie Carragher a d\u00e9j\u00e0 soulign\u00e9 l&#39;importance de notre noyau exp\u00e9riment\u00e9, soulignant comment Van Dijk et Mo Salah ont d\u00e9cid\u00e9 du match, tandis que Markus Babbel a r\u00e9cemment d\u00e9crit le joueur de 34 ans comme \u00e9tant toujours \u00ab la tour dans le dos \u00bb malgr\u00e9 une campagne difficile.<\/p>\n<p>Ce contexte plus large est important, car m\u00eame si Liverpool n&#39;a pas \u00e9t\u00e9 \u00e0 son meilleur cette saison, le capitaine a quand m\u00eame r\u00e9ussi dans des moments d\u00e9terminants comme celui-ci.<\/p>\n<p>Avec une course cruciale \u00e0 venir, des performances comme celle d&#39;Everton pourraient s&#39;av\u00e9rer d\u00e9cisives pour garantir le football en Ligue des champions, et si nous voulons y arriver, il semble de plus en plus probable que Van Dijk aura son mot \u00e0 dire.<\/p>\n<p><!-- Article End -->\t\t\t\t<\/div>\n","protected":false},"excerpt":{"rendered":"<p>La victoire tardive de Liverpool sur Everton ne nous a pas seulement donn\u00e9 trois \u00e9normes points, elle a \u00e9galement rappel\u00e9 \u00e0 tout le monde pourquoi<\/p>\n","protected":false},"author":1,"featured_media":36730,"comment_status":"closed","ping_status":"","sticky":false,"template":"","format":"standard","meta":{"footnotes":""},"categories":[3],"tags":[25,2174,11573,203,784,2763,103,783,2764],"yoast_head":"<!-- This site is optimized with the Yoast SEO plugin v21.0 - https:\/\/yoast.com\/wordpress\/plugins\/seo\/ -->\n<title>Deeney rend un verdict clair sur Van Dijk apr\u00e8s le derby<\/title>\n<meta name=\"robots\" content=\"index, follow, max-snippet:-1, max-image-preview:large, max-video-preview:-1\" \/>\n<link rel=\"canonical\" href=\"https:\/\/footdavant.fr\/actualites\/deeney-rend-un-verdict-clair-sur-van-dijk-apres-le-derby\/\" \/>\n<meta property=\"og:locale\" content=\"fr_FR\" \/>\n<meta property=\"og:type\" content=\"article\" \/>\n<meta property=\"og:title\" content=\"Deeney rend un verdict clair sur Van Dijk apr\u00e8s le derby\" \/>\n<meta property=\"og:description\" content=\"La victoire tardive de Liverpool sur Everton ne nous a pas seulement donn\u00e9 trois \u00e9normes points, elle a \u00e9galement rappel\u00e9 \u00e0 tout le monde pourquoi\" \/>\n<meta property=\"og:url\" content=\"https:\/\/footdavant.fr\/actualites\/deeney-rend-un-verdict-clair-sur-van-dijk-apres-le-derby\/\" \/>\n<meta property=\"og:site_name\" content=\"Foot d&#039;avant\" \/>\n<meta property=\"article:publisher\" content=\"https:\/\/www.facebook.com\/Footdavant\/\" \/>\n<meta property=\"article:published_time\" content=\"2026-04-22T22:48:00+00:00\" \/>\n<meta property=\"article:modified_time\" content=\"2026-04-22T22:48:03+00:00\" \/>\n<meta property=\"og:image\" content=\"https:\/\/footdavant.fr\/actualites\/wp-content\/uploads\/2026\/04\/Deeney-rend-un-verdict-clair-sur-Van-Dijk-apres-le.jpg\" \/>\n\t<meta property=\"og:image:width\" content=\"1200\" \/>\n\t<meta property=\"og:image:height\" content=\"675\" \/>\n\t<meta property=\"og:image:type\" content=\"image\/jpeg\" \/>\n<meta name=\"author\" content=\"Cl\u00e9ment\" \/>\n<meta name=\"twitter:card\" content=\"summary_large_image\" \/>\n<meta name=\"twitter:creator\" content=\"@FootdavantFr\" \/>\n<meta name=\"twitter:site\" content=\"@FootdavantFr\" \/>\n<meta name=\"twitter:label1\" content=\"\u00c9crit par\" \/>\n\t<meta name=\"twitter:data1\" content=\"Cl\u00e9ment\" \/>\n\t<meta name=\"twitter:label2\" content=\"Dur\u00e9e de lecture estim\u00e9e\" \/>\n\t<meta name=\"twitter:data2\" content=\"2 minutes\" \/>\n<script type=\"application\/ld+json\" class=\"yoast-schema-graph\">{\"@context\":\"https:\/\/schema.org\",\"@graph\":[{\"@type\":\"Article\",\"@id\":\"https:\/\/footdavant.fr\/actualites\/deeney-rend-un-verdict-clair-sur-van-dijk-apres-le-derby\/#article\",\"isPartOf\":{\"@id\":\"https:\/\/footdavant.fr\/actualites\/deeney-rend-un-verdict-clair-sur-van-dijk-apres-le-derby\/\"},\"author\":{\"name\":\"Cl\u00e9ment\",\"@id\":\"https:\/\/footdavant.fr\/actualites\/#\/schema\/person\/bc222566d95871b37e597b3ed3ba5e1d\"},\"headline\":\"Deeney rend un verdict clair sur Van Dijk apr\u00e8s le derby\",\"datePublished\":\"2026-04-22T22:48:00+00:00\",\"dateModified\":\"2026-04-22T22:48:03+00:00\",\"mainEntityOfPage\":{\"@id\":\"https:\/\/footdavant.fr\/actualites\/deeney-rend-un-verdict-clair-sur-van-dijk-apres-le-derby\/\"},\"wordCount\":425,\"publisher\":{\"@id\":\"https:\/\/footdavant.fr\/actualites\/#organization\"},\"keywords\":[\"apr\u00e8s\",\"clair\",\"Deeney\",\"derby\",\"Dijk\",\"rend\",\"sur\",\"van\",\"verdict\"],\"articleSection\":[\"Football\"],\"inLanguage\":\"fr-FR\"},{\"@type\":\"WebPage\",\"@id\":\"https:\/\/footdavant.fr\/actualites\/deeney-rend-un-verdict-clair-sur-van-dijk-apres-le-derby\/\",\"url\":\"https:\/\/footdavant.fr\/actualites\/deeney-rend-un-verdict-clair-sur-van-dijk-apres-le-derby\/\",\"name\":\"Deeney rend un verdict clair sur Van Dijk apr\u00e8s le derby\",\"isPartOf\":{\"@id\":\"https:\/\/footdavant.fr\/actualites\/#website\"},\"datePublished\":\"2026-04-22T22:48:00+00:00\",\"dateModified\":\"2026-04-22T22:48:03+00:00\",\"breadcrumb\":{\"@id\":\"https:\/\/footdavant.fr\/actualites\/deeney-rend-un-verdict-clair-sur-van-dijk-apres-le-derby\/#breadcrumb\"},\"inLanguage\":\"fr-FR\",\"potentialAction\":[{\"@type\":\"ReadAction\",\"target\":[\"https:\/\/footdavant.fr\/actualites\/deeney-rend-un-verdict-clair-sur-van-dijk-apres-le-derby\/\"]}]},{\"@type\":\"BreadcrumbList\",\"@id\":\"https:\/\/footdavant.fr\/actualites\/deeney-rend-un-verdict-clair-sur-van-dijk-apres-le-derby\/#breadcrumb\",\"itemListElement\":[{\"@type\":\"ListItem\",\"position\":1,\"name\":\"Accueil\",\"item\":\"https:\/\/footdavant.fr\/actualites\/\"},{\"@type\":\"ListItem\",\"position\":2,\"name\":\"Deeney rend un verdict clair sur Van Dijk apr\u00e8s le derby\"}]},{\"@type\":\"WebSite\",\"@id\":\"https:\/\/footdavant.fr\/actualites\/#website\",\"url\":\"https:\/\/footdavant.fr\/actualites\/\",\"name\":\"Foot d'avant\",\"description\":\"\",\"publisher\":{\"@id\":\"https:\/\/footdavant.fr\/actualites\/#organization\"},\"potentialAction\":[{\"@type\":\"SearchAction\",\"target\":{\"@type\":\"EntryPoint\",\"urlTemplate\":\"https:\/\/footdavant.fr\/actualites\/?s={search_term_string}\"},\"query-input\":\"required name=search_term_string\"}],\"inLanguage\":\"fr-FR\"},{\"@type\":\"Organization\",\"@id\":\"https:\/\/footdavant.fr\/actualites\/#organization\",\"name\":\"Foot d'avant\",\"url\":\"https:\/\/footdavant.fr\/actualites\/\",\"logo\":{\"@type\":\"ImageObject\",\"inLanguage\":\"fr-FR\",\"@id\":\"https:\/\/footdavant.fr\/actualites\/#\/schema\/logo\/image\/\",\"url\":\"https:\/\/footdavant.fr\/actualites\/wp-content\/uploads\/2023\/09\/Copy-of-FootDavant-Logo.png\",\"contentUrl\":\"https:\/\/footdavant.fr\/actualites\/wp-content\/uploads\/2023\/09\/Copy-of-FootDavant-Logo.png\",\"width\":936,\"height\":549,\"caption\":\"Foot d'avant\"},\"image\":{\"@id\":\"https:\/\/footdavant.fr\/actualites\/#\/schema\/logo\/image\/\"},\"sameAs\":[\"https:\/\/www.facebook.com\/Footdavant\/\",\"https:\/\/twitter.com\/FootdavantFr\",\"https:\/\/www.instagram.com\/footdavant.fr\/\"]},{\"@type\":\"Person\",\"@id\":\"https:\/\/footdavant.fr\/actualites\/#\/schema\/person\/bc222566d95871b37e597b3ed3ba5e1d\",\"name\":\"Cl\u00e9ment\",\"image\":{\"@type\":\"ImageObject\",\"inLanguage\":\"fr-FR\",\"@id\":\"https:\/\/footdavant.fr\/actualites\/#\/schema\/person\/image\/\",\"url\":\"https:\/\/secure.gravatar.com\/avatar\/7728b29aac2719421e1a9159b2254c44?s=96&d=mm&r=g\",\"contentUrl\":\"https:\/\/secure.gravatar.com\/avatar\/7728b29aac2719421e1a9159b2254c44?s=96&d=mm&r=g\",\"caption\":\"Cl\u00e9ment\"},\"sameAs\":[\"https:\/\/footdavant.fr\/\"]}]}<\/script>\n<!-- \/ Yoast SEO plugin. -->","yoast_head_json":{"title":"Deeney rend un verdict clair sur Van Dijk apr\u00e8s le derby","robots":{"index":"index","follow":"follow","max-snippet":"max-snippet:-1","max-image-preview":"max-image-preview:large","max-video-preview":"max-video-preview:-1"},"canonical":"https:\/\/footdavant.fr\/actualites\/deeney-rend-un-verdict-clair-sur-van-dijk-apres-le-derby\/","og_locale":"fr_FR","og_type":"article","og_title":"Deeney rend un verdict clair sur Van Dijk apr\u00e8s le derby","og_description":"La victoire tardive de Liverpool sur Everton ne nous a pas seulement donn\u00e9 trois \u00e9normes points, elle a \u00e9galement rappel\u00e9 \u00e0 tout le monde pourquoi","og_url":"https:\/\/footdavant.fr\/actualites\/deeney-rend-un-verdict-clair-sur-van-dijk-apres-le-derby\/","og_site_name":"Foot d&#039;avant","article_publisher":"https:\/\/www.facebook.com\/Footdavant\/","article_published_time":"2026-04-22T22:48:00+00:00","article_modified_time":"2026-04-22T22:48:03+00:00","og_image":[{"width":1200,"height":675,"url":"https:\/\/footdavant.fr\/actualites\/wp-content\/uploads\/2026\/04\/Deeney-rend-un-verdict-clair-sur-Van-Dijk-apres-le.jpg","type":"image\/jpeg"}],"author":"Cl\u00e9ment","twitter_card":"summary_large_image","twitter_creator":"@FootdavantFr","twitter_site":"@FootdavantFr","twitter_misc":{"\u00c9crit par":"Cl\u00e9ment","Dur\u00e9e de lecture estim\u00e9e":"2 minutes"},"schema":{"@context":"https:\/\/schema.org","@graph":[{"@type":"Article","@id":"https:\/\/footdavant.fr\/actualites\/deeney-rend-un-verdict-clair-sur-van-dijk-apres-le-derby\/#article","isPartOf":{"@id":"https:\/\/footdavant.fr\/actualites\/deeney-rend-un-verdict-clair-sur-van-dijk-apres-le-derby\/"},"author":{"name":"Cl\u00e9ment","@id":"https:\/\/footdavant.fr\/actualites\/#\/schema\/person\/bc222566d95871b37e597b3ed3ba5e1d"},"headline":"Deeney rend un verdict clair sur Van Dijk apr\u00e8s le derby","datePublished":"2026-04-22T22:48:00+00:00","dateModified":"2026-04-22T22:48:03+00:00","mainEntityOfPage":{"@id":"https:\/\/footdavant.fr\/actualites\/deeney-rend-un-verdict-clair-sur-van-dijk-apres-le-derby\/"},"wordCount":425,"publisher":{"@id":"https:\/\/footdavant.fr\/actualites\/#organization"},"keywords":["apr\u00e8s","clair","Deeney","derby","Dijk","rend","sur","van","verdict"],"articleSection":["Football"],"inLanguage":"fr-FR"},{"@type":"WebPage","@id":"https:\/\/footdavant.fr\/actualites\/deeney-rend-un-verdict-clair-sur-van-dijk-apres-le-derby\/","url":"https:\/\/footdavant.fr\/actualites\/deeney-rend-un-verdict-clair-sur-van-dijk-apres-le-derby\/","name":"Deeney rend un verdict clair sur Van Dijk apr\u00e8s le derby","isPartOf":{"@id":"https:\/\/footdavant.fr\/actualites\/#website"},"datePublished":"2026-04-22T22:48:00+00:00","dateModified":"2026-04-22T22:48:03+00:00","breadcrumb":{"@id":"https:\/\/footdavant.fr\/actualites\/deeney-rend-un-verdict-clair-sur-van-dijk-apres-le-derby\/#breadcrumb"},"inLanguage":"fr-FR","potentialAction":[{"@type":"ReadAction","target":["https:\/\/footdavant.fr\/actualites\/deeney-rend-un-verdict-clair-sur-van-dijk-apres-le-derby\/"]}]},{"@type":"BreadcrumbList","@id":"https:\/\/footdavant.fr\/actualites\/deeney-rend-un-verdict-clair-sur-van-dijk-apres-le-derby\/#breadcrumb","itemListElement":[{"@type":"ListItem","position":1,"name":"Accueil","item":"https:\/\/footdavant.fr\/actualites\/"},{"@type":"ListItem","position":2,"name":"Deeney rend un verdict clair sur Van Dijk apr\u00e8s le derby"}]},{"@type":"WebSite","@id":"https:\/\/footdavant.fr\/actualites\/#website","url":"https:\/\/footdavant.fr\/actualites\/","name":"Foot d'avant","description":"","publisher":{"@id":"https:\/\/footdavant.fr\/actualites\/#organization"},"potentialAction":[{"@type":"SearchAction","target":{"@type":"EntryPoint","urlTemplate":"https:\/\/footdavant.fr\/actualites\/?s={search_term_string}"},"query-input":"required name=search_term_string"}],"inLanguage":"fr-FR"},{"@type":"Organization","@id":"https:\/\/footdavant.fr\/actualites\/#organization","name":"Foot d'avant","url":"https:\/\/footdavant.fr\/actualites\/","logo":{"@type":"ImageObject","inLanguage":"fr-FR","@id":"https:\/\/footdavant.fr\/actualites\/#\/schema\/logo\/image\/","url":"https:\/\/footdavant.fr\/actualites\/wp-content\/uploads\/2023\/09\/Copy-of-FootDavant-Logo.png","contentUrl":"https:\/\/footdavant.fr\/actualites\/wp-content\/uploads\/2023\/09\/Copy-of-FootDavant-Logo.png","width":936,"height":549,"caption":"Foot d'avant"},"image":{"@id":"https:\/\/footdavant.fr\/actualites\/#\/schema\/logo\/image\/"},"sameAs":["https:\/\/www.facebook.com\/Footdavant\/","https:\/\/twitter.com\/FootdavantFr","https:\/\/www.instagram.com\/footdavant.fr\/"]},{"@type":"Person","@id":"https:\/\/footdavant.fr\/actualites\/#\/schema\/person\/bc222566d95871b37e597b3ed3ba5e1d","name":"Cl\u00e9ment","image":{"@type":"ImageObject","inLanguage":"fr-FR","@id":"https:\/\/footdavant.fr\/actualites\/#\/schema\/person\/image\/","url":"https:\/\/secure.gravatar.com\/avatar\/7728b29aac2719421e1a9159b2254c44?s=96&d=mm&r=g","contentUrl":"https:\/\/secure.gravatar.com\/avatar\/7728b29aac2719421e1a9159b2254c44?s=96&d=mm&r=g","caption":"Cl\u00e9ment"},"sameAs":["https:\/\/footdavant.fr\/"]}]}},"_links":{"self":[{"href":"https:\/\/footdavant.fr\/actualites\/wp-json\/wp\/v2\/posts\/36729"}],"collection":[{"href":"https:\/\/footdavant.fr\/actualites\/wp-json\/wp\/v2\/posts"}],"about":[{"href":"https:\/\/footdavant.fr\/actualites\/wp-json\/wp\/v2\/types\/post"}],"author":[{"embeddable":true,"href":"https:\/\/footdavant.fr\/actualites\/wp-json\/wp\/v2\/users\/1"}],"replies":[{"embeddable":true,"href":"https:\/\/footdavant.fr\/actualites\/wp-json\/wp\/v2\/comments?post=36729"}],"version-history":[{"count":1,"href":"https:\/\/footdavant.fr\/actualites\/wp-json\/wp\/v2\/posts\/36729\/revisions"}],"predecessor-version":[{"id":36731,"href":"https:\/\/footdavant.fr\/actualites\/wp-json\/wp\/v2\/posts\/36729\/revisions\/36731"}],"wp:featuredmedia":[{"embeddable":true,"href":"https:\/\/footdavant.fr\/actualites\/wp-json\/wp\/v2\/media\/36730"}],"wp:attachment":[{"href":"https:\/\/footdavant.fr\/actualites\/wp-json\/wp\/v2\/media?parent=36729"}],"wp:term":[{"taxonomy":"category","embeddable":true,"href":"https:\/\/footdavant.fr\/actualites\/wp-json\/wp\/v2\/categories?post=36729"},{"taxonomy":"post_tag","embeddable":true,"href":"https:\/\/footdavant.fr\/actualites\/wp-json\/wp\/v2\/tags?post=36729"}],"curies":[{"name":"wp","href":"https:\/\/api.w.org\/{rel}","templated":true}]}}