{"id":3673,"date":"2024-01-10T10:53:38","date_gmt":"2024-01-10T09:53:38","guid":{"rendered":"https:\/\/footdavant.fr\/actualites\/erik-ten-hag-donne-son-point-de-vue-sur-les-difficultes-de-donny-van-de-beek-a-manchester-united\/"},"modified":"2024-01-10T10:53:39","modified_gmt":"2024-01-10T09:53:39","slug":"erik-ten-hag-donne-son-point-de-vue-sur-les-difficultes-de-donny-van-de-beek-a-manchester-united","status":"publish","type":"post","link":"https:\/\/footdavant.fr\/actualites\/erik-ten-hag-donne-son-point-de-vue-sur-les-difficultes-de-donny-van-de-beek-a-manchester-united\/","title":{"rendered":"Erik ten Hag donne son point de vue sur les difficult\u00e9s de Donny van de Beek \u00e0 Manchester United"},"content":{"rendered":"<p>L&rsquo;entra\u00eeneur-chef de Manchester United, Erik ten Hag, explique pourquoi Donny van de Beek a eu du mal \u00e0 faire sa marque \u00e0 Old Trafford.<\/p>\n<div id=\"article_body\" itemprop=\"articleBody\">\n<h3 class=\"firstPara\">\n<strong class=\"autotag\">Manchester United<\/strong> l&rsquo;entra\u00eeneur-chef <strong class=\"autotag\">Erik Ten Hag<\/strong> a d\u00e9clar\u00e9 que les blessures jouaient un r\u00f4le majeur dans <strong class=\"autotag\">Donny van de Beek<\/strong> ayant du mal \u00e0 s&rsquo;imposer au sein du club.<\/h3>\n<p>Le joueur de 26 ans a marqu\u00e9 41 buts et enregistr\u00e9 34 passes d\u00e9cisives en 175 apparitions pour la premi\u00e8re \u00e9quipe de l&rsquo;Ajax entre 2015 et 2020 avant de rejoindre Old Trafford.<\/p>\n<p>Van de Beek a cependant connu des difficult\u00e9s \u00e0 Old Trafford, ne marquant que deux buts et deux passes d\u00e9cisives en 62 apparitions, et il a quitt\u00e9 le club plus t\u00f4t ce mois-ci pour rejoindre <strong class=\"autotag\">Eintracht Francfort<\/strong> en location.<\/p>\n<p>L&rsquo;international n\u00e9erlandais passera le reste de la campagne \u00e0 Francfort, et il est entendu que l&rsquo;\u00e9quipe allemande a la possibilit\u00e9 de le signer d\u00e9finitivement pour 9,5 millions de livres sterling cet \u00e9t\u00e9.<\/p>\n<p>Van de Beek n&rsquo;a jou\u00e9 que 21 minutes de football pour Man United cette saison avant de partir en pr\u00eat, malgr\u00e9 le fait qu&rsquo;il soit disponible depuis son retour d&rsquo;une grave blessure au genou cet \u00e9t\u00e9.<\/p>\n<p class=\"imgI\">\n<p>Ten Hag a d\u00e9clar\u00e9 que des probl\u00e8mes de blessures emp\u00eachaient le N\u00e9erlandais de montrer le type de forme qui faisait de lui l&rsquo;un des milieux de terrain les plus demand\u00e9s du football europ\u00e9en pendant son s\u00e9jour \u00e0 l&rsquo;Ajax.<\/p>\n<p>\u00ab\u00a0Il a eu de nombreuses blessures et c&rsquo;est tout d&rsquo;abord. J&rsquo;ai maintenant travaill\u00e9 deux ans avec lui et avant, il a \u00e9galement travaill\u00e9 sous diff\u00e9rents managers ici\u00a0\u00bb, a d\u00e9clar\u00e9 Ten Hag aux journalistes lors de sa conf\u00e9rence de presse avant le troisi\u00e8me tour de la FA Cup lundi soir. concours avec Wigan Athletic.<\/p>\n<p>\u00ab\u00a0Il avait \u00e9galement un autre pr\u00eat. \u00c0 partir du moment o\u00f9 je suis arriv\u00e9 ici \u00e0 Man United, il n&rsquo;\u00e9tait plus le joueur que j&rsquo;avais \u00e0 l&rsquo;Ajax parce qu&rsquo;il \u00e9tait bless\u00e9 et qu&rsquo;il \u00e9tait souvent indisponible.<\/p>\n<p>\u00ab\u00a0Ensuite, il a eu du mal \u00e0 se remettre de cette blessure pendant longtemps. Je pense donc que c&rsquo;est probablement la principale raison pour laquelle il ne jouait pas.<\/p>\n<p class=\"imgI\"><img decoding=\"async\" loading=\"lazy\" class=\"l\" src=\"https:\/\/footdavant.fr\/actualites\/wp-content\/uploads\/2024\/01\/Erik-ten-Hag-donne-son-point-de-vue-sur-les.jpg\" title=\"Donny van de Beek de Manchester United r\u00e9agit apr\u00e8s s'\u00eatre bless\u00e9 le 3 janvier 2023\" alt=\"Donny van de Beek de Manchester United r\u00e9agit apr\u00e8s s'\u00eatre bless\u00e9 le 3 janvier 2023\" width=\"640\" height=\"480\"><\/p>\n<p>\u00ab\u00a0Ensuite, nous avons d\u00e9cid\u00e9 de lui accorder un pr\u00eat cet \u00e9t\u00e9 et rien n&rsquo;est arriv\u00e9. Ses opportunit\u00e9s \u00e9taient si rares, car nous avons \u00e9galement pris des rendez-vous et des accords avec des joueurs et il y avait des conflits \u00e0 ces postes, la concurrence \u00e9tait forte.\u00a0\u00bb<\/p>\n<p>Ten Hag a \u00e9galement minimis\u00e9 les suggestions selon lesquelles des jeunes talentueux pourraient \u00eatre d\u00e9courag\u00e9s de venir \u00e0 Man United en raison des difficult\u00e9s que certains ont eues au club.<\/p>\n<p>\u00ab\u00a0Cela d\u00e9pend toujours des joueurs et quoi [kind of] confiance que vous avez.  Vos capacit\u00e9s.  Je peux vous dire une chose, c&rsquo;est que la Premier League est difficile et \u00e0 Man United, c&rsquo;est difficile de jouer ici, car dans toutes les autres \u00e9quipes, il est plus facile d&rsquo;y jouer parce qu&rsquo;il y a moins de pression\u00a0\u00bb, a-t-il ajout\u00e9.<\/p>\n<p>\u00ab\u00a0C&rsquo;est tellement \u00e9lev\u00e9 et il faut y faire face. Mais si vous avez confiance en vous, alors je pense que c&rsquo;est le meilleur d\u00e9fi. C&rsquo;est certainement le meilleur club dans lequel vous voulez \u00eatre et cela d\u00e9pend d&rsquo;un joueur \u00e0 l&rsquo;autre. c&rsquo;est aussi une question de personnage. La personnalit\u00e9 du joueur.\u00a0\u00bb<\/p>\n<p>Dans le cadre de l&rsquo;accord de pr\u00eat, Francfort paierait la majorit\u00e9 du salaire de 120 000 \u00a3 par semaine de Van de Beek \u00e0 Old Trafford.<\/p>\n<\/div>\n","protected":false},"excerpt":{"rendered":"<p>L&rsquo;entra\u00eeneur-chef de Manchester United, Erik ten Hag, explique pourquoi Donny van de Beek a eu du mal \u00e0 faire sa marque \u00e0 Old Trafford. Manchester<\/p>\n","protected":false},"author":1,"featured_media":3674,"comment_status":"closed","ping_status":"","sticky":false,"template":"","format":"standard","meta":{"footnotes":""},"categories":[5],"tags":[1949,480,672,1948,190,192,93,11,153,86,103,191,13,783,2025],"yoast_head":"<!-- This site is optimized with the Yoast SEO plugin v21.0 - https:\/\/yoast.com\/wordpress\/plugins\/seo\/ -->\n<title>Erik ten Hag donne son point de vue sur les difficult\u00e9s de Donny van de Beek \u00e0 Manchester United<\/title>\n<meta name=\"robots\" content=\"index, follow, max-snippet:-1, max-image-preview:large, max-video-preview:-1\" \/>\n<link rel=\"canonical\" href=\"https:\/\/footdavant.fr\/actualites\/erik-ten-hag-donne-son-point-de-vue-sur-les-difficultes-de-donny-van-de-beek-a-manchester-united\/\" \/>\n<meta property=\"og:locale\" content=\"fr_FR\" \/>\n<meta property=\"og:type\" content=\"article\" \/>\n<meta property=\"og:title\" content=\"Erik ten Hag donne son point de vue sur les difficult\u00e9s de Donny van de Beek \u00e0 Manchester United\" \/>\n<meta property=\"og:description\" content=\"L&rsquo;entra\u00eeneur-chef de Manchester United, Erik ten Hag, explique pourquoi Donny van de Beek a eu du mal \u00e0 faire sa marque \u00e0 Old Trafford. Manchester\" \/>\n<meta property=\"og:url\" content=\"https:\/\/footdavant.fr\/actualites\/erik-ten-hag-donne-son-point-de-vue-sur-les-difficultes-de-donny-van-de-beek-a-manchester-united\/\" \/>\n<meta property=\"og:site_name\" content=\"Foot d&#039;avant\" \/>\n<meta property=\"article:publisher\" content=\"https:\/\/www.facebook.com\/Footdavant\/\" \/>\n<meta property=\"article:published_time\" content=\"2024-01-10T09:53:38+00:00\" \/>\n<meta property=\"article:modified_time\" content=\"2024-01-10T09:53:39+00:00\" \/>\n<meta property=\"og:image\" content=\"https:\/\/footdavant.fr\/actualites\/wp-content\/uploads\/2024\/01\/Erik-ten-Hag-donne-son-point-de-vue-sur-les.JPG\" \/>\n\t<meta property=\"og:image:width\" content=\"640\" \/>\n\t<meta property=\"og:image:height\" content=\"480\" \/>\n\t<meta property=\"og:image:type\" content=\"image\/jpeg\" \/>\n<meta name=\"author\" content=\"Cl\u00e9ment\" \/>\n<meta name=\"twitter:card\" content=\"summary_large_image\" \/>\n<meta name=\"twitter:creator\" content=\"@FootdavantFr\" \/>\n<meta name=\"twitter:site\" content=\"@FootdavantFr\" \/>\n<meta name=\"twitter:label1\" content=\"\u00c9crit par\" \/>\n\t<meta name=\"twitter:data1\" content=\"Cl\u00e9ment\" \/>\n\t<meta name=\"twitter:label2\" content=\"Dur\u00e9e de lecture estim\u00e9e\" \/>\n\t<meta name=\"twitter:data2\" content=\"3 minutes\" \/>\n<script type=\"application\/ld+json\" class=\"yoast-schema-graph\">{\"@context\":\"https:\/\/schema.org\",\"@graph\":[{\"@type\":\"Article\",\"@id\":\"https:\/\/footdavant.fr\/actualites\/erik-ten-hag-donne-son-point-de-vue-sur-les-difficultes-de-donny-van-de-beek-a-manchester-united\/#article\",\"isPartOf\":{\"@id\":\"https:\/\/footdavant.fr\/actualites\/erik-ten-hag-donne-son-point-de-vue-sur-les-difficultes-de-donny-van-de-beek-a-manchester-united\/\"},\"author\":{\"name\":\"Cl\u00e9ment\",\"@id\":\"https:\/\/footdavant.fr\/actualites\/#\/schema\/person\/bc222566d95871b37e597b3ed3ba5e1d\"},\"headline\":\"Erik ten Hag donne son point de vue sur les difficult\u00e9s de Donny van de Beek \u00e0 Manchester United\",\"datePublished\":\"2024-01-10T09:53:38+00:00\",\"dateModified\":\"2024-01-10T09:53:39+00:00\",\"mainEntityOfPage\":{\"@id\":\"https:\/\/footdavant.fr\/actualites\/erik-ten-hag-donne-son-point-de-vue-sur-les-difficultes-de-donny-van-de-beek-a-manchester-united\/\"},\"wordCount\":588,\"publisher\":{\"@id\":\"https:\/\/footdavant.fr\/actualites\/#organization\"},\"keywords\":[\"Beek\",\"difficult\u00e9s\",\"donne\",\"Donny\",\"Erik\",\"Hag\",\"les\",\"Manchester\",\"point\",\"son\",\"sur\",\"ten\",\"United\",\"van\",\"vue\"],\"articleSection\":[\"Premier League\"],\"inLanguage\":\"fr-FR\"},{\"@type\":\"WebPage\",\"@id\":\"https:\/\/footdavant.fr\/actualites\/erik-ten-hag-donne-son-point-de-vue-sur-les-difficultes-de-donny-van-de-beek-a-manchester-united\/\",\"url\":\"https:\/\/footdavant.fr\/actualites\/erik-ten-hag-donne-son-point-de-vue-sur-les-difficultes-de-donny-van-de-beek-a-manchester-united\/\",\"name\":\"Erik ten Hag donne son point de vue sur les difficult\u00e9s de Donny van de Beek \u00e0 Manchester United\",\"isPartOf\":{\"@id\":\"https:\/\/footdavant.fr\/actualites\/#website\"},\"datePublished\":\"2024-01-10T09:53:38+00:00\",\"dateModified\":\"2024-01-10T09:53:39+00:00\",\"breadcrumb\":{\"@id\":\"https:\/\/footdavant.fr\/actualites\/erik-ten-hag-donne-son-point-de-vue-sur-les-difficultes-de-donny-van-de-beek-a-manchester-united\/#breadcrumb\"},\"inLanguage\":\"fr-FR\",\"potentialAction\":[{\"@type\":\"ReadAction\",\"target\":[\"https:\/\/footdavant.fr\/actualites\/erik-ten-hag-donne-son-point-de-vue-sur-les-difficultes-de-donny-van-de-beek-a-manchester-united\/\"]}]},{\"@type\":\"BreadcrumbList\",\"@id\":\"https:\/\/footdavant.fr\/actualites\/erik-ten-hag-donne-son-point-de-vue-sur-les-difficultes-de-donny-van-de-beek-a-manchester-united\/#breadcrumb\",\"itemListElement\":[{\"@type\":\"ListItem\",\"position\":1,\"name\":\"Accueil\",\"item\":\"https:\/\/footdavant.fr\/actualites\/\"},{\"@type\":\"ListItem\",\"position\":2,\"name\":\"Erik ten Hag donne son point de vue sur les difficult\u00e9s de Donny van de Beek \u00e0 Manchester United\"}]},{\"@type\":\"WebSite\",\"@id\":\"https:\/\/footdavant.fr\/actualites\/#website\",\"url\":\"https:\/\/footdavant.fr\/actualites\/\",\"name\":\"Foot d'avant\",\"description\":\"\",\"publisher\":{\"@id\":\"https:\/\/footdavant.fr\/actualites\/#organization\"},\"potentialAction\":[{\"@type\":\"SearchAction\",\"target\":{\"@type\":\"EntryPoint\",\"urlTemplate\":\"https:\/\/footdavant.fr\/actualites\/?s={search_term_string}\"},\"query-input\":\"required name=search_term_string\"}],\"inLanguage\":\"fr-FR\"},{\"@type\":\"Organization\",\"@id\":\"https:\/\/footdavant.fr\/actualites\/#organization\",\"name\":\"Foot d'avant\",\"url\":\"https:\/\/footdavant.fr\/actualites\/\",\"logo\":{\"@type\":\"ImageObject\",\"inLanguage\":\"fr-FR\",\"@id\":\"https:\/\/footdavant.fr\/actualites\/#\/schema\/logo\/image\/\",\"url\":\"https:\/\/footdavant.fr\/actualites\/wp-content\/uploads\/2023\/09\/Copy-of-FootDavant-Logo.png\",\"contentUrl\":\"https:\/\/footdavant.fr\/actualites\/wp-content\/uploads\/2023\/09\/Copy-of-FootDavant-Logo.png\",\"width\":936,\"height\":549,\"caption\":\"Foot d'avant\"},\"image\":{\"@id\":\"https:\/\/footdavant.fr\/actualites\/#\/schema\/logo\/image\/\"},\"sameAs\":[\"https:\/\/www.facebook.com\/Footdavant\/\",\"https:\/\/twitter.com\/FootdavantFr\",\"https:\/\/www.instagram.com\/footdavant.fr\/\"]},{\"@type\":\"Person\",\"@id\":\"https:\/\/footdavant.fr\/actualites\/#\/schema\/person\/bc222566d95871b37e597b3ed3ba5e1d\",\"name\":\"Cl\u00e9ment\",\"image\":{\"@type\":\"ImageObject\",\"inLanguage\":\"fr-FR\",\"@id\":\"https:\/\/footdavant.fr\/actualites\/#\/schema\/person\/image\/\",\"url\":\"https:\/\/secure.gravatar.com\/avatar\/7728b29aac2719421e1a9159b2254c44?s=96&d=mm&r=g\",\"contentUrl\":\"https:\/\/secure.gravatar.com\/avatar\/7728b29aac2719421e1a9159b2254c44?s=96&d=mm&r=g\",\"caption\":\"Cl\u00e9ment\"},\"sameAs\":[\"https:\/\/footdavant.fr\/\"]}]}<\/script>\n<!-- \/ Yoast SEO plugin. -->","yoast_head_json":{"title":"Erik ten Hag donne son point de vue sur les difficult\u00e9s de Donny van de Beek \u00e0 Manchester United","robots":{"index":"index","follow":"follow","max-snippet":"max-snippet:-1","max-image-preview":"max-image-preview:large","max-video-preview":"max-video-preview:-1"},"canonical":"https:\/\/footdavant.fr\/actualites\/erik-ten-hag-donne-son-point-de-vue-sur-les-difficultes-de-donny-van-de-beek-a-manchester-united\/","og_locale":"fr_FR","og_type":"article","og_title":"Erik ten Hag donne son point de vue sur les difficult\u00e9s de Donny van de Beek \u00e0 Manchester United","og_description":"L&rsquo;entra\u00eeneur-chef de Manchester United, Erik ten Hag, explique pourquoi Donny van de Beek a eu du mal \u00e0 faire sa marque \u00e0 Old Trafford. Manchester","og_url":"https:\/\/footdavant.fr\/actualites\/erik-ten-hag-donne-son-point-de-vue-sur-les-difficultes-de-donny-van-de-beek-a-manchester-united\/","og_site_name":"Foot d&#039;avant","article_publisher":"https:\/\/www.facebook.com\/Footdavant\/","article_published_time":"2024-01-10T09:53:38+00:00","article_modified_time":"2024-01-10T09:53:39+00:00","og_image":[{"width":640,"height":480,"url":"https:\/\/footdavant.fr\/actualites\/wp-content\/uploads\/2024\/01\/Erik-ten-Hag-donne-son-point-de-vue-sur-les.JPG","type":"image\/jpeg"}],"author":"Cl\u00e9ment","twitter_card":"summary_large_image","twitter_creator":"@FootdavantFr","twitter_site":"@FootdavantFr","twitter_misc":{"\u00c9crit par":"Cl\u00e9ment","Dur\u00e9e de lecture estim\u00e9e":"3 minutes"},"schema":{"@context":"https:\/\/schema.org","@graph":[{"@type":"Article","@id":"https:\/\/footdavant.fr\/actualites\/erik-ten-hag-donne-son-point-de-vue-sur-les-difficultes-de-donny-van-de-beek-a-manchester-united\/#article","isPartOf":{"@id":"https:\/\/footdavant.fr\/actualites\/erik-ten-hag-donne-son-point-de-vue-sur-les-difficultes-de-donny-van-de-beek-a-manchester-united\/"},"author":{"name":"Cl\u00e9ment","@id":"https:\/\/footdavant.fr\/actualites\/#\/schema\/person\/bc222566d95871b37e597b3ed3ba5e1d"},"headline":"Erik ten Hag donne son point de vue sur les difficult\u00e9s de Donny van de Beek \u00e0 Manchester United","datePublished":"2024-01-10T09:53:38+00:00","dateModified":"2024-01-10T09:53:39+00:00","mainEntityOfPage":{"@id":"https:\/\/footdavant.fr\/actualites\/erik-ten-hag-donne-son-point-de-vue-sur-les-difficultes-de-donny-van-de-beek-a-manchester-united\/"},"wordCount":588,"publisher":{"@id":"https:\/\/footdavant.fr\/actualites\/#organization"},"keywords":["Beek","difficult\u00e9s","donne","Donny","Erik","Hag","les","Manchester","point","son","sur","ten","United","van","vue"],"articleSection":["Premier League"],"inLanguage":"fr-FR"},{"@type":"WebPage","@id":"https:\/\/footdavant.fr\/actualites\/erik-ten-hag-donne-son-point-de-vue-sur-les-difficultes-de-donny-van-de-beek-a-manchester-united\/","url":"https:\/\/footdavant.fr\/actualites\/erik-ten-hag-donne-son-point-de-vue-sur-les-difficultes-de-donny-van-de-beek-a-manchester-united\/","name":"Erik ten Hag donne son point de vue sur les difficult\u00e9s de Donny van de Beek \u00e0 Manchester United","isPartOf":{"@id":"https:\/\/footdavant.fr\/actualites\/#website"},"datePublished":"2024-01-10T09:53:38+00:00","dateModified":"2024-01-10T09:53:39+00:00","breadcrumb":{"@id":"https:\/\/footdavant.fr\/actualites\/erik-ten-hag-donne-son-point-de-vue-sur-les-difficultes-de-donny-van-de-beek-a-manchester-united\/#breadcrumb"},"inLanguage":"fr-FR","potentialAction":[{"@type":"ReadAction","target":["https:\/\/footdavant.fr\/actualites\/erik-ten-hag-donne-son-point-de-vue-sur-les-difficultes-de-donny-van-de-beek-a-manchester-united\/"]}]},{"@type":"BreadcrumbList","@id":"https:\/\/footdavant.fr\/actualites\/erik-ten-hag-donne-son-point-de-vue-sur-les-difficultes-de-donny-van-de-beek-a-manchester-united\/#breadcrumb","itemListElement":[{"@type":"ListItem","position":1,"name":"Accueil","item":"https:\/\/footdavant.fr\/actualites\/"},{"@type":"ListItem","position":2,"name":"Erik ten Hag donne son point de vue sur les difficult\u00e9s de Donny van de Beek \u00e0 Manchester United"}]},{"@type":"WebSite","@id":"https:\/\/footdavant.fr\/actualites\/#website","url":"https:\/\/footdavant.fr\/actualites\/","name":"Foot d'avant","description":"","publisher":{"@id":"https:\/\/footdavant.fr\/actualites\/#organization"},"potentialAction":[{"@type":"SearchAction","target":{"@type":"EntryPoint","urlTemplate":"https:\/\/footdavant.fr\/actualites\/?s={search_term_string}"},"query-input":"required name=search_term_string"}],"inLanguage":"fr-FR"},{"@type":"Organization","@id":"https:\/\/footdavant.fr\/actualites\/#organization","name":"Foot d'avant","url":"https:\/\/footdavant.fr\/actualites\/","logo":{"@type":"ImageObject","inLanguage":"fr-FR","@id":"https:\/\/footdavant.fr\/actualites\/#\/schema\/logo\/image\/","url":"https:\/\/footdavant.fr\/actualites\/wp-content\/uploads\/2023\/09\/Copy-of-FootDavant-Logo.png","contentUrl":"https:\/\/footdavant.fr\/actualites\/wp-content\/uploads\/2023\/09\/Copy-of-FootDavant-Logo.png","width":936,"height":549,"caption":"Foot d'avant"},"image":{"@id":"https:\/\/footdavant.fr\/actualites\/#\/schema\/logo\/image\/"},"sameAs":["https:\/\/www.facebook.com\/Footdavant\/","https:\/\/twitter.com\/FootdavantFr","https:\/\/www.instagram.com\/footdavant.fr\/"]},{"@type":"Person","@id":"https:\/\/footdavant.fr\/actualites\/#\/schema\/person\/bc222566d95871b37e597b3ed3ba5e1d","name":"Cl\u00e9ment","image":{"@type":"ImageObject","inLanguage":"fr-FR","@id":"https:\/\/footdavant.fr\/actualites\/#\/schema\/person\/image\/","url":"https:\/\/secure.gravatar.com\/avatar\/7728b29aac2719421e1a9159b2254c44?s=96&d=mm&r=g","contentUrl":"https:\/\/secure.gravatar.com\/avatar\/7728b29aac2719421e1a9159b2254c44?s=96&d=mm&r=g","caption":"Cl\u00e9ment"},"sameAs":["https:\/\/footdavant.fr\/"]}]}},"_links":{"self":[{"href":"https:\/\/footdavant.fr\/actualites\/wp-json\/wp\/v2\/posts\/3673"}],"collection":[{"href":"https:\/\/footdavant.fr\/actualites\/wp-json\/wp\/v2\/posts"}],"about":[{"href":"https:\/\/footdavant.fr\/actualites\/wp-json\/wp\/v2\/types\/post"}],"author":[{"embeddable":true,"href":"https:\/\/footdavant.fr\/actualites\/wp-json\/wp\/v2\/users\/1"}],"replies":[{"embeddable":true,"href":"https:\/\/footdavant.fr\/actualites\/wp-json\/wp\/v2\/comments?post=3673"}],"version-history":[{"count":1,"href":"https:\/\/footdavant.fr\/actualites\/wp-json\/wp\/v2\/posts\/3673\/revisions"}],"predecessor-version":[{"id":3675,"href":"https:\/\/footdavant.fr\/actualites\/wp-json\/wp\/v2\/posts\/3673\/revisions\/3675"}],"wp:featuredmedia":[{"embeddable":true,"href":"https:\/\/footdavant.fr\/actualites\/wp-json\/wp\/v2\/media\/3674"}],"wp:attachment":[{"href":"https:\/\/footdavant.fr\/actualites\/wp-json\/wp\/v2\/media?parent=3673"}],"wp:term":[{"taxonomy":"category","embeddable":true,"href":"https:\/\/footdavant.fr\/actualites\/wp-json\/wp\/v2\/categories?post=3673"},{"taxonomy":"post_tag","embeddable":true,"href":"https:\/\/footdavant.fr\/actualites\/wp-json\/wp\/v2\/tags?post=3673"}],"curies":[{"name":"wp","href":"https:\/\/api.w.org\/{rel}","templated":true}]}}