{"id":36735,"date":"2026-04-23T04:48:09","date_gmt":"2026-04-23T02:48:09","guid":{"rendered":"https:\/\/footdavant.fr\/actualites\/bournemouth-2-2-leeds-farke-salue-un-point-inestimable\/"},"modified":"2026-04-23T04:48:12","modified_gmt":"2026-04-23T02:48:12","slug":"bournemouth-2-2-leeds-farke-salue-un-point-inestimable","status":"publish","type":"post","link":"https:\/\/footdavant.fr\/actualites\/bournemouth-2-2-leeds-farke-salue-un-point-inestimable\/","title":{"rendered":"Bournemouth 2-2 Leeds : Farke salue un point \u00ab inestimable \u00bb"},"content":{"rendered":"<div>\n<p>Le manager de Leeds United, Daniel Farke, a salu\u00e9 un point \u00ab inestimable \u00bb alors qu&#39;ils se sont battus \u00e0 deux reprises apr\u00e8s un but men\u00e9 pour faire match nul 2-2 \u00e0 Bournemouth.<\/p>\n<p>Bournemouth, qui aurait pu passer \u00e0 la sixi\u00e8me place avec une victoire, a pris la t\u00eate \u00e0 l&#39;heure de jeu gr\u00e2ce \u00e0 Junior Kroupi, seulement pour que Leeds \u00e9galise peu de temps apr\u00e8s alors que James Hill mettait par inadvertance son propre filet.<\/p>\n<p>Rayan semblait l&#39;avoir gagn\u00e9 lorsqu&#39;il a converti le centre de Tyler Adams \u00e0 cinq minutes de la fin, mais il y a eu un rebondissement dans l&#39;histoire \u00e0 la 97e minute lorsque Sean Longstaff a marqu\u00e9 de vol\u00e9e pour s&#39;assurer une part du butin apr\u00e8s que Bournemouth n&#39;ait pas r\u00e9ussi \u00e0 d\u00e9gager un long lancer.<\/p>\n<h2 class=\"wp-block-heading\"><span id=\"Farke_Leeds_relegation_fight_not_done\">Farke: le combat contre la rel\u00e9gation de Leeds n&#39;est pas termin\u00e9<\/span><\/h2>\n<p>Le tirage au sort am\u00e8ne Leeds \u00e0 40 points, ce qui leur donne neuf points d&#39;avance sur les trois derniers de la Premier League, bien que Farke ne c\u00e9l\u00e9brera pas trop t\u00f4t m\u00eame si son \u00e9quipe semble d\u00e9sormais pr\u00eate \u00e0 \u00e9viter la rel\u00e9gation.<\/p>\n<p>\u00ab\u00a0Je suis simplement fier de mes gar\u00e7ons parce que nous avons perdu beaucoup d&#39;\u00e9nergie au cours des deux derni\u00e8res semaines et aujourd&#39;hui, c&#39;\u00e9tait une journ\u00e9e de combat, de mentalit\u00e9, de conviction et de combat jusqu&#39;au bout\u00a0\u00bb, a d\u00e9clar\u00e9 Farke \u00e0 Sky Sports.<\/p>\n<p>\u00ab\u00a0Lors de notre match \u00e0 domicile, nous \u00e9tions la meilleure \u00e9quipe et nous avons conc\u00e9d\u00e9 un \u00e9galiseur tardif, aujourd&#39;hui c&#39;\u00e9tait l&#39;inverse. Bournemouth \u00e9tait l\u00e0 aujourd&#39;hui, c&#39;est Andoni. [Iraola] derniers matchs et je m&#39;attendais \u00e0 une \u00e9quipe locale pleine d&#39;\u00e9motion et je pense qu&#39;elle \u00e9tait la meilleure \u00e9quipe mais nous avons trouv\u00e9 le moyen de lutter contre tous les revers. Inestimable pour nous et tr\u00e8s fier des gar\u00e7ons.<\/p>\n<p>\u00ab\u00a0J&#39;ai suffisamment d&#39;exp\u00e9rience dans ce m\u00e9tier pour que nous puissions c\u00e9l\u00e9brer quand ce sera le cas. [the relegation fight] math\u00e9matiquement fait mais je suis confiant. Nous c\u00e9l\u00e9brerons quand il y aura quelque chose \u00e0 c\u00e9l\u00e9brer. Nous garderons le pied sur l\u2019acc\u00e9l\u00e9rateur.<\/p>\n<figure class=\"wp-block-embed is-type-video is-provider-youtube wp-block-embed-youtube wp-embed-aspect-16-9 wp-has-aspect-ratio\">\n<p>\n<noscript><iframe loading=\"lazy\" title=\"Longstaff scores 97th minute equaliser! \u23f0 | Bournemouth 2-2 Leeds | Premier League Highlights\" width=\"1200\" height=\"675\" src=\"https:\/\/www.youtube.com\/embed\/eJnwULyhBvk?feature=oembed\" frameborder=\"0\" allow=\"accelerometer; autoplay; clipboard-write; encrypted-media; gyroscope; picture-in-picture; web-share\" referrerpolicy=\"strict-origin-when-cross-origin\" allowfullscreen><\/iframe><\/noscript>\n<\/p>\n<\/figure>\n<p>Leeds affrontera d\u00e9sormais Chelsea en demi-finale de la FA Cup \u00e0 Wembley dimanche.<\/p>\n<p>Les Blues ont limog\u00e9 mercredi l&#39;entra\u00eeneur-chef Liam Rosenior apr\u00e8s cinq d\u00e9faites successives en championnat sans marquer de but.<\/p>\n<p>\u00ab\u00a0Nous ne sommes certainement pas les favoris mais \u00e0 partir de demain nous allons nous concentrer, mais aujourd&#39;hui je suis juste heureux que nous repartions avec un point inestimable\u00a0\u00bb, a ajout\u00e9 Farke.<\/p>\n<p>Interrog\u00e9 sur le d\u00e9part de Rosenior, il a d\u00e9clar\u00e9 : \u00ab\u00a0Je n&#39;y ai pas r\u00e9fl\u00e9chi une seule seconde mais je vois une \u00e9quipe pleine de potentiel et de talent incroyable. Ce n&#39;est pas une co\u00efncidence si cet \u00e9t\u00e9, ils ont remport\u00e9 la Coupe du Monde des Clubs. <\/p>\n<p>\u00ab\u00a0Quand l&#39;\u00e9quipe est l\u00e0, elle peut \u00eatre une \u00e9quipe tr\u00e8s dangereuse. Nous sommes les outsiders mais c&#39;est une situation que nous connaissons dans la ligue et nous voulons y parvenir de la meilleure mani\u00e8re possible.\u00a0\u00bb<\/p>\n<h2 class=\"wp-block-heading\"><span id=\"Offside_decisions_irritate_Iraola\">Les d\u00e9cisions de hors-jeu irritent Iraola<\/span><\/h2>\n<p>Alors que Farke \u00e9tait ravi, le patron sortant de Bournemouth, Iraola, \u00e9tait tr\u00e8s frustr\u00e9 par deux d\u00e9cisions qui allaient \u00e0 l&#39;encontre de son \u00e9quipe.<\/p>\n<p>Evanilson semblait avoir port\u00e9 le score \u00e0 3-1 lorsqu&#39;il s&#39;est pr\u00e9cipit\u00e9 pour trouver le filet, mais a vu son but annul\u00e9 pour un hors-jeu serr\u00e9. Longstaff a ensuite rendu ce moment encore plus douloureux, Iraola \u00e9tant cat\u00e9gorique, Joel Piroe avait obstru\u00e9 la vue du gardien Djordje Petrovic depuis une position de hors-jeu pour le niveleur tardif.<\/p>\n<p>\u00ab\u00a0C&#39;est difficile \u00e0 avaler\u00a0\u00bb, a d\u00e9clar\u00e9 Iraola \u00e0 Sky Sports. \u00ab\u00a0Notre hors-jeu est millim\u00e9tr\u00e9 mais il faut accepter la machine. Il [Evanilson] a un millim\u00e8tre d&#39;avance sur le dernier d\u00e9fenseur.<\/p>\n<p>\u00ab\u00a0Mais le dernier but, je ne peux pas l&#39;accepter. Joel Piroe est hors-jeu, cela rend le travail de Petro plus difficile. Il ne voit pas. Si vous mettez un mur devant le gardien, c&#39;est hors-jeu. <\/p>\n<figure class=\"wp-block-image size-large\"><picture decoding=\"async\" class=\"wp-image-164908\"><source type=\"image\/webp\" data-lazy- \/><img loading=\"lazy\" decoding=\"async\" width=\"1024\" height=\"683\" src=\"https:\/\/footdavant.fr\/actualites\/wp-content\/uploads\/2026\/04\/Bournemouth-2-2-Leeds-Farke-salue-un-point-inestimable.jpg\" alt=\"Le patron de Bournemouth, Andoni Iraola\"  \/>\n<\/picture>\n<\/figure>\n<p>\u00ab\u00a0Nous perdons deux points \u00e0 cause de la d\u00e9cision. Piroe rend l&#39;arr\u00eat plus difficile, il n&#39;y a pas de discussion. L&#39;aurait-il sauv\u00e9 ? Je ne sais pas. Cela rend les choses plus difficiles.<\/p>\n<p>\u00ab\u00a0Je ne vais pas discuter des 50-50, du penalty de Brooksy [David Brooks] mais celui-ci, je ne peux pas l&#39;accepter car ce sont deux points \u00e9normes pour nous.<\/p>\n<p>\u00ab\u00a0J&#39;attends [for the referee].J&#39;attends 30 minutes. J&#39;irai tout de suite lui parler. Ce n&#39;est pas grave mais c&#39;est hors-jeu. Vous ne pouvez tirer aucun avantage d\u2019une position de hors-jeu. Dans quelle mesure cela affecte-t-il ? Ce n&#39;est pas une discussion \u2013 0,1% \u2013 c&#39;est un hors-jeu.\u00bb<\/p>\n<p>Bournemouth, qui compte six points de retard sur Liverpool \u00e0 la cinqui\u00e8me et derni\u00e8re place de qualification pour la Ligue des champions, b\u00e9n\u00e9ficie d&#39;une pause prolong\u00e9e avant d&#39;affronter Crystal Palace le 3 mai.<\/p>\n<\/p><\/div>\n","protected":false},"excerpt":{"rendered":"<p>Le manager de Leeds United, Daniel Farke, a salu\u00e9 un point \u00ab inestimable \u00bb alors qu&#39;ils se sont battus \u00e0 deux reprises apr\u00e8s un but<\/p>\n","protected":false},"author":1,"featured_media":36736,"comment_status":"closed","ping_status":"","sticky":false,"template":"","format":"standard","meta":{"footnotes":""},"categories":[3],"tags":[54,10012,11871,121,153,193],"yoast_head":"<!-- This site is optimized with the Yoast SEO plugin v21.0 - https:\/\/yoast.com\/wordpress\/plugins\/seo\/ -->\n<title>Bournemouth 2-2 Leeds : Farke salue un point \u00ab inestimable \u00bb<\/title>\n<meta name=\"robots\" content=\"index, follow, max-snippet:-1, max-image-preview:large, max-video-preview:-1\" \/>\n<link rel=\"canonical\" href=\"https:\/\/footdavant.fr\/actualites\/bournemouth-2-2-leeds-farke-salue-un-point-inestimable\/\" \/>\n<meta property=\"og:locale\" content=\"fr_FR\" \/>\n<meta property=\"og:type\" content=\"article\" \/>\n<meta property=\"og:title\" content=\"Bournemouth 2-2 Leeds : Farke salue un point \u00ab inestimable \u00bb\" \/>\n<meta property=\"og:description\" content=\"Le manager de Leeds United, Daniel Farke, a salu\u00e9 un point \u00ab inestimable \u00bb alors qu&#039;ils se sont battus \u00e0 deux reprises apr\u00e8s un but\" \/>\n<meta property=\"og:url\" content=\"https:\/\/footdavant.fr\/actualites\/bournemouth-2-2-leeds-farke-salue-un-point-inestimable\/\" \/>\n<meta property=\"og:site_name\" content=\"Foot d&#039;avant\" \/>\n<meta property=\"article:publisher\" content=\"https:\/\/www.facebook.com\/Footdavant\/\" \/>\n<meta property=\"article:published_time\" content=\"2026-04-23T02:48:09+00:00\" \/>\n<meta property=\"article:modified_time\" content=\"2026-04-23T02:48:12+00:00\" \/>\n<meta property=\"og:image\" content=\"https:\/\/footdavant.fr\/actualites\/wp-content\/uploads\/2026\/04\/1776912490_Bournemouth-2-2-Leeds-Farke-salue-un-point-inestimable.jpg\" \/>\n\t<meta property=\"og:image:width\" content=\"1200\" \/>\n\t<meta property=\"og:image:height\" content=\"675\" \/>\n\t<meta property=\"og:image:type\" content=\"image\/jpeg\" \/>\n<meta name=\"author\" content=\"Cl\u00e9ment\" \/>\n<meta name=\"twitter:card\" content=\"summary_large_image\" \/>\n<meta name=\"twitter:creator\" content=\"@FootdavantFr\" \/>\n<meta name=\"twitter:site\" content=\"@FootdavantFr\" \/>\n<meta name=\"twitter:label1\" content=\"\u00c9crit par\" \/>\n\t<meta name=\"twitter:data1\" content=\"Cl\u00e9ment\" \/>\n\t<meta name=\"twitter:label2\" content=\"Dur\u00e9e de lecture estim\u00e9e\" \/>\n\t<meta name=\"twitter:data2\" content=\"4 minutes\" \/>\n<script type=\"application\/ld+json\" class=\"yoast-schema-graph\">{\"@context\":\"https:\/\/schema.org\",\"@graph\":[{\"@type\":\"Article\",\"@id\":\"https:\/\/footdavant.fr\/actualites\/bournemouth-2-2-leeds-farke-salue-un-point-inestimable\/#article\",\"isPartOf\":{\"@id\":\"https:\/\/footdavant.fr\/actualites\/bournemouth-2-2-leeds-farke-salue-un-point-inestimable\/\"},\"author\":{\"name\":\"Cl\u00e9ment\",\"@id\":\"https:\/\/footdavant.fr\/actualites\/#\/schema\/person\/bc222566d95871b37e597b3ed3ba5e1d\"},\"headline\":\"Bournemouth 2-2 Leeds : Farke salue un point \u00ab inestimable \u00bb\",\"datePublished\":\"2026-04-23T02:48:09+00:00\",\"dateModified\":\"2026-04-23T02:48:12+00:00\",\"mainEntityOfPage\":{\"@id\":\"https:\/\/footdavant.fr\/actualites\/bournemouth-2-2-leeds-farke-salue-un-point-inestimable\/\"},\"wordCount\":870,\"publisher\":{\"@id\":\"https:\/\/footdavant.fr\/actualites\/#organization\"},\"keywords\":[\"Bournemouth\",\"Farke\",\"inestimable\",\"Leeds\",\"point\",\"salue\"],\"articleSection\":[\"Football\"],\"inLanguage\":\"fr-FR\"},{\"@type\":\"WebPage\",\"@id\":\"https:\/\/footdavant.fr\/actualites\/bournemouth-2-2-leeds-farke-salue-un-point-inestimable\/\",\"url\":\"https:\/\/footdavant.fr\/actualites\/bournemouth-2-2-leeds-farke-salue-un-point-inestimable\/\",\"name\":\"Bournemouth 2-2 Leeds : Farke salue un point \u00ab inestimable \u00bb\",\"isPartOf\":{\"@id\":\"https:\/\/footdavant.fr\/actualites\/#website\"},\"datePublished\":\"2026-04-23T02:48:09+00:00\",\"dateModified\":\"2026-04-23T02:48:12+00:00\",\"breadcrumb\":{\"@id\":\"https:\/\/footdavant.fr\/actualites\/bournemouth-2-2-leeds-farke-salue-un-point-inestimable\/#breadcrumb\"},\"inLanguage\":\"fr-FR\",\"potentialAction\":[{\"@type\":\"ReadAction\",\"target\":[\"https:\/\/footdavant.fr\/actualites\/bournemouth-2-2-leeds-farke-salue-un-point-inestimable\/\"]}]},{\"@type\":\"BreadcrumbList\",\"@id\":\"https:\/\/footdavant.fr\/actualites\/bournemouth-2-2-leeds-farke-salue-un-point-inestimable\/#breadcrumb\",\"itemListElement\":[{\"@type\":\"ListItem\",\"position\":1,\"name\":\"Accueil\",\"item\":\"https:\/\/footdavant.fr\/actualites\/\"},{\"@type\":\"ListItem\",\"position\":2,\"name\":\"Bournemouth 2-2 Leeds : Farke salue un point \u00ab inestimable \u00bb\"}]},{\"@type\":\"WebSite\",\"@id\":\"https:\/\/footdavant.fr\/actualites\/#website\",\"url\":\"https:\/\/footdavant.fr\/actualites\/\",\"name\":\"Foot d'avant\",\"description\":\"\",\"publisher\":{\"@id\":\"https:\/\/footdavant.fr\/actualites\/#organization\"},\"potentialAction\":[{\"@type\":\"SearchAction\",\"target\":{\"@type\":\"EntryPoint\",\"urlTemplate\":\"https:\/\/footdavant.fr\/actualites\/?s={search_term_string}\"},\"query-input\":\"required name=search_term_string\"}],\"inLanguage\":\"fr-FR\"},{\"@type\":\"Organization\",\"@id\":\"https:\/\/footdavant.fr\/actualites\/#organization\",\"name\":\"Foot d'avant\",\"url\":\"https:\/\/footdavant.fr\/actualites\/\",\"logo\":{\"@type\":\"ImageObject\",\"inLanguage\":\"fr-FR\",\"@id\":\"https:\/\/footdavant.fr\/actualites\/#\/schema\/logo\/image\/\",\"url\":\"https:\/\/footdavant.fr\/actualites\/wp-content\/uploads\/2023\/09\/Copy-of-FootDavant-Logo.png\",\"contentUrl\":\"https:\/\/footdavant.fr\/actualites\/wp-content\/uploads\/2023\/09\/Copy-of-FootDavant-Logo.png\",\"width\":936,\"height\":549,\"caption\":\"Foot d'avant\"},\"image\":{\"@id\":\"https:\/\/footdavant.fr\/actualites\/#\/schema\/logo\/image\/\"},\"sameAs\":[\"https:\/\/www.facebook.com\/Footdavant\/\",\"https:\/\/twitter.com\/FootdavantFr\",\"https:\/\/www.instagram.com\/footdavant.fr\/\"]},{\"@type\":\"Person\",\"@id\":\"https:\/\/footdavant.fr\/actualites\/#\/schema\/person\/bc222566d95871b37e597b3ed3ba5e1d\",\"name\":\"Cl\u00e9ment\",\"image\":{\"@type\":\"ImageObject\",\"inLanguage\":\"fr-FR\",\"@id\":\"https:\/\/footdavant.fr\/actualites\/#\/schema\/person\/image\/\",\"url\":\"https:\/\/secure.gravatar.com\/avatar\/7728b29aac2719421e1a9159b2254c44?s=96&d=mm&r=g\",\"contentUrl\":\"https:\/\/secure.gravatar.com\/avatar\/7728b29aac2719421e1a9159b2254c44?s=96&d=mm&r=g\",\"caption\":\"Cl\u00e9ment\"},\"sameAs\":[\"https:\/\/footdavant.fr\/\"]}]}<\/script>\n<!-- \/ Yoast SEO plugin. -->","yoast_head_json":{"title":"Bournemouth 2-2 Leeds : Farke salue un point \u00ab inestimable \u00bb","robots":{"index":"index","follow":"follow","max-snippet":"max-snippet:-1","max-image-preview":"max-image-preview:large","max-video-preview":"max-video-preview:-1"},"canonical":"https:\/\/footdavant.fr\/actualites\/bournemouth-2-2-leeds-farke-salue-un-point-inestimable\/","og_locale":"fr_FR","og_type":"article","og_title":"Bournemouth 2-2 Leeds : Farke salue un point \u00ab inestimable \u00bb","og_description":"Le manager de Leeds United, Daniel Farke, a salu\u00e9 un point \u00ab inestimable \u00bb alors qu&#39;ils se sont battus \u00e0 deux reprises apr\u00e8s un but","og_url":"https:\/\/footdavant.fr\/actualites\/bournemouth-2-2-leeds-farke-salue-un-point-inestimable\/","og_site_name":"Foot d&#039;avant","article_publisher":"https:\/\/www.facebook.com\/Footdavant\/","article_published_time":"2026-04-23T02:48:09+00:00","article_modified_time":"2026-04-23T02:48:12+00:00","og_image":[{"width":1200,"height":675,"url":"https:\/\/footdavant.fr\/actualites\/wp-content\/uploads\/2026\/04\/1776912490_Bournemouth-2-2-Leeds-Farke-salue-un-point-inestimable.jpg","type":"image\/jpeg"}],"author":"Cl\u00e9ment","twitter_card":"summary_large_image","twitter_creator":"@FootdavantFr","twitter_site":"@FootdavantFr","twitter_misc":{"\u00c9crit par":"Cl\u00e9ment","Dur\u00e9e de lecture estim\u00e9e":"4 minutes"},"schema":{"@context":"https:\/\/schema.org","@graph":[{"@type":"Article","@id":"https:\/\/footdavant.fr\/actualites\/bournemouth-2-2-leeds-farke-salue-un-point-inestimable\/#article","isPartOf":{"@id":"https:\/\/footdavant.fr\/actualites\/bournemouth-2-2-leeds-farke-salue-un-point-inestimable\/"},"author":{"name":"Cl\u00e9ment","@id":"https:\/\/footdavant.fr\/actualites\/#\/schema\/person\/bc222566d95871b37e597b3ed3ba5e1d"},"headline":"Bournemouth 2-2 Leeds : Farke salue un point \u00ab inestimable \u00bb","datePublished":"2026-04-23T02:48:09+00:00","dateModified":"2026-04-23T02:48:12+00:00","mainEntityOfPage":{"@id":"https:\/\/footdavant.fr\/actualites\/bournemouth-2-2-leeds-farke-salue-un-point-inestimable\/"},"wordCount":870,"publisher":{"@id":"https:\/\/footdavant.fr\/actualites\/#organization"},"keywords":["Bournemouth","Farke","inestimable","Leeds","point","salue"],"articleSection":["Football"],"inLanguage":"fr-FR"},{"@type":"WebPage","@id":"https:\/\/footdavant.fr\/actualites\/bournemouth-2-2-leeds-farke-salue-un-point-inestimable\/","url":"https:\/\/footdavant.fr\/actualites\/bournemouth-2-2-leeds-farke-salue-un-point-inestimable\/","name":"Bournemouth 2-2 Leeds : Farke salue un point \u00ab inestimable \u00bb","isPartOf":{"@id":"https:\/\/footdavant.fr\/actualites\/#website"},"datePublished":"2026-04-23T02:48:09+00:00","dateModified":"2026-04-23T02:48:12+00:00","breadcrumb":{"@id":"https:\/\/footdavant.fr\/actualites\/bournemouth-2-2-leeds-farke-salue-un-point-inestimable\/#breadcrumb"},"inLanguage":"fr-FR","potentialAction":[{"@type":"ReadAction","target":["https:\/\/footdavant.fr\/actualites\/bournemouth-2-2-leeds-farke-salue-un-point-inestimable\/"]}]},{"@type":"BreadcrumbList","@id":"https:\/\/footdavant.fr\/actualites\/bournemouth-2-2-leeds-farke-salue-un-point-inestimable\/#breadcrumb","itemListElement":[{"@type":"ListItem","position":1,"name":"Accueil","item":"https:\/\/footdavant.fr\/actualites\/"},{"@type":"ListItem","position":2,"name":"Bournemouth 2-2 Leeds : Farke salue un point \u00ab inestimable \u00bb"}]},{"@type":"WebSite","@id":"https:\/\/footdavant.fr\/actualites\/#website","url":"https:\/\/footdavant.fr\/actualites\/","name":"Foot d'avant","description":"","publisher":{"@id":"https:\/\/footdavant.fr\/actualites\/#organization"},"potentialAction":[{"@type":"SearchAction","target":{"@type":"EntryPoint","urlTemplate":"https:\/\/footdavant.fr\/actualites\/?s={search_term_string}"},"query-input":"required name=search_term_string"}],"inLanguage":"fr-FR"},{"@type":"Organization","@id":"https:\/\/footdavant.fr\/actualites\/#organization","name":"Foot d'avant","url":"https:\/\/footdavant.fr\/actualites\/","logo":{"@type":"ImageObject","inLanguage":"fr-FR","@id":"https:\/\/footdavant.fr\/actualites\/#\/schema\/logo\/image\/","url":"https:\/\/footdavant.fr\/actualites\/wp-content\/uploads\/2023\/09\/Copy-of-FootDavant-Logo.png","contentUrl":"https:\/\/footdavant.fr\/actualites\/wp-content\/uploads\/2023\/09\/Copy-of-FootDavant-Logo.png","width":936,"height":549,"caption":"Foot d'avant"},"image":{"@id":"https:\/\/footdavant.fr\/actualites\/#\/schema\/logo\/image\/"},"sameAs":["https:\/\/www.facebook.com\/Footdavant\/","https:\/\/twitter.com\/FootdavantFr","https:\/\/www.instagram.com\/footdavant.fr\/"]},{"@type":"Person","@id":"https:\/\/footdavant.fr\/actualites\/#\/schema\/person\/bc222566d95871b37e597b3ed3ba5e1d","name":"Cl\u00e9ment","image":{"@type":"ImageObject","inLanguage":"fr-FR","@id":"https:\/\/footdavant.fr\/actualites\/#\/schema\/person\/image\/","url":"https:\/\/secure.gravatar.com\/avatar\/7728b29aac2719421e1a9159b2254c44?s=96&d=mm&r=g","contentUrl":"https:\/\/secure.gravatar.com\/avatar\/7728b29aac2719421e1a9159b2254c44?s=96&d=mm&r=g","caption":"Cl\u00e9ment"},"sameAs":["https:\/\/footdavant.fr\/"]}]}},"_links":{"self":[{"href":"https:\/\/footdavant.fr\/actualites\/wp-json\/wp\/v2\/posts\/36735"}],"collection":[{"href":"https:\/\/footdavant.fr\/actualites\/wp-json\/wp\/v2\/posts"}],"about":[{"href":"https:\/\/footdavant.fr\/actualites\/wp-json\/wp\/v2\/types\/post"}],"author":[{"embeddable":true,"href":"https:\/\/footdavant.fr\/actualites\/wp-json\/wp\/v2\/users\/1"}],"replies":[{"embeddable":true,"href":"https:\/\/footdavant.fr\/actualites\/wp-json\/wp\/v2\/comments?post=36735"}],"version-history":[{"count":1,"href":"https:\/\/footdavant.fr\/actualites\/wp-json\/wp\/v2\/posts\/36735\/revisions"}],"predecessor-version":[{"id":36737,"href":"https:\/\/footdavant.fr\/actualites\/wp-json\/wp\/v2\/posts\/36735\/revisions\/36737"}],"wp:featuredmedia":[{"embeddable":true,"href":"https:\/\/footdavant.fr\/actualites\/wp-json\/wp\/v2\/media\/36736"}],"wp:attachment":[{"href":"https:\/\/footdavant.fr\/actualites\/wp-json\/wp\/v2\/media?parent=36735"}],"wp:term":[{"taxonomy":"category","embeddable":true,"href":"https:\/\/footdavant.fr\/actualites\/wp-json\/wp\/v2\/categories?post=36735"},{"taxonomy":"post_tag","embeddable":true,"href":"https:\/\/footdavant.fr\/actualites\/wp-json\/wp\/v2\/tags?post=36735"}],"curies":[{"name":"wp","href":"https:\/\/api.w.org\/{rel}","templated":true}]}}