{"id":36738,"date":"2026-04-23T06:48:18","date_gmt":"2026-04-23T04:48:18","guid":{"rendered":"https:\/\/footdavant.fr\/actualites\/nouvelles-des-blessures-des-spurs-la-mise-a-jour-de-james-maddison-fournie-par-roberto-de-zerbi-fait-une-allusion-claire-a-linternational-anglais\/"},"modified":"2026-04-23T06:48:20","modified_gmt":"2026-04-23T04:48:20","slug":"nouvelles-des-blessures-des-spurs-la-mise-a-jour-de-james-maddison-fournie-par-roberto-de-zerbi-fait-une-allusion-claire-a-linternational-anglais","status":"publish","type":"post","link":"https:\/\/footdavant.fr\/actualites\/nouvelles-des-blessures-des-spurs-la-mise-a-jour-de-james-maddison-fournie-par-roberto-de-zerbi-fait-une-allusion-claire-a-linternational-anglais\/","title":{"rendered":"Nouvelles des blessures des Spurs\u00a0: la mise \u00e0 jour de James Maddison fournie par Roberto De Zerbi fait une allusion claire \u00e0 l&#39;international anglais"},"content":{"rendered":"<div itemprop=\"articleBody\">\n<p>L&#39;entra\u00eeneur-chef de Tottenham Hotspur, Roberto De Zerbi, a sugg\u00e9r\u00e9 que la r\u00e9cente blessure de Mohammed Kudus influencerait la fa\u00e7on dont il g\u00e9rerait le retour de James Maddison.<\/p>\n<p>Les Spurs affronteront Brighton &#038; Hove Albion samedi soir dans ce qui est consid\u00e9r\u00e9 comme leur plus grand match de la saison, De Zerbi prenant en charge son premier match \u00e0 domicile alors que le club occupe la 18e place du classement de la Premier League.<\/p>\n<p>Il y avait initialement eu l&#39;espoir que Kudus pourrait revenir d&#39;une blessure \u00e0 la cuisse pour le rodage, seulement pour que l&#39;international ghan\u00e9en subisse un revers \u00e0 l&#39;entra\u00eenement et soit exclu pour le reste de la campagne.<\/p>\n<p>Bien que cela ait \u00e9t\u00e9 un coup dur pour les Londoniens du nord, il y a eu r\u00e9cemment la vue bienvenue de Maddison faisant son propre retour \u00e0 l\u2019entra\u00eenement.<\/p>\n<p>L&#39;international anglais a pass\u00e9 plus de huit mois sur le banc de touche en raison d&#39;une grave blessure au genou subie lors de la pr\u00e9-saison.<\/p>\n<div>\n<div>\n<div>\n<div>\n<p>\u00a9 Iconsport \/ PA Images<\/p>\n<\/div>\n<\/div>\n<\/div>\n<\/div>\n<h2>Maddison reviendra-t-il pour les Spurs cette saison ?<\/h2>\n<p>S&#39;exprimant lors d&#39;une conf\u00e9rence de presse vendredi, De Zerbi a apparemment laiss\u00e9 la porte ouverte au meneur de jeu pour revenir en lice avant la fin de la saison 2025-2026.<\/p>\n<p>N\u00e9anmoins, l&#39;Italien a laiss\u00e9 entendre que Kudus souffrant d&#39;une r\u00e9cidive de sa blessure pr\u00e9c\u00e9dente si peu de temps apr\u00e8s son retour \u00e0 l&#39;entra\u00eenement est susceptible d&#39;influencer sa r\u00e9flexion.<\/p>\n<p>Comme cit\u00e9 par The Standard, De Zerbi a d\u00e9clar\u00e9 : \u00ab\u00a0Je ne sais pas. Je ne sais pas encore. Je ne veux pas trop pousser parce que nous avons perdu Kudus de cette fa\u00e7on.<\/p>\n<p>\u00ab\u00a0J&#39;avais l&#39;habitude d&#39;attendre les joueurs lorsqu&#39;ils \u00e9taient disponibles, totalement disponibles pour jouer et reprendre l&#39;entra\u00eenement.<\/p>\n<p>\u00ab\u00a0Parce qu&#39;il vaut mieux perdre un match de plus que de risquer une nouvelle blessure.\u00a0\u00bb<\/p>\n<\/p>\n<p><iframe loading=\"lazy\" title=\"&quot;Just Have A Feeling&quot; | Tottenham vs. Brighton Premier League Preview \u26aa\ud83d\udd35\" width=\"1200\" height=\"675\" src=\"https:\/\/www.youtube.com\/embed\/SZ0I-t3ig2s?feature=oembed\" frameborder=\"0\" allow=\"accelerometer; autoplay; clipboard-write; encrypted-media; gyroscope; picture-in-picture; web-share\" referrerpolicy=\"strict-origin-when-cross-origin\" allowfullscreen><\/iframe><\/p>\n<h2>Un retour de Maddison en 2025-2026 est-il r\u00e9aliste ?<\/h2>\n<p>\u00c0 l\u2019heure actuelle, il reste aux Spurs six matches de Premier League, dont le dernier se jouera le 24 mai.<\/p>\n<p>\u00c0 moins que les Spurs ne remportent des victoires rapidement, ils perdront chaque point jusqu&#39;au week-end de cl\u00f4ture alors qu&#39;ils tenteront d&#39;\u00e9viter la rel\u00e9gation au championnat.<\/p>\n<p>Les enjeux augmentant de semaine en semaine, Maddison devra peut-\u00eatre attendre son heure. Autant les Spurs pourraient b\u00e9n\u00e9ficier de sa cr\u00e9ativit\u00e9 et de sa menace dans le dernier tiers, autant le joueur de 29 ans devra g\u00e9rer son d\u00e9sir d&#39;avoir un impact instantan\u00e9.<\/p>\n<p>De mani\u00e8re r\u00e9aliste, Maddison devra suivre plusieurs semaines d\u2019entra\u00eenement avant d\u2019\u00eatre pris en compte pour une place dans l\u2019\u00e9quipe.<\/p>\n<p>N\u00e9anmoins, s&#39;il parvient \u00e0 \u00e9viter tout revers et \u00e0 d\u00e9velopper sa force et sa forme physique, une place sur le banc des rempla\u00e7ants contre Leeds United le 11 mai pourrait \u00eatre une possibilit\u00e9.<\/p>\n<p>Les Spurs concluent ensuite la saison avec des matches contre Chelsea et Everton respectivement.<\/p>\n<\/div>\n","protected":false},"excerpt":{"rendered":"<p>L&#39;entra\u00eeneur-chef de Tottenham Hotspur, Roberto De Zerbi, a sugg\u00e9r\u00e9 que la r\u00e9cente blessure de Mohammed Kudus influencerait la fa\u00e7on dont il g\u00e9rerait le retour de<\/p>\n","protected":false},"author":1,"featured_media":36739,"comment_status":"closed","ping_status":"","sticky":false,"template":"","format":"standard","meta":{"footnotes":""},"categories":[5],"tags":[390,2440,155,4855,12,152,7016,111,328,4369,2027,327,461,75,2810,1575,92,844],"yoast_head":"<!-- This site is optimized with the Yoast SEO plugin v21.0 - https:\/\/yoast.com\/wordpress\/plugins\/seo\/ -->\n<title>Nouvelles des blessures des Spurs\u00a0: la mise \u00e0 jour de James Maddison fournie par Roberto De Zerbi fait une allusion claire \u00e0 l&#039;international anglais<\/title>\n<meta name=\"robots\" content=\"index, follow, max-snippet:-1, max-image-preview:large, max-video-preview:-1\" \/>\n<link rel=\"canonical\" href=\"https:\/\/footdavant.fr\/actualites\/nouvelles-des-blessures-des-spurs-la-mise-a-jour-de-james-maddison-fournie-par-roberto-de-zerbi-fait-une-allusion-claire-a-linternational-anglais\/\" \/>\n<meta property=\"og:locale\" content=\"fr_FR\" \/>\n<meta property=\"og:type\" content=\"article\" \/>\n<meta property=\"og:title\" content=\"Nouvelles des blessures des Spurs\u00a0: la mise \u00e0 jour de James Maddison fournie par Roberto De Zerbi fait une allusion claire \u00e0 l&#039;international anglais\" \/>\n<meta property=\"og:description\" content=\"L&#039;entra\u00eeneur-chef de Tottenham Hotspur, Roberto De Zerbi, a sugg\u00e9r\u00e9 que la r\u00e9cente blessure de Mohammed Kudus influencerait la fa\u00e7on dont il g\u00e9rerait le retour de\" \/>\n<meta property=\"og:url\" content=\"https:\/\/footdavant.fr\/actualites\/nouvelles-des-blessures-des-spurs-la-mise-a-jour-de-james-maddison-fournie-par-roberto-de-zerbi-fait-une-allusion-claire-a-linternational-anglais\/\" \/>\n<meta property=\"og:site_name\" content=\"Foot d&#039;avant\" \/>\n<meta property=\"article:publisher\" content=\"https:\/\/www.facebook.com\/Footdavant\/\" \/>\n<meta property=\"article:published_time\" content=\"2026-04-23T04:48:18+00:00\" \/>\n<meta property=\"article:modified_time\" content=\"2026-04-23T04:48:20+00:00\" \/>\n<meta property=\"og:image\" content=\"https:\/\/footdavant.fr\/actualites\/wp-content\/uploads\/2026\/04\/Nouvelles-des-blessures-des-Spurs-la-mise-a-jour-de.net2Fuploads2F20252F082Fimago1060938140.webp\" \/>\n\t<meta property=\"og:image:width\" content=\"720\" \/>\n\t<meta property=\"og:image:height\" content=\"410\" \/>\n\t<meta property=\"og:image:type\" content=\"image\/webp\" \/>\n<meta name=\"author\" content=\"Cl\u00e9ment\" \/>\n<meta name=\"twitter:card\" content=\"summary_large_image\" \/>\n<meta name=\"twitter:creator\" content=\"@FootdavantFr\" \/>\n<meta name=\"twitter:site\" content=\"@FootdavantFr\" \/>\n<meta name=\"twitter:label1\" content=\"\u00c9crit par\" \/>\n\t<meta name=\"twitter:data1\" content=\"Cl\u00e9ment\" \/>\n\t<meta name=\"twitter:label2\" content=\"Dur\u00e9e de lecture estim\u00e9e\" \/>\n\t<meta name=\"twitter:data2\" content=\"3 minutes\" \/>\n<script type=\"application\/ld+json\" class=\"yoast-schema-graph\">{\"@context\":\"https:\/\/schema.org\",\"@graph\":[{\"@type\":\"Article\",\"@id\":\"https:\/\/footdavant.fr\/actualites\/nouvelles-des-blessures-des-spurs-la-mise-a-jour-de-james-maddison-fournie-par-roberto-de-zerbi-fait-une-allusion-claire-a-linternational-anglais\/#article\",\"isPartOf\":{\"@id\":\"https:\/\/footdavant.fr\/actualites\/nouvelles-des-blessures-des-spurs-la-mise-a-jour-de-james-maddison-fournie-par-roberto-de-zerbi-fait-une-allusion-claire-a-linternational-anglais\/\"},\"author\":{\"name\":\"Cl\u00e9ment\",\"@id\":\"https:\/\/footdavant.fr\/actualites\/#\/schema\/person\/bc222566d95871b37e597b3ed3ba5e1d\"},\"headline\":\"Nouvelles des blessures des Spurs\u00a0: la mise \u00e0 jour de James Maddison fournie par Roberto De Zerbi fait une allusion claire \u00e0 l&#39;international anglais\",\"datePublished\":\"2026-04-23T04:48:18+00:00\",\"dateModified\":\"2026-04-23T04:48:20+00:00\",\"mainEntityOfPage\":{\"@id\":\"https:\/\/footdavant.fr\/actualites\/nouvelles-des-blessures-des-spurs-la-mise-a-jour-de-james-maddison-fournie-par-roberto-de-zerbi-fait-une-allusion-claire-a-linternational-anglais\/\"},\"wordCount\":546,\"publisher\":{\"@id\":\"https:\/\/footdavant.fr\/actualites\/#organization\"},\"keywords\":[\"allusion\",\"anglais\",\"blessures\",\"claire\",\"des\",\"fait\",\"fournie\",\"James\",\"jour\",\"l39international\",\"Maddison\",\"mise\",\"Nouvelles\",\"par\",\"Roberto\",\"Spurs\",\"une\",\"Zerbi\"],\"articleSection\":[\"Premier League\"],\"inLanguage\":\"fr-FR\"},{\"@type\":\"WebPage\",\"@id\":\"https:\/\/footdavant.fr\/actualites\/nouvelles-des-blessures-des-spurs-la-mise-a-jour-de-james-maddison-fournie-par-roberto-de-zerbi-fait-une-allusion-claire-a-linternational-anglais\/\",\"url\":\"https:\/\/footdavant.fr\/actualites\/nouvelles-des-blessures-des-spurs-la-mise-a-jour-de-james-maddison-fournie-par-roberto-de-zerbi-fait-une-allusion-claire-a-linternational-anglais\/\",\"name\":\"Nouvelles des blessures des Spurs\u00a0: la mise \u00e0 jour de James Maddison fournie par Roberto De Zerbi fait une allusion claire \u00e0 l&#39;international anglais\",\"isPartOf\":{\"@id\":\"https:\/\/footdavant.fr\/actualites\/#website\"},\"datePublished\":\"2026-04-23T04:48:18+00:00\",\"dateModified\":\"2026-04-23T04:48:20+00:00\",\"breadcrumb\":{\"@id\":\"https:\/\/footdavant.fr\/actualites\/nouvelles-des-blessures-des-spurs-la-mise-a-jour-de-james-maddison-fournie-par-roberto-de-zerbi-fait-une-allusion-claire-a-linternational-anglais\/#breadcrumb\"},\"inLanguage\":\"fr-FR\",\"potentialAction\":[{\"@type\":\"ReadAction\",\"target\":[\"https:\/\/footdavant.fr\/actualites\/nouvelles-des-blessures-des-spurs-la-mise-a-jour-de-james-maddison-fournie-par-roberto-de-zerbi-fait-une-allusion-claire-a-linternational-anglais\/\"]}]},{\"@type\":\"BreadcrumbList\",\"@id\":\"https:\/\/footdavant.fr\/actualites\/nouvelles-des-blessures-des-spurs-la-mise-a-jour-de-james-maddison-fournie-par-roberto-de-zerbi-fait-une-allusion-claire-a-linternational-anglais\/#breadcrumb\",\"itemListElement\":[{\"@type\":\"ListItem\",\"position\":1,\"name\":\"Accueil\",\"item\":\"https:\/\/footdavant.fr\/actualites\/\"},{\"@type\":\"ListItem\",\"position\":2,\"name\":\"Nouvelles des blessures des Spurs\u00a0: la mise \u00e0 jour de James Maddison fournie par Roberto De Zerbi fait une allusion claire \u00e0 l&#39;international anglais\"}]},{\"@type\":\"WebSite\",\"@id\":\"https:\/\/footdavant.fr\/actualites\/#website\",\"url\":\"https:\/\/footdavant.fr\/actualites\/\",\"name\":\"Foot d'avant\",\"description\":\"\",\"publisher\":{\"@id\":\"https:\/\/footdavant.fr\/actualites\/#organization\"},\"potentialAction\":[{\"@type\":\"SearchAction\",\"target\":{\"@type\":\"EntryPoint\",\"urlTemplate\":\"https:\/\/footdavant.fr\/actualites\/?s={search_term_string}\"},\"query-input\":\"required name=search_term_string\"}],\"inLanguage\":\"fr-FR\"},{\"@type\":\"Organization\",\"@id\":\"https:\/\/footdavant.fr\/actualites\/#organization\",\"name\":\"Foot d'avant\",\"url\":\"https:\/\/footdavant.fr\/actualites\/\",\"logo\":{\"@type\":\"ImageObject\",\"inLanguage\":\"fr-FR\",\"@id\":\"https:\/\/footdavant.fr\/actualites\/#\/schema\/logo\/image\/\",\"url\":\"https:\/\/footdavant.fr\/actualites\/wp-content\/uploads\/2023\/09\/Copy-of-FootDavant-Logo.png\",\"contentUrl\":\"https:\/\/footdavant.fr\/actualites\/wp-content\/uploads\/2023\/09\/Copy-of-FootDavant-Logo.png\",\"width\":936,\"height\":549,\"caption\":\"Foot d'avant\"},\"image\":{\"@id\":\"https:\/\/footdavant.fr\/actualites\/#\/schema\/logo\/image\/\"},\"sameAs\":[\"https:\/\/www.facebook.com\/Footdavant\/\",\"https:\/\/twitter.com\/FootdavantFr\",\"https:\/\/www.instagram.com\/footdavant.fr\/\"]},{\"@type\":\"Person\",\"@id\":\"https:\/\/footdavant.fr\/actualites\/#\/schema\/person\/bc222566d95871b37e597b3ed3ba5e1d\",\"name\":\"Cl\u00e9ment\",\"image\":{\"@type\":\"ImageObject\",\"inLanguage\":\"fr-FR\",\"@id\":\"https:\/\/footdavant.fr\/actualites\/#\/schema\/person\/image\/\",\"url\":\"https:\/\/secure.gravatar.com\/avatar\/7728b29aac2719421e1a9159b2254c44?s=96&d=mm&r=g\",\"contentUrl\":\"https:\/\/secure.gravatar.com\/avatar\/7728b29aac2719421e1a9159b2254c44?s=96&d=mm&r=g\",\"caption\":\"Cl\u00e9ment\"},\"sameAs\":[\"https:\/\/footdavant.fr\/\"]}]}<\/script>\n<!-- \/ Yoast SEO plugin. -->","yoast_head_json":{"title":"Nouvelles des blessures des Spurs\u00a0: la mise \u00e0 jour de James Maddison fournie par Roberto De Zerbi fait une allusion claire \u00e0 l&#39;international anglais","robots":{"index":"index","follow":"follow","max-snippet":"max-snippet:-1","max-image-preview":"max-image-preview:large","max-video-preview":"max-video-preview:-1"},"canonical":"https:\/\/footdavant.fr\/actualites\/nouvelles-des-blessures-des-spurs-la-mise-a-jour-de-james-maddison-fournie-par-roberto-de-zerbi-fait-une-allusion-claire-a-linternational-anglais\/","og_locale":"fr_FR","og_type":"article","og_title":"Nouvelles des blessures des Spurs\u00a0: la mise \u00e0 jour de James Maddison fournie par Roberto De Zerbi fait une allusion claire \u00e0 l&#39;international anglais","og_description":"L&#39;entra\u00eeneur-chef de Tottenham Hotspur, Roberto De Zerbi, a sugg\u00e9r\u00e9 que la r\u00e9cente blessure de Mohammed Kudus influencerait la fa\u00e7on dont il g\u00e9rerait le retour de","og_url":"https:\/\/footdavant.fr\/actualites\/nouvelles-des-blessures-des-spurs-la-mise-a-jour-de-james-maddison-fournie-par-roberto-de-zerbi-fait-une-allusion-claire-a-linternational-anglais\/","og_site_name":"Foot d&#039;avant","article_publisher":"https:\/\/www.facebook.com\/Footdavant\/","article_published_time":"2026-04-23T04:48:18+00:00","article_modified_time":"2026-04-23T04:48:20+00:00","og_image":[{"width":720,"height":410,"url":"https:\/\/footdavant.fr\/actualites\/wp-content\/uploads\/2026\/04\/Nouvelles-des-blessures-des-Spurs-la-mise-a-jour-de.net2Fuploads2F20252F082Fimago1060938140.webp","type":"image\/webp"}],"author":"Cl\u00e9ment","twitter_card":"summary_large_image","twitter_creator":"@FootdavantFr","twitter_site":"@FootdavantFr","twitter_misc":{"\u00c9crit par":"Cl\u00e9ment","Dur\u00e9e de lecture estim\u00e9e":"3 minutes"},"schema":{"@context":"https:\/\/schema.org","@graph":[{"@type":"Article","@id":"https:\/\/footdavant.fr\/actualites\/nouvelles-des-blessures-des-spurs-la-mise-a-jour-de-james-maddison-fournie-par-roberto-de-zerbi-fait-une-allusion-claire-a-linternational-anglais\/#article","isPartOf":{"@id":"https:\/\/footdavant.fr\/actualites\/nouvelles-des-blessures-des-spurs-la-mise-a-jour-de-james-maddison-fournie-par-roberto-de-zerbi-fait-une-allusion-claire-a-linternational-anglais\/"},"author":{"name":"Cl\u00e9ment","@id":"https:\/\/footdavant.fr\/actualites\/#\/schema\/person\/bc222566d95871b37e597b3ed3ba5e1d"},"headline":"Nouvelles des blessures des Spurs\u00a0: la mise \u00e0 jour de James Maddison fournie par Roberto De Zerbi fait une allusion claire \u00e0 l&#39;international anglais","datePublished":"2026-04-23T04:48:18+00:00","dateModified":"2026-04-23T04:48:20+00:00","mainEntityOfPage":{"@id":"https:\/\/footdavant.fr\/actualites\/nouvelles-des-blessures-des-spurs-la-mise-a-jour-de-james-maddison-fournie-par-roberto-de-zerbi-fait-une-allusion-claire-a-linternational-anglais\/"},"wordCount":546,"publisher":{"@id":"https:\/\/footdavant.fr\/actualites\/#organization"},"keywords":["allusion","anglais","blessures","claire","des","fait","fournie","James","jour","l39international","Maddison","mise","Nouvelles","par","Roberto","Spurs","une","Zerbi"],"articleSection":["Premier League"],"inLanguage":"fr-FR"},{"@type":"WebPage","@id":"https:\/\/footdavant.fr\/actualites\/nouvelles-des-blessures-des-spurs-la-mise-a-jour-de-james-maddison-fournie-par-roberto-de-zerbi-fait-une-allusion-claire-a-linternational-anglais\/","url":"https:\/\/footdavant.fr\/actualites\/nouvelles-des-blessures-des-spurs-la-mise-a-jour-de-james-maddison-fournie-par-roberto-de-zerbi-fait-une-allusion-claire-a-linternational-anglais\/","name":"Nouvelles des blessures des Spurs\u00a0: la mise \u00e0 jour de James Maddison fournie par Roberto De Zerbi fait une allusion claire \u00e0 l&#39;international anglais","isPartOf":{"@id":"https:\/\/footdavant.fr\/actualites\/#website"},"datePublished":"2026-04-23T04:48:18+00:00","dateModified":"2026-04-23T04:48:20+00:00","breadcrumb":{"@id":"https:\/\/footdavant.fr\/actualites\/nouvelles-des-blessures-des-spurs-la-mise-a-jour-de-james-maddison-fournie-par-roberto-de-zerbi-fait-une-allusion-claire-a-linternational-anglais\/#breadcrumb"},"inLanguage":"fr-FR","potentialAction":[{"@type":"ReadAction","target":["https:\/\/footdavant.fr\/actualites\/nouvelles-des-blessures-des-spurs-la-mise-a-jour-de-james-maddison-fournie-par-roberto-de-zerbi-fait-une-allusion-claire-a-linternational-anglais\/"]}]},{"@type":"BreadcrumbList","@id":"https:\/\/footdavant.fr\/actualites\/nouvelles-des-blessures-des-spurs-la-mise-a-jour-de-james-maddison-fournie-par-roberto-de-zerbi-fait-une-allusion-claire-a-linternational-anglais\/#breadcrumb","itemListElement":[{"@type":"ListItem","position":1,"name":"Accueil","item":"https:\/\/footdavant.fr\/actualites\/"},{"@type":"ListItem","position":2,"name":"Nouvelles des blessures des Spurs\u00a0: la mise \u00e0 jour de James Maddison fournie par Roberto De Zerbi fait une allusion claire \u00e0 l&#39;international anglais"}]},{"@type":"WebSite","@id":"https:\/\/footdavant.fr\/actualites\/#website","url":"https:\/\/footdavant.fr\/actualites\/","name":"Foot d'avant","description":"","publisher":{"@id":"https:\/\/footdavant.fr\/actualites\/#organization"},"potentialAction":[{"@type":"SearchAction","target":{"@type":"EntryPoint","urlTemplate":"https:\/\/footdavant.fr\/actualites\/?s={search_term_string}"},"query-input":"required name=search_term_string"}],"inLanguage":"fr-FR"},{"@type":"Organization","@id":"https:\/\/footdavant.fr\/actualites\/#organization","name":"Foot d'avant","url":"https:\/\/footdavant.fr\/actualites\/","logo":{"@type":"ImageObject","inLanguage":"fr-FR","@id":"https:\/\/footdavant.fr\/actualites\/#\/schema\/logo\/image\/","url":"https:\/\/footdavant.fr\/actualites\/wp-content\/uploads\/2023\/09\/Copy-of-FootDavant-Logo.png","contentUrl":"https:\/\/footdavant.fr\/actualites\/wp-content\/uploads\/2023\/09\/Copy-of-FootDavant-Logo.png","width":936,"height":549,"caption":"Foot d'avant"},"image":{"@id":"https:\/\/footdavant.fr\/actualites\/#\/schema\/logo\/image\/"},"sameAs":["https:\/\/www.facebook.com\/Footdavant\/","https:\/\/twitter.com\/FootdavantFr","https:\/\/www.instagram.com\/footdavant.fr\/"]},{"@type":"Person","@id":"https:\/\/footdavant.fr\/actualites\/#\/schema\/person\/bc222566d95871b37e597b3ed3ba5e1d","name":"Cl\u00e9ment","image":{"@type":"ImageObject","inLanguage":"fr-FR","@id":"https:\/\/footdavant.fr\/actualites\/#\/schema\/person\/image\/","url":"https:\/\/secure.gravatar.com\/avatar\/7728b29aac2719421e1a9159b2254c44?s=96&d=mm&r=g","contentUrl":"https:\/\/secure.gravatar.com\/avatar\/7728b29aac2719421e1a9159b2254c44?s=96&d=mm&r=g","caption":"Cl\u00e9ment"},"sameAs":["https:\/\/footdavant.fr\/"]}]}},"_links":{"self":[{"href":"https:\/\/footdavant.fr\/actualites\/wp-json\/wp\/v2\/posts\/36738"}],"collection":[{"href":"https:\/\/footdavant.fr\/actualites\/wp-json\/wp\/v2\/posts"}],"about":[{"href":"https:\/\/footdavant.fr\/actualites\/wp-json\/wp\/v2\/types\/post"}],"author":[{"embeddable":true,"href":"https:\/\/footdavant.fr\/actualites\/wp-json\/wp\/v2\/users\/1"}],"replies":[{"embeddable":true,"href":"https:\/\/footdavant.fr\/actualites\/wp-json\/wp\/v2\/comments?post=36738"}],"version-history":[{"count":1,"href":"https:\/\/footdavant.fr\/actualites\/wp-json\/wp\/v2\/posts\/36738\/revisions"}],"predecessor-version":[{"id":36740,"href":"https:\/\/footdavant.fr\/actualites\/wp-json\/wp\/v2\/posts\/36738\/revisions\/36740"}],"wp:featuredmedia":[{"embeddable":true,"href":"https:\/\/footdavant.fr\/actualites\/wp-json\/wp\/v2\/media\/36739"}],"wp:attachment":[{"href":"https:\/\/footdavant.fr\/actualites\/wp-json\/wp\/v2\/media?parent=36738"}],"wp:term":[{"taxonomy":"category","embeddable":true,"href":"https:\/\/footdavant.fr\/actualites\/wp-json\/wp\/v2\/categories?post=36738"},{"taxonomy":"post_tag","embeddable":true,"href":"https:\/\/footdavant.fr\/actualites\/wp-json\/wp\/v2\/tags?post=36738"}],"curies":[{"name":"wp","href":"https:\/\/api.w.org\/{rel}","templated":true}]}}