{"id":36750,"date":"2026-04-23T14:48:11","date_gmt":"2026-04-23T12:48:11","guid":{"rendered":"https:\/\/footdavant.fr\/actualites\/nouvelles-du-transfert-de-chelsea-la-legende-des-blues-exhorte-enzo-fernandez-a-snober-la-decision-du-real-madrid-en-raison-de-problemes-de-qualite\/"},"modified":"2026-04-23T14:48:13","modified_gmt":"2026-04-23T12:48:13","slug":"nouvelles-du-transfert-de-chelsea-la-legende-des-blues-exhorte-enzo-fernandez-a-snober-la-decision-du-real-madrid-en-raison-de-problemes-de-qualite","status":"publish","type":"post","link":"https:\/\/footdavant.fr\/actualites\/nouvelles-du-transfert-de-chelsea-la-legende-des-blues-exhorte-enzo-fernandez-a-snober-la-decision-du-real-madrid-en-raison-de-problemes-de-qualite\/","title":{"rendered":"Nouvelles du transfert de Chelsea: la l\u00e9gende des Blues exhorte Enzo Fernandez \u00e0 snober la d\u00e9cision du Real Madrid en raison de probl\u00e8mes de qualit\u00e9"},"content":{"rendered":"<div itemprop=\"articleBody\">\n<p>Enzo Fernandez devrait revenir dans l&#39;\u00e9quipe de Chelsea ce week-end pour son \u00e9norme match contre Manchester United, les deux \u00e9quipes ayant besoin d&#39;une victoire pour soutenir leur ambition de jouer en Ligue des champions la saison prochaine.<\/p>\n<p>Ce retour intervient apr\u00e8s une interdiction interne de deux matchs du club apr\u00e8s avoir donn\u00e9 plusieurs interviews lors de la derni\u00e8re tr\u00eave internationale avec l&#39;Argentine sur son d\u00e9sir de vivre \u00e0 Madrid et de repr\u00e9senter Los Blancos.<\/p>\n<p>La suspension est maintenant termin\u00e9e et il devrait \u00eatre en mesure de jouer un r\u00f4le dans leur affrontement ce week-end contre Man United, Chelsea ayant d\u00e9sesp\u00e9r\u00e9ment besoin d&#39;une victoire pour tenter de r\u00e9duire l&#39;\u00e9cart sur Liverpool en cinqui\u00e8me position, car les Reds ont actuellement quatre points d&#39;avance au classement de la Premier League avec seulement six matchs \u00e0 jouer dans la campagne.<\/p>\n<p>L&#39;\u00e9chec de la qualification pour la Ligue des champions pourrait entra\u00eener le d\u00e9part de Fernandez, le milieu de terrain signalant qu&#39;il adorerait d\u00e9m\u00e9nager dans la capitale espagnole pour jouer pour le Real Madrid.<\/p>\n<p>D\u00e9sormais, l&#39;ancien capitaine de Chelsea, Marcel Desailly, s&#39;est prononc\u00e9 sur l&#39;avenir de Fernandez et sur l&#39;endroit o\u00f9 il devrait jouer son football la saison prochaine.<\/p>\n<div>\n<div>\n<div>\n<div>\n<div>\n<div>\n<p>\u00a9 Iconsport \/ Abaca<\/p>\n<\/div>\n<\/div>\n<\/div>\n<\/div>\n<\/div>\n<\/div>\n<h2>Marcel Desailly pense qu&#39;Enzo Fernandez devrait rester \u00e0 Chelsea<\/h2>\n<p>Marcel Desailly a jou\u00e9 pour certains des plus grands clubs d&#39;Europe, dont Chelsea, Marseille et l&#39;AC Milan, remportant une Ligue des Champions avec ces deux derniers.<\/p>\n<p>Le vainqueur de la Coupe du Monde estime que Fernandez devrait rester \u00e0 Chelsea car il ne pense pas \u00eatre assez bon pour d\u00e9buter au Real Madrid en raison de la qualit\u00e9 du club espagnol \u00e0 son poste.<\/p>\n<p>S&#39;adressant exclusivement \u00e0 Sports Mole via <em>Casino en ligne BetVictor &#8211; <\/em>l&#39;un des meilleurs sites de paris au Royaume-Uni<em> &#8211; <\/em>Desailly a d\u00e9clar\u00e9 : \u00ab\u00a0Je ne suis pas s\u00fbr qu&#39;il puisse le faire, s&#39;il est au Real Madrid. Je ne suis pas s\u00fbr qu&#39;il puisse \u00eatre un premier choix, tout d&#39;abord, ou reproduire ce qu&#39;ils lui ont donn\u00e9 \u00e0 Chelsea. Ils ne lui donneront jamais cette position ou cette libert\u00e9 comme \u00e0 Chelsea.<\/p>\n<div>\n<div>\n<div>\n<div>\n<div>\n<div><img decoding=\"async\" data-img-id=\"159332\" class=\"lazy\" loading=\"lazy\" src=\"https:\/\/footdavant.fr\/actualites\/wp-content\/uploads\/2026\/04\/1776948490_190_Nouvelles-du-transfert-de-Chelsea-la-legende-des-Blues-exhorte.webp\"\/><\/p>\n<p>\u00a9 Imago \/ IMAGO \/ Sven Simon<\/p>\n<\/div>\n<\/div>\n<\/div>\n<\/div>\n<\/div>\n<\/div>\n<p>\u00ab\u00a0Je pense qu&#39;il ferait mieux de rester \u00e0 Chelsea, en esp\u00e9rant qu&#39;ils organiseront et ajusteront un peu ce qui est n\u00e9cessaire pour que le club ait, vous savez, non seulement des joueurs jeunes, talentueux et de qualit\u00e9, mais aussi des joueurs exp\u00e9riment\u00e9s qui l&#39;aideront dans le syst\u00e8me.\u00a0\u00bb<\/p>\n<p>Ainsi, Desailly estime que la raison pour laquelle l&#39;Argentin devrait rester \u00e0 Chelsea est due \u00e0 l&#39;influence qu&#39;il a sur l&#39;\u00e9quipe et au fait qu&#39;il ne b\u00e9n\u00e9ficierait pas du m\u00eame temps de jeu au Real Madrid ni ne recevrait la m\u00eame r\u00e9compense financi\u00e8re s&#39;il d\u00e9m\u00e9nageait dans la capitale espagnole.<\/p>\n<h2>Les options de milieu de terrain au Real Madrid<\/h2>\n<p>Desailly pense que Fernandez ne fera pas mieux que Chelsea pour plusieurs raisons, notamment le temps de jeu, le salaire et la libert\u00e9 de s&#39;exprimer au sein de l&#39;\u00e9quipe.<\/p>\n<p>L&#39;ancien capitaine de Chelsea estime que ce club est \u00e0 son niveau et qu&#39;il devrait s&#39;en contenter et se concentrer pour les aider \u00e0 obtenir de nouveaux succ\u00e8s.<\/p>\n<p>Desailly a peut-\u00eatre raison sur le manque de minutes au Real Madrid, car ils ont une \u00e9quipe pleine de bons footballeurs au milieu du terrain.<\/p>\n<div>\n<div>\n<div>\n<div>\n<div>\n<div><img decoding=\"async\" data-img-id=\"158245\" class=\"lazy\" loading=\"lazy\" src=\"https:\/\/footdavant.fr\/actualites\/wp-content\/uploads\/2026\/04\/1776948491_687_Nouvelles-du-transfert-de-Chelsea-la-legende-des-Blues-exhorte.webp\"\/><\/p>\n<p>\u00a9 Imago \/ IMAGO \/ Pressinphoto<\/p>\n<\/div>\n<\/div>\n<\/div>\n<\/div>\n<\/div>\n<\/div>\n<p>Jude Bellingham, Eduardo Camavinga, Federico Valverde et Aur\u00e9lien Tchouameni sont les options qui peuvent jouer au m\u00eame poste que Fernandez.<\/p>\n<p>Ces quatre joueurs sont parmi les meilleurs au monde, et m\u00eame si Fernandez pense qu&#39;il est assez bon pour rivaliser avec eux pour une place de titulaire au sein du Real Madrid, ce n&#39;est pas le cas de Desailly.<\/p>\n<p>Il serait int\u00e9ressant de voir si Fernandez pourrait se d\u00e9velopper davantage au sein du club espagnol et en devenir la cl\u00e9 ; Cependant, cela pourrait finir par voir sa carri\u00e8re stagner s&#39;il avait du mal \u00e0 trouver du temps de jeu \u00e0 Los Blancos.<\/p>\n<\/div>\n","protected":false},"excerpt":{"rendered":"<p>Enzo Fernandez devrait revenir dans l&#39;\u00e9quipe de Chelsea ce week-end pour son \u00e9norme match contre Manchester United, les deux \u00e9quipes ayant besoin d&#39;une victoire pour<\/p>\n","protected":false},"author":1,"featured_media":36751,"comment_status":"closed","ping_status":"","sticky":false,"template":"","format":"standard","meta":{"footnotes":""},"categories":[5],"tags":[4717,171,497,12,1806,136,2599,3120,303,461,715,1537,182,302,957,700],"yoast_head":"<!-- This site is optimized with the Yoast SEO plugin v21.0 - https:\/\/yoast.com\/wordpress\/plugins\/seo\/ -->\n<title>Nouvelles du transfert de Chelsea: la l\u00e9gende des Blues exhorte Enzo Fernandez \u00e0 snober la d\u00e9cision du Real Madrid en raison de probl\u00e8mes de qualit\u00e9<\/title>\n<meta name=\"robots\" content=\"index, follow, max-snippet:-1, max-image-preview:large, max-video-preview:-1\" \/>\n<link rel=\"canonical\" href=\"https:\/\/footdavant.fr\/actualites\/nouvelles-du-transfert-de-chelsea-la-legende-des-blues-exhorte-enzo-fernandez-a-snober-la-decision-du-real-madrid-en-raison-de-problemes-de-qualite\/\" \/>\n<meta property=\"og:locale\" content=\"fr_FR\" \/>\n<meta property=\"og:type\" content=\"article\" \/>\n<meta property=\"og:title\" content=\"Nouvelles du transfert de Chelsea: la l\u00e9gende des Blues exhorte Enzo Fernandez \u00e0 snober la d\u00e9cision du Real Madrid en raison de probl\u00e8mes de qualit\u00e9\" \/>\n<meta property=\"og:description\" content=\"Enzo Fernandez devrait revenir dans l&#039;\u00e9quipe de Chelsea ce week-end pour son \u00e9norme match contre Manchester United, les deux \u00e9quipes ayant besoin d&#039;une victoire pour\" \/>\n<meta property=\"og:url\" content=\"https:\/\/footdavant.fr\/actualites\/nouvelles-du-transfert-de-chelsea-la-legende-des-blues-exhorte-enzo-fernandez-a-snober-la-decision-du-real-madrid-en-raison-de-problemes-de-qualite\/\" \/>\n<meta property=\"og:site_name\" content=\"Foot d&#039;avant\" \/>\n<meta property=\"article:publisher\" content=\"https:\/\/www.facebook.com\/Footdavant\/\" \/>\n<meta property=\"article:published_time\" content=\"2026-04-23T12:48:11+00:00\" \/>\n<meta property=\"article:modified_time\" content=\"2026-04-23T12:48:13+00:00\" \/>\n<meta property=\"og:image\" content=\"https:\/\/footdavant.fr\/actualites\/wp-content\/uploads\/2026\/04\/Nouvelles-du-transfert-de-Chelsea-la-legende-des-Blues-exhorte.net2Fuploads2F20262F042Fcorrespondent-ex.webp\" \/>\n\t<meta property=\"og:image:width\" content=\"720\" \/>\n\t<meta property=\"og:image:height\" content=\"410\" \/>\n\t<meta property=\"og:image:type\" content=\"image\/webp\" \/>\n<meta name=\"author\" content=\"Cl\u00e9ment\" \/>\n<meta name=\"twitter:card\" content=\"summary_large_image\" \/>\n<meta name=\"twitter:creator\" content=\"@FootdavantFr\" \/>\n<meta name=\"twitter:site\" content=\"@FootdavantFr\" \/>\n<meta name=\"twitter:label1\" content=\"\u00c9crit par\" \/>\n\t<meta name=\"twitter:data1\" content=\"Cl\u00e9ment\" \/>\n\t<meta name=\"twitter:label2\" content=\"Dur\u00e9e de lecture estim\u00e9e\" \/>\n\t<meta name=\"twitter:data2\" content=\"4 minutes\" \/>\n<script type=\"application\/ld+json\" class=\"yoast-schema-graph\">{\"@context\":\"https:\/\/schema.org\",\"@graph\":[{\"@type\":\"Article\",\"@id\":\"https:\/\/footdavant.fr\/actualites\/nouvelles-du-transfert-de-chelsea-la-legende-des-blues-exhorte-enzo-fernandez-a-snober-la-decision-du-real-madrid-en-raison-de-problemes-de-qualite\/#article\",\"isPartOf\":{\"@id\":\"https:\/\/footdavant.fr\/actualites\/nouvelles-du-transfert-de-chelsea-la-legende-des-blues-exhorte-enzo-fernandez-a-snober-la-decision-du-real-madrid-en-raison-de-problemes-de-qualite\/\"},\"author\":{\"name\":\"Cl\u00e9ment\",\"@id\":\"https:\/\/footdavant.fr\/actualites\/#\/schema\/person\/bc222566d95871b37e597b3ed3ba5e1d\"},\"headline\":\"Nouvelles du transfert de Chelsea: la l\u00e9gende des Blues exhorte Enzo Fernandez \u00e0 snober la d\u00e9cision du Real Madrid en raison de probl\u00e8mes de qualit\u00e9\",\"datePublished\":\"2026-04-23T12:48:11+00:00\",\"dateModified\":\"2026-04-23T12:48:13+00:00\",\"mainEntityOfPage\":{\"@id\":\"https:\/\/footdavant.fr\/actualites\/nouvelles-du-transfert-de-chelsea-la-legende-des-blues-exhorte-enzo-fernandez-a-snober-la-decision-du-real-madrid-en-raison-de-problemes-de-qualite\/\"},\"wordCount\":731,\"publisher\":{\"@id\":\"https:\/\/footdavant.fr\/actualites\/#organization\"},\"keywords\":[\"blues\",\"Chelsea\",\"d\u00e9cision\",\"des\",\"Enzo\",\"exhorte\",\"Fernandez\",\"l\u00e9gende\",\"Madrid\",\"Nouvelles\",\"Probl\u00e8mes\",\"qualit\u00e9\",\"raison\",\"Real\",\"snober\",\"transfert\"],\"articleSection\":[\"Premier League\"],\"inLanguage\":\"fr-FR\"},{\"@type\":\"WebPage\",\"@id\":\"https:\/\/footdavant.fr\/actualites\/nouvelles-du-transfert-de-chelsea-la-legende-des-blues-exhorte-enzo-fernandez-a-snober-la-decision-du-real-madrid-en-raison-de-problemes-de-qualite\/\",\"url\":\"https:\/\/footdavant.fr\/actualites\/nouvelles-du-transfert-de-chelsea-la-legende-des-blues-exhorte-enzo-fernandez-a-snober-la-decision-du-real-madrid-en-raison-de-problemes-de-qualite\/\",\"name\":\"Nouvelles du transfert de Chelsea: la l\u00e9gende des Blues exhorte Enzo Fernandez \u00e0 snober la d\u00e9cision du Real Madrid en raison de probl\u00e8mes de qualit\u00e9\",\"isPartOf\":{\"@id\":\"https:\/\/footdavant.fr\/actualites\/#website\"},\"datePublished\":\"2026-04-23T12:48:11+00:00\",\"dateModified\":\"2026-04-23T12:48:13+00:00\",\"breadcrumb\":{\"@id\":\"https:\/\/footdavant.fr\/actualites\/nouvelles-du-transfert-de-chelsea-la-legende-des-blues-exhorte-enzo-fernandez-a-snober-la-decision-du-real-madrid-en-raison-de-problemes-de-qualite\/#breadcrumb\"},\"inLanguage\":\"fr-FR\",\"potentialAction\":[{\"@type\":\"ReadAction\",\"target\":[\"https:\/\/footdavant.fr\/actualites\/nouvelles-du-transfert-de-chelsea-la-legende-des-blues-exhorte-enzo-fernandez-a-snober-la-decision-du-real-madrid-en-raison-de-problemes-de-qualite\/\"]}]},{\"@type\":\"BreadcrumbList\",\"@id\":\"https:\/\/footdavant.fr\/actualites\/nouvelles-du-transfert-de-chelsea-la-legende-des-blues-exhorte-enzo-fernandez-a-snober-la-decision-du-real-madrid-en-raison-de-problemes-de-qualite\/#breadcrumb\",\"itemListElement\":[{\"@type\":\"ListItem\",\"position\":1,\"name\":\"Accueil\",\"item\":\"https:\/\/footdavant.fr\/actualites\/\"},{\"@type\":\"ListItem\",\"position\":2,\"name\":\"Nouvelles du transfert de Chelsea: la l\u00e9gende des Blues exhorte Enzo Fernandez \u00e0 snober la d\u00e9cision du Real Madrid en raison de probl\u00e8mes de qualit\u00e9\"}]},{\"@type\":\"WebSite\",\"@id\":\"https:\/\/footdavant.fr\/actualites\/#website\",\"url\":\"https:\/\/footdavant.fr\/actualites\/\",\"name\":\"Foot d'avant\",\"description\":\"\",\"publisher\":{\"@id\":\"https:\/\/footdavant.fr\/actualites\/#organization\"},\"potentialAction\":[{\"@type\":\"SearchAction\",\"target\":{\"@type\":\"EntryPoint\",\"urlTemplate\":\"https:\/\/footdavant.fr\/actualites\/?s={search_term_string}\"},\"query-input\":\"required name=search_term_string\"}],\"inLanguage\":\"fr-FR\"},{\"@type\":\"Organization\",\"@id\":\"https:\/\/footdavant.fr\/actualites\/#organization\",\"name\":\"Foot d'avant\",\"url\":\"https:\/\/footdavant.fr\/actualites\/\",\"logo\":{\"@type\":\"ImageObject\",\"inLanguage\":\"fr-FR\",\"@id\":\"https:\/\/footdavant.fr\/actualites\/#\/schema\/logo\/image\/\",\"url\":\"https:\/\/footdavant.fr\/actualites\/wp-content\/uploads\/2023\/09\/Copy-of-FootDavant-Logo.png\",\"contentUrl\":\"https:\/\/footdavant.fr\/actualites\/wp-content\/uploads\/2023\/09\/Copy-of-FootDavant-Logo.png\",\"width\":936,\"height\":549,\"caption\":\"Foot d'avant\"},\"image\":{\"@id\":\"https:\/\/footdavant.fr\/actualites\/#\/schema\/logo\/image\/\"},\"sameAs\":[\"https:\/\/www.facebook.com\/Footdavant\/\",\"https:\/\/twitter.com\/FootdavantFr\",\"https:\/\/www.instagram.com\/footdavant.fr\/\"]},{\"@type\":\"Person\",\"@id\":\"https:\/\/footdavant.fr\/actualites\/#\/schema\/person\/bc222566d95871b37e597b3ed3ba5e1d\",\"name\":\"Cl\u00e9ment\",\"image\":{\"@type\":\"ImageObject\",\"inLanguage\":\"fr-FR\",\"@id\":\"https:\/\/footdavant.fr\/actualites\/#\/schema\/person\/image\/\",\"url\":\"https:\/\/secure.gravatar.com\/avatar\/7728b29aac2719421e1a9159b2254c44?s=96&d=mm&r=g\",\"contentUrl\":\"https:\/\/secure.gravatar.com\/avatar\/7728b29aac2719421e1a9159b2254c44?s=96&d=mm&r=g\",\"caption\":\"Cl\u00e9ment\"},\"sameAs\":[\"https:\/\/footdavant.fr\/\"]}]}<\/script>\n<!-- \/ Yoast SEO plugin. -->","yoast_head_json":{"title":"Nouvelles du transfert de Chelsea: la l\u00e9gende des Blues exhorte Enzo Fernandez \u00e0 snober la d\u00e9cision du Real Madrid en raison de probl\u00e8mes de qualit\u00e9","robots":{"index":"index","follow":"follow","max-snippet":"max-snippet:-1","max-image-preview":"max-image-preview:large","max-video-preview":"max-video-preview:-1"},"canonical":"https:\/\/footdavant.fr\/actualites\/nouvelles-du-transfert-de-chelsea-la-legende-des-blues-exhorte-enzo-fernandez-a-snober-la-decision-du-real-madrid-en-raison-de-problemes-de-qualite\/","og_locale":"fr_FR","og_type":"article","og_title":"Nouvelles du transfert de Chelsea: la l\u00e9gende des Blues exhorte Enzo Fernandez \u00e0 snober la d\u00e9cision du Real Madrid en raison de probl\u00e8mes de qualit\u00e9","og_description":"Enzo Fernandez devrait revenir dans l&#39;\u00e9quipe de Chelsea ce week-end pour son \u00e9norme match contre Manchester United, les deux \u00e9quipes ayant besoin d&#39;une victoire pour","og_url":"https:\/\/footdavant.fr\/actualites\/nouvelles-du-transfert-de-chelsea-la-legende-des-blues-exhorte-enzo-fernandez-a-snober-la-decision-du-real-madrid-en-raison-de-problemes-de-qualite\/","og_site_name":"Foot d&#039;avant","article_publisher":"https:\/\/www.facebook.com\/Footdavant\/","article_published_time":"2026-04-23T12:48:11+00:00","article_modified_time":"2026-04-23T12:48:13+00:00","og_image":[{"width":720,"height":410,"url":"https:\/\/footdavant.fr\/actualites\/wp-content\/uploads\/2026\/04\/Nouvelles-du-transfert-de-Chelsea-la-legende-des-Blues-exhorte.net2Fuploads2F20262F042Fcorrespondent-ex.webp","type":"image\/webp"}],"author":"Cl\u00e9ment","twitter_card":"summary_large_image","twitter_creator":"@FootdavantFr","twitter_site":"@FootdavantFr","twitter_misc":{"\u00c9crit par":"Cl\u00e9ment","Dur\u00e9e de lecture estim\u00e9e":"4 minutes"},"schema":{"@context":"https:\/\/schema.org","@graph":[{"@type":"Article","@id":"https:\/\/footdavant.fr\/actualites\/nouvelles-du-transfert-de-chelsea-la-legende-des-blues-exhorte-enzo-fernandez-a-snober-la-decision-du-real-madrid-en-raison-de-problemes-de-qualite\/#article","isPartOf":{"@id":"https:\/\/footdavant.fr\/actualites\/nouvelles-du-transfert-de-chelsea-la-legende-des-blues-exhorte-enzo-fernandez-a-snober-la-decision-du-real-madrid-en-raison-de-problemes-de-qualite\/"},"author":{"name":"Cl\u00e9ment","@id":"https:\/\/footdavant.fr\/actualites\/#\/schema\/person\/bc222566d95871b37e597b3ed3ba5e1d"},"headline":"Nouvelles du transfert de Chelsea: la l\u00e9gende des Blues exhorte Enzo Fernandez \u00e0 snober la d\u00e9cision du Real Madrid en raison de probl\u00e8mes de qualit\u00e9","datePublished":"2026-04-23T12:48:11+00:00","dateModified":"2026-04-23T12:48:13+00:00","mainEntityOfPage":{"@id":"https:\/\/footdavant.fr\/actualites\/nouvelles-du-transfert-de-chelsea-la-legende-des-blues-exhorte-enzo-fernandez-a-snober-la-decision-du-real-madrid-en-raison-de-problemes-de-qualite\/"},"wordCount":731,"publisher":{"@id":"https:\/\/footdavant.fr\/actualites\/#organization"},"keywords":["blues","Chelsea","d\u00e9cision","des","Enzo","exhorte","Fernandez","l\u00e9gende","Madrid","Nouvelles","Probl\u00e8mes","qualit\u00e9","raison","Real","snober","transfert"],"articleSection":["Premier League"],"inLanguage":"fr-FR"},{"@type":"WebPage","@id":"https:\/\/footdavant.fr\/actualites\/nouvelles-du-transfert-de-chelsea-la-legende-des-blues-exhorte-enzo-fernandez-a-snober-la-decision-du-real-madrid-en-raison-de-problemes-de-qualite\/","url":"https:\/\/footdavant.fr\/actualites\/nouvelles-du-transfert-de-chelsea-la-legende-des-blues-exhorte-enzo-fernandez-a-snober-la-decision-du-real-madrid-en-raison-de-problemes-de-qualite\/","name":"Nouvelles du transfert de Chelsea: la l\u00e9gende des Blues exhorte Enzo Fernandez \u00e0 snober la d\u00e9cision du Real Madrid en raison de probl\u00e8mes de qualit\u00e9","isPartOf":{"@id":"https:\/\/footdavant.fr\/actualites\/#website"},"datePublished":"2026-04-23T12:48:11+00:00","dateModified":"2026-04-23T12:48:13+00:00","breadcrumb":{"@id":"https:\/\/footdavant.fr\/actualites\/nouvelles-du-transfert-de-chelsea-la-legende-des-blues-exhorte-enzo-fernandez-a-snober-la-decision-du-real-madrid-en-raison-de-problemes-de-qualite\/#breadcrumb"},"inLanguage":"fr-FR","potentialAction":[{"@type":"ReadAction","target":["https:\/\/footdavant.fr\/actualites\/nouvelles-du-transfert-de-chelsea-la-legende-des-blues-exhorte-enzo-fernandez-a-snober-la-decision-du-real-madrid-en-raison-de-problemes-de-qualite\/"]}]},{"@type":"BreadcrumbList","@id":"https:\/\/footdavant.fr\/actualites\/nouvelles-du-transfert-de-chelsea-la-legende-des-blues-exhorte-enzo-fernandez-a-snober-la-decision-du-real-madrid-en-raison-de-problemes-de-qualite\/#breadcrumb","itemListElement":[{"@type":"ListItem","position":1,"name":"Accueil","item":"https:\/\/footdavant.fr\/actualites\/"},{"@type":"ListItem","position":2,"name":"Nouvelles du transfert de Chelsea: la l\u00e9gende des Blues exhorte Enzo Fernandez \u00e0 snober la d\u00e9cision du Real Madrid en raison de probl\u00e8mes de qualit\u00e9"}]},{"@type":"WebSite","@id":"https:\/\/footdavant.fr\/actualites\/#website","url":"https:\/\/footdavant.fr\/actualites\/","name":"Foot d'avant","description":"","publisher":{"@id":"https:\/\/footdavant.fr\/actualites\/#organization"},"potentialAction":[{"@type":"SearchAction","target":{"@type":"EntryPoint","urlTemplate":"https:\/\/footdavant.fr\/actualites\/?s={search_term_string}"},"query-input":"required name=search_term_string"}],"inLanguage":"fr-FR"},{"@type":"Organization","@id":"https:\/\/footdavant.fr\/actualites\/#organization","name":"Foot d'avant","url":"https:\/\/footdavant.fr\/actualites\/","logo":{"@type":"ImageObject","inLanguage":"fr-FR","@id":"https:\/\/footdavant.fr\/actualites\/#\/schema\/logo\/image\/","url":"https:\/\/footdavant.fr\/actualites\/wp-content\/uploads\/2023\/09\/Copy-of-FootDavant-Logo.png","contentUrl":"https:\/\/footdavant.fr\/actualites\/wp-content\/uploads\/2023\/09\/Copy-of-FootDavant-Logo.png","width":936,"height":549,"caption":"Foot d'avant"},"image":{"@id":"https:\/\/footdavant.fr\/actualites\/#\/schema\/logo\/image\/"},"sameAs":["https:\/\/www.facebook.com\/Footdavant\/","https:\/\/twitter.com\/FootdavantFr","https:\/\/www.instagram.com\/footdavant.fr\/"]},{"@type":"Person","@id":"https:\/\/footdavant.fr\/actualites\/#\/schema\/person\/bc222566d95871b37e597b3ed3ba5e1d","name":"Cl\u00e9ment","image":{"@type":"ImageObject","inLanguage":"fr-FR","@id":"https:\/\/footdavant.fr\/actualites\/#\/schema\/person\/image\/","url":"https:\/\/secure.gravatar.com\/avatar\/7728b29aac2719421e1a9159b2254c44?s=96&d=mm&r=g","contentUrl":"https:\/\/secure.gravatar.com\/avatar\/7728b29aac2719421e1a9159b2254c44?s=96&d=mm&r=g","caption":"Cl\u00e9ment"},"sameAs":["https:\/\/footdavant.fr\/"]}]}},"_links":{"self":[{"href":"https:\/\/footdavant.fr\/actualites\/wp-json\/wp\/v2\/posts\/36750"}],"collection":[{"href":"https:\/\/footdavant.fr\/actualites\/wp-json\/wp\/v2\/posts"}],"about":[{"href":"https:\/\/footdavant.fr\/actualites\/wp-json\/wp\/v2\/types\/post"}],"author":[{"embeddable":true,"href":"https:\/\/footdavant.fr\/actualites\/wp-json\/wp\/v2\/users\/1"}],"replies":[{"embeddable":true,"href":"https:\/\/footdavant.fr\/actualites\/wp-json\/wp\/v2\/comments?post=36750"}],"version-history":[{"count":1,"href":"https:\/\/footdavant.fr\/actualites\/wp-json\/wp\/v2\/posts\/36750\/revisions"}],"predecessor-version":[{"id":36752,"href":"https:\/\/footdavant.fr\/actualites\/wp-json\/wp\/v2\/posts\/36750\/revisions\/36752"}],"wp:featuredmedia":[{"embeddable":true,"href":"https:\/\/footdavant.fr\/actualites\/wp-json\/wp\/v2\/media\/36751"}],"wp:attachment":[{"href":"https:\/\/footdavant.fr\/actualites\/wp-json\/wp\/v2\/media?parent=36750"}],"wp:term":[{"taxonomy":"category","embeddable":true,"href":"https:\/\/footdavant.fr\/actualites\/wp-json\/wp\/v2\/categories?post=36750"},{"taxonomy":"post_tag","embeddable":true,"href":"https:\/\/footdavant.fr\/actualites\/wp-json\/wp\/v2\/tags?post=36750"}],"curies":[{"name":"wp","href":"https:\/\/api.w.org\/{rel}","templated":true}]}}