{"id":36753,"date":"2026-04-23T16:48:04","date_gmt":"2026-04-23T14:48:04","guid":{"rendered":"https:\/\/footdavant.fr\/actualites\/de-nouvelles-images-dalisson-font-allusion-a-la-chronologie-du-retour-de-liverpool\/"},"modified":"2026-04-23T16:48:06","modified_gmt":"2026-04-23T14:48:06","slug":"de-nouvelles-images-dalisson-font-allusion-a-la-chronologie-du-retour-de-liverpool","status":"publish","type":"post","link":"https:\/\/footdavant.fr\/actualites\/de-nouvelles-images-dalisson-font-allusion-a-la-chronologie-du-retour-de-liverpool\/","title":{"rendered":"De nouvelles images d\u2019Alisson font allusion \u00e0 la chronologie du retour de Liverpool"},"content":{"rendered":"<div id=\"article-body\">\n<!-- Article Start --><\/p>\n<p>Les supporters de Liverpool ont re\u00e7u un coup de pouce bienvenu mais prudent avant notre affrontement avec Crystal Palace apr\u00e8s qu&#39;Alisson Becker ait \u00e9t\u00e9 rep\u00e9r\u00e9 au centre de formation AXA.<\/p>\n<hr\/>\n<p><b><i>T\u00c9L\u00c9CHARGEZ L&#39;APPLICATION OFFICIELLE EMPIRE OF KOP POUR TOUTES LES DERNI\u00c8RES MISES \u00c0 JOUR \u2013 DIRECTEMENT SUR VOTRE T\u00c9L\u00c9PHONE\u00a0! SUR <\/i><\/b><b><i>POMME<\/i><\/b><b><i> &#038; <\/i><\/b><b><i>GOOGLE JOUER<\/i><\/b><\/p>\n<hr\/>\n<p>Les images publi\u00e9es via Liverpoolfc.com montrent le Br\u00e9silien impliqu\u00e9 \u00e0 nouveau dans l&#39;\u00e9quipe, bien que notamment pas sur l&#39;herbe, travaillant plut\u00f4t \u00e0 l&#39;int\u00e9rieur du gymnase alors qu&#39;il poursuit sa convalescence apr\u00e8s une blessure.<\/p>\n<p>Ce d\u00e9tail est important car s&#39;il est encourageant de voir notre n\u00b01 sourire et de retour dans le groupe, cela sugg\u00e8re fortement qu&#39;un retour ce week-end pourrait arriver trop t\u00f4t.<\/p>\n<h2>Le retour d&#39;Alisson se rapproche pour Liverpool<\/h2>\n<figure style=\"width: 1440px\" class=\"wp-caption alignnone\"><\/figure>\n<p>Le retour du joueur de 33 ans dans l&#39;environnement d&#39;entra\u00eenement reste un atout majeur pour nous, d&#39;autant plus qu&#39;il reste crucial sur l&#39;\u00e9quipe lorsqu&#39;il est en forme.<\/p>\n<p>Comme nous l&#39;avons vu tout au long de la campagne, Liverpool est beaucoup plus vuln\u00e9rable sans l&#39;ancien gardien de la Roma entre les poteaux, avec des r\u00e9sultats souvent en baisse en son absence.<\/p>\n<p>En fait, nous avons perdu la majorit\u00e9 de nos matches cette saison lorsqu&#39;Alisson n&#39;\u00e9tait pas pr\u00e9sent, ce qui souligne \u00e0 quel point il a une influence sur l&#39;\u00e9quilibre g\u00e9n\u00e9ral et la confiance de l&#39;\u00e9quipe.<\/p>\n<p>Ce contexte rend toute mise \u00e0 jour sur sa forme physique extr\u00eamement significative, m\u00eame si ce dernier d\u00e9veloppement pointe davantage vers un progr\u00e8s que vers une disponibilit\u00e9 imm\u00e9diate.<\/p>\n<h2>Un affrontement au palais est probablement trop t\u00f4t malgr\u00e9 des signes positifs<\/h2>\n<p>Il y avait d\u00e9j\u00e0 eu des suggestions selon lesquelles l&#39;international br\u00e9silien entrait dans les derni\u00e8res \u00e9tapes de sa convalescence, avec un retour potentiel \u00e0 l&#39;entra\u00eenement en \u00e9quipe \u00e9voqu\u00e9 plus t\u00f4t cette semaine.<\/p>\n<p>Cependant, \u00e9tant donn\u00e9 qu&#39;il est actuellement limit\u00e9 au travail en salle plut\u00f4t qu&#39;\u00e0 des s\u00e9ances compl\u00e8tes sur le terrain, il serait surprenant de le voir prendre des risques contre Palace \u00e0 Anfield.<\/p>\n<p>Au lieu de cela, un retour lors du match suivant, \u00e0 Manchester United, semble \u00eatre l&#39;objectif le plus r\u00e9aliste alors qu&#39;il se remet en forme pour le match.<\/p>\n<p>Pour l\u2019instant, ce qu\u2019il faut retenir, c\u2019est qu\u2019Alisson est de retour souriant, de nouveau impliqu\u00e9 et en nette progression, ce qui est exactement ce que nous avions besoin de voir \u00e0 ce stade de la saison.<\/p>\n<p>Alors que des matchs cruciaux sont encore \u00e0 venir dans la course \u00e0 la qualification pour la Ligue des champions, le fait que notre gardien de premier choix soit sur le point de revenir pourrait faire une diff\u00e9rence significative dans les semaines \u00e0 venir.<\/p>\n<p><!-- Article End -->\t\t\t\t<\/div>\n","protected":false},"excerpt":{"rendered":"<p>Les supporters de Liverpool ont re\u00e7u un coup de pouce bienvenu mais prudent avant notre affrontement avec Crystal Palace apr\u00e8s qu&#39;Alisson Becker ait \u00e9t\u00e9 rep\u00e9r\u00e9<\/p>\n","protected":false},"author":1,"featured_media":36754,"comment_status":"closed","ping_status":"","sticky":false,"template":"","format":"standard","meta":{"footnotes":""},"categories":[3],"tags":[390,11130,6746,999,1183,53,461,393],"yoast_head":"<!-- This site is optimized with the Yoast SEO plugin v21.0 - https:\/\/yoast.com\/wordpress\/plugins\/seo\/ -->\n<title>De nouvelles images d\u2019Alisson font allusion \u00e0 la chronologie du retour de Liverpool<\/title>\n<meta name=\"robots\" content=\"index, follow, max-snippet:-1, max-image-preview:large, max-video-preview:-1\" \/>\n<link rel=\"canonical\" href=\"https:\/\/footdavant.fr\/actualites\/de-nouvelles-images-dalisson-font-allusion-a-la-chronologie-du-retour-de-liverpool\/\" \/>\n<meta property=\"og:locale\" content=\"fr_FR\" \/>\n<meta property=\"og:type\" content=\"article\" \/>\n<meta property=\"og:title\" content=\"De nouvelles images d\u2019Alisson font allusion \u00e0 la chronologie du retour de Liverpool\" \/>\n<meta property=\"og:description\" content=\"Les supporters de Liverpool ont re\u00e7u un coup de pouce bienvenu mais prudent avant notre affrontement avec Crystal Palace apr\u00e8s qu&#039;Alisson Becker ait \u00e9t\u00e9 rep\u00e9r\u00e9\" \/>\n<meta property=\"og:url\" content=\"https:\/\/footdavant.fr\/actualites\/de-nouvelles-images-dalisson-font-allusion-a-la-chronologie-du-retour-de-liverpool\/\" \/>\n<meta property=\"og:site_name\" content=\"Foot d&#039;avant\" \/>\n<meta property=\"article:publisher\" content=\"https:\/\/www.facebook.com\/Footdavant\/\" \/>\n<meta property=\"article:published_time\" content=\"2026-04-23T14:48:04+00:00\" \/>\n<meta property=\"article:modified_time\" content=\"2026-04-23T14:48:06+00:00\" \/>\n<meta property=\"og:image\" content=\"https:\/\/footdavant.fr\/actualites\/wp-content\/uploads\/2026\/04\/De-nouvelles-images-dAlisson-font-allusion-a-la-chronologie-du.jpg\" \/>\n\t<meta property=\"og:image:width\" content=\"1200\" \/>\n\t<meta property=\"og:image:height\" content=\"675\" \/>\n\t<meta property=\"og:image:type\" content=\"image\/jpeg\" \/>\n<meta name=\"author\" content=\"Cl\u00e9ment\" \/>\n<meta name=\"twitter:card\" content=\"summary_large_image\" \/>\n<meta name=\"twitter:creator\" content=\"@FootdavantFr\" \/>\n<meta name=\"twitter:site\" content=\"@FootdavantFr\" \/>\n<meta name=\"twitter:label1\" content=\"\u00c9crit par\" \/>\n\t<meta name=\"twitter:data1\" content=\"Cl\u00e9ment\" \/>\n\t<meta name=\"twitter:label2\" content=\"Dur\u00e9e de lecture estim\u00e9e\" \/>\n\t<meta name=\"twitter:data2\" content=\"2 minutes\" \/>\n<script type=\"application\/ld+json\" class=\"yoast-schema-graph\">{\"@context\":\"https:\/\/schema.org\",\"@graph\":[{\"@type\":\"Article\",\"@id\":\"https:\/\/footdavant.fr\/actualites\/de-nouvelles-images-dalisson-font-allusion-a-la-chronologie-du-retour-de-liverpool\/#article\",\"isPartOf\":{\"@id\":\"https:\/\/footdavant.fr\/actualites\/de-nouvelles-images-dalisson-font-allusion-a-la-chronologie-du-retour-de-liverpool\/\"},\"author\":{\"name\":\"Cl\u00e9ment\",\"@id\":\"https:\/\/footdavant.fr\/actualites\/#\/schema\/person\/bc222566d95871b37e597b3ed3ba5e1d\"},\"headline\":\"De nouvelles images d\u2019Alisson font allusion \u00e0 la chronologie du retour de Liverpool\",\"datePublished\":\"2026-04-23T14:48:04+00:00\",\"dateModified\":\"2026-04-23T14:48:06+00:00\",\"mainEntityOfPage\":{\"@id\":\"https:\/\/footdavant.fr\/actualites\/de-nouvelles-images-dalisson-font-allusion-a-la-chronologie-du-retour-de-liverpool\/\"},\"wordCount\":496,\"publisher\":{\"@id\":\"https:\/\/footdavant.fr\/actualites\/#organization\"},\"keywords\":[\"allusion\",\"chronologie\",\"dAlisson\",\"font\",\"images\",\"Liverpool\",\"Nouvelles\",\"retour\"],\"articleSection\":[\"Football\"],\"inLanguage\":\"fr-FR\"},{\"@type\":\"WebPage\",\"@id\":\"https:\/\/footdavant.fr\/actualites\/de-nouvelles-images-dalisson-font-allusion-a-la-chronologie-du-retour-de-liverpool\/\",\"url\":\"https:\/\/footdavant.fr\/actualites\/de-nouvelles-images-dalisson-font-allusion-a-la-chronologie-du-retour-de-liverpool\/\",\"name\":\"De nouvelles images d\u2019Alisson font allusion \u00e0 la chronologie du retour de Liverpool\",\"isPartOf\":{\"@id\":\"https:\/\/footdavant.fr\/actualites\/#website\"},\"datePublished\":\"2026-04-23T14:48:04+00:00\",\"dateModified\":\"2026-04-23T14:48:06+00:00\",\"breadcrumb\":{\"@id\":\"https:\/\/footdavant.fr\/actualites\/de-nouvelles-images-dalisson-font-allusion-a-la-chronologie-du-retour-de-liverpool\/#breadcrumb\"},\"inLanguage\":\"fr-FR\",\"potentialAction\":[{\"@type\":\"ReadAction\",\"target\":[\"https:\/\/footdavant.fr\/actualites\/de-nouvelles-images-dalisson-font-allusion-a-la-chronologie-du-retour-de-liverpool\/\"]}]},{\"@type\":\"BreadcrumbList\",\"@id\":\"https:\/\/footdavant.fr\/actualites\/de-nouvelles-images-dalisson-font-allusion-a-la-chronologie-du-retour-de-liverpool\/#breadcrumb\",\"itemListElement\":[{\"@type\":\"ListItem\",\"position\":1,\"name\":\"Accueil\",\"item\":\"https:\/\/footdavant.fr\/actualites\/\"},{\"@type\":\"ListItem\",\"position\":2,\"name\":\"De nouvelles images d\u2019Alisson font allusion \u00e0 la chronologie du retour de Liverpool\"}]},{\"@type\":\"WebSite\",\"@id\":\"https:\/\/footdavant.fr\/actualites\/#website\",\"url\":\"https:\/\/footdavant.fr\/actualites\/\",\"name\":\"Foot d'avant\",\"description\":\"\",\"publisher\":{\"@id\":\"https:\/\/footdavant.fr\/actualites\/#organization\"},\"potentialAction\":[{\"@type\":\"SearchAction\",\"target\":{\"@type\":\"EntryPoint\",\"urlTemplate\":\"https:\/\/footdavant.fr\/actualites\/?s={search_term_string}\"},\"query-input\":\"required name=search_term_string\"}],\"inLanguage\":\"fr-FR\"},{\"@type\":\"Organization\",\"@id\":\"https:\/\/footdavant.fr\/actualites\/#organization\",\"name\":\"Foot d'avant\",\"url\":\"https:\/\/footdavant.fr\/actualites\/\",\"logo\":{\"@type\":\"ImageObject\",\"inLanguage\":\"fr-FR\",\"@id\":\"https:\/\/footdavant.fr\/actualites\/#\/schema\/logo\/image\/\",\"url\":\"https:\/\/footdavant.fr\/actualites\/wp-content\/uploads\/2023\/09\/Copy-of-FootDavant-Logo.png\",\"contentUrl\":\"https:\/\/footdavant.fr\/actualites\/wp-content\/uploads\/2023\/09\/Copy-of-FootDavant-Logo.png\",\"width\":936,\"height\":549,\"caption\":\"Foot d'avant\"},\"image\":{\"@id\":\"https:\/\/footdavant.fr\/actualites\/#\/schema\/logo\/image\/\"},\"sameAs\":[\"https:\/\/www.facebook.com\/Footdavant\/\",\"https:\/\/twitter.com\/FootdavantFr\",\"https:\/\/www.instagram.com\/footdavant.fr\/\"]},{\"@type\":\"Person\",\"@id\":\"https:\/\/footdavant.fr\/actualites\/#\/schema\/person\/bc222566d95871b37e597b3ed3ba5e1d\",\"name\":\"Cl\u00e9ment\",\"image\":{\"@type\":\"ImageObject\",\"inLanguage\":\"fr-FR\",\"@id\":\"https:\/\/footdavant.fr\/actualites\/#\/schema\/person\/image\/\",\"url\":\"https:\/\/secure.gravatar.com\/avatar\/7728b29aac2719421e1a9159b2254c44?s=96&d=mm&r=g\",\"contentUrl\":\"https:\/\/secure.gravatar.com\/avatar\/7728b29aac2719421e1a9159b2254c44?s=96&d=mm&r=g\",\"caption\":\"Cl\u00e9ment\"},\"sameAs\":[\"https:\/\/footdavant.fr\/\"]}]}<\/script>\n<!-- \/ Yoast SEO plugin. -->","yoast_head_json":{"title":"De nouvelles images d\u2019Alisson font allusion \u00e0 la chronologie du retour de Liverpool","robots":{"index":"index","follow":"follow","max-snippet":"max-snippet:-1","max-image-preview":"max-image-preview:large","max-video-preview":"max-video-preview:-1"},"canonical":"https:\/\/footdavant.fr\/actualites\/de-nouvelles-images-dalisson-font-allusion-a-la-chronologie-du-retour-de-liverpool\/","og_locale":"fr_FR","og_type":"article","og_title":"De nouvelles images d\u2019Alisson font allusion \u00e0 la chronologie du retour de Liverpool","og_description":"Les supporters de Liverpool ont re\u00e7u un coup de pouce bienvenu mais prudent avant notre affrontement avec Crystal Palace apr\u00e8s qu&#39;Alisson Becker ait \u00e9t\u00e9 rep\u00e9r\u00e9","og_url":"https:\/\/footdavant.fr\/actualites\/de-nouvelles-images-dalisson-font-allusion-a-la-chronologie-du-retour-de-liverpool\/","og_site_name":"Foot d&#039;avant","article_publisher":"https:\/\/www.facebook.com\/Footdavant\/","article_published_time":"2026-04-23T14:48:04+00:00","article_modified_time":"2026-04-23T14:48:06+00:00","og_image":[{"width":1200,"height":675,"url":"https:\/\/footdavant.fr\/actualites\/wp-content\/uploads\/2026\/04\/De-nouvelles-images-dAlisson-font-allusion-a-la-chronologie-du.jpg","type":"image\/jpeg"}],"author":"Cl\u00e9ment","twitter_card":"summary_large_image","twitter_creator":"@FootdavantFr","twitter_site":"@FootdavantFr","twitter_misc":{"\u00c9crit par":"Cl\u00e9ment","Dur\u00e9e de lecture estim\u00e9e":"2 minutes"},"schema":{"@context":"https:\/\/schema.org","@graph":[{"@type":"Article","@id":"https:\/\/footdavant.fr\/actualites\/de-nouvelles-images-dalisson-font-allusion-a-la-chronologie-du-retour-de-liverpool\/#article","isPartOf":{"@id":"https:\/\/footdavant.fr\/actualites\/de-nouvelles-images-dalisson-font-allusion-a-la-chronologie-du-retour-de-liverpool\/"},"author":{"name":"Cl\u00e9ment","@id":"https:\/\/footdavant.fr\/actualites\/#\/schema\/person\/bc222566d95871b37e597b3ed3ba5e1d"},"headline":"De nouvelles images d\u2019Alisson font allusion \u00e0 la chronologie du retour de Liverpool","datePublished":"2026-04-23T14:48:04+00:00","dateModified":"2026-04-23T14:48:06+00:00","mainEntityOfPage":{"@id":"https:\/\/footdavant.fr\/actualites\/de-nouvelles-images-dalisson-font-allusion-a-la-chronologie-du-retour-de-liverpool\/"},"wordCount":496,"publisher":{"@id":"https:\/\/footdavant.fr\/actualites\/#organization"},"keywords":["allusion","chronologie","dAlisson","font","images","Liverpool","Nouvelles","retour"],"articleSection":["Football"],"inLanguage":"fr-FR"},{"@type":"WebPage","@id":"https:\/\/footdavant.fr\/actualites\/de-nouvelles-images-dalisson-font-allusion-a-la-chronologie-du-retour-de-liverpool\/","url":"https:\/\/footdavant.fr\/actualites\/de-nouvelles-images-dalisson-font-allusion-a-la-chronologie-du-retour-de-liverpool\/","name":"De nouvelles images d\u2019Alisson font allusion \u00e0 la chronologie du retour de Liverpool","isPartOf":{"@id":"https:\/\/footdavant.fr\/actualites\/#website"},"datePublished":"2026-04-23T14:48:04+00:00","dateModified":"2026-04-23T14:48:06+00:00","breadcrumb":{"@id":"https:\/\/footdavant.fr\/actualites\/de-nouvelles-images-dalisson-font-allusion-a-la-chronologie-du-retour-de-liverpool\/#breadcrumb"},"inLanguage":"fr-FR","potentialAction":[{"@type":"ReadAction","target":["https:\/\/footdavant.fr\/actualites\/de-nouvelles-images-dalisson-font-allusion-a-la-chronologie-du-retour-de-liverpool\/"]}]},{"@type":"BreadcrumbList","@id":"https:\/\/footdavant.fr\/actualites\/de-nouvelles-images-dalisson-font-allusion-a-la-chronologie-du-retour-de-liverpool\/#breadcrumb","itemListElement":[{"@type":"ListItem","position":1,"name":"Accueil","item":"https:\/\/footdavant.fr\/actualites\/"},{"@type":"ListItem","position":2,"name":"De nouvelles images d\u2019Alisson font allusion \u00e0 la chronologie du retour de Liverpool"}]},{"@type":"WebSite","@id":"https:\/\/footdavant.fr\/actualites\/#website","url":"https:\/\/footdavant.fr\/actualites\/","name":"Foot d'avant","description":"","publisher":{"@id":"https:\/\/footdavant.fr\/actualites\/#organization"},"potentialAction":[{"@type":"SearchAction","target":{"@type":"EntryPoint","urlTemplate":"https:\/\/footdavant.fr\/actualites\/?s={search_term_string}"},"query-input":"required name=search_term_string"}],"inLanguage":"fr-FR"},{"@type":"Organization","@id":"https:\/\/footdavant.fr\/actualites\/#organization","name":"Foot d'avant","url":"https:\/\/footdavant.fr\/actualites\/","logo":{"@type":"ImageObject","inLanguage":"fr-FR","@id":"https:\/\/footdavant.fr\/actualites\/#\/schema\/logo\/image\/","url":"https:\/\/footdavant.fr\/actualites\/wp-content\/uploads\/2023\/09\/Copy-of-FootDavant-Logo.png","contentUrl":"https:\/\/footdavant.fr\/actualites\/wp-content\/uploads\/2023\/09\/Copy-of-FootDavant-Logo.png","width":936,"height":549,"caption":"Foot d'avant"},"image":{"@id":"https:\/\/footdavant.fr\/actualites\/#\/schema\/logo\/image\/"},"sameAs":["https:\/\/www.facebook.com\/Footdavant\/","https:\/\/twitter.com\/FootdavantFr","https:\/\/www.instagram.com\/footdavant.fr\/"]},{"@type":"Person","@id":"https:\/\/footdavant.fr\/actualites\/#\/schema\/person\/bc222566d95871b37e597b3ed3ba5e1d","name":"Cl\u00e9ment","image":{"@type":"ImageObject","inLanguage":"fr-FR","@id":"https:\/\/footdavant.fr\/actualites\/#\/schema\/person\/image\/","url":"https:\/\/secure.gravatar.com\/avatar\/7728b29aac2719421e1a9159b2254c44?s=96&d=mm&r=g","contentUrl":"https:\/\/secure.gravatar.com\/avatar\/7728b29aac2719421e1a9159b2254c44?s=96&d=mm&r=g","caption":"Cl\u00e9ment"},"sameAs":["https:\/\/footdavant.fr\/"]}]}},"_links":{"self":[{"href":"https:\/\/footdavant.fr\/actualites\/wp-json\/wp\/v2\/posts\/36753"}],"collection":[{"href":"https:\/\/footdavant.fr\/actualites\/wp-json\/wp\/v2\/posts"}],"about":[{"href":"https:\/\/footdavant.fr\/actualites\/wp-json\/wp\/v2\/types\/post"}],"author":[{"embeddable":true,"href":"https:\/\/footdavant.fr\/actualites\/wp-json\/wp\/v2\/users\/1"}],"replies":[{"embeddable":true,"href":"https:\/\/footdavant.fr\/actualites\/wp-json\/wp\/v2\/comments?post=36753"}],"version-history":[{"count":1,"href":"https:\/\/footdavant.fr\/actualites\/wp-json\/wp\/v2\/posts\/36753\/revisions"}],"predecessor-version":[{"id":36755,"href":"https:\/\/footdavant.fr\/actualites\/wp-json\/wp\/v2\/posts\/36753\/revisions\/36755"}],"wp:featuredmedia":[{"embeddable":true,"href":"https:\/\/footdavant.fr\/actualites\/wp-json\/wp\/v2\/media\/36754"}],"wp:attachment":[{"href":"https:\/\/footdavant.fr\/actualites\/wp-json\/wp\/v2\/media?parent=36753"}],"wp:term":[{"taxonomy":"category","embeddable":true,"href":"https:\/\/footdavant.fr\/actualites\/wp-json\/wp\/v2\/categories?post=36753"},{"taxonomy":"post_tag","embeddable":true,"href":"https:\/\/footdavant.fr\/actualites\/wp-json\/wp\/v2\/tags?post=36753"}],"curies":[{"name":"wp","href":"https:\/\/api.w.org\/{rel}","templated":true}]}}