{"id":36756,"date":"2026-04-23T18:48:01","date_gmt":"2026-04-23T16:48:01","guid":{"rendered":"https:\/\/footdavant.fr\/actualites\/composition-de-burnley-contre-nottingham-forest-xi-prevu-pour-le-choc-de-la-premier-league-alors-que-scott-parker-apporte-deux-changements\/"},"modified":"2026-04-23T18:48:03","modified_gmt":"2026-04-23T16:48:03","slug":"composition-de-burnley-contre-nottingham-forest-xi-prevu-pour-le-choc-de-la-premier-league-alors-que-scott-parker-apporte-deux-changements","status":"publish","type":"post","link":"https:\/\/footdavant.fr\/actualites\/composition-de-burnley-contre-nottingham-forest-xi-prevu-pour-le-choc-de-la-premier-league-alors-que-scott-parker-apporte-deux-changements\/","title":{"rendered":"Composition de Burnley contre Nottingham Forest\u00a0: XI pr\u00e9vu pour le choc de la Premier League alors que Scott Parker apporte deux changements"},"content":{"rendered":"<div itemprop=\"articleBody\">\n<p>Se rapprochant de la rel\u00e9gation chaque semaine qui passe, Burnley doit chercher \u00e0 terminer la saison en force et \u00e0 retrouver une certaine fiert\u00e9 lorsqu&#39;il se rendra au City Ground pour affronter Nottingham Forest dimanche.<\/p>\n<p>Les Clarets ont connu une campagne difficile et occupent la 19e place du classement de la Premier League avec seulement 20 points en 32 matches, ce qui les laisse dans un besoin urgent de victoires pour \u00e9chapper \u00e0 la zone de largage.<\/p>\n<p data-end=\"511\" data-start=\"392\">Leur t\u00e2che est rendue encore plus difficile par une baisse de forme prolong\u00e9e, apr\u00e8s avoir remport\u00e9 une seule victoire en Premier League depuis d\u00e9but novembre.<\/p>\n<p data-end=\"663\" data-start=\"513\">L&#39;\u00e9quipe de Scott Parker est sans victoire lors de ses sept derniers matches \u2013 en perdant cinq \u2013 et pourrait une fois de plus \u00eatre g\u00ean\u00e9e par un certain nombre de probl\u00e8mes de blessures.<\/p>\n<p data-end=\"787\" data-start=\"665\">En d\u00e9fense, Connor Roberts reste sur la touche en raison de probl\u00e8mes au mollet et au talon, et il n&#39;y a pas de calendrier clair pour son retour.<\/p>\n<p data-end=\"920\" data-start=\"789\">Hannibal Mejbri est \u00e9galement incertain en raison d&#39;une blessure \u00e0 la cuisse ; bien qu&#39;il soit sur le point de faire son retour, ce match pourrait arriver trop t\u00f4t pour lui.<\/p>\n<p data-end=\"1046\" data-start=\"922\">Josh Laurent est suspendu, tandis que Jordan Beyer et Josh Cullen sont absents de longue date et ne joueront pas contre Forest.<\/p>\n<p data-end=\"1286\" data-is-last-node=\"\" data-is-only-node=\"\" data-start=\"1048\">Il y a cependant des nouvelles positives, avec le retour de Zeki Amdouni \u00e0 l&#39;entra\u00eenement, tandis que Kyle Walker et Lesley Ugochukwu devraient entrer dans la formation de d\u00e9part, ce qui sugg\u00e8re que Parker pourrait apporter quelques changements par rapport au match pr\u00e9c\u00e9dent.<\/p>\n<p>Onze de d\u00e9part possible de Burnley : Dubravka ; Hartman, Humphreys, Esteve, Walker\u00a0; Ugochukwu, Ward-Prowse, Edwards\u00a0; Antoine, Foster ; Flemming<\/p>\n<p data-pm-slice=\"0 0 ()\">> Cliquez ici pour voir comment Nottingham Forest pourrait s&#39;aligner contre Burnley<\/p>\n<h2 data-pm-slice=\"1 1 ()\">D\u00e9couvrez l\u2019aper\u00e7u vid\u00e9o de Sports Mole pour Nottingham Forest contre Burnley\u00a0:<\/h2>\n<p><iframe loading=\"lazy\" title=\"&quot;Haven&#039;t Got The Players&quot; | Nottingham Forest vs. Burnley Premier League Preview \ud83c\udf33\ud83d\udfe3\" width=\"1200\" height=\"675\" src=\"https:\/\/www.youtube.com\/embed\/uWDbErFsKho?feature=oembed\" frameborder=\"0\" allow=\"accelerometer; autoplay; clipboard-write; encrypted-media; gyroscope; picture-in-picture; web-share\" referrerpolicy=\"strict-origin-when-cross-origin\" allowfullscreen><\/iframe>\n<\/div>\n","protected":false},"excerpt":{"rendered":"<p>Se rapprochant de la rel\u00e9gation chaque semaine qui passe, Burnley doit chercher \u00e0 terminer la saison en force et \u00e0 retrouver une certaine fiert\u00e9 lorsqu&#39;il<\/p>\n","protected":false},"author":1,"featured_media":36757,"comment_status":"closed","ping_status":"","sticky":false,"template":"","format":"standard","meta":{"footnotes":""},"categories":[5],"tags":[318,411,541,412,332,2291,20,857,358,202,357,6494,51,201,3924,3638],"yoast_head":"<!-- This site is optimized with the Yoast SEO plugin v21.0 - https:\/\/yoast.com\/wordpress\/plugins\/seo\/ -->\n<title>Composition de Burnley contre Nottingham Forest\u00a0: XI pr\u00e9vu pour le choc de la Premier League alors que Scott Parker apporte deux changements<\/title>\n<meta name=\"robots\" content=\"index, follow, max-snippet:-1, max-image-preview:large, max-video-preview:-1\" \/>\n<link rel=\"canonical\" href=\"https:\/\/footdavant.fr\/actualites\/composition-de-burnley-contre-nottingham-forest-xi-prevu-pour-le-choc-de-la-premier-league-alors-que-scott-parker-apporte-deux-changements\/\" \/>\n<meta property=\"og:locale\" content=\"fr_FR\" \/>\n<meta property=\"og:type\" content=\"article\" \/>\n<meta property=\"og:title\" content=\"Composition de Burnley contre Nottingham Forest\u00a0: XI pr\u00e9vu pour le choc de la Premier League alors que Scott Parker apporte deux changements\" \/>\n<meta property=\"og:description\" content=\"Se rapprochant de la rel\u00e9gation chaque semaine qui passe, Burnley doit chercher \u00e0 terminer la saison en force et \u00e0 retrouver une certaine fiert\u00e9 lorsqu&#039;il\" \/>\n<meta property=\"og:url\" content=\"https:\/\/footdavant.fr\/actualites\/composition-de-burnley-contre-nottingham-forest-xi-prevu-pour-le-choc-de-la-premier-league-alors-que-scott-parker-apporte-deux-changements\/\" \/>\n<meta property=\"og:site_name\" content=\"Foot d&#039;avant\" \/>\n<meta property=\"article:publisher\" content=\"https:\/\/www.facebook.com\/Footdavant\/\" \/>\n<meta property=\"article:published_time\" content=\"2026-04-23T16:48:01+00:00\" \/>\n<meta property=\"article:modified_time\" content=\"2026-04-23T16:48:03+00:00\" \/>\n<meta property=\"og:image\" content=\"https:\/\/footdavant.fr\/actualites\/wp-content\/uploads\/2026\/04\/Composition-de-Burnley-contre-Nottingham-Forest-XI-prevu-pour-le.net2Fuploads2F20252F082Faaa-68b0645a4248.webp\" \/>\n\t<meta property=\"og:image:width\" content=\"720\" \/>\n\t<meta property=\"og:image:height\" content=\"410\" \/>\n\t<meta property=\"og:image:type\" content=\"image\/webp\" \/>\n<meta name=\"author\" content=\"Cl\u00e9ment\" \/>\n<meta name=\"twitter:card\" content=\"summary_large_image\" \/>\n<meta name=\"twitter:creator\" content=\"@FootdavantFr\" \/>\n<meta name=\"twitter:site\" content=\"@FootdavantFr\" \/>\n<meta name=\"twitter:label1\" content=\"\u00c9crit par\" \/>\n\t<meta name=\"twitter:data1\" content=\"Cl\u00e9ment\" \/>\n\t<meta name=\"twitter:label2\" content=\"Dur\u00e9e de lecture estim\u00e9e\" \/>\n\t<meta name=\"twitter:data2\" content=\"2 minutes\" \/>\n<script type=\"application\/ld+json\" class=\"yoast-schema-graph\">{\"@context\":\"https:\/\/schema.org\",\"@graph\":[{\"@type\":\"Article\",\"@id\":\"https:\/\/footdavant.fr\/actualites\/composition-de-burnley-contre-nottingham-forest-xi-prevu-pour-le-choc-de-la-premier-league-alors-que-scott-parker-apporte-deux-changements\/#article\",\"isPartOf\":{\"@id\":\"https:\/\/footdavant.fr\/actualites\/composition-de-burnley-contre-nottingham-forest-xi-prevu-pour-le-choc-de-la-premier-league-alors-que-scott-parker-apporte-deux-changements\/\"},\"author\":{\"name\":\"Cl\u00e9ment\",\"@id\":\"https:\/\/footdavant.fr\/actualites\/#\/schema\/person\/bc222566d95871b37e597b3ed3ba5e1d\"},\"headline\":\"Composition de Burnley contre Nottingham Forest\u00a0: XI pr\u00e9vu pour le choc de la Premier League alors que Scott Parker apporte deux changements\",\"datePublished\":\"2026-04-23T16:48:01+00:00\",\"dateModified\":\"2026-04-23T16:48:03+00:00\",\"mainEntityOfPage\":{\"@id\":\"https:\/\/footdavant.fr\/actualites\/composition-de-burnley-contre-nottingham-forest-xi-prevu-pour-le-choc-de-la-premier-league-alors-que-scott-parker-apporte-deux-changements\/\"},\"wordCount\":349,\"publisher\":{\"@id\":\"https:\/\/footdavant.fr\/actualites\/#organization\"},\"keywords\":[\"alors\",\"apporte\",\"Burnley\",\"changements\",\"choc\",\"composition\",\"contre\",\"deux\",\"Forest\",\"League\",\"Nottingham\",\"Parker\",\"pour\",\"Premier\",\"pr\u00e9vu\",\"Scott\"],\"articleSection\":[\"Premier League\"],\"inLanguage\":\"fr-FR\"},{\"@type\":\"WebPage\",\"@id\":\"https:\/\/footdavant.fr\/actualites\/composition-de-burnley-contre-nottingham-forest-xi-prevu-pour-le-choc-de-la-premier-league-alors-que-scott-parker-apporte-deux-changements\/\",\"url\":\"https:\/\/footdavant.fr\/actualites\/composition-de-burnley-contre-nottingham-forest-xi-prevu-pour-le-choc-de-la-premier-league-alors-que-scott-parker-apporte-deux-changements\/\",\"name\":\"Composition de Burnley contre Nottingham Forest\u00a0: XI pr\u00e9vu pour le choc de la Premier League alors que Scott Parker apporte deux changements\",\"isPartOf\":{\"@id\":\"https:\/\/footdavant.fr\/actualites\/#website\"},\"datePublished\":\"2026-04-23T16:48:01+00:00\",\"dateModified\":\"2026-04-23T16:48:03+00:00\",\"breadcrumb\":{\"@id\":\"https:\/\/footdavant.fr\/actualites\/composition-de-burnley-contre-nottingham-forest-xi-prevu-pour-le-choc-de-la-premier-league-alors-que-scott-parker-apporte-deux-changements\/#breadcrumb\"},\"inLanguage\":\"fr-FR\",\"potentialAction\":[{\"@type\":\"ReadAction\",\"target\":[\"https:\/\/footdavant.fr\/actualites\/composition-de-burnley-contre-nottingham-forest-xi-prevu-pour-le-choc-de-la-premier-league-alors-que-scott-parker-apporte-deux-changements\/\"]}]},{\"@type\":\"BreadcrumbList\",\"@id\":\"https:\/\/footdavant.fr\/actualites\/composition-de-burnley-contre-nottingham-forest-xi-prevu-pour-le-choc-de-la-premier-league-alors-que-scott-parker-apporte-deux-changements\/#breadcrumb\",\"itemListElement\":[{\"@type\":\"ListItem\",\"position\":1,\"name\":\"Accueil\",\"item\":\"https:\/\/footdavant.fr\/actualites\/\"},{\"@type\":\"ListItem\",\"position\":2,\"name\":\"Composition de Burnley contre Nottingham Forest\u00a0: XI pr\u00e9vu pour le choc de la Premier League alors que Scott Parker apporte deux changements\"}]},{\"@type\":\"WebSite\",\"@id\":\"https:\/\/footdavant.fr\/actualites\/#website\",\"url\":\"https:\/\/footdavant.fr\/actualites\/\",\"name\":\"Foot d'avant\",\"description\":\"\",\"publisher\":{\"@id\":\"https:\/\/footdavant.fr\/actualites\/#organization\"},\"potentialAction\":[{\"@type\":\"SearchAction\",\"target\":{\"@type\":\"EntryPoint\",\"urlTemplate\":\"https:\/\/footdavant.fr\/actualites\/?s={search_term_string}\"},\"query-input\":\"required name=search_term_string\"}],\"inLanguage\":\"fr-FR\"},{\"@type\":\"Organization\",\"@id\":\"https:\/\/footdavant.fr\/actualites\/#organization\",\"name\":\"Foot d'avant\",\"url\":\"https:\/\/footdavant.fr\/actualites\/\",\"logo\":{\"@type\":\"ImageObject\",\"inLanguage\":\"fr-FR\",\"@id\":\"https:\/\/footdavant.fr\/actualites\/#\/schema\/logo\/image\/\",\"url\":\"https:\/\/footdavant.fr\/actualites\/wp-content\/uploads\/2023\/09\/Copy-of-FootDavant-Logo.png\",\"contentUrl\":\"https:\/\/footdavant.fr\/actualites\/wp-content\/uploads\/2023\/09\/Copy-of-FootDavant-Logo.png\",\"width\":936,\"height\":549,\"caption\":\"Foot d'avant\"},\"image\":{\"@id\":\"https:\/\/footdavant.fr\/actualites\/#\/schema\/logo\/image\/\"},\"sameAs\":[\"https:\/\/www.facebook.com\/Footdavant\/\",\"https:\/\/twitter.com\/FootdavantFr\",\"https:\/\/www.instagram.com\/footdavant.fr\/\"]},{\"@type\":\"Person\",\"@id\":\"https:\/\/footdavant.fr\/actualites\/#\/schema\/person\/bc222566d95871b37e597b3ed3ba5e1d\",\"name\":\"Cl\u00e9ment\",\"image\":{\"@type\":\"ImageObject\",\"inLanguage\":\"fr-FR\",\"@id\":\"https:\/\/footdavant.fr\/actualites\/#\/schema\/person\/image\/\",\"url\":\"https:\/\/secure.gravatar.com\/avatar\/7728b29aac2719421e1a9159b2254c44?s=96&d=mm&r=g\",\"contentUrl\":\"https:\/\/secure.gravatar.com\/avatar\/7728b29aac2719421e1a9159b2254c44?s=96&d=mm&r=g\",\"caption\":\"Cl\u00e9ment\"},\"sameAs\":[\"https:\/\/footdavant.fr\/\"]}]}<\/script>\n<!-- \/ Yoast SEO plugin. -->","yoast_head_json":{"title":"Composition de Burnley contre Nottingham Forest\u00a0: XI pr\u00e9vu pour le choc de la Premier League alors que Scott Parker apporte deux changements","robots":{"index":"index","follow":"follow","max-snippet":"max-snippet:-1","max-image-preview":"max-image-preview:large","max-video-preview":"max-video-preview:-1"},"canonical":"https:\/\/footdavant.fr\/actualites\/composition-de-burnley-contre-nottingham-forest-xi-prevu-pour-le-choc-de-la-premier-league-alors-que-scott-parker-apporte-deux-changements\/","og_locale":"fr_FR","og_type":"article","og_title":"Composition de Burnley contre Nottingham Forest\u00a0: XI pr\u00e9vu pour le choc de la Premier League alors que Scott Parker apporte deux changements","og_description":"Se rapprochant de la rel\u00e9gation chaque semaine qui passe, Burnley doit chercher \u00e0 terminer la saison en force et \u00e0 retrouver une certaine fiert\u00e9 lorsqu&#39;il","og_url":"https:\/\/footdavant.fr\/actualites\/composition-de-burnley-contre-nottingham-forest-xi-prevu-pour-le-choc-de-la-premier-league-alors-que-scott-parker-apporte-deux-changements\/","og_site_name":"Foot d&#039;avant","article_publisher":"https:\/\/www.facebook.com\/Footdavant\/","article_published_time":"2026-04-23T16:48:01+00:00","article_modified_time":"2026-04-23T16:48:03+00:00","og_image":[{"width":720,"height":410,"url":"https:\/\/footdavant.fr\/actualites\/wp-content\/uploads\/2026\/04\/Composition-de-Burnley-contre-Nottingham-Forest-XI-prevu-pour-le.net2Fuploads2F20252F082Faaa-68b0645a4248.webp","type":"image\/webp"}],"author":"Cl\u00e9ment","twitter_card":"summary_large_image","twitter_creator":"@FootdavantFr","twitter_site":"@FootdavantFr","twitter_misc":{"\u00c9crit par":"Cl\u00e9ment","Dur\u00e9e de lecture estim\u00e9e":"2 minutes"},"schema":{"@context":"https:\/\/schema.org","@graph":[{"@type":"Article","@id":"https:\/\/footdavant.fr\/actualites\/composition-de-burnley-contre-nottingham-forest-xi-prevu-pour-le-choc-de-la-premier-league-alors-que-scott-parker-apporte-deux-changements\/#article","isPartOf":{"@id":"https:\/\/footdavant.fr\/actualites\/composition-de-burnley-contre-nottingham-forest-xi-prevu-pour-le-choc-de-la-premier-league-alors-que-scott-parker-apporte-deux-changements\/"},"author":{"name":"Cl\u00e9ment","@id":"https:\/\/footdavant.fr\/actualites\/#\/schema\/person\/bc222566d95871b37e597b3ed3ba5e1d"},"headline":"Composition de Burnley contre Nottingham Forest\u00a0: XI pr\u00e9vu pour le choc de la Premier League alors que Scott Parker apporte deux changements","datePublished":"2026-04-23T16:48:01+00:00","dateModified":"2026-04-23T16:48:03+00:00","mainEntityOfPage":{"@id":"https:\/\/footdavant.fr\/actualites\/composition-de-burnley-contre-nottingham-forest-xi-prevu-pour-le-choc-de-la-premier-league-alors-que-scott-parker-apporte-deux-changements\/"},"wordCount":349,"publisher":{"@id":"https:\/\/footdavant.fr\/actualites\/#organization"},"keywords":["alors","apporte","Burnley","changements","choc","composition","contre","deux","Forest","League","Nottingham","Parker","pour","Premier","pr\u00e9vu","Scott"],"articleSection":["Premier League"],"inLanguage":"fr-FR"},{"@type":"WebPage","@id":"https:\/\/footdavant.fr\/actualites\/composition-de-burnley-contre-nottingham-forest-xi-prevu-pour-le-choc-de-la-premier-league-alors-que-scott-parker-apporte-deux-changements\/","url":"https:\/\/footdavant.fr\/actualites\/composition-de-burnley-contre-nottingham-forest-xi-prevu-pour-le-choc-de-la-premier-league-alors-que-scott-parker-apporte-deux-changements\/","name":"Composition de Burnley contre Nottingham Forest\u00a0: XI pr\u00e9vu pour le choc de la Premier League alors que Scott Parker apporte deux changements","isPartOf":{"@id":"https:\/\/footdavant.fr\/actualites\/#website"},"datePublished":"2026-04-23T16:48:01+00:00","dateModified":"2026-04-23T16:48:03+00:00","breadcrumb":{"@id":"https:\/\/footdavant.fr\/actualites\/composition-de-burnley-contre-nottingham-forest-xi-prevu-pour-le-choc-de-la-premier-league-alors-que-scott-parker-apporte-deux-changements\/#breadcrumb"},"inLanguage":"fr-FR","potentialAction":[{"@type":"ReadAction","target":["https:\/\/footdavant.fr\/actualites\/composition-de-burnley-contre-nottingham-forest-xi-prevu-pour-le-choc-de-la-premier-league-alors-que-scott-parker-apporte-deux-changements\/"]}]},{"@type":"BreadcrumbList","@id":"https:\/\/footdavant.fr\/actualites\/composition-de-burnley-contre-nottingham-forest-xi-prevu-pour-le-choc-de-la-premier-league-alors-que-scott-parker-apporte-deux-changements\/#breadcrumb","itemListElement":[{"@type":"ListItem","position":1,"name":"Accueil","item":"https:\/\/footdavant.fr\/actualites\/"},{"@type":"ListItem","position":2,"name":"Composition de Burnley contre Nottingham Forest\u00a0: XI pr\u00e9vu pour le choc de la Premier League alors que Scott Parker apporte deux changements"}]},{"@type":"WebSite","@id":"https:\/\/footdavant.fr\/actualites\/#website","url":"https:\/\/footdavant.fr\/actualites\/","name":"Foot d'avant","description":"","publisher":{"@id":"https:\/\/footdavant.fr\/actualites\/#organization"},"potentialAction":[{"@type":"SearchAction","target":{"@type":"EntryPoint","urlTemplate":"https:\/\/footdavant.fr\/actualites\/?s={search_term_string}"},"query-input":"required name=search_term_string"}],"inLanguage":"fr-FR"},{"@type":"Organization","@id":"https:\/\/footdavant.fr\/actualites\/#organization","name":"Foot d'avant","url":"https:\/\/footdavant.fr\/actualites\/","logo":{"@type":"ImageObject","inLanguage":"fr-FR","@id":"https:\/\/footdavant.fr\/actualites\/#\/schema\/logo\/image\/","url":"https:\/\/footdavant.fr\/actualites\/wp-content\/uploads\/2023\/09\/Copy-of-FootDavant-Logo.png","contentUrl":"https:\/\/footdavant.fr\/actualites\/wp-content\/uploads\/2023\/09\/Copy-of-FootDavant-Logo.png","width":936,"height":549,"caption":"Foot d'avant"},"image":{"@id":"https:\/\/footdavant.fr\/actualites\/#\/schema\/logo\/image\/"},"sameAs":["https:\/\/www.facebook.com\/Footdavant\/","https:\/\/twitter.com\/FootdavantFr","https:\/\/www.instagram.com\/footdavant.fr\/"]},{"@type":"Person","@id":"https:\/\/footdavant.fr\/actualites\/#\/schema\/person\/bc222566d95871b37e597b3ed3ba5e1d","name":"Cl\u00e9ment","image":{"@type":"ImageObject","inLanguage":"fr-FR","@id":"https:\/\/footdavant.fr\/actualites\/#\/schema\/person\/image\/","url":"https:\/\/secure.gravatar.com\/avatar\/7728b29aac2719421e1a9159b2254c44?s=96&d=mm&r=g","contentUrl":"https:\/\/secure.gravatar.com\/avatar\/7728b29aac2719421e1a9159b2254c44?s=96&d=mm&r=g","caption":"Cl\u00e9ment"},"sameAs":["https:\/\/footdavant.fr\/"]}]}},"_links":{"self":[{"href":"https:\/\/footdavant.fr\/actualites\/wp-json\/wp\/v2\/posts\/36756"}],"collection":[{"href":"https:\/\/footdavant.fr\/actualites\/wp-json\/wp\/v2\/posts"}],"about":[{"href":"https:\/\/footdavant.fr\/actualites\/wp-json\/wp\/v2\/types\/post"}],"author":[{"embeddable":true,"href":"https:\/\/footdavant.fr\/actualites\/wp-json\/wp\/v2\/users\/1"}],"replies":[{"embeddable":true,"href":"https:\/\/footdavant.fr\/actualites\/wp-json\/wp\/v2\/comments?post=36756"}],"version-history":[{"count":1,"href":"https:\/\/footdavant.fr\/actualites\/wp-json\/wp\/v2\/posts\/36756\/revisions"}],"predecessor-version":[{"id":36758,"href":"https:\/\/footdavant.fr\/actualites\/wp-json\/wp\/v2\/posts\/36756\/revisions\/36758"}],"wp:featuredmedia":[{"embeddable":true,"href":"https:\/\/footdavant.fr\/actualites\/wp-json\/wp\/v2\/media\/36757"}],"wp:attachment":[{"href":"https:\/\/footdavant.fr\/actualites\/wp-json\/wp\/v2\/media?parent=36756"}],"wp:term":[{"taxonomy":"category","embeddable":true,"href":"https:\/\/footdavant.fr\/actualites\/wp-json\/wp\/v2\/categories?post=36756"},{"taxonomy":"post_tag","embeddable":true,"href":"https:\/\/footdavant.fr\/actualites\/wp-json\/wp\/v2\/tags?post=36756"}],"curies":[{"name":"wp","href":"https:\/\/api.w.org\/{rel}","templated":true}]}}