{"id":36759,"date":"2026-04-23T20:48:07","date_gmt":"2026-04-23T18:48:07","guid":{"rendered":"https:\/\/footdavant.fr\/actualites\/le-ministre-italien-rejette-le-projet-de-remplacer-liran\/"},"modified":"2026-04-23T20:48:09","modified_gmt":"2026-04-23T18:48:09","slug":"le-ministre-italien-rejette-le-projet-de-remplacer-liran","status":"publish","type":"post","link":"https:\/\/footdavant.fr\/actualites\/le-ministre-italien-rejette-le-projet-de-remplacer-liran\/","title":{"rendered":"Le ministre italien rejette le projet de remplacer l\u2019Iran"},"content":{"rendered":"<div>\n<p>Le ministre italien des Sports a rejet\u00e9 l&#39;id\u00e9e que les Azzurri remplacent l&#39;Iran \u00e0 la Coupe du monde 2026 comme \u00e9tant \u00ab inappropri\u00e9e \u00bb.<\/p>\n<p>Paolo Zampolli, envoy\u00e9 sp\u00e9cial aux \u00c9tats-Unis, a confirm\u00e9 au Financial Times qu&#39;il avait sugg\u00e9r\u00e9 au pr\u00e9sident am\u00e9ricain Donald Trump que l&#39;Italie intervienne \u00e0 la place de l&#39;Iran.<\/p>\n<p>La participation de l&#39;Iran \u00e0 la finale reste un point d&#39;interrogation au milieu de la guerre entre les \u00c9tats-Unis et Isra\u00ebl contre l&#39;Iran, qui a d\u00e9but\u00e9 le 28 f\u00e9vrier lorsque des frappes a\u00e9riennes conjointes ont \u00e9t\u00e9 lanc\u00e9es sur ce pays du Golfe. <\/p>\n<p>Apr\u00e8s s&#39;\u00eatre qualifi\u00e9 pour une quatri\u00e8me Coupe du monde cons\u00e9cutive, l&#39;Iran devrait disputer ses trois matches de phase de groupes aux \u00c9tats-Unis.<\/p>\n<p>Le pr\u00e9sident de la FIFA, Gianni Infantino, a insist\u00e9 sur le fait que l&#39;Iran participerait \u00e0 la Coupe du monde et a rejet\u00e9 l&#39;id\u00e9e que ses matchs soient d\u00e9plac\u00e9s hors des \u00c9tats-Unis, qui co-organisent le tournoi \u00e0 48 \u00e9quipes avec le Canada et le Mexique.<\/p>\n<h2 class=\"wp-block-heading\">Le ministre italien rejette le projet de remplacement de l\u2019Iran<\/h2>\n<p>L&#39;Italie n&#39;a une nouvelle fois pas r\u00e9ussi \u00e0 se qualifier pour la Coupe du monde, ratant le troisi\u00e8me tournoi cons\u00e9cutif apr\u00e8s avoir perdu contre la Bosnie-Herz\u00e9govine aux tirs au but lors d&#39;une finale de barrages.<\/p>\n<p>Et bien que Zampolli ait d\u00e9clar\u00e9 au Financial Times que ce serait un \u00ab r\u00eave \u00bb que l\u2019Italie participe \u00e0 une Coupe du monde aux \u00c9tats-Unis 32 ans apr\u00e8s avoir atteint la finale dans le m\u00eame pays, le ministre des Sports Andrea Abodi a jet\u00e9 de l\u2019eau froide sur toute id\u00e9e de voir les quadruples champions remplacer l\u2019Iran.<\/p>\n<p>\u00ab\u00a0Une \u00e9ventuelle requalification de l&#39;Italie pour la Coupe du monde 2026&#8230; n&#39;est premi\u00e8rement pas possible et deuxi\u00e8mement, inappropri\u00e9e\u00a0\u00bb, a d\u00e9clar\u00e9 Abodi \u00e0 Sky News. <\/p>\n<p>\u00ab\u00a0Je ne sais pas ce qui vient en premier. La qualification se joue sur le terrain.\u00a0\u00bb<\/p>\n<figure class=\"wp-block-image size-large\"><picture decoding=\"async\" class=\"wp-image-180477\"><source type=\"image\/webp\" data-lazy- \/><img loading=\"lazy\" decoding=\"async\" width=\"1024\" height=\"683\" src=\"https:\/\/footdavant.fr\/actualites\/wp-content\/uploads\/2026\/04\/Le-ministre-italien-rejette-le-projet-de-remplacer-lIran.jpg\" alt=\"L&#39;Italie a encore une fois rat\u00e9 la Coupe du monde, s&#39;inclinant aux tirs au but contre la Bosnie.\"  \/>\n<\/picture>\n<\/figure>\n<p>L&#39;Iran devrait d\u00e9buter sa campagne dans le Groupe G contre la Nouvelle-Z\u00e9lande le 15 juin \u00e0 Los Angeles avant d&#39;affronter la Belgique au m\u00eame endroit six jours plus tard. Ils cl\u00f4tureront la phase de groupes contre l&#39;\u00c9gypte \u00e0 Seattle le 26 juin. <\/p>\n<p>Dans un article sur Truth Social en mars, Trump a \u00e9crit : \u00ab L\u2019\u00e9quipe nationale iranienne de football est la bienvenue \u00e0 la Coupe du monde, mais je ne crois vraiment pas qu\u2019il soit appropri\u00e9 qu\u2019elle soit l\u00e0, pour sa propre vie et sa s\u00e9curit\u00e9. \u00bb<\/p>\n<p>Trump a annonc\u00e9 mercredi que les \u00c9tats-Unis avaient accept\u00e9 de prolonger ind\u00e9finiment le cessez-le-feu avec l&#39;Iran, alors que les deux parties tentent de trouver une solution dans les pourparlers de paix. Cependant, le blocus naval am\u00e9ricain des ports iraniens reste en place.<\/p>\n<\/p><\/div>\n","protected":false},"excerpt":{"rendered":"<p>Le ministre italien des Sports a rejet\u00e9 l&#39;id\u00e9e que les Azzurri remplacent l&#39;Iran \u00e0 la Coupe du monde 2026 comme \u00e9tant \u00ab inappropri\u00e9e \u00bb. Paolo<\/p>\n","protected":false},"author":1,"featured_media":36760,"comment_status":"closed","ping_status":"","sticky":false,"template":"","format":"standard","meta":{"footnotes":""},"categories":[3],"tags":[7568,11875,11874,4978,1687,1162],"yoast_head":"<!-- This site is optimized with the Yoast SEO plugin v21.0 - https:\/\/yoast.com\/wordpress\/plugins\/seo\/ -->\n<title>Le ministre italien rejette le projet de remplacer l\u2019Iran<\/title>\n<meta name=\"robots\" content=\"index, follow, max-snippet:-1, max-image-preview:large, max-video-preview:-1\" \/>\n<link rel=\"canonical\" href=\"https:\/\/footdavant.fr\/actualites\/le-ministre-italien-rejette-le-projet-de-remplacer-liran\/\" \/>\n<meta property=\"og:locale\" content=\"fr_FR\" \/>\n<meta property=\"og:type\" content=\"article\" \/>\n<meta property=\"og:title\" content=\"Le ministre italien rejette le projet de remplacer l\u2019Iran\" \/>\n<meta property=\"og:description\" content=\"Le ministre italien des Sports a rejet\u00e9 l&#039;id\u00e9e que les Azzurri remplacent l&#039;Iran \u00e0 la Coupe du monde 2026 comme \u00e9tant \u00ab inappropri\u00e9e \u00bb. Paolo\" \/>\n<meta property=\"og:url\" content=\"https:\/\/footdavant.fr\/actualites\/le-ministre-italien-rejette-le-projet-de-remplacer-liran\/\" \/>\n<meta property=\"og:site_name\" content=\"Foot d&#039;avant\" \/>\n<meta property=\"article:publisher\" content=\"https:\/\/www.facebook.com\/Footdavant\/\" \/>\n<meta property=\"article:published_time\" content=\"2026-04-23T18:48:07+00:00\" \/>\n<meta property=\"article:modified_time\" content=\"2026-04-23T18:48:09+00:00\" \/>\n<meta property=\"og:image\" content=\"https:\/\/footdavant.fr\/actualites\/wp-content\/uploads\/2026\/04\/1776970088_Le-ministre-italien-rejette-le-projet-de-remplacer-lIran.jpg\" \/>\n\t<meta property=\"og:image:width\" content=\"1200\" \/>\n\t<meta property=\"og:image:height\" content=\"800\" \/>\n\t<meta property=\"og:image:type\" content=\"image\/jpeg\" \/>\n<meta name=\"author\" content=\"Cl\u00e9ment\" \/>\n<meta name=\"twitter:card\" content=\"summary_large_image\" \/>\n<meta name=\"twitter:creator\" content=\"@FootdavantFr\" \/>\n<meta name=\"twitter:site\" content=\"@FootdavantFr\" \/>\n<meta name=\"twitter:label1\" content=\"\u00c9crit par\" \/>\n\t<meta name=\"twitter:data1\" content=\"Cl\u00e9ment\" \/>\n\t<meta name=\"twitter:label2\" content=\"Dur\u00e9e de lecture estim\u00e9e\" \/>\n\t<meta name=\"twitter:data2\" content=\"2 minutes\" \/>\n<script type=\"application\/ld+json\" class=\"yoast-schema-graph\">{\"@context\":\"https:\/\/schema.org\",\"@graph\":[{\"@type\":\"Article\",\"@id\":\"https:\/\/footdavant.fr\/actualites\/le-ministre-italien-rejette-le-projet-de-remplacer-liran\/#article\",\"isPartOf\":{\"@id\":\"https:\/\/footdavant.fr\/actualites\/le-ministre-italien-rejette-le-projet-de-remplacer-liran\/\"},\"author\":{\"name\":\"Cl\u00e9ment\",\"@id\":\"https:\/\/footdavant.fr\/actualites\/#\/schema\/person\/bc222566d95871b37e597b3ed3ba5e1d\"},\"headline\":\"Le ministre italien rejette le projet de remplacer l\u2019Iran\",\"datePublished\":\"2026-04-23T18:48:07+00:00\",\"dateModified\":\"2026-04-23T18:48:09+00:00\",\"mainEntityOfPage\":{\"@id\":\"https:\/\/footdavant.fr\/actualites\/le-ministre-italien-rejette-le-projet-de-remplacer-liran\/\"},\"wordCount\":485,\"publisher\":{\"@id\":\"https:\/\/footdavant.fr\/actualites\/#organization\"},\"keywords\":[\"italien\",\"lIran\",\"ministre\",\"projet\",\"rejette\",\"remplacer\"],\"articleSection\":[\"Football\"],\"inLanguage\":\"fr-FR\"},{\"@type\":\"WebPage\",\"@id\":\"https:\/\/footdavant.fr\/actualites\/le-ministre-italien-rejette-le-projet-de-remplacer-liran\/\",\"url\":\"https:\/\/footdavant.fr\/actualites\/le-ministre-italien-rejette-le-projet-de-remplacer-liran\/\",\"name\":\"Le ministre italien rejette le projet de remplacer l\u2019Iran\",\"isPartOf\":{\"@id\":\"https:\/\/footdavant.fr\/actualites\/#website\"},\"datePublished\":\"2026-04-23T18:48:07+00:00\",\"dateModified\":\"2026-04-23T18:48:09+00:00\",\"breadcrumb\":{\"@id\":\"https:\/\/footdavant.fr\/actualites\/le-ministre-italien-rejette-le-projet-de-remplacer-liran\/#breadcrumb\"},\"inLanguage\":\"fr-FR\",\"potentialAction\":[{\"@type\":\"ReadAction\",\"target\":[\"https:\/\/footdavant.fr\/actualites\/le-ministre-italien-rejette-le-projet-de-remplacer-liran\/\"]}]},{\"@type\":\"BreadcrumbList\",\"@id\":\"https:\/\/footdavant.fr\/actualites\/le-ministre-italien-rejette-le-projet-de-remplacer-liran\/#breadcrumb\",\"itemListElement\":[{\"@type\":\"ListItem\",\"position\":1,\"name\":\"Accueil\",\"item\":\"https:\/\/footdavant.fr\/actualites\/\"},{\"@type\":\"ListItem\",\"position\":2,\"name\":\"Le ministre italien rejette le projet de remplacer l\u2019Iran\"}]},{\"@type\":\"WebSite\",\"@id\":\"https:\/\/footdavant.fr\/actualites\/#website\",\"url\":\"https:\/\/footdavant.fr\/actualites\/\",\"name\":\"Foot d'avant\",\"description\":\"\",\"publisher\":{\"@id\":\"https:\/\/footdavant.fr\/actualites\/#organization\"},\"potentialAction\":[{\"@type\":\"SearchAction\",\"target\":{\"@type\":\"EntryPoint\",\"urlTemplate\":\"https:\/\/footdavant.fr\/actualites\/?s={search_term_string}\"},\"query-input\":\"required name=search_term_string\"}],\"inLanguage\":\"fr-FR\"},{\"@type\":\"Organization\",\"@id\":\"https:\/\/footdavant.fr\/actualites\/#organization\",\"name\":\"Foot d'avant\",\"url\":\"https:\/\/footdavant.fr\/actualites\/\",\"logo\":{\"@type\":\"ImageObject\",\"inLanguage\":\"fr-FR\",\"@id\":\"https:\/\/footdavant.fr\/actualites\/#\/schema\/logo\/image\/\",\"url\":\"https:\/\/footdavant.fr\/actualites\/wp-content\/uploads\/2023\/09\/Copy-of-FootDavant-Logo.png\",\"contentUrl\":\"https:\/\/footdavant.fr\/actualites\/wp-content\/uploads\/2023\/09\/Copy-of-FootDavant-Logo.png\",\"width\":936,\"height\":549,\"caption\":\"Foot d'avant\"},\"image\":{\"@id\":\"https:\/\/footdavant.fr\/actualites\/#\/schema\/logo\/image\/\"},\"sameAs\":[\"https:\/\/www.facebook.com\/Footdavant\/\",\"https:\/\/twitter.com\/FootdavantFr\",\"https:\/\/www.instagram.com\/footdavant.fr\/\"]},{\"@type\":\"Person\",\"@id\":\"https:\/\/footdavant.fr\/actualites\/#\/schema\/person\/bc222566d95871b37e597b3ed3ba5e1d\",\"name\":\"Cl\u00e9ment\",\"image\":{\"@type\":\"ImageObject\",\"inLanguage\":\"fr-FR\",\"@id\":\"https:\/\/footdavant.fr\/actualites\/#\/schema\/person\/image\/\",\"url\":\"https:\/\/secure.gravatar.com\/avatar\/7728b29aac2719421e1a9159b2254c44?s=96&d=mm&r=g\",\"contentUrl\":\"https:\/\/secure.gravatar.com\/avatar\/7728b29aac2719421e1a9159b2254c44?s=96&d=mm&r=g\",\"caption\":\"Cl\u00e9ment\"},\"sameAs\":[\"https:\/\/footdavant.fr\/\"]}]}<\/script>\n<!-- \/ Yoast SEO plugin. -->","yoast_head_json":{"title":"Le ministre italien rejette le projet de remplacer l\u2019Iran","robots":{"index":"index","follow":"follow","max-snippet":"max-snippet:-1","max-image-preview":"max-image-preview:large","max-video-preview":"max-video-preview:-1"},"canonical":"https:\/\/footdavant.fr\/actualites\/le-ministre-italien-rejette-le-projet-de-remplacer-liran\/","og_locale":"fr_FR","og_type":"article","og_title":"Le ministre italien rejette le projet de remplacer l\u2019Iran","og_description":"Le ministre italien des Sports a rejet\u00e9 l&#39;id\u00e9e que les Azzurri remplacent l&#39;Iran \u00e0 la Coupe du monde 2026 comme \u00e9tant \u00ab inappropri\u00e9e \u00bb. Paolo","og_url":"https:\/\/footdavant.fr\/actualites\/le-ministre-italien-rejette-le-projet-de-remplacer-liran\/","og_site_name":"Foot d&#039;avant","article_publisher":"https:\/\/www.facebook.com\/Footdavant\/","article_published_time":"2026-04-23T18:48:07+00:00","article_modified_time":"2026-04-23T18:48:09+00:00","og_image":[{"width":1200,"height":800,"url":"https:\/\/footdavant.fr\/actualites\/wp-content\/uploads\/2026\/04\/1776970088_Le-ministre-italien-rejette-le-projet-de-remplacer-lIran.jpg","type":"image\/jpeg"}],"author":"Cl\u00e9ment","twitter_card":"summary_large_image","twitter_creator":"@FootdavantFr","twitter_site":"@FootdavantFr","twitter_misc":{"\u00c9crit par":"Cl\u00e9ment","Dur\u00e9e de lecture estim\u00e9e":"2 minutes"},"schema":{"@context":"https:\/\/schema.org","@graph":[{"@type":"Article","@id":"https:\/\/footdavant.fr\/actualites\/le-ministre-italien-rejette-le-projet-de-remplacer-liran\/#article","isPartOf":{"@id":"https:\/\/footdavant.fr\/actualites\/le-ministre-italien-rejette-le-projet-de-remplacer-liran\/"},"author":{"name":"Cl\u00e9ment","@id":"https:\/\/footdavant.fr\/actualites\/#\/schema\/person\/bc222566d95871b37e597b3ed3ba5e1d"},"headline":"Le ministre italien rejette le projet de remplacer l\u2019Iran","datePublished":"2026-04-23T18:48:07+00:00","dateModified":"2026-04-23T18:48:09+00:00","mainEntityOfPage":{"@id":"https:\/\/footdavant.fr\/actualites\/le-ministre-italien-rejette-le-projet-de-remplacer-liran\/"},"wordCount":485,"publisher":{"@id":"https:\/\/footdavant.fr\/actualites\/#organization"},"keywords":["italien","lIran","ministre","projet","rejette","remplacer"],"articleSection":["Football"],"inLanguage":"fr-FR"},{"@type":"WebPage","@id":"https:\/\/footdavant.fr\/actualites\/le-ministre-italien-rejette-le-projet-de-remplacer-liran\/","url":"https:\/\/footdavant.fr\/actualites\/le-ministre-italien-rejette-le-projet-de-remplacer-liran\/","name":"Le ministre italien rejette le projet de remplacer l\u2019Iran","isPartOf":{"@id":"https:\/\/footdavant.fr\/actualites\/#website"},"datePublished":"2026-04-23T18:48:07+00:00","dateModified":"2026-04-23T18:48:09+00:00","breadcrumb":{"@id":"https:\/\/footdavant.fr\/actualites\/le-ministre-italien-rejette-le-projet-de-remplacer-liran\/#breadcrumb"},"inLanguage":"fr-FR","potentialAction":[{"@type":"ReadAction","target":["https:\/\/footdavant.fr\/actualites\/le-ministre-italien-rejette-le-projet-de-remplacer-liran\/"]}]},{"@type":"BreadcrumbList","@id":"https:\/\/footdavant.fr\/actualites\/le-ministre-italien-rejette-le-projet-de-remplacer-liran\/#breadcrumb","itemListElement":[{"@type":"ListItem","position":1,"name":"Accueil","item":"https:\/\/footdavant.fr\/actualites\/"},{"@type":"ListItem","position":2,"name":"Le ministre italien rejette le projet de remplacer l\u2019Iran"}]},{"@type":"WebSite","@id":"https:\/\/footdavant.fr\/actualites\/#website","url":"https:\/\/footdavant.fr\/actualites\/","name":"Foot d'avant","description":"","publisher":{"@id":"https:\/\/footdavant.fr\/actualites\/#organization"},"potentialAction":[{"@type":"SearchAction","target":{"@type":"EntryPoint","urlTemplate":"https:\/\/footdavant.fr\/actualites\/?s={search_term_string}"},"query-input":"required name=search_term_string"}],"inLanguage":"fr-FR"},{"@type":"Organization","@id":"https:\/\/footdavant.fr\/actualites\/#organization","name":"Foot d'avant","url":"https:\/\/footdavant.fr\/actualites\/","logo":{"@type":"ImageObject","inLanguage":"fr-FR","@id":"https:\/\/footdavant.fr\/actualites\/#\/schema\/logo\/image\/","url":"https:\/\/footdavant.fr\/actualites\/wp-content\/uploads\/2023\/09\/Copy-of-FootDavant-Logo.png","contentUrl":"https:\/\/footdavant.fr\/actualites\/wp-content\/uploads\/2023\/09\/Copy-of-FootDavant-Logo.png","width":936,"height":549,"caption":"Foot d'avant"},"image":{"@id":"https:\/\/footdavant.fr\/actualites\/#\/schema\/logo\/image\/"},"sameAs":["https:\/\/www.facebook.com\/Footdavant\/","https:\/\/twitter.com\/FootdavantFr","https:\/\/www.instagram.com\/footdavant.fr\/"]},{"@type":"Person","@id":"https:\/\/footdavant.fr\/actualites\/#\/schema\/person\/bc222566d95871b37e597b3ed3ba5e1d","name":"Cl\u00e9ment","image":{"@type":"ImageObject","inLanguage":"fr-FR","@id":"https:\/\/footdavant.fr\/actualites\/#\/schema\/person\/image\/","url":"https:\/\/secure.gravatar.com\/avatar\/7728b29aac2719421e1a9159b2254c44?s=96&d=mm&r=g","contentUrl":"https:\/\/secure.gravatar.com\/avatar\/7728b29aac2719421e1a9159b2254c44?s=96&d=mm&r=g","caption":"Cl\u00e9ment"},"sameAs":["https:\/\/footdavant.fr\/"]}]}},"_links":{"self":[{"href":"https:\/\/footdavant.fr\/actualites\/wp-json\/wp\/v2\/posts\/36759"}],"collection":[{"href":"https:\/\/footdavant.fr\/actualites\/wp-json\/wp\/v2\/posts"}],"about":[{"href":"https:\/\/footdavant.fr\/actualites\/wp-json\/wp\/v2\/types\/post"}],"author":[{"embeddable":true,"href":"https:\/\/footdavant.fr\/actualites\/wp-json\/wp\/v2\/users\/1"}],"replies":[{"embeddable":true,"href":"https:\/\/footdavant.fr\/actualites\/wp-json\/wp\/v2\/comments?post=36759"}],"version-history":[{"count":1,"href":"https:\/\/footdavant.fr\/actualites\/wp-json\/wp\/v2\/posts\/36759\/revisions"}],"predecessor-version":[{"id":36761,"href":"https:\/\/footdavant.fr\/actualites\/wp-json\/wp\/v2\/posts\/36759\/revisions\/36761"}],"wp:featuredmedia":[{"embeddable":true,"href":"https:\/\/footdavant.fr\/actualites\/wp-json\/wp\/v2\/media\/36760"}],"wp:attachment":[{"href":"https:\/\/footdavant.fr\/actualites\/wp-json\/wp\/v2\/media?parent=36759"}],"wp:term":[{"taxonomy":"category","embeddable":true,"href":"https:\/\/footdavant.fr\/actualites\/wp-json\/wp\/v2\/categories?post=36759"},{"taxonomy":"post_tag","embeddable":true,"href":"https:\/\/footdavant.fr\/actualites\/wp-json\/wp\/v2\/tags?post=36759"}],"curies":[{"name":"wp","href":"https:\/\/api.w.org\/{rel}","templated":true}]}}