{"id":3676,"date":"2024-01-10T13:56:09","date_gmt":"2024-01-10T12:56:09","guid":{"rendered":"https:\/\/footdavant.fr\/actualites\/lentourage-de-kylian-mbappe-dement-laccord-avec-le-real-madrid\/"},"modified":"2024-01-10T13:56:09","modified_gmt":"2024-01-10T12:56:09","slug":"lentourage-de-kylian-mbappe-dement-laccord-avec-le-real-madrid","status":"publish","type":"post","link":"https:\/\/footdavant.fr\/actualites\/lentourage-de-kylian-mbappe-dement-laccord-avec-le-real-madrid\/","title":{"rendered":"L&rsquo;entourage de Kylian Mbapp\u00e9 d\u00e9ment l&rsquo;accord avec le Real Madrid"},"content":{"rendered":"<p>Le camp de Kylian Mbappe d\u00e9ment les informations selon lesquelles l&rsquo;attaquant du Paris Saint-Germain aurait accept\u00e9 de rejoindre le Real Madrid cet \u00e9t\u00e9.<\/p>\n<div id=\"article_body\" itemprop=\"articleBody\">\n<h3 class=\"firstPara\">L&rsquo;entourage de <strong class=\"autotag\">Paris Saint Germain<\/strong> attaquant <strong class=\"autotag\">Kylian Mbapp\u00e9<\/strong> ont d\u00e9menti les informations selon lesquelles le jeune homme de 25 ans aurait conclu un accord pour rejoindre <strong class=\"autotag\">Real Madrid<\/strong> cet \u00e9t\u00e9.<\/h3>\n<p>Mbappe est pressenti pour \u00e9changer la capitale fran\u00e7aise contre la capitale espagnole depuis plusieurs ann\u00e9es maintenant, mais un transfert ne se concr\u00e9tisera jamais pour diverses raisons.<\/p>\n<p>Le PSG a repouss\u00e9 une offre de derni\u00e8re minute du Real Madrid lors de la fen\u00eatre estivale 2021, malgr\u00e9 le fait que Mbappe \u00e9tait dans la derni\u00e8re ann\u00e9e de son pr\u00e9c\u00e9dent contrat et qu&rsquo;il rejoindrait apparemment Los Blancos pour un transfert gratuit l&rsquo;ann\u00e9e prochaine.<\/p>\n<p>Au lieu de cela, Mbappe a envoy\u00e9 une onde de choc \u00e0 travers l\u2019Europe en s\u2019engageant avec le PSG jusqu\u2019en 2024 avec l\u2019option d\u2019une troisi\u00e8me ann\u00e9e, mais il a inform\u00e9 les champions de France en 2023 qu\u2019il n\u2019envisageait pas de prolonger son s\u00e9jour.<\/p>\n<p>Malgr\u00e9 les efforts initiaux du PSG pour forcer Mbappe \u00e0 quitter le club avant l&rsquo;expiration de son contrat, cette d\u00e9cision n&rsquo;a pas abouti, car le Real avait d\u00e9j\u00e0 d\u00e9pens\u00e9 beaucoup d&rsquo;argent pour <strong class=\"autotag\">Jude Bellingham<\/strong> et captur\u00e9 <strong class=\"autotag\">Joselu<\/strong> pr\u00eat\u00e9 par l&rsquo;Espanyol pour remplacer celui en partance pour Al-Ittihad <strong class=\"autotag\">Karim Benzema<\/strong>.<\/p>\n<p class=\"imgI\">\n<p>Comme Mbapp\u00e9 est d\u00e9sormais dans les six derniers mois de son contrat avec le PSG, il est en mesure de discuter d&rsquo;un accord pr\u00e9-contractuel avec des clubs \u00e9trangers, et il a \u00e9t\u00e9 affirm\u00e9 dimanche soir qu&rsquo;il avait finalement donn\u00e9 son feu vert \u00e0 un transfert au Real.<\/p>\n<p>Cependant, le PSG n&rsquo;aurait pas eu connaissance d&rsquo;un tel accord et, dans une d\u00e9claration \u00e0 <em>RMC Sport<\/em>le camp de Mbapp\u00e9 a d\u00e9menti les rumeurs selon lesquelles l&rsquo;attaquant aurait serr\u00e9 la main de <strong class=\"autotag\">Carlo Ancelotti<\/strong>du c\u00f4t\u00e9.<\/p>\n<p>\u00ab\u00a0Il n&rsquo;y a pas d&rsquo;accord autour de l&rsquo;avenir de Kylian, d&rsquo;autant plus qu&rsquo;aucune discussion n&rsquo;a \u00e9t\u00e9 engag\u00e9e \u00e0 ce sujet, selon l&rsquo;entourage de Kylian Mbapp\u00e9. Aucun type d&rsquo;influence ne pourrait \u00e9galement dicter le timing de la discussion, de la r\u00e9flexion ou de la d\u00e9cision de Kylian\u00a0\u00bb, a d\u00e9clar\u00e9 l&rsquo;entourage de Mbapp\u00e9.<\/p>\n<p>Alors que le Real a donc encore du travail \u00e0 faire dans sa qu\u00eate de Mbapp\u00e9, la situation contractuelle de l&rsquo;ancien mon\u00e9gasque reste inchang\u00e9e et le PSG risque toujours de le perdre sur un transfert gratuit en fin de saison.<\/p>\n<p>Pr\u00e9sident <strong class=\"autotag\">Nasser Al-Khela\u00effi<\/strong> a affirm\u00e9 que son \u00e9quipe ne perdrait pas pour rien le deuxi\u00e8me joueur le plus cher du monde, tandis que Mbapp\u00e9 voudrait \u00e9galement \u00e9viter un tel sc\u00e9nario, afin de garantir une compensation \u00e9quitable au PSG.<\/p>\n<p class=\"imgI\"><img decoding=\"async\" loading=\"lazy\" class=\"l\" src=\"https:\/\/footdavant.fr\/actualites\/wp-content\/uploads\/2024\/01\/Lentourage-de-Kylian-Mbappe-dement-laccord-avec-le-Real-Madrid.JPG\" title=\"Kylian Mbappe du Paris Saint-Germain le 7 novembre 2023\" alt=\"Kylian Mbappe du Paris Saint-Germain le 7 novembre 2023\" width=\"640\" height=\"480\"><\/p>\n<p>Le Real aurait donn\u00e9 \u00e0 Mbapp\u00e9 une date limite \u00e0 la mi-janvier pour prendre une d\u00e9cision finale sur son avenir, mais Los Blancos ne sont pas seuls dans la course au vainqueur de la Coupe du Monde, qui, selon les rumeurs, serait toujours dispos\u00e9 \u00e0 rejoindre une Premier League. club.<\/p>\n<p>M\u00eame si le Fran\u00e7ais devient disponible gr\u00e2ce \u00e0 un transfert gratuit, son salaire astronomique et ses frais d&rsquo;inscription \u00e9lev\u00e9s excluraient la plupart des clubs anglais de la course, m\u00eame si <strong class=\"autotag\">Liverpool<\/strong> ont n\u00e9anmoins \u00e9t\u00e9 \u00e9voqu\u00e9s comme pr\u00e9tendants potentiels.<\/p>\n<p>Au milieu du cycle sans fin des rumeurs, Mbapp\u00e9 continue de briller \u00e0 la pointe de l&rsquo;attaque du PSG et a battu un nouveau record dimanche, devenant le meilleur buteur de tous les temps des Parisiens en Coupe de France en inscrivant un tripl\u00e9 dans un 9- 0 d\u00e9molition de Revel.<\/p>\n<p>Le joueur de 25 ans occupe d\u00e9j\u00e0 la t\u00eate du classement des buteurs du PSG avec 237 frappes et 101 passes d\u00e9cisives en 284 matches, et il a marqu\u00e9 25 buts en 24 matchs cette saison, \u00e0 \u00e9galit\u00e9 avec le Bayern Munich. <strong class=\"autotag\">Harry Kane<\/strong> comme l&rsquo;attaquant le plus prolifique des cinq meilleures ligues europ\u00e9ennes.<\/p>\n<p>Mbappe a remport\u00e9 13 honneurs majeurs au Parc des Princes, m\u00eame s&rsquo;il n&rsquo;a pas encore aid\u00e9 le PSG \u00e0 remporter une couronne insaisissable en Ligue des champions, et <strong class=\"autotag\">Luis Enrique<\/strong>L&rsquo;\u00e9quipe de Madrid tentera d&rsquo;\u00e9viter une troisi\u00e8me \u00e9limination cons\u00e9cutive en huiti\u00e8mes de finale lorsqu&rsquo;elle rencontrera la Real Sociedad les 14 f\u00e9vrier et 5 mars.<\/p>\n<\/div>\n","protected":false},"excerpt":{"rendered":"<p>Le camp de Kylian Mbappe d\u00e9ment les informations selon lesquelles l&rsquo;attaquant du Paris Saint-Germain aurait accept\u00e9 de rejoindre le Real Madrid cet \u00e9t\u00e9. L&rsquo;entourage de<\/p>\n","protected":false},"author":1,"featured_media":3677,"comment_status":"closed","ping_status":"","sticky":false,"template":"","format":"standard","meta":{"footnotes":""},"categories":[5],"tags":[91,2845,62,714,2559,303,63,302],"yoast_head":"<!-- This site is optimized with the Yoast SEO plugin v21.0 - https:\/\/yoast.com\/wordpress\/plugins\/seo\/ -->\n<title>L&#039;entourage de Kylian Mbapp\u00e9 d\u00e9ment l&#039;accord avec le Real Madrid<\/title>\n<meta name=\"robots\" content=\"index, follow, max-snippet:-1, max-image-preview:large, max-video-preview:-1\" \/>\n<link rel=\"canonical\" href=\"https:\/\/footdavant.fr\/actualites\/lentourage-de-kylian-mbappe-dement-laccord-avec-le-real-madrid\/\" \/>\n<meta property=\"og:locale\" content=\"fr_FR\" \/>\n<meta property=\"og:type\" content=\"article\" \/>\n<meta property=\"og:title\" content=\"L&#039;entourage de Kylian Mbapp\u00e9 d\u00e9ment l&#039;accord avec le Real Madrid\" \/>\n<meta property=\"og:description\" content=\"Le camp de Kylian Mbappe d\u00e9ment les informations selon lesquelles l&rsquo;attaquant du Paris Saint-Germain aurait accept\u00e9 de rejoindre le Real Madrid cet \u00e9t\u00e9. L&rsquo;entourage de\" \/>\n<meta property=\"og:url\" content=\"https:\/\/footdavant.fr\/actualites\/lentourage-de-kylian-mbappe-dement-laccord-avec-le-real-madrid\/\" \/>\n<meta property=\"og:site_name\" content=\"Foot d&#039;avant\" \/>\n<meta property=\"article:publisher\" content=\"https:\/\/www.facebook.com\/Footdavant\/\" \/>\n<meta property=\"article:published_time\" content=\"2024-01-10T12:56:09+00:00\" \/>\n<meta property=\"og:image\" content=\"https:\/\/footdavant.fr\/actualites\/wp-content\/uploads\/2024\/01\/Lentourage-de-Kylian-Mbappe-dement-laccord-avec-le-Real-Madrid.jpg\" \/>\n\t<meta property=\"og:image:width\" content=\"640\" \/>\n\t<meta property=\"og:image:height\" content=\"480\" \/>\n\t<meta property=\"og:image:type\" content=\"image\/jpeg\" \/>\n<meta name=\"author\" content=\"Cl\u00e9ment\" \/>\n<meta name=\"twitter:card\" content=\"summary_large_image\" \/>\n<meta name=\"twitter:creator\" content=\"@FootdavantFr\" \/>\n<meta name=\"twitter:site\" content=\"@FootdavantFr\" \/>\n<meta name=\"twitter:label1\" content=\"\u00c9crit par\" \/>\n\t<meta name=\"twitter:data1\" content=\"Cl\u00e9ment\" \/>\n\t<meta name=\"twitter:label2\" content=\"Dur\u00e9e de lecture estim\u00e9e\" \/>\n\t<meta name=\"twitter:data2\" content=\"4 minutes\" \/>\n<script type=\"application\/ld+json\" class=\"yoast-schema-graph\">{\"@context\":\"https:\/\/schema.org\",\"@graph\":[{\"@type\":\"Article\",\"@id\":\"https:\/\/footdavant.fr\/actualites\/lentourage-de-kylian-mbappe-dement-laccord-avec-le-real-madrid\/#article\",\"isPartOf\":{\"@id\":\"https:\/\/footdavant.fr\/actualites\/lentourage-de-kylian-mbappe-dement-laccord-avec-le-real-madrid\/\"},\"author\":{\"name\":\"Cl\u00e9ment\",\"@id\":\"https:\/\/footdavant.fr\/actualites\/#\/schema\/person\/bc222566d95871b37e597b3ed3ba5e1d\"},\"headline\":\"L&rsquo;entourage de Kylian Mbapp\u00e9 d\u00e9ment l&rsquo;accord avec le Real Madrid\",\"datePublished\":\"2024-01-10T12:56:09+00:00\",\"dateModified\":\"2024-01-10T12:56:09+00:00\",\"mainEntityOfPage\":{\"@id\":\"https:\/\/footdavant.fr\/actualites\/lentourage-de-kylian-mbappe-dement-laccord-avec-le-real-madrid\/\"},\"wordCount\":719,\"publisher\":{\"@id\":\"https:\/\/footdavant.fr\/actualites\/#organization\"},\"keywords\":[\"avec\",\"d\u00e9ment\",\"Kylian\",\"laccord\",\"lentourage\",\"Madrid\",\"Mbappe\",\"Real\"],\"articleSection\":[\"Premier League\"],\"inLanguage\":\"fr-FR\"},{\"@type\":\"WebPage\",\"@id\":\"https:\/\/footdavant.fr\/actualites\/lentourage-de-kylian-mbappe-dement-laccord-avec-le-real-madrid\/\",\"url\":\"https:\/\/footdavant.fr\/actualites\/lentourage-de-kylian-mbappe-dement-laccord-avec-le-real-madrid\/\",\"name\":\"L'entourage de Kylian Mbapp\u00e9 d\u00e9ment l'accord avec le Real Madrid\",\"isPartOf\":{\"@id\":\"https:\/\/footdavant.fr\/actualites\/#website\"},\"datePublished\":\"2024-01-10T12:56:09+00:00\",\"dateModified\":\"2024-01-10T12:56:09+00:00\",\"breadcrumb\":{\"@id\":\"https:\/\/footdavant.fr\/actualites\/lentourage-de-kylian-mbappe-dement-laccord-avec-le-real-madrid\/#breadcrumb\"},\"inLanguage\":\"fr-FR\",\"potentialAction\":[{\"@type\":\"ReadAction\",\"target\":[\"https:\/\/footdavant.fr\/actualites\/lentourage-de-kylian-mbappe-dement-laccord-avec-le-real-madrid\/\"]}]},{\"@type\":\"BreadcrumbList\",\"@id\":\"https:\/\/footdavant.fr\/actualites\/lentourage-de-kylian-mbappe-dement-laccord-avec-le-real-madrid\/#breadcrumb\",\"itemListElement\":[{\"@type\":\"ListItem\",\"position\":1,\"name\":\"Accueil\",\"item\":\"https:\/\/footdavant.fr\/actualites\/\"},{\"@type\":\"ListItem\",\"position\":2,\"name\":\"L&rsquo;entourage de Kylian Mbapp\u00e9 d\u00e9ment l&rsquo;accord avec le Real Madrid\"}]},{\"@type\":\"WebSite\",\"@id\":\"https:\/\/footdavant.fr\/actualites\/#website\",\"url\":\"https:\/\/footdavant.fr\/actualites\/\",\"name\":\"Foot d'avant\",\"description\":\"\",\"publisher\":{\"@id\":\"https:\/\/footdavant.fr\/actualites\/#organization\"},\"potentialAction\":[{\"@type\":\"SearchAction\",\"target\":{\"@type\":\"EntryPoint\",\"urlTemplate\":\"https:\/\/footdavant.fr\/actualites\/?s={search_term_string}\"},\"query-input\":\"required name=search_term_string\"}],\"inLanguage\":\"fr-FR\"},{\"@type\":\"Organization\",\"@id\":\"https:\/\/footdavant.fr\/actualites\/#organization\",\"name\":\"Foot d'avant\",\"url\":\"https:\/\/footdavant.fr\/actualites\/\",\"logo\":{\"@type\":\"ImageObject\",\"inLanguage\":\"fr-FR\",\"@id\":\"https:\/\/footdavant.fr\/actualites\/#\/schema\/logo\/image\/\",\"url\":\"https:\/\/footdavant.fr\/actualites\/wp-content\/uploads\/2023\/09\/Copy-of-FootDavant-Logo.png\",\"contentUrl\":\"https:\/\/footdavant.fr\/actualites\/wp-content\/uploads\/2023\/09\/Copy-of-FootDavant-Logo.png\",\"width\":936,\"height\":549,\"caption\":\"Foot d'avant\"},\"image\":{\"@id\":\"https:\/\/footdavant.fr\/actualites\/#\/schema\/logo\/image\/\"},\"sameAs\":[\"https:\/\/www.facebook.com\/Footdavant\/\",\"https:\/\/twitter.com\/FootdavantFr\",\"https:\/\/www.instagram.com\/footdavant.fr\/\"]},{\"@type\":\"Person\",\"@id\":\"https:\/\/footdavant.fr\/actualites\/#\/schema\/person\/bc222566d95871b37e597b3ed3ba5e1d\",\"name\":\"Cl\u00e9ment\",\"image\":{\"@type\":\"ImageObject\",\"inLanguage\":\"fr-FR\",\"@id\":\"https:\/\/footdavant.fr\/actualites\/#\/schema\/person\/image\/\",\"url\":\"https:\/\/secure.gravatar.com\/avatar\/7728b29aac2719421e1a9159b2254c44?s=96&d=mm&r=g\",\"contentUrl\":\"https:\/\/secure.gravatar.com\/avatar\/7728b29aac2719421e1a9159b2254c44?s=96&d=mm&r=g\",\"caption\":\"Cl\u00e9ment\"},\"sameAs\":[\"https:\/\/footdavant.fr\/\"]}]}<\/script>\n<!-- \/ Yoast SEO plugin. -->","yoast_head_json":{"title":"L'entourage de Kylian Mbapp\u00e9 d\u00e9ment l'accord avec le Real Madrid","robots":{"index":"index","follow":"follow","max-snippet":"max-snippet:-1","max-image-preview":"max-image-preview:large","max-video-preview":"max-video-preview:-1"},"canonical":"https:\/\/footdavant.fr\/actualites\/lentourage-de-kylian-mbappe-dement-laccord-avec-le-real-madrid\/","og_locale":"fr_FR","og_type":"article","og_title":"L'entourage de Kylian Mbapp\u00e9 d\u00e9ment l'accord avec le Real Madrid","og_description":"Le camp de Kylian Mbappe d\u00e9ment les informations selon lesquelles l&rsquo;attaquant du Paris Saint-Germain aurait accept\u00e9 de rejoindre le Real Madrid cet \u00e9t\u00e9. L&rsquo;entourage de","og_url":"https:\/\/footdavant.fr\/actualites\/lentourage-de-kylian-mbappe-dement-laccord-avec-le-real-madrid\/","og_site_name":"Foot d&#039;avant","article_publisher":"https:\/\/www.facebook.com\/Footdavant\/","article_published_time":"2024-01-10T12:56:09+00:00","og_image":[{"width":640,"height":480,"url":"https:\/\/footdavant.fr\/actualites\/wp-content\/uploads\/2024\/01\/Lentourage-de-Kylian-Mbappe-dement-laccord-avec-le-Real-Madrid.jpg","type":"image\/jpeg"}],"author":"Cl\u00e9ment","twitter_card":"summary_large_image","twitter_creator":"@FootdavantFr","twitter_site":"@FootdavantFr","twitter_misc":{"\u00c9crit par":"Cl\u00e9ment","Dur\u00e9e de lecture estim\u00e9e":"4 minutes"},"schema":{"@context":"https:\/\/schema.org","@graph":[{"@type":"Article","@id":"https:\/\/footdavant.fr\/actualites\/lentourage-de-kylian-mbappe-dement-laccord-avec-le-real-madrid\/#article","isPartOf":{"@id":"https:\/\/footdavant.fr\/actualites\/lentourage-de-kylian-mbappe-dement-laccord-avec-le-real-madrid\/"},"author":{"name":"Cl\u00e9ment","@id":"https:\/\/footdavant.fr\/actualites\/#\/schema\/person\/bc222566d95871b37e597b3ed3ba5e1d"},"headline":"L&rsquo;entourage de Kylian Mbapp\u00e9 d\u00e9ment l&rsquo;accord avec le Real Madrid","datePublished":"2024-01-10T12:56:09+00:00","dateModified":"2024-01-10T12:56:09+00:00","mainEntityOfPage":{"@id":"https:\/\/footdavant.fr\/actualites\/lentourage-de-kylian-mbappe-dement-laccord-avec-le-real-madrid\/"},"wordCount":719,"publisher":{"@id":"https:\/\/footdavant.fr\/actualites\/#organization"},"keywords":["avec","d\u00e9ment","Kylian","laccord","lentourage","Madrid","Mbappe","Real"],"articleSection":["Premier League"],"inLanguage":"fr-FR"},{"@type":"WebPage","@id":"https:\/\/footdavant.fr\/actualites\/lentourage-de-kylian-mbappe-dement-laccord-avec-le-real-madrid\/","url":"https:\/\/footdavant.fr\/actualites\/lentourage-de-kylian-mbappe-dement-laccord-avec-le-real-madrid\/","name":"L'entourage de Kylian Mbapp\u00e9 d\u00e9ment l'accord avec le Real Madrid","isPartOf":{"@id":"https:\/\/footdavant.fr\/actualites\/#website"},"datePublished":"2024-01-10T12:56:09+00:00","dateModified":"2024-01-10T12:56:09+00:00","breadcrumb":{"@id":"https:\/\/footdavant.fr\/actualites\/lentourage-de-kylian-mbappe-dement-laccord-avec-le-real-madrid\/#breadcrumb"},"inLanguage":"fr-FR","potentialAction":[{"@type":"ReadAction","target":["https:\/\/footdavant.fr\/actualites\/lentourage-de-kylian-mbappe-dement-laccord-avec-le-real-madrid\/"]}]},{"@type":"BreadcrumbList","@id":"https:\/\/footdavant.fr\/actualites\/lentourage-de-kylian-mbappe-dement-laccord-avec-le-real-madrid\/#breadcrumb","itemListElement":[{"@type":"ListItem","position":1,"name":"Accueil","item":"https:\/\/footdavant.fr\/actualites\/"},{"@type":"ListItem","position":2,"name":"L&rsquo;entourage de Kylian Mbapp\u00e9 d\u00e9ment l&rsquo;accord avec le Real Madrid"}]},{"@type":"WebSite","@id":"https:\/\/footdavant.fr\/actualites\/#website","url":"https:\/\/footdavant.fr\/actualites\/","name":"Foot d'avant","description":"","publisher":{"@id":"https:\/\/footdavant.fr\/actualites\/#organization"},"potentialAction":[{"@type":"SearchAction","target":{"@type":"EntryPoint","urlTemplate":"https:\/\/footdavant.fr\/actualites\/?s={search_term_string}"},"query-input":"required name=search_term_string"}],"inLanguage":"fr-FR"},{"@type":"Organization","@id":"https:\/\/footdavant.fr\/actualites\/#organization","name":"Foot d'avant","url":"https:\/\/footdavant.fr\/actualites\/","logo":{"@type":"ImageObject","inLanguage":"fr-FR","@id":"https:\/\/footdavant.fr\/actualites\/#\/schema\/logo\/image\/","url":"https:\/\/footdavant.fr\/actualites\/wp-content\/uploads\/2023\/09\/Copy-of-FootDavant-Logo.png","contentUrl":"https:\/\/footdavant.fr\/actualites\/wp-content\/uploads\/2023\/09\/Copy-of-FootDavant-Logo.png","width":936,"height":549,"caption":"Foot d'avant"},"image":{"@id":"https:\/\/footdavant.fr\/actualites\/#\/schema\/logo\/image\/"},"sameAs":["https:\/\/www.facebook.com\/Footdavant\/","https:\/\/twitter.com\/FootdavantFr","https:\/\/www.instagram.com\/footdavant.fr\/"]},{"@type":"Person","@id":"https:\/\/footdavant.fr\/actualites\/#\/schema\/person\/bc222566d95871b37e597b3ed3ba5e1d","name":"Cl\u00e9ment","image":{"@type":"ImageObject","inLanguage":"fr-FR","@id":"https:\/\/footdavant.fr\/actualites\/#\/schema\/person\/image\/","url":"https:\/\/secure.gravatar.com\/avatar\/7728b29aac2719421e1a9159b2254c44?s=96&d=mm&r=g","contentUrl":"https:\/\/secure.gravatar.com\/avatar\/7728b29aac2719421e1a9159b2254c44?s=96&d=mm&r=g","caption":"Cl\u00e9ment"},"sameAs":["https:\/\/footdavant.fr\/"]}]}},"_links":{"self":[{"href":"https:\/\/footdavant.fr\/actualites\/wp-json\/wp\/v2\/posts\/3676"}],"collection":[{"href":"https:\/\/footdavant.fr\/actualites\/wp-json\/wp\/v2\/posts"}],"about":[{"href":"https:\/\/footdavant.fr\/actualites\/wp-json\/wp\/v2\/types\/post"}],"author":[{"embeddable":true,"href":"https:\/\/footdavant.fr\/actualites\/wp-json\/wp\/v2\/users\/1"}],"replies":[{"embeddable":true,"href":"https:\/\/footdavant.fr\/actualites\/wp-json\/wp\/v2\/comments?post=3676"}],"version-history":[{"count":1,"href":"https:\/\/footdavant.fr\/actualites\/wp-json\/wp\/v2\/posts\/3676\/revisions"}],"predecessor-version":[{"id":3678,"href":"https:\/\/footdavant.fr\/actualites\/wp-json\/wp\/v2\/posts\/3676\/revisions\/3678"}],"wp:featuredmedia":[{"embeddable":true,"href":"https:\/\/footdavant.fr\/actualites\/wp-json\/wp\/v2\/media\/3677"}],"wp:attachment":[{"href":"https:\/\/footdavant.fr\/actualites\/wp-json\/wp\/v2\/media?parent=3676"}],"wp:term":[{"taxonomy":"category","embeddable":true,"href":"https:\/\/footdavant.fr\/actualites\/wp-json\/wp\/v2\/categories?post=3676"},{"taxonomy":"post_tag","embeddable":true,"href":"https:\/\/footdavant.fr\/actualites\/wp-json\/wp\/v2\/tags?post=3676"}],"curies":[{"name":"wp","href":"https:\/\/api.w.org\/{rel}","templated":true}]}}