{"id":36765,"date":"2026-04-24T02:48:12","date_gmt":"2026-04-24T00:48:12","guid":{"rendered":"https:\/\/footdavant.fr\/actualites\/nouvelles-du-transfert-de-burnley-lattaquant-des-clarets-senfuit-en-france-apres-la-relegation-en-premier-league\/"},"modified":"2026-04-24T02:48:14","modified_gmt":"2026-04-24T00:48:14","slug":"nouvelles-du-transfert-de-burnley-lattaquant-des-clarets-senfuit-en-france-apres-la-relegation-en-premier-league","status":"publish","type":"post","link":"https:\/\/footdavant.fr\/actualites\/nouvelles-du-transfert-de-burnley-lattaquant-des-clarets-senfuit-en-france-apres-la-relegation-en-premier-league\/","title":{"rendered":"Nouvelles du transfert de Burnley : l\u2019attaquant des Clarets s\u2019enfuit en France apr\u00e8s la rel\u00e9gation en Premier League ?"},"content":{"rendered":"<div itemprop=\"articleBody\">\n<p>L&#39;attaquant de Burnley, Luca Koleosho, serait sur le point de partir d\u00e9finitivement pour le Paris FC cet \u00e9t\u00e9.<\/p>\n<p>Le s\u00e9jour d&#39;un an des Clarets en Premier League a pris fin mercredi soir, lorsqu&#39;un but d&#39;Erling Haaland \u00e0 la cinqui\u00e8me minute a assur\u00e9 le maximum de points \u00e0 Manchester City.<\/p>\n<p>L&#39;\u00e9quipe de Scott Parker disputera \u00e0 nouveau le championnat la saison prochaine, apr\u00e8s une p\u00e9riode au cours de laquelle elle a eu du mal \u00e0 r\u00e9pondre aux exigences d&#39;une Premier League largement consid\u00e9r\u00e9e comme la meilleure comp\u00e9tition nationale du football mondial.<\/p>\n<p>L&#39;entra\u00eeneur-chef anglais \u00e9tait naturellement r\u00e9ticent \u00e0 discuter de son avenir en d\u00e9tail peu de temps apr\u00e8s la d\u00e9faite contre l&#39;\u00e9quipe de Pep Guardiola, qui occupe d\u00e9sormais la pole position dans la course au titre de l&#39;\u00e9lite contre un Arsenal chancelant.<\/p>\n<p>Derni\u00e8re victoire en Premier League le 11 f\u00e9vrier \u00e0 Crystal Palace, Burnley occupe actuellement la 19e place du classement de la ligue, \u00e0 13 points de West Ham United dans la s\u00e9curit\u00e9 de la 17e place.<\/p>\n<div>\n<div>\n<p>\u00a9 Imago<\/p>\n<\/div>\n<\/div>\n<h2>Koleosho pr\u00eat pour la sortie de Burnley ?<\/h2>\n<p>Selon un m\u00e9dia fran\u00e7ais <em>Le Parisien<\/em>Burnley se pr\u00e9pare \u00e0 dire au revoir \u00e0 l&#39;un de ses jeunes espoirs offensifs avant une saison difficile de 46 matchs dans le deuxi\u00e8me niveau du football anglais.<\/p>\n<p>Passant la seconde moiti\u00e9 du mandat 2025-26 en pr\u00eat au Paris FC en France, Koleosho se dirige soi-disant vers une sortie permanente de Turf Moor lors du prochain mercato estival.<\/p>\n<p>Il est entendu que les nouveaux venus en Ligue 1 disposent d&#39;une option pour acheter le joueur de 21 ans dans le cadre de l&#39;accord temporaire actuel \u2013 une option qui pourrait \u00eatre d\u00e9clench\u00e9e sans implications financi\u00e8res majeures pour les Parisiens.<\/p>\n<p>Koleosho aurait impressionn\u00e9 au Stade Jean Bouin depuis son d\u00e9part du Lancashire au cours de l&#39;hiver, marquant deux buts en 12 matches de premier plan, ainsi que deux fois en Coupe de France.<\/p>\n<p>L&#39;attaquant italo-am\u00e9ricain a fait ses d\u00e9buts avec Paris au Parc des Princes en janvier, lorsque les outsiders de la capitale ont \u00e9limin\u00e9 son rival local, le Paris Saint-Germain, de la Coupe de France en huiti\u00e8mes de finale.<\/p>\n<div>\n<div><img decoding=\"async\" data-img-id=\"158026\" class=\"lazy\" loading=\"lazy\" src=\"https:\/\/footdavant.fr\/actualites\/wp-content\/uploads\/2026\/04\/Nouvelles-du-transfert-de-Burnley-lattaquant-des-Clarets-senfuit.webp\"\/><\/p>\n<p>\u00a9 Imago \/ ABACAPRESS<\/p>\n<\/div>\n<\/div>\n<h2>La carri\u00e8re de Koleosho \u00e0 Burnley<\/h2>\n<p>Le plus gros travail de Koleosho \u00e0 Burnley est arriv\u00e9 au cours de la p\u00e9riode 2024-25, au cours de laquelle il a particip\u00e9 28 fois au championnat alors que l&#39;\u00e9quipe du Lancashire a assur\u00e9 un retour imm\u00e9diat en Premier League.<\/p>\n<p>Repouss\u00e9 dans la hi\u00e9rarchie \u00e0 Turf Moor l&#39;\u00e9t\u00e9 dernier, l&#39;attaquant a \u00e9t\u00e9 pr\u00eat\u00e9 \u00e0 l&#39;Espanyol en Espagne pour la premi\u00e8re moiti\u00e9 de 2025-2026, mais n&#39;a pas r\u00e9ussi \u00e0 avoir un impact sur l&#39;\u00e9quipe de la Liga.<\/p>\n<p>Cela a conduit \u00e0 un transfert \u00e0 la mi-saison vers la capitale fran\u00e7aise, o\u00f9 Koleosho a apparemment fait assez pour obtenir un transfert permanent au Paris FC, manquant ainsi la douleur d&#39;une autre campagne de Championnat.<\/p>\n<\/div>\n","protected":false},"excerpt":{"rendered":"<p>L&#39;attaquant de Burnley, Luca Koleosho, serait sur le point de partir d\u00e9finitivement pour le Paris FC cet \u00e9t\u00e9. Le s\u00e9jour d&#39;un an des Clarets en<\/p>\n","protected":false},"author":1,"featured_media":36766,"comment_status":"closed","ping_status":"","sticky":false,"template":"","format":"standard","meta":{"footnotes":""},"categories":[5],"tags":[25,541,11877,12,760,427,202,461,201,1317,11878,700],"yoast_head":"<!-- This site is optimized with the Yoast SEO plugin v21.0 - https:\/\/yoast.com\/wordpress\/plugins\/seo\/ -->\n<title>Nouvelles du transfert de Burnley : l\u2019attaquant des Clarets s\u2019enfuit en France apr\u00e8s la rel\u00e9gation en Premier League ?<\/title>\n<meta name=\"robots\" content=\"index, follow, max-snippet:-1, max-image-preview:large, max-video-preview:-1\" \/>\n<link rel=\"canonical\" href=\"https:\/\/footdavant.fr\/actualites\/nouvelles-du-transfert-de-burnley-lattaquant-des-clarets-senfuit-en-france-apres-la-relegation-en-premier-league\/\" \/>\n<meta property=\"og:locale\" content=\"fr_FR\" \/>\n<meta property=\"og:type\" content=\"article\" \/>\n<meta property=\"og:title\" content=\"Nouvelles du transfert de Burnley : l\u2019attaquant des Clarets s\u2019enfuit en France apr\u00e8s la rel\u00e9gation en Premier League ?\" \/>\n<meta property=\"og:description\" content=\"L&#039;attaquant de Burnley, Luca Koleosho, serait sur le point de partir d\u00e9finitivement pour le Paris FC cet \u00e9t\u00e9. Le s\u00e9jour d&#039;un an des Clarets en\" \/>\n<meta property=\"og:url\" content=\"https:\/\/footdavant.fr\/actualites\/nouvelles-du-transfert-de-burnley-lattaquant-des-clarets-senfuit-en-france-apres-la-relegation-en-premier-league\/\" \/>\n<meta property=\"og:site_name\" content=\"Foot d&#039;avant\" \/>\n<meta property=\"article:publisher\" content=\"https:\/\/www.facebook.com\/Footdavant\/\" \/>\n<meta property=\"article:published_time\" content=\"2026-04-24T00:48:12+00:00\" \/>\n<meta property=\"article:modified_time\" content=\"2026-04-24T00:48:14+00:00\" \/>\n<meta property=\"og:image\" content=\"https:\/\/footdavant.fr\/actualites\/wp-content\/uploads\/2026\/04\/Nouvelles-du-transfert-de-Burnley-lattaquant-des-Clarets-senfuit.net2Fuploads2F20262F042Fkoleosho-69ea865.webp\" \/>\n\t<meta property=\"og:image:width\" content=\"720\" \/>\n\t<meta property=\"og:image:height\" content=\"410\" \/>\n\t<meta property=\"og:image:type\" content=\"image\/webp\" \/>\n<meta name=\"author\" content=\"Cl\u00e9ment\" \/>\n<meta name=\"twitter:card\" content=\"summary_large_image\" \/>\n<meta name=\"twitter:creator\" content=\"@FootdavantFr\" \/>\n<meta name=\"twitter:site\" content=\"@FootdavantFr\" \/>\n<meta name=\"twitter:label1\" content=\"\u00c9crit par\" \/>\n\t<meta name=\"twitter:data1\" content=\"Cl\u00e9ment\" \/>\n\t<meta name=\"twitter:label2\" content=\"Dur\u00e9e de lecture estim\u00e9e\" \/>\n\t<meta name=\"twitter:data2\" content=\"3 minutes\" \/>\n<script type=\"application\/ld+json\" class=\"yoast-schema-graph\">{\"@context\":\"https:\/\/schema.org\",\"@graph\":[{\"@type\":\"Article\",\"@id\":\"https:\/\/footdavant.fr\/actualites\/nouvelles-du-transfert-de-burnley-lattaquant-des-clarets-senfuit-en-france-apres-la-relegation-en-premier-league\/#article\",\"isPartOf\":{\"@id\":\"https:\/\/footdavant.fr\/actualites\/nouvelles-du-transfert-de-burnley-lattaquant-des-clarets-senfuit-en-france-apres-la-relegation-en-premier-league\/\"},\"author\":{\"name\":\"Cl\u00e9ment\",\"@id\":\"https:\/\/footdavant.fr\/actualites\/#\/schema\/person\/bc222566d95871b37e597b3ed3ba5e1d\"},\"headline\":\"Nouvelles du transfert de Burnley : l\u2019attaquant des Clarets s\u2019enfuit en France apr\u00e8s la rel\u00e9gation en Premier League ?\",\"datePublished\":\"2026-04-24T00:48:12+00:00\",\"dateModified\":\"2026-04-24T00:48:14+00:00\",\"mainEntityOfPage\":{\"@id\":\"https:\/\/footdavant.fr\/actualites\/nouvelles-du-transfert-de-burnley-lattaquant-des-clarets-senfuit-en-france-apres-la-relegation-en-premier-league\/\"},\"wordCount\":525,\"publisher\":{\"@id\":\"https:\/\/footdavant.fr\/actualites\/#organization\"},\"keywords\":[\"apr\u00e8s\",\"Burnley\",\"Clarets\",\"des\",\"France\",\"lattaquant\",\"League\",\"Nouvelles\",\"Premier\",\"rel\u00e9gation\",\"senfuit\",\"transfert\"],\"articleSection\":[\"Premier League\"],\"inLanguage\":\"fr-FR\"},{\"@type\":\"WebPage\",\"@id\":\"https:\/\/footdavant.fr\/actualites\/nouvelles-du-transfert-de-burnley-lattaquant-des-clarets-senfuit-en-france-apres-la-relegation-en-premier-league\/\",\"url\":\"https:\/\/footdavant.fr\/actualites\/nouvelles-du-transfert-de-burnley-lattaquant-des-clarets-senfuit-en-france-apres-la-relegation-en-premier-league\/\",\"name\":\"Nouvelles du transfert de Burnley : l\u2019attaquant des Clarets s\u2019enfuit en France apr\u00e8s la rel\u00e9gation en Premier League ?\",\"isPartOf\":{\"@id\":\"https:\/\/footdavant.fr\/actualites\/#website\"},\"datePublished\":\"2026-04-24T00:48:12+00:00\",\"dateModified\":\"2026-04-24T00:48:14+00:00\",\"breadcrumb\":{\"@id\":\"https:\/\/footdavant.fr\/actualites\/nouvelles-du-transfert-de-burnley-lattaquant-des-clarets-senfuit-en-france-apres-la-relegation-en-premier-league\/#breadcrumb\"},\"inLanguage\":\"fr-FR\",\"potentialAction\":[{\"@type\":\"ReadAction\",\"target\":[\"https:\/\/footdavant.fr\/actualites\/nouvelles-du-transfert-de-burnley-lattaquant-des-clarets-senfuit-en-france-apres-la-relegation-en-premier-league\/\"]}]},{\"@type\":\"BreadcrumbList\",\"@id\":\"https:\/\/footdavant.fr\/actualites\/nouvelles-du-transfert-de-burnley-lattaquant-des-clarets-senfuit-en-france-apres-la-relegation-en-premier-league\/#breadcrumb\",\"itemListElement\":[{\"@type\":\"ListItem\",\"position\":1,\"name\":\"Accueil\",\"item\":\"https:\/\/footdavant.fr\/actualites\/\"},{\"@type\":\"ListItem\",\"position\":2,\"name\":\"Nouvelles du transfert de Burnley : l\u2019attaquant des Clarets s\u2019enfuit en France apr\u00e8s la rel\u00e9gation en Premier League ?\"}]},{\"@type\":\"WebSite\",\"@id\":\"https:\/\/footdavant.fr\/actualites\/#website\",\"url\":\"https:\/\/footdavant.fr\/actualites\/\",\"name\":\"Foot d'avant\",\"description\":\"\",\"publisher\":{\"@id\":\"https:\/\/footdavant.fr\/actualites\/#organization\"},\"potentialAction\":[{\"@type\":\"SearchAction\",\"target\":{\"@type\":\"EntryPoint\",\"urlTemplate\":\"https:\/\/footdavant.fr\/actualites\/?s={search_term_string}\"},\"query-input\":\"required name=search_term_string\"}],\"inLanguage\":\"fr-FR\"},{\"@type\":\"Organization\",\"@id\":\"https:\/\/footdavant.fr\/actualites\/#organization\",\"name\":\"Foot d'avant\",\"url\":\"https:\/\/footdavant.fr\/actualites\/\",\"logo\":{\"@type\":\"ImageObject\",\"inLanguage\":\"fr-FR\",\"@id\":\"https:\/\/footdavant.fr\/actualites\/#\/schema\/logo\/image\/\",\"url\":\"https:\/\/footdavant.fr\/actualites\/wp-content\/uploads\/2023\/09\/Copy-of-FootDavant-Logo.png\",\"contentUrl\":\"https:\/\/footdavant.fr\/actualites\/wp-content\/uploads\/2023\/09\/Copy-of-FootDavant-Logo.png\",\"width\":936,\"height\":549,\"caption\":\"Foot d'avant\"},\"image\":{\"@id\":\"https:\/\/footdavant.fr\/actualites\/#\/schema\/logo\/image\/\"},\"sameAs\":[\"https:\/\/www.facebook.com\/Footdavant\/\",\"https:\/\/twitter.com\/FootdavantFr\",\"https:\/\/www.instagram.com\/footdavant.fr\/\"]},{\"@type\":\"Person\",\"@id\":\"https:\/\/footdavant.fr\/actualites\/#\/schema\/person\/bc222566d95871b37e597b3ed3ba5e1d\",\"name\":\"Cl\u00e9ment\",\"image\":{\"@type\":\"ImageObject\",\"inLanguage\":\"fr-FR\",\"@id\":\"https:\/\/footdavant.fr\/actualites\/#\/schema\/person\/image\/\",\"url\":\"https:\/\/secure.gravatar.com\/avatar\/7728b29aac2719421e1a9159b2254c44?s=96&d=mm&r=g\",\"contentUrl\":\"https:\/\/secure.gravatar.com\/avatar\/7728b29aac2719421e1a9159b2254c44?s=96&d=mm&r=g\",\"caption\":\"Cl\u00e9ment\"},\"sameAs\":[\"https:\/\/footdavant.fr\/\"]}]}<\/script>\n<!-- \/ Yoast SEO plugin. -->","yoast_head_json":{"title":"Nouvelles du transfert de Burnley : l\u2019attaquant des Clarets s\u2019enfuit en France apr\u00e8s la rel\u00e9gation en Premier League ?","robots":{"index":"index","follow":"follow","max-snippet":"max-snippet:-1","max-image-preview":"max-image-preview:large","max-video-preview":"max-video-preview:-1"},"canonical":"https:\/\/footdavant.fr\/actualites\/nouvelles-du-transfert-de-burnley-lattaquant-des-clarets-senfuit-en-france-apres-la-relegation-en-premier-league\/","og_locale":"fr_FR","og_type":"article","og_title":"Nouvelles du transfert de Burnley : l\u2019attaquant des Clarets s\u2019enfuit en France apr\u00e8s la rel\u00e9gation en Premier League ?","og_description":"L&#39;attaquant de Burnley, Luca Koleosho, serait sur le point de partir d\u00e9finitivement pour le Paris FC cet \u00e9t\u00e9. Le s\u00e9jour d&#39;un an des Clarets en","og_url":"https:\/\/footdavant.fr\/actualites\/nouvelles-du-transfert-de-burnley-lattaquant-des-clarets-senfuit-en-france-apres-la-relegation-en-premier-league\/","og_site_name":"Foot d&#039;avant","article_publisher":"https:\/\/www.facebook.com\/Footdavant\/","article_published_time":"2026-04-24T00:48:12+00:00","article_modified_time":"2026-04-24T00:48:14+00:00","og_image":[{"width":720,"height":410,"url":"https:\/\/footdavant.fr\/actualites\/wp-content\/uploads\/2026\/04\/Nouvelles-du-transfert-de-Burnley-lattaquant-des-Clarets-senfuit.net2Fuploads2F20262F042Fkoleosho-69ea865.webp","type":"image\/webp"}],"author":"Cl\u00e9ment","twitter_card":"summary_large_image","twitter_creator":"@FootdavantFr","twitter_site":"@FootdavantFr","twitter_misc":{"\u00c9crit par":"Cl\u00e9ment","Dur\u00e9e de lecture estim\u00e9e":"3 minutes"},"schema":{"@context":"https:\/\/schema.org","@graph":[{"@type":"Article","@id":"https:\/\/footdavant.fr\/actualites\/nouvelles-du-transfert-de-burnley-lattaquant-des-clarets-senfuit-en-france-apres-la-relegation-en-premier-league\/#article","isPartOf":{"@id":"https:\/\/footdavant.fr\/actualites\/nouvelles-du-transfert-de-burnley-lattaquant-des-clarets-senfuit-en-france-apres-la-relegation-en-premier-league\/"},"author":{"name":"Cl\u00e9ment","@id":"https:\/\/footdavant.fr\/actualites\/#\/schema\/person\/bc222566d95871b37e597b3ed3ba5e1d"},"headline":"Nouvelles du transfert de Burnley : l\u2019attaquant des Clarets s\u2019enfuit en France apr\u00e8s la rel\u00e9gation en Premier League ?","datePublished":"2026-04-24T00:48:12+00:00","dateModified":"2026-04-24T00:48:14+00:00","mainEntityOfPage":{"@id":"https:\/\/footdavant.fr\/actualites\/nouvelles-du-transfert-de-burnley-lattaquant-des-clarets-senfuit-en-france-apres-la-relegation-en-premier-league\/"},"wordCount":525,"publisher":{"@id":"https:\/\/footdavant.fr\/actualites\/#organization"},"keywords":["apr\u00e8s","Burnley","Clarets","des","France","lattaquant","League","Nouvelles","Premier","rel\u00e9gation","senfuit","transfert"],"articleSection":["Premier League"],"inLanguage":"fr-FR"},{"@type":"WebPage","@id":"https:\/\/footdavant.fr\/actualites\/nouvelles-du-transfert-de-burnley-lattaquant-des-clarets-senfuit-en-france-apres-la-relegation-en-premier-league\/","url":"https:\/\/footdavant.fr\/actualites\/nouvelles-du-transfert-de-burnley-lattaquant-des-clarets-senfuit-en-france-apres-la-relegation-en-premier-league\/","name":"Nouvelles du transfert de Burnley : l\u2019attaquant des Clarets s\u2019enfuit en France apr\u00e8s la rel\u00e9gation en Premier League ?","isPartOf":{"@id":"https:\/\/footdavant.fr\/actualites\/#website"},"datePublished":"2026-04-24T00:48:12+00:00","dateModified":"2026-04-24T00:48:14+00:00","breadcrumb":{"@id":"https:\/\/footdavant.fr\/actualites\/nouvelles-du-transfert-de-burnley-lattaquant-des-clarets-senfuit-en-france-apres-la-relegation-en-premier-league\/#breadcrumb"},"inLanguage":"fr-FR","potentialAction":[{"@type":"ReadAction","target":["https:\/\/footdavant.fr\/actualites\/nouvelles-du-transfert-de-burnley-lattaquant-des-clarets-senfuit-en-france-apres-la-relegation-en-premier-league\/"]}]},{"@type":"BreadcrumbList","@id":"https:\/\/footdavant.fr\/actualites\/nouvelles-du-transfert-de-burnley-lattaquant-des-clarets-senfuit-en-france-apres-la-relegation-en-premier-league\/#breadcrumb","itemListElement":[{"@type":"ListItem","position":1,"name":"Accueil","item":"https:\/\/footdavant.fr\/actualites\/"},{"@type":"ListItem","position":2,"name":"Nouvelles du transfert de Burnley : l\u2019attaquant des Clarets s\u2019enfuit en France apr\u00e8s la rel\u00e9gation en Premier League ?"}]},{"@type":"WebSite","@id":"https:\/\/footdavant.fr\/actualites\/#website","url":"https:\/\/footdavant.fr\/actualites\/","name":"Foot d'avant","description":"","publisher":{"@id":"https:\/\/footdavant.fr\/actualites\/#organization"},"potentialAction":[{"@type":"SearchAction","target":{"@type":"EntryPoint","urlTemplate":"https:\/\/footdavant.fr\/actualites\/?s={search_term_string}"},"query-input":"required name=search_term_string"}],"inLanguage":"fr-FR"},{"@type":"Organization","@id":"https:\/\/footdavant.fr\/actualites\/#organization","name":"Foot d'avant","url":"https:\/\/footdavant.fr\/actualites\/","logo":{"@type":"ImageObject","inLanguage":"fr-FR","@id":"https:\/\/footdavant.fr\/actualites\/#\/schema\/logo\/image\/","url":"https:\/\/footdavant.fr\/actualites\/wp-content\/uploads\/2023\/09\/Copy-of-FootDavant-Logo.png","contentUrl":"https:\/\/footdavant.fr\/actualites\/wp-content\/uploads\/2023\/09\/Copy-of-FootDavant-Logo.png","width":936,"height":549,"caption":"Foot d'avant"},"image":{"@id":"https:\/\/footdavant.fr\/actualites\/#\/schema\/logo\/image\/"},"sameAs":["https:\/\/www.facebook.com\/Footdavant\/","https:\/\/twitter.com\/FootdavantFr","https:\/\/www.instagram.com\/footdavant.fr\/"]},{"@type":"Person","@id":"https:\/\/footdavant.fr\/actualites\/#\/schema\/person\/bc222566d95871b37e597b3ed3ba5e1d","name":"Cl\u00e9ment","image":{"@type":"ImageObject","inLanguage":"fr-FR","@id":"https:\/\/footdavant.fr\/actualites\/#\/schema\/person\/image\/","url":"https:\/\/secure.gravatar.com\/avatar\/7728b29aac2719421e1a9159b2254c44?s=96&d=mm&r=g","contentUrl":"https:\/\/secure.gravatar.com\/avatar\/7728b29aac2719421e1a9159b2254c44?s=96&d=mm&r=g","caption":"Cl\u00e9ment"},"sameAs":["https:\/\/footdavant.fr\/"]}]}},"_links":{"self":[{"href":"https:\/\/footdavant.fr\/actualites\/wp-json\/wp\/v2\/posts\/36765"}],"collection":[{"href":"https:\/\/footdavant.fr\/actualites\/wp-json\/wp\/v2\/posts"}],"about":[{"href":"https:\/\/footdavant.fr\/actualites\/wp-json\/wp\/v2\/types\/post"}],"author":[{"embeddable":true,"href":"https:\/\/footdavant.fr\/actualites\/wp-json\/wp\/v2\/users\/1"}],"replies":[{"embeddable":true,"href":"https:\/\/footdavant.fr\/actualites\/wp-json\/wp\/v2\/comments?post=36765"}],"version-history":[{"count":1,"href":"https:\/\/footdavant.fr\/actualites\/wp-json\/wp\/v2\/posts\/36765\/revisions"}],"predecessor-version":[{"id":36767,"href":"https:\/\/footdavant.fr\/actualites\/wp-json\/wp\/v2\/posts\/36765\/revisions\/36767"}],"wp:featuredmedia":[{"embeddable":true,"href":"https:\/\/footdavant.fr\/actualites\/wp-json\/wp\/v2\/media\/36766"}],"wp:attachment":[{"href":"https:\/\/footdavant.fr\/actualites\/wp-json\/wp\/v2\/media?parent=36765"}],"wp:term":[{"taxonomy":"category","embeddable":true,"href":"https:\/\/footdavant.fr\/actualites\/wp-json\/wp\/v2\/categories?post=36765"},{"taxonomy":"post_tag","embeddable":true,"href":"https:\/\/footdavant.fr\/actualites\/wp-json\/wp\/v2\/tags?post=36765"}],"curies":[{"name":"wp","href":"https:\/\/api.w.org\/{rel}","templated":true}]}}