{"id":36768,"date":"2026-04-24T04:48:14","date_gmt":"2026-04-24T02:48:14","guid":{"rendered":"https:\/\/footdavant.fr\/actualites\/je-ne-veux-pas-le-jeter-au-mur\/"},"modified":"2026-04-24T04:48:16","modified_gmt":"2026-04-24T02:48:16","slug":"je-ne-veux-pas-le-jeter-au-mur","status":"publish","type":"post","link":"https:\/\/footdavant.fr\/actualites\/je-ne-veux-pas-le-jeter-au-mur\/","title":{"rendered":"Je ne veux pas le jeter au mur"},"content":{"rendered":"<div>\n<p>Bonjour \u00e0 tous.<\/p>\n<p>Je ne sais pas si cela s&#39;est produit, mais cela ne me surprendrait pas si Mikel Arteta accordait aux joueurs quelques jours de cong\u00e9 apr\u00e8s le match contre Man City. \u00c0 un certain niveau, cela peut sembler contre-intuitif parce que nous avons encore tant de choses \u00e0 jouer, mais d\u2019un autre c\u00f4t\u00e9, cela a du sens. Une chose que j&#39;ai souvent dit \u00e0 propos de cette \u00e9quipe, c&#39;est que nous pouvons d\u00e9battre de certains aspects de sa qualit\u00e9, mais jamais de son application.<\/p>\n<p>Je ne me souviens vraiment pas de la derni\u00e8re fois que j&#39;ai regard\u00e9 Arsenal et que j&#39;ai pens\u00e9 qu&#39;il y avait un manque d&#39;effort ou d&#39;engagement. Si nous sommes fatigu\u00e9s rien qu&#39;en regardant cela, j&#39;imagine qu&#39;apr\u00e8s une longue saison jusqu&#39;\u00e0 pr\u00e9sent, les joueurs doivent ressentir la tension. Certains plus que d&#39;autres, pour \u00eatre honn\u00eate, parce que le fardeau a \u00e9t\u00e9 plus lourd pour certains individus, mais je pense qu&#39;il faut aussi tenir compte d&#39;une sorte de fatigue mentale. Alors, un jour ou deux pour d\u00e9compresser et se recentrer serait probablement tr\u00e8s utile.<\/p>\n<p>Lorsque j&#39;ai \u00e9crit le blog d&#39;hier, la derni\u00e8re section sur \u00ab\u00a0Et si nous ne le faisions pas cette saison\u00a0?\u00a0\u00bb en est un qui aurait pu ajouter 1 500 mots suppl\u00e9mentaires, selon une estimation prudente. Avec une Coupe du Monde cet \u00e9t\u00e9 tronquant la pr\u00e9-saison pour certains et allongeant une campagne \u00e9puisante pour certains de nos gars, je m&#39;inqui\u00e8te quant \u00e0 la rapidit\u00e9 avec laquelle nous pourrons recommencer en ao\u00fbt prochain. Que nous gagnions quelque chose ou rien, il y aura des r\u00e9percussions la saison prochaine \u00e0 des degr\u00e9s divers. Mais encore une fois, cette discussion peut attendre.<\/p>\n<p>Je dirai ceci, et je ne suis pas toujours personnel ici, je me sens aussi \u00e9puis\u00e9 par cette saison. Soyons clairs\u00a0: je reconnais qu\u2019il s\u2019agit l\u00e0 du plus grand probl\u00e8me mondial qui puisse exister. Ma tr\u00e8s bonne \u00e9quipe de football n\u2019a la possibilit\u00e9 de remporter les deux plus gros prix du jeu qu\u2019\u00e0 partir du 22 avril. Et mon travail, \u00e9tant l\u2019homme le plus chanceux du monde, consiste \u00e0 \u00e9crire et \u00e0 parler de cela. Quel cauchemar ! Mais cela n\u2019en reste pas moins vrai.<\/p>\n<p>Les ann\u00e9es pr\u00e9c\u00e9dentes, nous n&#39;avions rien du tout \u00e0 jouer \u00e0 ce stade, ou nous avions un autre type de stress lorsque nous abandonnions une sorte de football europ\u00e9en pour la saison suivante. Comme je l&#39;ai dit lundi dans l&#39;\u00e9mission Arsecast Extra, \u00ab\u00a0C&#39;est ce que nous voulions tous\u00a0\u00bb. Pour \u00eatre comp\u00e9titif. Se battre pour le titre et la Ligue des champions. Alors pourquoi cela ressemble-t-il \u00e0 une telle corv\u00e9e ? En partie parce qu&#39;il s&#39;agit de la tentative num\u00e9ro 4. Voici une analogie un peu tortur\u00e9e pour vous\u00a0: c&#39;est un peu comme jouer \u00e0 un jeu vid\u00e9o o\u00f9 \u00e0 la fin vous devez combattre le boss, l&#39;ennemi le plus grand, le plus m\u00e9chant et le plus dur du jeu. Tout au long de votre progression, vous avez progress\u00e9, vous avez les comp\u00e9tences, vous avez les armes, mais \u00e0 chaque fois, il prend le dessus sur vous.<\/p>\n<p>Apr\u00e8s quelques tentatives\/\u00e9checs, cela peut devenir vraiment frustrant. Vous voulez jeter le contr\u00f4leur contre le mur. Il y a aussi cette chose qu&#39;ils font o\u00f9 vous battez le boss jusqu&#39;\u00e0 un tout petit peu de sant\u00e9, puis pour des raisons qui ne peuvent \u00eatre que de vous chasser de ce qui reste de votre tout petit esprit, il y a un coup de foudre qui r\u00e9tablit sa barre de sant\u00e9 au maximum alors qu&#39;il vous reste environ 6 %. C&#39;est un peu ce que je ressens cette saison.<\/p>\n<p>Il n\u2019y a rien de nouveau \u00e0 atteindre ce point comme ce fut le cas en 2022-2023\u00a0; nous avons \u00e9t\u00e9 si pr\u00e8s en 2023-24 mais ce dernier boss nous a battu d&#39;un seul point et nous avons d\u00fb r\u00e9essayer ; et la saison derni\u00e8re, notre tentative a \u00e9t\u00e9 vaillante mais nous avons finalement \u00e9t\u00e9 bien battus. Maintenant, nous voil\u00e0 \u00e0 nouveau. Nous avons rat\u00e9 une occasion facile d&#39;\u00e9puiser l&#39;adversaire mal\u00e9fique, et ils ont ripost\u00e9 avec leur coup sp\u00e9cial qui nous a laiss\u00e9 sous le choc.<\/p>\n<p>C&#39;est un sentiment de fatigue cumulative, teint\u00e9 de d\u00e9sespoir, car apr\u00e8s avoir \u00e9t\u00e9 si pr\u00e8s, j&#39;en ai tellement envie. Pour moi, pour vous tous, pour les joueurs, le manager, toutes les personnes associ\u00e9es au club. Je ne veux pas que nous soyons connus comme des hommes. Dans le monde dans lequel nous vivons actuellement, tout est tellement polaris\u00e9 que nous perdons de vue que pour faire ce que nous avons fait ces derni\u00e8res ann\u00e9es, il faut \u00eatre vraiment tr\u00e8s bon. Mais si vous ne gagnez rien, vous \u00eates consid\u00e9r\u00e9 comme un \u00e9chec. Le juste milieu et les nuances ne s\u2019appliquent pas, juste le r\u00e9sultat final. Et je comprends, c\u2019est comme \u00e7a que \u00e7a marche au plus haut niveau sportif. Je comprends m\u00eame si je ne suis pas tout \u00e0 fait d&#39;accord, mais cela ne fait qu&#39;ajouter \u00e0 l&#39;\u00e9puisement.<\/p>\n<p>Quand je me suis assis pour \u00e9crire ceci, j&#39;allais expliquer comment les joueurs pourraient avoir un jour de cong\u00e9, donc je vais aussi prendre un jour de cong\u00e9 parce que j&#39;ai l&#39;impression que j&#39;en ai besoin. Et pr\u00e8s de 800 mots plus tard, j&#39;\u00e9cris toujours. Peut-\u00eatre que je suis juste un gourmand en punition, ou peut-\u00eatre que je ne sais tout simplement pas quoi faire d&#39;autre, alors le faire conna\u00eetre pourrait \u00eatre utile ou cathartique. Je vous le dirai en temps voulu.<\/p>\n<p>La derni\u00e8re chose que je dirai aujourd&#39;hui est que m\u00eame si \u2013 malgr\u00e9 tous mes efforts \u2013 je ne peux pas me d\u00e9barrasser du sentiment qu&#39;au cours des derni\u00e8res semaines, nous avons laiss\u00e9 passer une fantastique opportunit\u00e9 de garder Man City \u00e0 bout de bras, je me suis senti mieux quand j&#39;ai entendu Tim Stillman parler de ce qui reste de cette saison sur le podcast ArsenalVision. Il a compar\u00e9 cela \u00e0 des s\u00e9ries \u00e9liminatoires, ce qui, je pense, est aussi la fa\u00e7on dont je dois le voir.<\/p>\n<p>Poursuivant le th\u00e8me des analogies tortur\u00e9es, nous sommes le golfeur qui avait deux coups d&#39;avance au 18e et qui s&#39;est fray\u00e9 un chemin vers un double bogey. Maintenant, nous devons simplement effacer cette d\u00e9ception de nos esprits, abandonner les \u00ab et si \u00bb et \u00ab si seulement \u00bb et simplement sortir et jouer \u00e0 nouveau. Je ne sais pas si nous pouvons le faire, mais c&#39;est la r\u00e9alit\u00e9 de notre situation. Le football, le golf, tous les sports auxquels vous pouvez penser regorgent d&#39;histoires d&#39;\u00e9quipes et de joueurs qui semblaient avoir tout g\u00e2ch\u00e9, mais qui ont trouv\u00e9 le moyen de creuser en profondeur, de contrecarrer les probabilit\u00e9s et la sagesse dominante selon laquelle tout \u00e9tait fini, et de faire en sorte que cela se r\u00e9alise.<\/p>\n<p>Soyons-en un. Je ne veux pas jeter le contr\u00f4leur contre le mur. \u00c0 vous, Arsenal.<\/p>\n<\/div>\n","protected":false},"excerpt":{"rendered":"<p>Bonjour \u00e0 tous. Je ne sais pas si cela s&#39;est produit, mais cela ne me surprendrait pas si Mikel Arteta accordait aux joueurs quelques jours<\/p>\n","protected":false},"author":1,"featured_media":36769,"comment_status":"closed","ping_status":"","sticky":false,"template":"","format":"standard","meta":{"footnotes":""},"categories":[3],"tags":[11879,4804,71,2974],"yoast_head":"<!-- This site is optimized with the Yoast SEO plugin v21.0 - https:\/\/yoast.com\/wordpress\/plugins\/seo\/ -->\n<title>Je ne veux pas le jeter au mur<\/title>\n<meta name=\"robots\" content=\"index, follow, max-snippet:-1, max-image-preview:large, max-video-preview:-1\" \/>\n<link rel=\"canonical\" href=\"https:\/\/footdavant.fr\/actualites\/je-ne-veux-pas-le-jeter-au-mur\/\" \/>\n<meta property=\"og:locale\" content=\"fr_FR\" \/>\n<meta property=\"og:type\" content=\"article\" \/>\n<meta property=\"og:title\" content=\"Je ne veux pas le jeter au mur\" \/>\n<meta property=\"og:description\" content=\"Bonjour \u00e0 tous. Je ne sais pas si cela s&#039;est produit, mais cela ne me surprendrait pas si Mikel Arteta accordait aux joueurs quelques jours\" \/>\n<meta property=\"og:url\" content=\"https:\/\/footdavant.fr\/actualites\/je-ne-veux-pas-le-jeter-au-mur\/\" \/>\n<meta property=\"og:site_name\" content=\"Foot d&#039;avant\" \/>\n<meta property=\"article:publisher\" content=\"https:\/\/www.facebook.com\/Footdavant\/\" \/>\n<meta property=\"article:published_time\" content=\"2026-04-24T02:48:14+00:00\" \/>\n<meta property=\"article:modified_time\" content=\"2026-04-24T02:48:16+00:00\" \/>\n<meta property=\"og:image\" content=\"https:\/\/footdavant.fr\/actualites\/wp-content\/uploads\/2026\/04\/Je-ne-veux-pas-le-jeter-au-mur.jpg\" \/>\n\t<meta property=\"og:image:width\" content=\"1500\" \/>\n\t<meta property=\"og:image:height\" content=\"750\" \/>\n\t<meta property=\"og:image:type\" content=\"image\/jpeg\" \/>\n<meta name=\"author\" content=\"Cl\u00e9ment\" \/>\n<meta name=\"twitter:card\" content=\"summary_large_image\" \/>\n<meta name=\"twitter:creator\" content=\"@FootdavantFr\" \/>\n<meta name=\"twitter:site\" content=\"@FootdavantFr\" \/>\n<meta name=\"twitter:label1\" content=\"\u00c9crit par\" \/>\n\t<meta name=\"twitter:data1\" content=\"Cl\u00e9ment\" \/>\n\t<meta name=\"twitter:label2\" content=\"Dur\u00e9e de lecture estim\u00e9e\" \/>\n\t<meta name=\"twitter:data2\" content=\"6 minutes\" \/>\n<script type=\"application\/ld+json\" class=\"yoast-schema-graph\">{\"@context\":\"https:\/\/schema.org\",\"@graph\":[{\"@type\":\"Article\",\"@id\":\"https:\/\/footdavant.fr\/actualites\/je-ne-veux-pas-le-jeter-au-mur\/#article\",\"isPartOf\":{\"@id\":\"https:\/\/footdavant.fr\/actualites\/je-ne-veux-pas-le-jeter-au-mur\/\"},\"author\":{\"name\":\"Cl\u00e9ment\",\"@id\":\"https:\/\/footdavant.fr\/actualites\/#\/schema\/person\/bc222566d95871b37e597b3ed3ba5e1d\"},\"headline\":\"Je ne veux pas le jeter au mur\",\"datePublished\":\"2026-04-24T02:48:14+00:00\",\"dateModified\":\"2026-04-24T02:48:16+00:00\",\"mainEntityOfPage\":{\"@id\":\"https:\/\/footdavant.fr\/actualites\/je-ne-veux-pas-le-jeter-au-mur\/\"},\"wordCount\":1223,\"publisher\":{\"@id\":\"https:\/\/footdavant.fr\/actualites\/#organization\"},\"keywords\":[\"jeter\",\"mur\",\"pas\",\"veux\"],\"articleSection\":[\"Football\"],\"inLanguage\":\"fr-FR\"},{\"@type\":\"WebPage\",\"@id\":\"https:\/\/footdavant.fr\/actualites\/je-ne-veux-pas-le-jeter-au-mur\/\",\"url\":\"https:\/\/footdavant.fr\/actualites\/je-ne-veux-pas-le-jeter-au-mur\/\",\"name\":\"Je ne veux pas le jeter au mur\",\"isPartOf\":{\"@id\":\"https:\/\/footdavant.fr\/actualites\/#website\"},\"datePublished\":\"2026-04-24T02:48:14+00:00\",\"dateModified\":\"2026-04-24T02:48:16+00:00\",\"breadcrumb\":{\"@id\":\"https:\/\/footdavant.fr\/actualites\/je-ne-veux-pas-le-jeter-au-mur\/#breadcrumb\"},\"inLanguage\":\"fr-FR\",\"potentialAction\":[{\"@type\":\"ReadAction\",\"target\":[\"https:\/\/footdavant.fr\/actualites\/je-ne-veux-pas-le-jeter-au-mur\/\"]}]},{\"@type\":\"BreadcrumbList\",\"@id\":\"https:\/\/footdavant.fr\/actualites\/je-ne-veux-pas-le-jeter-au-mur\/#breadcrumb\",\"itemListElement\":[{\"@type\":\"ListItem\",\"position\":1,\"name\":\"Accueil\",\"item\":\"https:\/\/footdavant.fr\/actualites\/\"},{\"@type\":\"ListItem\",\"position\":2,\"name\":\"Je ne veux pas le jeter au mur\"}]},{\"@type\":\"WebSite\",\"@id\":\"https:\/\/footdavant.fr\/actualites\/#website\",\"url\":\"https:\/\/footdavant.fr\/actualites\/\",\"name\":\"Foot d'avant\",\"description\":\"\",\"publisher\":{\"@id\":\"https:\/\/footdavant.fr\/actualites\/#organization\"},\"potentialAction\":[{\"@type\":\"SearchAction\",\"target\":{\"@type\":\"EntryPoint\",\"urlTemplate\":\"https:\/\/footdavant.fr\/actualites\/?s={search_term_string}\"},\"query-input\":\"required name=search_term_string\"}],\"inLanguage\":\"fr-FR\"},{\"@type\":\"Organization\",\"@id\":\"https:\/\/footdavant.fr\/actualites\/#organization\",\"name\":\"Foot d'avant\",\"url\":\"https:\/\/footdavant.fr\/actualites\/\",\"logo\":{\"@type\":\"ImageObject\",\"inLanguage\":\"fr-FR\",\"@id\":\"https:\/\/footdavant.fr\/actualites\/#\/schema\/logo\/image\/\",\"url\":\"https:\/\/footdavant.fr\/actualites\/wp-content\/uploads\/2023\/09\/Copy-of-FootDavant-Logo.png\",\"contentUrl\":\"https:\/\/footdavant.fr\/actualites\/wp-content\/uploads\/2023\/09\/Copy-of-FootDavant-Logo.png\",\"width\":936,\"height\":549,\"caption\":\"Foot d'avant\"},\"image\":{\"@id\":\"https:\/\/footdavant.fr\/actualites\/#\/schema\/logo\/image\/\"},\"sameAs\":[\"https:\/\/www.facebook.com\/Footdavant\/\",\"https:\/\/twitter.com\/FootdavantFr\",\"https:\/\/www.instagram.com\/footdavant.fr\/\"]},{\"@type\":\"Person\",\"@id\":\"https:\/\/footdavant.fr\/actualites\/#\/schema\/person\/bc222566d95871b37e597b3ed3ba5e1d\",\"name\":\"Cl\u00e9ment\",\"image\":{\"@type\":\"ImageObject\",\"inLanguage\":\"fr-FR\",\"@id\":\"https:\/\/footdavant.fr\/actualites\/#\/schema\/person\/image\/\",\"url\":\"https:\/\/secure.gravatar.com\/avatar\/7728b29aac2719421e1a9159b2254c44?s=96&d=mm&r=g\",\"contentUrl\":\"https:\/\/secure.gravatar.com\/avatar\/7728b29aac2719421e1a9159b2254c44?s=96&d=mm&r=g\",\"caption\":\"Cl\u00e9ment\"},\"sameAs\":[\"https:\/\/footdavant.fr\/\"]}]}<\/script>\n<!-- \/ Yoast SEO plugin. -->","yoast_head_json":{"title":"Je ne veux pas le jeter au mur","robots":{"index":"index","follow":"follow","max-snippet":"max-snippet:-1","max-image-preview":"max-image-preview:large","max-video-preview":"max-video-preview:-1"},"canonical":"https:\/\/footdavant.fr\/actualites\/je-ne-veux-pas-le-jeter-au-mur\/","og_locale":"fr_FR","og_type":"article","og_title":"Je ne veux pas le jeter au mur","og_description":"Bonjour \u00e0 tous. Je ne sais pas si cela s&#39;est produit, mais cela ne me surprendrait pas si Mikel Arteta accordait aux joueurs quelques jours","og_url":"https:\/\/footdavant.fr\/actualites\/je-ne-veux-pas-le-jeter-au-mur\/","og_site_name":"Foot d&#039;avant","article_publisher":"https:\/\/www.facebook.com\/Footdavant\/","article_published_time":"2026-04-24T02:48:14+00:00","article_modified_time":"2026-04-24T02:48:16+00:00","og_image":[{"width":1500,"height":750,"url":"https:\/\/footdavant.fr\/actualites\/wp-content\/uploads\/2026\/04\/Je-ne-veux-pas-le-jeter-au-mur.jpg","type":"image\/jpeg"}],"author":"Cl\u00e9ment","twitter_card":"summary_large_image","twitter_creator":"@FootdavantFr","twitter_site":"@FootdavantFr","twitter_misc":{"\u00c9crit par":"Cl\u00e9ment","Dur\u00e9e de lecture estim\u00e9e":"6 minutes"},"schema":{"@context":"https:\/\/schema.org","@graph":[{"@type":"Article","@id":"https:\/\/footdavant.fr\/actualites\/je-ne-veux-pas-le-jeter-au-mur\/#article","isPartOf":{"@id":"https:\/\/footdavant.fr\/actualites\/je-ne-veux-pas-le-jeter-au-mur\/"},"author":{"name":"Cl\u00e9ment","@id":"https:\/\/footdavant.fr\/actualites\/#\/schema\/person\/bc222566d95871b37e597b3ed3ba5e1d"},"headline":"Je ne veux pas le jeter au mur","datePublished":"2026-04-24T02:48:14+00:00","dateModified":"2026-04-24T02:48:16+00:00","mainEntityOfPage":{"@id":"https:\/\/footdavant.fr\/actualites\/je-ne-veux-pas-le-jeter-au-mur\/"},"wordCount":1223,"publisher":{"@id":"https:\/\/footdavant.fr\/actualites\/#organization"},"keywords":["jeter","mur","pas","veux"],"articleSection":["Football"],"inLanguage":"fr-FR"},{"@type":"WebPage","@id":"https:\/\/footdavant.fr\/actualites\/je-ne-veux-pas-le-jeter-au-mur\/","url":"https:\/\/footdavant.fr\/actualites\/je-ne-veux-pas-le-jeter-au-mur\/","name":"Je ne veux pas le jeter au mur","isPartOf":{"@id":"https:\/\/footdavant.fr\/actualites\/#website"},"datePublished":"2026-04-24T02:48:14+00:00","dateModified":"2026-04-24T02:48:16+00:00","breadcrumb":{"@id":"https:\/\/footdavant.fr\/actualites\/je-ne-veux-pas-le-jeter-au-mur\/#breadcrumb"},"inLanguage":"fr-FR","potentialAction":[{"@type":"ReadAction","target":["https:\/\/footdavant.fr\/actualites\/je-ne-veux-pas-le-jeter-au-mur\/"]}]},{"@type":"BreadcrumbList","@id":"https:\/\/footdavant.fr\/actualites\/je-ne-veux-pas-le-jeter-au-mur\/#breadcrumb","itemListElement":[{"@type":"ListItem","position":1,"name":"Accueil","item":"https:\/\/footdavant.fr\/actualites\/"},{"@type":"ListItem","position":2,"name":"Je ne veux pas le jeter au mur"}]},{"@type":"WebSite","@id":"https:\/\/footdavant.fr\/actualites\/#website","url":"https:\/\/footdavant.fr\/actualites\/","name":"Foot d'avant","description":"","publisher":{"@id":"https:\/\/footdavant.fr\/actualites\/#organization"},"potentialAction":[{"@type":"SearchAction","target":{"@type":"EntryPoint","urlTemplate":"https:\/\/footdavant.fr\/actualites\/?s={search_term_string}"},"query-input":"required name=search_term_string"}],"inLanguage":"fr-FR"},{"@type":"Organization","@id":"https:\/\/footdavant.fr\/actualites\/#organization","name":"Foot d'avant","url":"https:\/\/footdavant.fr\/actualites\/","logo":{"@type":"ImageObject","inLanguage":"fr-FR","@id":"https:\/\/footdavant.fr\/actualites\/#\/schema\/logo\/image\/","url":"https:\/\/footdavant.fr\/actualites\/wp-content\/uploads\/2023\/09\/Copy-of-FootDavant-Logo.png","contentUrl":"https:\/\/footdavant.fr\/actualites\/wp-content\/uploads\/2023\/09\/Copy-of-FootDavant-Logo.png","width":936,"height":549,"caption":"Foot d'avant"},"image":{"@id":"https:\/\/footdavant.fr\/actualites\/#\/schema\/logo\/image\/"},"sameAs":["https:\/\/www.facebook.com\/Footdavant\/","https:\/\/twitter.com\/FootdavantFr","https:\/\/www.instagram.com\/footdavant.fr\/"]},{"@type":"Person","@id":"https:\/\/footdavant.fr\/actualites\/#\/schema\/person\/bc222566d95871b37e597b3ed3ba5e1d","name":"Cl\u00e9ment","image":{"@type":"ImageObject","inLanguage":"fr-FR","@id":"https:\/\/footdavant.fr\/actualites\/#\/schema\/person\/image\/","url":"https:\/\/secure.gravatar.com\/avatar\/7728b29aac2719421e1a9159b2254c44?s=96&d=mm&r=g","contentUrl":"https:\/\/secure.gravatar.com\/avatar\/7728b29aac2719421e1a9159b2254c44?s=96&d=mm&r=g","caption":"Cl\u00e9ment"},"sameAs":["https:\/\/footdavant.fr\/"]}]}},"_links":{"self":[{"href":"https:\/\/footdavant.fr\/actualites\/wp-json\/wp\/v2\/posts\/36768"}],"collection":[{"href":"https:\/\/footdavant.fr\/actualites\/wp-json\/wp\/v2\/posts"}],"about":[{"href":"https:\/\/footdavant.fr\/actualites\/wp-json\/wp\/v2\/types\/post"}],"author":[{"embeddable":true,"href":"https:\/\/footdavant.fr\/actualites\/wp-json\/wp\/v2\/users\/1"}],"replies":[{"embeddable":true,"href":"https:\/\/footdavant.fr\/actualites\/wp-json\/wp\/v2\/comments?post=36768"}],"version-history":[{"count":1,"href":"https:\/\/footdavant.fr\/actualites\/wp-json\/wp\/v2\/posts\/36768\/revisions"}],"predecessor-version":[{"id":36770,"href":"https:\/\/footdavant.fr\/actualites\/wp-json\/wp\/v2\/posts\/36768\/revisions\/36770"}],"wp:featuredmedia":[{"embeddable":true,"href":"https:\/\/footdavant.fr\/actualites\/wp-json\/wp\/v2\/media\/36769"}],"wp:attachment":[{"href":"https:\/\/footdavant.fr\/actualites\/wp-json\/wp\/v2\/media?parent=36768"}],"wp:term":[{"taxonomy":"category","embeddable":true,"href":"https:\/\/footdavant.fr\/actualites\/wp-json\/wp\/v2\/categories?post=36768"},{"taxonomy":"post_tag","embeddable":true,"href":"https:\/\/footdavant.fr\/actualites\/wp-json\/wp\/v2\/tags?post=36768"}],"curies":[{"name":"wp","href":"https:\/\/api.w.org\/{rel}","templated":true}]}}