{"id":36777,"date":"2026-04-24T10:48:17","date_gmt":"2026-04-24T08:48:17","guid":{"rendered":"https:\/\/footdavant.fr\/actualites\/manchester-city-envisage-de-faire-une-offre-estivale-pour-le-milieu-de-terrain-instable-de-chelsea\/"},"modified":"2026-04-24T10:48:19","modified_gmt":"2026-04-24T08:48:19","slug":"manchester-city-envisage-de-faire-une-offre-estivale-pour-le-milieu-de-terrain-instable-de-chelsea","status":"publish","type":"post","link":"https:\/\/footdavant.fr\/actualites\/manchester-city-envisage-de-faire-une-offre-estivale-pour-le-milieu-de-terrain-instable-de-chelsea\/","title":{"rendered":"Manchester City \u00ab envisage \u00bb de faire une offre estivale pour le milieu de terrain instable de Chelsea"},"content":{"rendered":"<div itemprop=\"articleBody\">\n<p><meta charset=\"UTF-8\"\/>Manchester City envisagerait une d\u00e9cision pour Enzo Fernandez avant le mercato d\u2019\u00e9t\u00e9 alors qu\u2019il cherche \u00e0 renforcer ses options de milieu de terrain.<\/p>\n<p><meta charset=\"UTF-8\"\/>L&#39;international argentin a rejoint Chelsea pour un montant de 106 millions de livres sterling en 2023 et a depuis fait 163 apparitions pour le club de l&#39;ouest de Londres, s&#39;imposant comme une figure cl\u00e9 du milieu de terrain.<\/p>\n<p><meta charset=\"UTF-8\"\/>Fernandez a \u00e9galement \u00e9t\u00e9 sous le feu des projecteurs r\u00e9cemment apr\u00e8s avoir sugg\u00e9r\u00e9 qu&#39;il pourrait \u00eatre dispos\u00e9 \u00e0 rejoindre le Real Madrid \u00e0 l&#39;avenir pendant la tr\u00eave internationale, ce qui a aliment\u00e9 les sp\u00e9culations sur son avenir \u00e0 long terme.<\/p>\n<p>Le joueur de 25 ans s&#39;est vu imposer une suspension de deux matches par Chelsea \u00e0 la suite de l&#39;incident, bien que le joueur et ses repr\u00e9sentants aient depuis pr\u00e9sent\u00e9 leurs excuses.<\/p>\n<h2>Man City envisage-t-il une d\u00e9cision pour Enzo Fernandez ? <\/h2>\n<div>\n<div>\n<p>\u00a9 Imago \/ Chaque deuxi\u00e8me m\u00e9dia<\/p>\n<\/div>\n<\/div>\n<p>Selon <em>L&#39;Athl\u00e9tisme<\/em>les Citizens explorent la possibilit\u00e9 de signer Fernandez malgr\u00e9 ce qui a \u00e9t\u00e9 d\u00e9crit comme une campagne mouvement\u00e9e, au cours de laquelle il a quand m\u00eame r\u00e9ussi \u00e0 marquer 12 buts toutes comp\u00e9titions confondues.<\/p>\n<p data-end=\"1229\" data-start=\"1075\">L&#39;\u00e9quipe de Pep Guardiola souhaite se renforcer au milieu de terrain et envisage une offre potentielle, m\u00eame si Fernandez n&#39;est pas le seul nom sur sa liste restreinte.<\/p>\n<p data-end=\"1470\" data-start=\"1231\">City a d\u00e9j\u00e0 confirm\u00e9 que Bernardo Silva quitterait le club \u00e0 l&#39;expiration de son contrat, tandis que l&#39;incertitude entoure \u00e9galement Rodri, qui est li\u00e9 \u00e0 un transfert au Real Madrid.<\/p>\n<p data-end=\"1662\" data-start=\"1472\">On pense que l\u2019int\u00e9r\u00eat pour Fernandez en est \u00e0 ses d\u00e9buts, City \u00e9tant \u00e9galement cens\u00e9 mener la course pour Elliot Anderson de Nottingham Forest.<\/p>\n<h2>Chelsea pourrait profiter d&#39;Enzo Fernandez <\/h2>\n<div>\n<div><img decoding=\"async\" data-img-id=\"158681\" class=\"lazy\" loading=\"lazy\" src=\"https:\/\/footdavant.fr\/actualites\/wp-content\/uploads\/2026\/04\/1777020497_484_Manchester-City-envisage-de-faire-une-offre-estivale.webp\"\/><\/p>\n<p>\u00a9 Iconsport \/ SPI<\/p>\n<\/div>\n<\/div>\n<p data-end=\"1882\" data-start=\"1709\">Les Bleus pourraient \u00eatre dispos\u00e9s \u00e0 vendre Fernandez, en particulier s&#39;ils ne parviennent pas \u00e0 se qualifier pour la Ligue des champions la saison prochaine, ce qui pourrait inciter le joueur \u00e0 r\u00e9fl\u00e9chir \u00e0 ses options.<\/p>\n<p data-end=\"2031\" data-start=\"1884\">On a \u00e9galement le sentiment de plus en plus que le milieu de terrain pourrait \u00eatre instable \u00e0 Stamford Bridge, augmentant ainsi la probabilit\u00e9 d&#39;un \u00e9ventuel d\u00e9part estival.<\/p>\n<p data-end=\"2176\" data-start=\"2033\">Cependant, Fernandez reste sous contrat jusqu&#39;en 2032, pla\u00e7ant Chelsea dans une position de n\u00e9gociation solide s&#39;ils d\u00e9cident d&#39;approuver une vente.<\/p>\n<p data-end=\"2339\" data-is-last-node=\"\" data-is-only-node=\"\" data-start=\"2178\">En cons\u00e9quence, tout club int\u00e9ress\u00e9, y compris Manchester City, devra probablement \u00e9galer ou se rapprocher des frais initialement pay\u00e9s par Chelsea pour obtenir sa signature.<\/p>\n<\/div>\n","protected":false},"excerpt":{"rendered":"<p>Manchester City envisagerait une d\u00e9cision pour Enzo Fernandez avant le mercato d\u2019\u00e9t\u00e9 alors qu\u2019il cherche \u00e0 renforcer ses options de milieu de terrain. L&#39;international argentin<\/p>\n","protected":false},"author":1,"featured_media":36778,"comment_status":"closed","ping_status":"","sticky":false,"template":"","format":"standard","meta":{"footnotes":""},"categories":[5],"tags":[171,27,496,2908,1423,7684,11,441,352,51,442,92],"yoast_head":"<!-- This site is optimized with the Yoast SEO plugin v21.0 - https:\/\/yoast.com\/wordpress\/plugins\/seo\/ -->\n<title>Manchester City \u00ab envisage \u00bb de faire une offre estivale pour le milieu de terrain instable de Chelsea<\/title>\n<meta name=\"robots\" content=\"index, follow, max-snippet:-1, max-image-preview:large, max-video-preview:-1\" \/>\n<link rel=\"canonical\" href=\"https:\/\/footdavant.fr\/actualites\/manchester-city-envisage-de-faire-une-offre-estivale-pour-le-milieu-de-terrain-instable-de-chelsea\/\" \/>\n<meta property=\"og:locale\" content=\"fr_FR\" \/>\n<meta property=\"og:type\" content=\"article\" \/>\n<meta property=\"og:title\" content=\"Manchester City \u00ab envisage \u00bb de faire une offre estivale pour le milieu de terrain instable de Chelsea\" \/>\n<meta property=\"og:description\" content=\"Manchester City envisagerait une d\u00e9cision pour Enzo Fernandez avant le mercato d\u2019\u00e9t\u00e9 alors qu\u2019il cherche \u00e0 renforcer ses options de milieu de terrain. L&#039;international argentin\" \/>\n<meta property=\"og:url\" content=\"https:\/\/footdavant.fr\/actualites\/manchester-city-envisage-de-faire-une-offre-estivale-pour-le-milieu-de-terrain-instable-de-chelsea\/\" \/>\n<meta property=\"og:site_name\" content=\"Foot d&#039;avant\" \/>\n<meta property=\"article:publisher\" content=\"https:\/\/www.facebook.com\/Footdavant\/\" \/>\n<meta property=\"article:published_time\" content=\"2026-04-24T08:48:17+00:00\" \/>\n<meta property=\"article:modified_time\" content=\"2026-04-24T08:48:19+00:00\" \/>\n<meta property=\"og:image\" content=\"https:\/\/footdavant.fr\/actualites\/wp-content\/uploads\/2026\/04\/Manchester-City-envisage-de-faire-une-offre-estivale.net2Fuploads2F20262F032Fsm-azzuu-pep-gua.webp\" \/>\n\t<meta property=\"og:image:width\" content=\"720\" \/>\n\t<meta property=\"og:image:height\" content=\"410\" \/>\n\t<meta property=\"og:image:type\" content=\"image\/webp\" \/>\n<meta name=\"author\" content=\"Cl\u00e9ment\" \/>\n<meta name=\"twitter:card\" content=\"summary_large_image\" \/>\n<meta name=\"twitter:creator\" content=\"@FootdavantFr\" \/>\n<meta name=\"twitter:site\" content=\"@FootdavantFr\" \/>\n<meta name=\"twitter:label1\" content=\"\u00c9crit par\" \/>\n\t<meta name=\"twitter:data1\" content=\"Cl\u00e9ment\" \/>\n\t<meta name=\"twitter:label2\" content=\"Dur\u00e9e de lecture estim\u00e9e\" \/>\n\t<meta name=\"twitter:data2\" content=\"2 minutes\" \/>\n<script type=\"application\/ld+json\" class=\"yoast-schema-graph\">{\"@context\":\"https:\/\/schema.org\",\"@graph\":[{\"@type\":\"Article\",\"@id\":\"https:\/\/footdavant.fr\/actualites\/manchester-city-envisage-de-faire-une-offre-estivale-pour-le-milieu-de-terrain-instable-de-chelsea\/#article\",\"isPartOf\":{\"@id\":\"https:\/\/footdavant.fr\/actualites\/manchester-city-envisage-de-faire-une-offre-estivale-pour-le-milieu-de-terrain-instable-de-chelsea\/\"},\"author\":{\"name\":\"Cl\u00e9ment\",\"@id\":\"https:\/\/footdavant.fr\/actualites\/#\/schema\/person\/bc222566d95871b37e597b3ed3ba5e1d\"},\"headline\":\"Manchester City \u00ab envisage \u00bb de faire une offre estivale pour le milieu de terrain instable de Chelsea\",\"datePublished\":\"2026-04-24T08:48:17+00:00\",\"dateModified\":\"2026-04-24T08:48:19+00:00\",\"mainEntityOfPage\":{\"@id\":\"https:\/\/footdavant.fr\/actualites\/manchester-city-envisage-de-faire-une-offre-estivale-pour-le-milieu-de-terrain-instable-de-chelsea\/\"},\"wordCount\":427,\"publisher\":{\"@id\":\"https:\/\/footdavant.fr\/actualites\/#organization\"},\"keywords\":[\"Chelsea\",\"City\",\"envisage\",\"estivale\",\"faire\",\"instable\",\"Manchester\",\"milieu\",\"offre\",\"pour\",\"terrain\",\"une\"],\"articleSection\":[\"Premier League\"],\"inLanguage\":\"fr-FR\"},{\"@type\":\"WebPage\",\"@id\":\"https:\/\/footdavant.fr\/actualites\/manchester-city-envisage-de-faire-une-offre-estivale-pour-le-milieu-de-terrain-instable-de-chelsea\/\",\"url\":\"https:\/\/footdavant.fr\/actualites\/manchester-city-envisage-de-faire-une-offre-estivale-pour-le-milieu-de-terrain-instable-de-chelsea\/\",\"name\":\"Manchester City \u00ab envisage \u00bb de faire une offre estivale pour le milieu de terrain instable de Chelsea\",\"isPartOf\":{\"@id\":\"https:\/\/footdavant.fr\/actualites\/#website\"},\"datePublished\":\"2026-04-24T08:48:17+00:00\",\"dateModified\":\"2026-04-24T08:48:19+00:00\",\"breadcrumb\":{\"@id\":\"https:\/\/footdavant.fr\/actualites\/manchester-city-envisage-de-faire-une-offre-estivale-pour-le-milieu-de-terrain-instable-de-chelsea\/#breadcrumb\"},\"inLanguage\":\"fr-FR\",\"potentialAction\":[{\"@type\":\"ReadAction\",\"target\":[\"https:\/\/footdavant.fr\/actualites\/manchester-city-envisage-de-faire-une-offre-estivale-pour-le-milieu-de-terrain-instable-de-chelsea\/\"]}]},{\"@type\":\"BreadcrumbList\",\"@id\":\"https:\/\/footdavant.fr\/actualites\/manchester-city-envisage-de-faire-une-offre-estivale-pour-le-milieu-de-terrain-instable-de-chelsea\/#breadcrumb\",\"itemListElement\":[{\"@type\":\"ListItem\",\"position\":1,\"name\":\"Accueil\",\"item\":\"https:\/\/footdavant.fr\/actualites\/\"},{\"@type\":\"ListItem\",\"position\":2,\"name\":\"Manchester City \u00ab envisage \u00bb de faire une offre estivale pour le milieu de terrain instable de Chelsea\"}]},{\"@type\":\"WebSite\",\"@id\":\"https:\/\/footdavant.fr\/actualites\/#website\",\"url\":\"https:\/\/footdavant.fr\/actualites\/\",\"name\":\"Foot d'avant\",\"description\":\"\",\"publisher\":{\"@id\":\"https:\/\/footdavant.fr\/actualites\/#organization\"},\"potentialAction\":[{\"@type\":\"SearchAction\",\"target\":{\"@type\":\"EntryPoint\",\"urlTemplate\":\"https:\/\/footdavant.fr\/actualites\/?s={search_term_string}\"},\"query-input\":\"required name=search_term_string\"}],\"inLanguage\":\"fr-FR\"},{\"@type\":\"Organization\",\"@id\":\"https:\/\/footdavant.fr\/actualites\/#organization\",\"name\":\"Foot d'avant\",\"url\":\"https:\/\/footdavant.fr\/actualites\/\",\"logo\":{\"@type\":\"ImageObject\",\"inLanguage\":\"fr-FR\",\"@id\":\"https:\/\/footdavant.fr\/actualites\/#\/schema\/logo\/image\/\",\"url\":\"https:\/\/footdavant.fr\/actualites\/wp-content\/uploads\/2023\/09\/Copy-of-FootDavant-Logo.png\",\"contentUrl\":\"https:\/\/footdavant.fr\/actualites\/wp-content\/uploads\/2023\/09\/Copy-of-FootDavant-Logo.png\",\"width\":936,\"height\":549,\"caption\":\"Foot d'avant\"},\"image\":{\"@id\":\"https:\/\/footdavant.fr\/actualites\/#\/schema\/logo\/image\/\"},\"sameAs\":[\"https:\/\/www.facebook.com\/Footdavant\/\",\"https:\/\/twitter.com\/FootdavantFr\",\"https:\/\/www.instagram.com\/footdavant.fr\/\"]},{\"@type\":\"Person\",\"@id\":\"https:\/\/footdavant.fr\/actualites\/#\/schema\/person\/bc222566d95871b37e597b3ed3ba5e1d\",\"name\":\"Cl\u00e9ment\",\"image\":{\"@type\":\"ImageObject\",\"inLanguage\":\"fr-FR\",\"@id\":\"https:\/\/footdavant.fr\/actualites\/#\/schema\/person\/image\/\",\"url\":\"https:\/\/secure.gravatar.com\/avatar\/7728b29aac2719421e1a9159b2254c44?s=96&d=mm&r=g\",\"contentUrl\":\"https:\/\/secure.gravatar.com\/avatar\/7728b29aac2719421e1a9159b2254c44?s=96&d=mm&r=g\",\"caption\":\"Cl\u00e9ment\"},\"sameAs\":[\"https:\/\/footdavant.fr\/\"]}]}<\/script>\n<!-- \/ Yoast SEO plugin. -->","yoast_head_json":{"title":"Manchester City \u00ab envisage \u00bb de faire une offre estivale pour le milieu de terrain instable de Chelsea","robots":{"index":"index","follow":"follow","max-snippet":"max-snippet:-1","max-image-preview":"max-image-preview:large","max-video-preview":"max-video-preview:-1"},"canonical":"https:\/\/footdavant.fr\/actualites\/manchester-city-envisage-de-faire-une-offre-estivale-pour-le-milieu-de-terrain-instable-de-chelsea\/","og_locale":"fr_FR","og_type":"article","og_title":"Manchester City \u00ab envisage \u00bb de faire une offre estivale pour le milieu de terrain instable de Chelsea","og_description":"Manchester City envisagerait une d\u00e9cision pour Enzo Fernandez avant le mercato d\u2019\u00e9t\u00e9 alors qu\u2019il cherche \u00e0 renforcer ses options de milieu de terrain. L&#39;international argentin","og_url":"https:\/\/footdavant.fr\/actualites\/manchester-city-envisage-de-faire-une-offre-estivale-pour-le-milieu-de-terrain-instable-de-chelsea\/","og_site_name":"Foot d&#039;avant","article_publisher":"https:\/\/www.facebook.com\/Footdavant\/","article_published_time":"2026-04-24T08:48:17+00:00","article_modified_time":"2026-04-24T08:48:19+00:00","og_image":[{"width":720,"height":410,"url":"https:\/\/footdavant.fr\/actualites\/wp-content\/uploads\/2026\/04\/Manchester-City-envisage-de-faire-une-offre-estivale.net2Fuploads2F20262F032Fsm-azzuu-pep-gua.webp","type":"image\/webp"}],"author":"Cl\u00e9ment","twitter_card":"summary_large_image","twitter_creator":"@FootdavantFr","twitter_site":"@FootdavantFr","twitter_misc":{"\u00c9crit par":"Cl\u00e9ment","Dur\u00e9e de lecture estim\u00e9e":"2 minutes"},"schema":{"@context":"https:\/\/schema.org","@graph":[{"@type":"Article","@id":"https:\/\/footdavant.fr\/actualites\/manchester-city-envisage-de-faire-une-offre-estivale-pour-le-milieu-de-terrain-instable-de-chelsea\/#article","isPartOf":{"@id":"https:\/\/footdavant.fr\/actualites\/manchester-city-envisage-de-faire-une-offre-estivale-pour-le-milieu-de-terrain-instable-de-chelsea\/"},"author":{"name":"Cl\u00e9ment","@id":"https:\/\/footdavant.fr\/actualites\/#\/schema\/person\/bc222566d95871b37e597b3ed3ba5e1d"},"headline":"Manchester City \u00ab envisage \u00bb de faire une offre estivale pour le milieu de terrain instable de Chelsea","datePublished":"2026-04-24T08:48:17+00:00","dateModified":"2026-04-24T08:48:19+00:00","mainEntityOfPage":{"@id":"https:\/\/footdavant.fr\/actualites\/manchester-city-envisage-de-faire-une-offre-estivale-pour-le-milieu-de-terrain-instable-de-chelsea\/"},"wordCount":427,"publisher":{"@id":"https:\/\/footdavant.fr\/actualites\/#organization"},"keywords":["Chelsea","City","envisage","estivale","faire","instable","Manchester","milieu","offre","pour","terrain","une"],"articleSection":["Premier League"],"inLanguage":"fr-FR"},{"@type":"WebPage","@id":"https:\/\/footdavant.fr\/actualites\/manchester-city-envisage-de-faire-une-offre-estivale-pour-le-milieu-de-terrain-instable-de-chelsea\/","url":"https:\/\/footdavant.fr\/actualites\/manchester-city-envisage-de-faire-une-offre-estivale-pour-le-milieu-de-terrain-instable-de-chelsea\/","name":"Manchester City \u00ab envisage \u00bb de faire une offre estivale pour le milieu de terrain instable de Chelsea","isPartOf":{"@id":"https:\/\/footdavant.fr\/actualites\/#website"},"datePublished":"2026-04-24T08:48:17+00:00","dateModified":"2026-04-24T08:48:19+00:00","breadcrumb":{"@id":"https:\/\/footdavant.fr\/actualites\/manchester-city-envisage-de-faire-une-offre-estivale-pour-le-milieu-de-terrain-instable-de-chelsea\/#breadcrumb"},"inLanguage":"fr-FR","potentialAction":[{"@type":"ReadAction","target":["https:\/\/footdavant.fr\/actualites\/manchester-city-envisage-de-faire-une-offre-estivale-pour-le-milieu-de-terrain-instable-de-chelsea\/"]}]},{"@type":"BreadcrumbList","@id":"https:\/\/footdavant.fr\/actualites\/manchester-city-envisage-de-faire-une-offre-estivale-pour-le-milieu-de-terrain-instable-de-chelsea\/#breadcrumb","itemListElement":[{"@type":"ListItem","position":1,"name":"Accueil","item":"https:\/\/footdavant.fr\/actualites\/"},{"@type":"ListItem","position":2,"name":"Manchester City \u00ab envisage \u00bb de faire une offre estivale pour le milieu de terrain instable de Chelsea"}]},{"@type":"WebSite","@id":"https:\/\/footdavant.fr\/actualites\/#website","url":"https:\/\/footdavant.fr\/actualites\/","name":"Foot d'avant","description":"","publisher":{"@id":"https:\/\/footdavant.fr\/actualites\/#organization"},"potentialAction":[{"@type":"SearchAction","target":{"@type":"EntryPoint","urlTemplate":"https:\/\/footdavant.fr\/actualites\/?s={search_term_string}"},"query-input":"required name=search_term_string"}],"inLanguage":"fr-FR"},{"@type":"Organization","@id":"https:\/\/footdavant.fr\/actualites\/#organization","name":"Foot d'avant","url":"https:\/\/footdavant.fr\/actualites\/","logo":{"@type":"ImageObject","inLanguage":"fr-FR","@id":"https:\/\/footdavant.fr\/actualites\/#\/schema\/logo\/image\/","url":"https:\/\/footdavant.fr\/actualites\/wp-content\/uploads\/2023\/09\/Copy-of-FootDavant-Logo.png","contentUrl":"https:\/\/footdavant.fr\/actualites\/wp-content\/uploads\/2023\/09\/Copy-of-FootDavant-Logo.png","width":936,"height":549,"caption":"Foot d'avant"},"image":{"@id":"https:\/\/footdavant.fr\/actualites\/#\/schema\/logo\/image\/"},"sameAs":["https:\/\/www.facebook.com\/Footdavant\/","https:\/\/twitter.com\/FootdavantFr","https:\/\/www.instagram.com\/footdavant.fr\/"]},{"@type":"Person","@id":"https:\/\/footdavant.fr\/actualites\/#\/schema\/person\/bc222566d95871b37e597b3ed3ba5e1d","name":"Cl\u00e9ment","image":{"@type":"ImageObject","inLanguage":"fr-FR","@id":"https:\/\/footdavant.fr\/actualites\/#\/schema\/person\/image\/","url":"https:\/\/secure.gravatar.com\/avatar\/7728b29aac2719421e1a9159b2254c44?s=96&d=mm&r=g","contentUrl":"https:\/\/secure.gravatar.com\/avatar\/7728b29aac2719421e1a9159b2254c44?s=96&d=mm&r=g","caption":"Cl\u00e9ment"},"sameAs":["https:\/\/footdavant.fr\/"]}]}},"_links":{"self":[{"href":"https:\/\/footdavant.fr\/actualites\/wp-json\/wp\/v2\/posts\/36777"}],"collection":[{"href":"https:\/\/footdavant.fr\/actualites\/wp-json\/wp\/v2\/posts"}],"about":[{"href":"https:\/\/footdavant.fr\/actualites\/wp-json\/wp\/v2\/types\/post"}],"author":[{"embeddable":true,"href":"https:\/\/footdavant.fr\/actualites\/wp-json\/wp\/v2\/users\/1"}],"replies":[{"embeddable":true,"href":"https:\/\/footdavant.fr\/actualites\/wp-json\/wp\/v2\/comments?post=36777"}],"version-history":[{"count":1,"href":"https:\/\/footdavant.fr\/actualites\/wp-json\/wp\/v2\/posts\/36777\/revisions"}],"predecessor-version":[{"id":36779,"href":"https:\/\/footdavant.fr\/actualites\/wp-json\/wp\/v2\/posts\/36777\/revisions\/36779"}],"wp:featuredmedia":[{"embeddable":true,"href":"https:\/\/footdavant.fr\/actualites\/wp-json\/wp\/v2\/media\/36778"}],"wp:attachment":[{"href":"https:\/\/footdavant.fr\/actualites\/wp-json\/wp\/v2\/media?parent=36777"}],"wp:term":[{"taxonomy":"category","embeddable":true,"href":"https:\/\/footdavant.fr\/actualites\/wp-json\/wp\/v2\/categories?post=36777"},{"taxonomy":"post_tag","embeddable":true,"href":"https:\/\/footdavant.fr\/actualites\/wp-json\/wp\/v2\/tags?post=36777"}],"curies":[{"name":"wp","href":"https:\/\/api.w.org\/{rel}","templated":true}]}}