{"id":36786,"date":"2026-04-24T16:48:45","date_gmt":"2026-04-24T14:48:45","guid":{"rendered":"https:\/\/footdavant.fr\/actualites\/trabzonspor-prend-une-decision-majeure-en-matiere-de-transfert-daltay-bayindir\/"},"modified":"2026-04-24T16:48:47","modified_gmt":"2026-04-24T14:48:47","slug":"trabzonspor-prend-une-decision-majeure-en-matiere-de-transfert-daltay-bayindir","status":"publish","type":"post","link":"https:\/\/footdavant.fr\/actualites\/trabzonspor-prend-une-decision-majeure-en-matiere-de-transfert-daltay-bayindir\/","title":{"rendered":"Trabzonspor prend une d\u00e9cision majeure en mati\u00e8re de transfert d&#39;Altay Bayindir &#8211;"},"content":{"rendered":"<div id=\"penci-post-entry-inner\">\n<p>\t\t\t<i class=\"penci-post-countview-number-check\" style=\"display:none\">2<\/i><\/p>\n<p><!--Article Start--><br \/>Trabzonspor aurait rejoint la course pour le gardien de Manchester United Altay Bayindir avant le mercato estival.<\/p>\n<h3>Sortie imminente<\/h3>\n<p>United pourrait \u00eatre pr\u00eat \u00e0 proc\u00e9der \u00e0 une refonte de ses gardiens cet \u00e9t\u00e9. Andre Onana, actuellement pr\u00eat\u00e9 \u00e0 Trabzonspor, devrait quitter d\u00e9finitivement Old Trafford. Bien que certains sugg\u00e8rent qu&#39;il reste r\u00e9ticent \u00e0 mettre fin \u00e0 sa carri\u00e8re \u00e0 United, l&#39;\u00e9quipe est d\u00e9j\u00e0 install\u00e9e avec Senne Lammens.<\/p>\n<p>Il existe \u00e9galement une certaine incertitude quant \u00e0 l&#39;avenir du v\u00e9t\u00e9ran gardien Tom Heaton, qui devrait devenir agent libre \u00e0 la fin de la saison.<\/p>\n<p>Ensuite, il y a Bayindir, qui semble sur le point de partir alors qu\u2019il cherche \u00e0 relancer sa carri\u00e8re. Bayindir a d\u00fb se contenter de jouer le deuxi\u00e8me violon \u00e0 United depuis son arriv\u00e9e en 2023.<\/p>\n<p>Besiktas serait tr\u00e8s int\u00e9ress\u00e9 \u00e0 le ramener en Turquie. Plus r\u00e9cemment, un de ses anciens entra\u00eeneurs a r\u00e9v\u00e9l\u00e9 que Fenerbahce envisageait \u00e9galement des retrouvailles.<\/p>\n<p>Si Onana et Bayindir partent, United devra presque certainement recruter un gardien de but pour garantir une couverture suffisante. Si Heaton se s\u00e9pare \u00e9galement du club, deux gardiens de but pourraient \u00eatre recrut\u00e9s.<\/p>\n<p>Le football turc a publi\u00e9 une mise \u00e0 jour sur Bayindir, affirmant que Trabzonspor \u00e9tait devenu le dernier club \u00e0 s&#39;int\u00e9resser \u00e0 lui.<\/p>\n<h3>Mise \u00e0 jour du transfert Bayindir<\/h3>\n<p>Le m\u00e9dia affirme que Trabzonspor n&#39;a aucune envie de garder Onana au-del\u00e0 de la fin de la campagne et a donc jet\u00e9 son d\u00e9volu sur Bayindir.<\/p>\n<p>\u00ab\u00a0Alors que Be\u015fikta\u015f menait les n\u00e9gociations depuis des semaines, Trabzonspor est intervenu avec un projet plus concret.\u00a0\u00bb<\/p>\n<p>Il est entendu que les erreurs \u00ab tr\u00e8s m\u00e9diatis\u00e9es \u00bb d&#39;Onana et son \u00ab manque d&#39;harmonie \u00bb avec la ligne arri\u00e8re ont forc\u00e9 Trabzonspor \u00e0 l&#39;ignorer et \u00e0 se concentrer plut\u00f4t sur Bayindir.<\/p>\n<p>Le rapport indique que United est ouvert \u00e0 une vente permanente ou \u00e0 un pr\u00eat avec obligation d\u2019achat alors qu\u2019ils cherchent \u00e0 r\u00e9cup\u00e9rer la majeure partie des 4,3 millions de livres sterling qu\u2019ils ont pay\u00e9s pour garantir ses services.<\/p>\n<p>United sera le prochain en action lundi lorsqu&#39;il accueillera Brentford.<\/p>\n<\/p>\n<hr\/>\n<p>The Peoples Person est l&#39;un des principaux sites d&#39;information de Man United au monde depuis plus d&#39;une d\u00e9cennie. Suivez-nous sur Bluesky\u00a0: @peoplesperson.bsky.social<\/p>\n<p><!-- CONTENT END 2 --><\/p><\/div>\n","protected":false},"excerpt":{"rendered":"<p>2 Trabzonspor aurait rejoint la course pour le gardien de Manchester United Altay Bayindir avant le mercato estival. Sortie imminente United pourrait \u00eatre pr\u00eat \u00e0<\/p>\n","protected":false},"author":1,"featured_media":36787,"comment_status":"closed","ping_status":"","sticky":false,"template":"","format":"standard","meta":{"footnotes":""},"categories":[3],"tags":[1491,7664,497,1628,5092,88,4452,700,92],"yoast_head":"<!-- This site is optimized with the Yoast SEO plugin v21.0 - https:\/\/yoast.com\/wordpress\/plugins\/seo\/ -->\n<title>Trabzonspor prend une d\u00e9cision majeure en mati\u00e8re de transfert d&#039;Altay Bayindir -<\/title>\n<meta name=\"robots\" content=\"index, follow, max-snippet:-1, max-image-preview:large, max-video-preview:-1\" \/>\n<link rel=\"canonical\" href=\"https:\/\/footdavant.fr\/actualites\/trabzonspor-prend-une-decision-majeure-en-matiere-de-transfert-daltay-bayindir\/\" \/>\n<meta property=\"og:locale\" content=\"fr_FR\" \/>\n<meta property=\"og:type\" content=\"article\" \/>\n<meta property=\"og:title\" content=\"Trabzonspor prend une d\u00e9cision majeure en mati\u00e8re de transfert d&#039;Altay Bayindir -\" \/>\n<meta property=\"og:description\" content=\"2 Trabzonspor aurait rejoint la course pour le gardien de Manchester United Altay Bayindir avant le mercato estival. Sortie imminente United pourrait \u00eatre pr\u00eat \u00e0\" \/>\n<meta property=\"og:url\" content=\"https:\/\/footdavant.fr\/actualites\/trabzonspor-prend-une-decision-majeure-en-matiere-de-transfert-daltay-bayindir\/\" \/>\n<meta property=\"og:site_name\" content=\"Foot d&#039;avant\" \/>\n<meta property=\"article:publisher\" content=\"https:\/\/www.facebook.com\/Footdavant\/\" \/>\n<meta property=\"article:published_time\" content=\"2026-04-24T14:48:45+00:00\" \/>\n<meta property=\"article:modified_time\" content=\"2026-04-24T14:48:47+00:00\" \/>\n<meta property=\"og:image\" content=\"https:\/\/footdavant.fr\/actualites\/wp-content\/uploads\/2026\/04\/Trabzonspor-prend-une-decision-majeure-en-matiere-de-transfert-d39Altay.jpg\" \/>\n\t<meta property=\"og:image:width\" content=\"1600\" \/>\n\t<meta property=\"og:image:height\" content=\"723\" \/>\n\t<meta property=\"og:image:type\" content=\"image\/jpeg\" \/>\n<meta name=\"author\" content=\"Cl\u00e9ment\" \/>\n<meta name=\"twitter:card\" content=\"summary_large_image\" \/>\n<meta name=\"twitter:creator\" content=\"@FootdavantFr\" \/>\n<meta name=\"twitter:site\" content=\"@FootdavantFr\" \/>\n<meta name=\"twitter:label1\" content=\"\u00c9crit par\" \/>\n\t<meta name=\"twitter:data1\" content=\"Cl\u00e9ment\" \/>\n\t<meta name=\"twitter:label2\" content=\"Dur\u00e9e de lecture estim\u00e9e\" \/>\n\t<meta name=\"twitter:data2\" content=\"2 minutes\" \/>\n<script type=\"application\/ld+json\" class=\"yoast-schema-graph\">{\"@context\":\"https:\/\/schema.org\",\"@graph\":[{\"@type\":\"Article\",\"@id\":\"https:\/\/footdavant.fr\/actualites\/trabzonspor-prend-une-decision-majeure-en-matiere-de-transfert-daltay-bayindir\/#article\",\"isPartOf\":{\"@id\":\"https:\/\/footdavant.fr\/actualites\/trabzonspor-prend-une-decision-majeure-en-matiere-de-transfert-daltay-bayindir\/\"},\"author\":{\"name\":\"Cl\u00e9ment\",\"@id\":\"https:\/\/footdavant.fr\/actualites\/#\/schema\/person\/bc222566d95871b37e597b3ed3ba5e1d\"},\"headline\":\"Trabzonspor prend une d\u00e9cision majeure en mati\u00e8re de transfert d&#39;Altay Bayindir &#8211;\",\"datePublished\":\"2026-04-24T14:48:45+00:00\",\"dateModified\":\"2026-04-24T14:48:47+00:00\",\"mainEntityOfPage\":{\"@id\":\"https:\/\/footdavant.fr\/actualites\/trabzonspor-prend-une-decision-majeure-en-matiere-de-transfert-daltay-bayindir\/\"},\"wordCount\":404,\"publisher\":{\"@id\":\"https:\/\/footdavant.fr\/actualites\/#organization\"},\"keywords\":[\"Bayindir\",\"d39Altay\",\"d\u00e9cision\",\"majeure\",\"mati\u00e8re\",\"prend\",\"Trabzonspor\",\"transfert\",\"une\"],\"articleSection\":[\"Football\"],\"inLanguage\":\"fr-FR\"},{\"@type\":\"WebPage\",\"@id\":\"https:\/\/footdavant.fr\/actualites\/trabzonspor-prend-une-decision-majeure-en-matiere-de-transfert-daltay-bayindir\/\",\"url\":\"https:\/\/footdavant.fr\/actualites\/trabzonspor-prend-une-decision-majeure-en-matiere-de-transfert-daltay-bayindir\/\",\"name\":\"Trabzonspor prend une d\u00e9cision majeure en mati\u00e8re de transfert d&#39;Altay Bayindir -\",\"isPartOf\":{\"@id\":\"https:\/\/footdavant.fr\/actualites\/#website\"},\"datePublished\":\"2026-04-24T14:48:45+00:00\",\"dateModified\":\"2026-04-24T14:48:47+00:00\",\"breadcrumb\":{\"@id\":\"https:\/\/footdavant.fr\/actualites\/trabzonspor-prend-une-decision-majeure-en-matiere-de-transfert-daltay-bayindir\/#breadcrumb\"},\"inLanguage\":\"fr-FR\",\"potentialAction\":[{\"@type\":\"ReadAction\",\"target\":[\"https:\/\/footdavant.fr\/actualites\/trabzonspor-prend-une-decision-majeure-en-matiere-de-transfert-daltay-bayindir\/\"]}]},{\"@type\":\"BreadcrumbList\",\"@id\":\"https:\/\/footdavant.fr\/actualites\/trabzonspor-prend-une-decision-majeure-en-matiere-de-transfert-daltay-bayindir\/#breadcrumb\",\"itemListElement\":[{\"@type\":\"ListItem\",\"position\":1,\"name\":\"Accueil\",\"item\":\"https:\/\/footdavant.fr\/actualites\/\"},{\"@type\":\"ListItem\",\"position\":2,\"name\":\"Trabzonspor prend une d\u00e9cision majeure en mati\u00e8re de transfert d&#39;Altay Bayindir &#8211;\"}]},{\"@type\":\"WebSite\",\"@id\":\"https:\/\/footdavant.fr\/actualites\/#website\",\"url\":\"https:\/\/footdavant.fr\/actualites\/\",\"name\":\"Foot d'avant\",\"description\":\"\",\"publisher\":{\"@id\":\"https:\/\/footdavant.fr\/actualites\/#organization\"},\"potentialAction\":[{\"@type\":\"SearchAction\",\"target\":{\"@type\":\"EntryPoint\",\"urlTemplate\":\"https:\/\/footdavant.fr\/actualites\/?s={search_term_string}\"},\"query-input\":\"required name=search_term_string\"}],\"inLanguage\":\"fr-FR\"},{\"@type\":\"Organization\",\"@id\":\"https:\/\/footdavant.fr\/actualites\/#organization\",\"name\":\"Foot d'avant\",\"url\":\"https:\/\/footdavant.fr\/actualites\/\",\"logo\":{\"@type\":\"ImageObject\",\"inLanguage\":\"fr-FR\",\"@id\":\"https:\/\/footdavant.fr\/actualites\/#\/schema\/logo\/image\/\",\"url\":\"https:\/\/footdavant.fr\/actualites\/wp-content\/uploads\/2023\/09\/Copy-of-FootDavant-Logo.png\",\"contentUrl\":\"https:\/\/footdavant.fr\/actualites\/wp-content\/uploads\/2023\/09\/Copy-of-FootDavant-Logo.png\",\"width\":936,\"height\":549,\"caption\":\"Foot d'avant\"},\"image\":{\"@id\":\"https:\/\/footdavant.fr\/actualites\/#\/schema\/logo\/image\/\"},\"sameAs\":[\"https:\/\/www.facebook.com\/Footdavant\/\",\"https:\/\/twitter.com\/FootdavantFr\",\"https:\/\/www.instagram.com\/footdavant.fr\/\"]},{\"@type\":\"Person\",\"@id\":\"https:\/\/footdavant.fr\/actualites\/#\/schema\/person\/bc222566d95871b37e597b3ed3ba5e1d\",\"name\":\"Cl\u00e9ment\",\"image\":{\"@type\":\"ImageObject\",\"inLanguage\":\"fr-FR\",\"@id\":\"https:\/\/footdavant.fr\/actualites\/#\/schema\/person\/image\/\",\"url\":\"https:\/\/secure.gravatar.com\/avatar\/7728b29aac2719421e1a9159b2254c44?s=96&d=mm&r=g\",\"contentUrl\":\"https:\/\/secure.gravatar.com\/avatar\/7728b29aac2719421e1a9159b2254c44?s=96&d=mm&r=g\",\"caption\":\"Cl\u00e9ment\"},\"sameAs\":[\"https:\/\/footdavant.fr\/\"]}]}<\/script>\n<!-- \/ Yoast SEO plugin. -->","yoast_head_json":{"title":"Trabzonspor prend une d\u00e9cision majeure en mati\u00e8re de transfert d&#39;Altay Bayindir -","robots":{"index":"index","follow":"follow","max-snippet":"max-snippet:-1","max-image-preview":"max-image-preview:large","max-video-preview":"max-video-preview:-1"},"canonical":"https:\/\/footdavant.fr\/actualites\/trabzonspor-prend-une-decision-majeure-en-matiere-de-transfert-daltay-bayindir\/","og_locale":"fr_FR","og_type":"article","og_title":"Trabzonspor prend une d\u00e9cision majeure en mati\u00e8re de transfert d&#39;Altay Bayindir -","og_description":"2 Trabzonspor aurait rejoint la course pour le gardien de Manchester United Altay Bayindir avant le mercato estival. Sortie imminente United pourrait \u00eatre pr\u00eat \u00e0","og_url":"https:\/\/footdavant.fr\/actualites\/trabzonspor-prend-une-decision-majeure-en-matiere-de-transfert-daltay-bayindir\/","og_site_name":"Foot d&#039;avant","article_publisher":"https:\/\/www.facebook.com\/Footdavant\/","article_published_time":"2026-04-24T14:48:45+00:00","article_modified_time":"2026-04-24T14:48:47+00:00","og_image":[{"width":1600,"height":723,"url":"https:\/\/footdavant.fr\/actualites\/wp-content\/uploads\/2026\/04\/Trabzonspor-prend-une-decision-majeure-en-matiere-de-transfert-d39Altay.jpg","type":"image\/jpeg"}],"author":"Cl\u00e9ment","twitter_card":"summary_large_image","twitter_creator":"@FootdavantFr","twitter_site":"@FootdavantFr","twitter_misc":{"\u00c9crit par":"Cl\u00e9ment","Dur\u00e9e de lecture estim\u00e9e":"2 minutes"},"schema":{"@context":"https:\/\/schema.org","@graph":[{"@type":"Article","@id":"https:\/\/footdavant.fr\/actualites\/trabzonspor-prend-une-decision-majeure-en-matiere-de-transfert-daltay-bayindir\/#article","isPartOf":{"@id":"https:\/\/footdavant.fr\/actualites\/trabzonspor-prend-une-decision-majeure-en-matiere-de-transfert-daltay-bayindir\/"},"author":{"name":"Cl\u00e9ment","@id":"https:\/\/footdavant.fr\/actualites\/#\/schema\/person\/bc222566d95871b37e597b3ed3ba5e1d"},"headline":"Trabzonspor prend une d\u00e9cision majeure en mati\u00e8re de transfert d&#39;Altay Bayindir &#8211;","datePublished":"2026-04-24T14:48:45+00:00","dateModified":"2026-04-24T14:48:47+00:00","mainEntityOfPage":{"@id":"https:\/\/footdavant.fr\/actualites\/trabzonspor-prend-une-decision-majeure-en-matiere-de-transfert-daltay-bayindir\/"},"wordCount":404,"publisher":{"@id":"https:\/\/footdavant.fr\/actualites\/#organization"},"keywords":["Bayindir","d39Altay","d\u00e9cision","majeure","mati\u00e8re","prend","Trabzonspor","transfert","une"],"articleSection":["Football"],"inLanguage":"fr-FR"},{"@type":"WebPage","@id":"https:\/\/footdavant.fr\/actualites\/trabzonspor-prend-une-decision-majeure-en-matiere-de-transfert-daltay-bayindir\/","url":"https:\/\/footdavant.fr\/actualites\/trabzonspor-prend-une-decision-majeure-en-matiere-de-transfert-daltay-bayindir\/","name":"Trabzonspor prend une d\u00e9cision majeure en mati\u00e8re de transfert d&#39;Altay Bayindir -","isPartOf":{"@id":"https:\/\/footdavant.fr\/actualites\/#website"},"datePublished":"2026-04-24T14:48:45+00:00","dateModified":"2026-04-24T14:48:47+00:00","breadcrumb":{"@id":"https:\/\/footdavant.fr\/actualites\/trabzonspor-prend-une-decision-majeure-en-matiere-de-transfert-daltay-bayindir\/#breadcrumb"},"inLanguage":"fr-FR","potentialAction":[{"@type":"ReadAction","target":["https:\/\/footdavant.fr\/actualites\/trabzonspor-prend-une-decision-majeure-en-matiere-de-transfert-daltay-bayindir\/"]}]},{"@type":"BreadcrumbList","@id":"https:\/\/footdavant.fr\/actualites\/trabzonspor-prend-une-decision-majeure-en-matiere-de-transfert-daltay-bayindir\/#breadcrumb","itemListElement":[{"@type":"ListItem","position":1,"name":"Accueil","item":"https:\/\/footdavant.fr\/actualites\/"},{"@type":"ListItem","position":2,"name":"Trabzonspor prend une d\u00e9cision majeure en mati\u00e8re de transfert d&#39;Altay Bayindir &#8211;"}]},{"@type":"WebSite","@id":"https:\/\/footdavant.fr\/actualites\/#website","url":"https:\/\/footdavant.fr\/actualites\/","name":"Foot d'avant","description":"","publisher":{"@id":"https:\/\/footdavant.fr\/actualites\/#organization"},"potentialAction":[{"@type":"SearchAction","target":{"@type":"EntryPoint","urlTemplate":"https:\/\/footdavant.fr\/actualites\/?s={search_term_string}"},"query-input":"required name=search_term_string"}],"inLanguage":"fr-FR"},{"@type":"Organization","@id":"https:\/\/footdavant.fr\/actualites\/#organization","name":"Foot d'avant","url":"https:\/\/footdavant.fr\/actualites\/","logo":{"@type":"ImageObject","inLanguage":"fr-FR","@id":"https:\/\/footdavant.fr\/actualites\/#\/schema\/logo\/image\/","url":"https:\/\/footdavant.fr\/actualites\/wp-content\/uploads\/2023\/09\/Copy-of-FootDavant-Logo.png","contentUrl":"https:\/\/footdavant.fr\/actualites\/wp-content\/uploads\/2023\/09\/Copy-of-FootDavant-Logo.png","width":936,"height":549,"caption":"Foot d'avant"},"image":{"@id":"https:\/\/footdavant.fr\/actualites\/#\/schema\/logo\/image\/"},"sameAs":["https:\/\/www.facebook.com\/Footdavant\/","https:\/\/twitter.com\/FootdavantFr","https:\/\/www.instagram.com\/footdavant.fr\/"]},{"@type":"Person","@id":"https:\/\/footdavant.fr\/actualites\/#\/schema\/person\/bc222566d95871b37e597b3ed3ba5e1d","name":"Cl\u00e9ment","image":{"@type":"ImageObject","inLanguage":"fr-FR","@id":"https:\/\/footdavant.fr\/actualites\/#\/schema\/person\/image\/","url":"https:\/\/secure.gravatar.com\/avatar\/7728b29aac2719421e1a9159b2254c44?s=96&d=mm&r=g","contentUrl":"https:\/\/secure.gravatar.com\/avatar\/7728b29aac2719421e1a9159b2254c44?s=96&d=mm&r=g","caption":"Cl\u00e9ment"},"sameAs":["https:\/\/footdavant.fr\/"]}]}},"_links":{"self":[{"href":"https:\/\/footdavant.fr\/actualites\/wp-json\/wp\/v2\/posts\/36786"}],"collection":[{"href":"https:\/\/footdavant.fr\/actualites\/wp-json\/wp\/v2\/posts"}],"about":[{"href":"https:\/\/footdavant.fr\/actualites\/wp-json\/wp\/v2\/types\/post"}],"author":[{"embeddable":true,"href":"https:\/\/footdavant.fr\/actualites\/wp-json\/wp\/v2\/users\/1"}],"replies":[{"embeddable":true,"href":"https:\/\/footdavant.fr\/actualites\/wp-json\/wp\/v2\/comments?post=36786"}],"version-history":[{"count":1,"href":"https:\/\/footdavant.fr\/actualites\/wp-json\/wp\/v2\/posts\/36786\/revisions"}],"predecessor-version":[{"id":36788,"href":"https:\/\/footdavant.fr\/actualites\/wp-json\/wp\/v2\/posts\/36786\/revisions\/36788"}],"wp:featuredmedia":[{"embeddable":true,"href":"https:\/\/footdavant.fr\/actualites\/wp-json\/wp\/v2\/media\/36787"}],"wp:attachment":[{"href":"https:\/\/footdavant.fr\/actualites\/wp-json\/wp\/v2\/media?parent=36786"}],"wp:term":[{"taxonomy":"category","embeddable":true,"href":"https:\/\/footdavant.fr\/actualites\/wp-json\/wp\/v2\/categories?post=36786"},{"taxonomy":"post_tag","embeddable":true,"href":"https:\/\/footdavant.fr\/actualites\/wp-json\/wp\/v2\/tags?post=36786"}],"curies":[{"name":"wp","href":"https:\/\/api.w.org\/{rel}","templated":true}]}}