{"id":36789,"date":"2026-04-24T18:48:01","date_gmt":"2026-04-24T16:48:01","guid":{"rendered":"https:\/\/footdavant.fr\/actualites\/prochain-manager-de-chelsea-la-verite-de-regis-le-bris-revelee-au-milieu-des-discussions-sur-le-changement-de-sunderland\/"},"modified":"2026-04-24T18:48:02","modified_gmt":"2026-04-24T16:48:02","slug":"prochain-manager-de-chelsea-la-verite-de-regis-le-bris-revelee-au-milieu-des-discussions-sur-le-changement-de-sunderland","status":"publish","type":"post","link":"https:\/\/footdavant.fr\/actualites\/prochain-manager-de-chelsea-la-verite-de-regis-le-bris-revelee-au-milieu-des-discussions-sur-le-changement-de-sunderland\/","title":{"rendered":"Prochain manager de Chelsea: la \u00ab v\u00e9rit\u00e9 \u00bb de R\u00e9gis Le Bris r\u00e9v\u00e9l\u00e9e au milieu des discussions sur le changement de Sunderland"},"content":{"rendered":"<div itemprop=\"articleBody\">\n<p>Chelsea aurait cess\u00e9 de cibler l&#39;entra\u00eeneur-chef de Sunderland, R\u00e9gis Le Bris.<\/p>\n<p>Les Blues sont \u00e0 la recherche d&#39;un nouveau manager pour l&#39;abri de Stamford Bridge apr\u00e8s avoir limog\u00e9 Liam Rosenior, qui n&#39;a eu que 106 jours pour fa\u00e7onner les plans de l&#39;\u00e9quipe premi\u00e8re avant d&#39;\u00eatre d\u00e9mis de ses fonctions en Premier League.<\/p>\n<p>L&#39;ancien patron de Hull City a \u00e9t\u00e9 expuls\u00e9 du club apr\u00e8s la d\u00e9faite choquante 3-0 de Chelsea \u00e0 Brighton &#038; Hove Albion plus t\u00f4t dans la semaine, lorsque Danny Welbeck a quitt\u00e9 le banc pour \u00eatre \u00e0 nouveau une \u00e9pine dans le pied des West Londoniens.<\/p>\n<p>Les vainqueurs de la Coupe du Monde des Clubs ont d\u00e9sormais perdu leurs cinq derniers matches de Premier League sans trouver le chemin des filets une seule fois \u2013 leur pire s\u00e9rie depuis 1912, mettant en \u00e9vidence la crise actuelle du club.<\/p>\n<p>Callum McFarlane est de retour \u00e0 la t\u00eate temporaire de Chelsea jusqu&#39;\u00e0 la fin de la saison, sa premi\u00e8re mission arrivant \u00e0 Wembley dimanche, lorsque les lutteurs affronteront Leeds United lors d&#39;une confrontation en demi-finale de la FA Cup.<\/p>\n<div>\n<div>\n<p>\u00a9 Imago \/ Sportimage<\/p>\n<\/div>\n<\/div>\n<h2>Le Bris n&#39;est \u00ab\u00a0pas candidat\u00a0\u00bb pour Chelsea<\/h2>\n<p>Selon un journaliste belge <em>Sacha Tavolieri<\/em>Chelsea a commenc\u00e9 \u00e0 parcourir le march\u00e9 de la Premier League \u00e0 la recherche de rempla\u00e7ants potentiels de Rosenior. Cependant, il y a un certain nom qui ne sera pas \u00e0 la porte du manager \u00e0 Stamford Bridge dans un avenir proche.<\/p>\n<p>Le rapport affirme que l&#39;entra\u00eeneur-chef de Sunderland, Le Bris, figure sur la liste restreinte des options privil\u00e9gi\u00e9es pour les Blues en difficult\u00e9 avant la saison prochaine, mais le Fran\u00e7ais n&#39;est cens\u00e9ment \u00ab pas un candidat \u00bb pour le moment.<\/p>\n<p>Il est entendu que le joueur de 50 ans est heureux au Stadium of Light et souhaite poursuivre son \u00ab\u00a0projet en cours\u00a0\u00bb avec les Black Cats, qui cherchent \u00e0 s&#39;imposer comme un habitu\u00e9 de la Premier League.<\/p>\n<p>Apr\u00e8s une absence de huit ans au sommet du football anglais entre 2017 et 2025, Sunderland est revenu dans la division \u00e9lite apr\u00e8s avoir remport\u00e9 la finale des \u00e9liminatoires du championnat \u00e0 Wembley en mai 2025.<\/p>\n<p>Pr\u00e9vus par les experts et les fans pour un combat de rel\u00e9gation, les Black Cats ont d\u00e9fi\u00e9 la majorit\u00e9 des pronostics de pr\u00e9-saison et occupent actuellement la 11e place, \u00e0 seulement trois points de Bournemouth, septi\u00e8me.<\/p>\n<div>\n<div><img decoding=\"async\" data-img-id=\"159491\" class=\"lazy\" loading=\"lazy\" src=\"https:\/\/footdavant.fr\/actualites\/wp-content\/uploads\/2026\/04\/1777049281_421_Prochain-manager-de-Chelsea-la-verite-de-Regis.webp\"\/><\/p>\n<p>\u00a9 Iconsport \/ PA images<\/p>\n<\/div>\n<\/div>\n<h2>Le blues de Chelsea de Rosenior<\/h2>\n<p>Rempla\u00e7ant le franc-parler Enzo Maresca \u00e0 la mi-janvier, Rosenior a commenc\u00e9 son r\u00e8gne \u00e0 Chelsea avec un succ\u00e8s \u00e9crasant de cinq buts au domicile de Charlton Athletic au troisi\u00e8me tour de la FA Cup.<\/p>\n<p>Hormis deux rencontres avec Arsenal en demi-finale de la Coupe EFL, l&#39;ancien entra\u00eeneur de Hull a remport\u00e9 de nombreuses victoires au cours de ses premi\u00e8res semaines \u00e0 la t\u00eate avant que les roues ne d\u00e9marrent de mani\u00e8re sensationnelle.<\/p>\n<p>Avant son d\u00e9part de Stamford Bridge plus t\u00f4t cette semaine, Rosenior avait \u00e9t\u00e9 battu lors de sept de ses huit derniers matches, remportant seulement une victoire contre Port Vale, \u00e9quipe de League One, au cours de cette mis\u00e9rable s\u00e9rie.<\/p>\n<\/div>\n","protected":false},"excerpt":{"rendered":"<p>Chelsea aurait cess\u00e9 de cibler l&#39;entra\u00eeneur-chef de Sunderland, R\u00e9gis Le Bris. Les Blues sont \u00e0 la recherche d&#39;un nouveau manager pour l&#39;abri de Stamford Bridge<\/p>\n","protected":false},"author":1,"featured_media":35506,"comment_status":"closed","ping_status":"","sticky":false,"template":"","format":"standard","meta":{"footnotes":""},"categories":[5],"tags":[10180,710,171,12,713,504,441,1257,10179,4750,1955,103,585],"yoast_head":"<!-- This site is optimized with the Yoast SEO plugin v21.0 - https:\/\/yoast.com\/wordpress\/plugins\/seo\/ -->\n<title>Prochain manager de Chelsea: la \u00ab v\u00e9rit\u00e9 \u00bb de R\u00e9gis Le Bris r\u00e9v\u00e9l\u00e9e au milieu des discussions sur le changement de Sunderland<\/title>\n<meta name=\"robots\" content=\"index, follow, max-snippet:-1, max-image-preview:large, max-video-preview:-1\" \/>\n<link rel=\"canonical\" href=\"https:\/\/footdavant.fr\/actualites\/prochain-manager-de-chelsea-la-verite-de-regis-le-bris-revelee-au-milieu-des-discussions-sur-le-changement-de-sunderland\/\" \/>\n<meta property=\"og:locale\" content=\"fr_FR\" \/>\n<meta property=\"og:type\" content=\"article\" \/>\n<meta property=\"og:title\" content=\"Prochain manager de Chelsea: la \u00ab v\u00e9rit\u00e9 \u00bb de R\u00e9gis Le Bris r\u00e9v\u00e9l\u00e9e au milieu des discussions sur le changement de Sunderland\" \/>\n<meta property=\"og:description\" content=\"Chelsea aurait cess\u00e9 de cibler l&#039;entra\u00eeneur-chef de Sunderland, R\u00e9gis Le Bris. Les Blues sont \u00e0 la recherche d&#039;un nouveau manager pour l&#039;abri de Stamford Bridge\" \/>\n<meta property=\"og:url\" content=\"https:\/\/footdavant.fr\/actualites\/prochain-manager-de-chelsea-la-verite-de-regis-le-bris-revelee-au-milieu-des-discussions-sur-le-changement-de-sunderland\/\" \/>\n<meta property=\"og:site_name\" content=\"Foot d&#039;avant\" \/>\n<meta property=\"article:publisher\" content=\"https:\/\/www.facebook.com\/Footdavant\/\" \/>\n<meta property=\"article:published_time\" content=\"2026-04-24T16:48:01+00:00\" \/>\n<meta property=\"article:modified_time\" content=\"2026-04-24T16:48:02+00:00\" \/>\n<meta property=\"og:image\" content=\"https:\/\/footdavant.fr\/actualites\/wp-content\/uploads\/2026\/03\/Nouvelles-des-blessures-de-Sunderland-l39attaquant-des-Black-Cats-exclu.net2Fuploads2F20262F022Fle-bris-1-698fab.webp\" \/>\n\t<meta property=\"og:image:width\" content=\"720\" \/>\n\t<meta property=\"og:image:height\" content=\"410\" \/>\n\t<meta property=\"og:image:type\" content=\"image\/webp\" \/>\n<meta name=\"author\" content=\"Cl\u00e9ment\" \/>\n<meta name=\"twitter:card\" content=\"summary_large_image\" \/>\n<meta name=\"twitter:creator\" content=\"@FootdavantFr\" \/>\n<meta name=\"twitter:site\" content=\"@FootdavantFr\" \/>\n<meta name=\"twitter:label1\" content=\"\u00c9crit par\" \/>\n\t<meta name=\"twitter:data1\" content=\"Cl\u00e9ment\" \/>\n\t<meta name=\"twitter:label2\" content=\"Dur\u00e9e de lecture estim\u00e9e\" \/>\n\t<meta name=\"twitter:data2\" content=\"3 minutes\" \/>\n<script type=\"application\/ld+json\" class=\"yoast-schema-graph\">{\"@context\":\"https:\/\/schema.org\",\"@graph\":[{\"@type\":\"Article\",\"@id\":\"https:\/\/footdavant.fr\/actualites\/prochain-manager-de-chelsea-la-verite-de-regis-le-bris-revelee-au-milieu-des-discussions-sur-le-changement-de-sunderland\/#article\",\"isPartOf\":{\"@id\":\"https:\/\/footdavant.fr\/actualites\/prochain-manager-de-chelsea-la-verite-de-regis-le-bris-revelee-au-milieu-des-discussions-sur-le-changement-de-sunderland\/\"},\"author\":{\"name\":\"Cl\u00e9ment\",\"@id\":\"https:\/\/footdavant.fr\/actualites\/#\/schema\/person\/bc222566d95871b37e597b3ed3ba5e1d\"},\"headline\":\"Prochain manager de Chelsea: la \u00ab v\u00e9rit\u00e9 \u00bb de R\u00e9gis Le Bris r\u00e9v\u00e9l\u00e9e au milieu des discussions sur le changement de Sunderland\",\"datePublished\":\"2026-04-24T16:48:01+00:00\",\"dateModified\":\"2026-04-24T16:48:02+00:00\",\"mainEntityOfPage\":{\"@id\":\"https:\/\/footdavant.fr\/actualites\/prochain-manager-de-chelsea-la-verite-de-regis-le-bris-revelee-au-milieu-des-discussions-sur-le-changement-de-sunderland\/\"},\"wordCount\":555,\"publisher\":{\"@id\":\"https:\/\/footdavant.fr\/actualites\/#organization\"},\"keywords\":[\"Bris\",\"changement\",\"Chelsea\",\"des\",\"discussions\",\"manager\",\"milieu\",\"prochain\",\"Regis\",\"r\u00e9v\u00e9l\u00e9e\",\"Sunderland\",\"sur\",\"v\u00e9rit\u00e9\"],\"articleSection\":[\"Premier League\"],\"inLanguage\":\"fr-FR\"},{\"@type\":\"WebPage\",\"@id\":\"https:\/\/footdavant.fr\/actualites\/prochain-manager-de-chelsea-la-verite-de-regis-le-bris-revelee-au-milieu-des-discussions-sur-le-changement-de-sunderland\/\",\"url\":\"https:\/\/footdavant.fr\/actualites\/prochain-manager-de-chelsea-la-verite-de-regis-le-bris-revelee-au-milieu-des-discussions-sur-le-changement-de-sunderland\/\",\"name\":\"Prochain manager de Chelsea: la \u00ab v\u00e9rit\u00e9 \u00bb de R\u00e9gis Le Bris r\u00e9v\u00e9l\u00e9e au milieu des discussions sur le changement de Sunderland\",\"isPartOf\":{\"@id\":\"https:\/\/footdavant.fr\/actualites\/#website\"},\"datePublished\":\"2026-04-24T16:48:01+00:00\",\"dateModified\":\"2026-04-24T16:48:02+00:00\",\"breadcrumb\":{\"@id\":\"https:\/\/footdavant.fr\/actualites\/prochain-manager-de-chelsea-la-verite-de-regis-le-bris-revelee-au-milieu-des-discussions-sur-le-changement-de-sunderland\/#breadcrumb\"},\"inLanguage\":\"fr-FR\",\"potentialAction\":[{\"@type\":\"ReadAction\",\"target\":[\"https:\/\/footdavant.fr\/actualites\/prochain-manager-de-chelsea-la-verite-de-regis-le-bris-revelee-au-milieu-des-discussions-sur-le-changement-de-sunderland\/\"]}]},{\"@type\":\"BreadcrumbList\",\"@id\":\"https:\/\/footdavant.fr\/actualites\/prochain-manager-de-chelsea-la-verite-de-regis-le-bris-revelee-au-milieu-des-discussions-sur-le-changement-de-sunderland\/#breadcrumb\",\"itemListElement\":[{\"@type\":\"ListItem\",\"position\":1,\"name\":\"Accueil\",\"item\":\"https:\/\/footdavant.fr\/actualites\/\"},{\"@type\":\"ListItem\",\"position\":2,\"name\":\"Prochain manager de Chelsea: la \u00ab v\u00e9rit\u00e9 \u00bb de R\u00e9gis Le Bris r\u00e9v\u00e9l\u00e9e au milieu des discussions sur le changement de Sunderland\"}]},{\"@type\":\"WebSite\",\"@id\":\"https:\/\/footdavant.fr\/actualites\/#website\",\"url\":\"https:\/\/footdavant.fr\/actualites\/\",\"name\":\"Foot d'avant\",\"description\":\"\",\"publisher\":{\"@id\":\"https:\/\/footdavant.fr\/actualites\/#organization\"},\"potentialAction\":[{\"@type\":\"SearchAction\",\"target\":{\"@type\":\"EntryPoint\",\"urlTemplate\":\"https:\/\/footdavant.fr\/actualites\/?s={search_term_string}\"},\"query-input\":\"required name=search_term_string\"}],\"inLanguage\":\"fr-FR\"},{\"@type\":\"Organization\",\"@id\":\"https:\/\/footdavant.fr\/actualites\/#organization\",\"name\":\"Foot d'avant\",\"url\":\"https:\/\/footdavant.fr\/actualites\/\",\"logo\":{\"@type\":\"ImageObject\",\"inLanguage\":\"fr-FR\",\"@id\":\"https:\/\/footdavant.fr\/actualites\/#\/schema\/logo\/image\/\",\"url\":\"https:\/\/footdavant.fr\/actualites\/wp-content\/uploads\/2023\/09\/Copy-of-FootDavant-Logo.png\",\"contentUrl\":\"https:\/\/footdavant.fr\/actualites\/wp-content\/uploads\/2023\/09\/Copy-of-FootDavant-Logo.png\",\"width\":936,\"height\":549,\"caption\":\"Foot d'avant\"},\"image\":{\"@id\":\"https:\/\/footdavant.fr\/actualites\/#\/schema\/logo\/image\/\"},\"sameAs\":[\"https:\/\/www.facebook.com\/Footdavant\/\",\"https:\/\/twitter.com\/FootdavantFr\",\"https:\/\/www.instagram.com\/footdavant.fr\/\"]},{\"@type\":\"Person\",\"@id\":\"https:\/\/footdavant.fr\/actualites\/#\/schema\/person\/bc222566d95871b37e597b3ed3ba5e1d\",\"name\":\"Cl\u00e9ment\",\"image\":{\"@type\":\"ImageObject\",\"inLanguage\":\"fr-FR\",\"@id\":\"https:\/\/footdavant.fr\/actualites\/#\/schema\/person\/image\/\",\"url\":\"https:\/\/secure.gravatar.com\/avatar\/7728b29aac2719421e1a9159b2254c44?s=96&d=mm&r=g\",\"contentUrl\":\"https:\/\/secure.gravatar.com\/avatar\/7728b29aac2719421e1a9159b2254c44?s=96&d=mm&r=g\",\"caption\":\"Cl\u00e9ment\"},\"sameAs\":[\"https:\/\/footdavant.fr\/\"]}]}<\/script>\n<!-- \/ Yoast SEO plugin. -->","yoast_head_json":{"title":"Prochain manager de Chelsea: la \u00ab v\u00e9rit\u00e9 \u00bb de R\u00e9gis Le Bris r\u00e9v\u00e9l\u00e9e au milieu des discussions sur le changement de Sunderland","robots":{"index":"index","follow":"follow","max-snippet":"max-snippet:-1","max-image-preview":"max-image-preview:large","max-video-preview":"max-video-preview:-1"},"canonical":"https:\/\/footdavant.fr\/actualites\/prochain-manager-de-chelsea-la-verite-de-regis-le-bris-revelee-au-milieu-des-discussions-sur-le-changement-de-sunderland\/","og_locale":"fr_FR","og_type":"article","og_title":"Prochain manager de Chelsea: la \u00ab v\u00e9rit\u00e9 \u00bb de R\u00e9gis Le Bris r\u00e9v\u00e9l\u00e9e au milieu des discussions sur le changement de Sunderland","og_description":"Chelsea aurait cess\u00e9 de cibler l&#39;entra\u00eeneur-chef de Sunderland, R\u00e9gis Le Bris. Les Blues sont \u00e0 la recherche d&#39;un nouveau manager pour l&#39;abri de Stamford Bridge","og_url":"https:\/\/footdavant.fr\/actualites\/prochain-manager-de-chelsea-la-verite-de-regis-le-bris-revelee-au-milieu-des-discussions-sur-le-changement-de-sunderland\/","og_site_name":"Foot d&#039;avant","article_publisher":"https:\/\/www.facebook.com\/Footdavant\/","article_published_time":"2026-04-24T16:48:01+00:00","article_modified_time":"2026-04-24T16:48:02+00:00","og_image":[{"width":720,"height":410,"url":"https:\/\/footdavant.fr\/actualites\/wp-content\/uploads\/2026\/03\/Nouvelles-des-blessures-de-Sunderland-l39attaquant-des-Black-Cats-exclu.net2Fuploads2F20262F022Fle-bris-1-698fab.webp","type":"image\/webp"}],"author":"Cl\u00e9ment","twitter_card":"summary_large_image","twitter_creator":"@FootdavantFr","twitter_site":"@FootdavantFr","twitter_misc":{"\u00c9crit par":"Cl\u00e9ment","Dur\u00e9e de lecture estim\u00e9e":"3 minutes"},"schema":{"@context":"https:\/\/schema.org","@graph":[{"@type":"Article","@id":"https:\/\/footdavant.fr\/actualites\/prochain-manager-de-chelsea-la-verite-de-regis-le-bris-revelee-au-milieu-des-discussions-sur-le-changement-de-sunderland\/#article","isPartOf":{"@id":"https:\/\/footdavant.fr\/actualites\/prochain-manager-de-chelsea-la-verite-de-regis-le-bris-revelee-au-milieu-des-discussions-sur-le-changement-de-sunderland\/"},"author":{"name":"Cl\u00e9ment","@id":"https:\/\/footdavant.fr\/actualites\/#\/schema\/person\/bc222566d95871b37e597b3ed3ba5e1d"},"headline":"Prochain manager de Chelsea: la \u00ab v\u00e9rit\u00e9 \u00bb de R\u00e9gis Le Bris r\u00e9v\u00e9l\u00e9e au milieu des discussions sur le changement de Sunderland","datePublished":"2026-04-24T16:48:01+00:00","dateModified":"2026-04-24T16:48:02+00:00","mainEntityOfPage":{"@id":"https:\/\/footdavant.fr\/actualites\/prochain-manager-de-chelsea-la-verite-de-regis-le-bris-revelee-au-milieu-des-discussions-sur-le-changement-de-sunderland\/"},"wordCount":555,"publisher":{"@id":"https:\/\/footdavant.fr\/actualites\/#organization"},"keywords":["Bris","changement","Chelsea","des","discussions","manager","milieu","prochain","Regis","r\u00e9v\u00e9l\u00e9e","Sunderland","sur","v\u00e9rit\u00e9"],"articleSection":["Premier League"],"inLanguage":"fr-FR"},{"@type":"WebPage","@id":"https:\/\/footdavant.fr\/actualites\/prochain-manager-de-chelsea-la-verite-de-regis-le-bris-revelee-au-milieu-des-discussions-sur-le-changement-de-sunderland\/","url":"https:\/\/footdavant.fr\/actualites\/prochain-manager-de-chelsea-la-verite-de-regis-le-bris-revelee-au-milieu-des-discussions-sur-le-changement-de-sunderland\/","name":"Prochain manager de Chelsea: la \u00ab v\u00e9rit\u00e9 \u00bb de R\u00e9gis Le Bris r\u00e9v\u00e9l\u00e9e au milieu des discussions sur le changement de Sunderland","isPartOf":{"@id":"https:\/\/footdavant.fr\/actualites\/#website"},"datePublished":"2026-04-24T16:48:01+00:00","dateModified":"2026-04-24T16:48:02+00:00","breadcrumb":{"@id":"https:\/\/footdavant.fr\/actualites\/prochain-manager-de-chelsea-la-verite-de-regis-le-bris-revelee-au-milieu-des-discussions-sur-le-changement-de-sunderland\/#breadcrumb"},"inLanguage":"fr-FR","potentialAction":[{"@type":"ReadAction","target":["https:\/\/footdavant.fr\/actualites\/prochain-manager-de-chelsea-la-verite-de-regis-le-bris-revelee-au-milieu-des-discussions-sur-le-changement-de-sunderland\/"]}]},{"@type":"BreadcrumbList","@id":"https:\/\/footdavant.fr\/actualites\/prochain-manager-de-chelsea-la-verite-de-regis-le-bris-revelee-au-milieu-des-discussions-sur-le-changement-de-sunderland\/#breadcrumb","itemListElement":[{"@type":"ListItem","position":1,"name":"Accueil","item":"https:\/\/footdavant.fr\/actualites\/"},{"@type":"ListItem","position":2,"name":"Prochain manager de Chelsea: la \u00ab v\u00e9rit\u00e9 \u00bb de R\u00e9gis Le Bris r\u00e9v\u00e9l\u00e9e au milieu des discussions sur le changement de Sunderland"}]},{"@type":"WebSite","@id":"https:\/\/footdavant.fr\/actualites\/#website","url":"https:\/\/footdavant.fr\/actualites\/","name":"Foot d'avant","description":"","publisher":{"@id":"https:\/\/footdavant.fr\/actualites\/#organization"},"potentialAction":[{"@type":"SearchAction","target":{"@type":"EntryPoint","urlTemplate":"https:\/\/footdavant.fr\/actualites\/?s={search_term_string}"},"query-input":"required name=search_term_string"}],"inLanguage":"fr-FR"},{"@type":"Organization","@id":"https:\/\/footdavant.fr\/actualites\/#organization","name":"Foot d'avant","url":"https:\/\/footdavant.fr\/actualites\/","logo":{"@type":"ImageObject","inLanguage":"fr-FR","@id":"https:\/\/footdavant.fr\/actualites\/#\/schema\/logo\/image\/","url":"https:\/\/footdavant.fr\/actualites\/wp-content\/uploads\/2023\/09\/Copy-of-FootDavant-Logo.png","contentUrl":"https:\/\/footdavant.fr\/actualites\/wp-content\/uploads\/2023\/09\/Copy-of-FootDavant-Logo.png","width":936,"height":549,"caption":"Foot d'avant"},"image":{"@id":"https:\/\/footdavant.fr\/actualites\/#\/schema\/logo\/image\/"},"sameAs":["https:\/\/www.facebook.com\/Footdavant\/","https:\/\/twitter.com\/FootdavantFr","https:\/\/www.instagram.com\/footdavant.fr\/"]},{"@type":"Person","@id":"https:\/\/footdavant.fr\/actualites\/#\/schema\/person\/bc222566d95871b37e597b3ed3ba5e1d","name":"Cl\u00e9ment","image":{"@type":"ImageObject","inLanguage":"fr-FR","@id":"https:\/\/footdavant.fr\/actualites\/#\/schema\/person\/image\/","url":"https:\/\/secure.gravatar.com\/avatar\/7728b29aac2719421e1a9159b2254c44?s=96&d=mm&r=g","contentUrl":"https:\/\/secure.gravatar.com\/avatar\/7728b29aac2719421e1a9159b2254c44?s=96&d=mm&r=g","caption":"Cl\u00e9ment"},"sameAs":["https:\/\/footdavant.fr\/"]}]}},"_links":{"self":[{"href":"https:\/\/footdavant.fr\/actualites\/wp-json\/wp\/v2\/posts\/36789"}],"collection":[{"href":"https:\/\/footdavant.fr\/actualites\/wp-json\/wp\/v2\/posts"}],"about":[{"href":"https:\/\/footdavant.fr\/actualites\/wp-json\/wp\/v2\/types\/post"}],"author":[{"embeddable":true,"href":"https:\/\/footdavant.fr\/actualites\/wp-json\/wp\/v2\/users\/1"}],"replies":[{"embeddable":true,"href":"https:\/\/footdavant.fr\/actualites\/wp-json\/wp\/v2\/comments?post=36789"}],"version-history":[{"count":1,"href":"https:\/\/footdavant.fr\/actualites\/wp-json\/wp\/v2\/posts\/36789\/revisions"}],"predecessor-version":[{"id":36790,"href":"https:\/\/footdavant.fr\/actualites\/wp-json\/wp\/v2\/posts\/36789\/revisions\/36790"}],"wp:featuredmedia":[{"embeddable":true,"href":"https:\/\/footdavant.fr\/actualites\/wp-json\/wp\/v2\/media\/35506"}],"wp:attachment":[{"href":"https:\/\/footdavant.fr\/actualites\/wp-json\/wp\/v2\/media?parent=36789"}],"wp:term":[{"taxonomy":"category","embeddable":true,"href":"https:\/\/footdavant.fr\/actualites\/wp-json\/wp\/v2\/categories?post=36789"},{"taxonomy":"post_tag","embeddable":true,"href":"https:\/\/footdavant.fr\/actualites\/wp-json\/wp\/v2\/tags?post=36789"}],"curies":[{"name":"wp","href":"https:\/\/api.w.org\/{rel}","templated":true}]}}