{"id":36796,"date":"2026-04-25T00:48:01","date_gmt":"2026-04-24T22:48:01","guid":{"rendered":"https:\/\/footdavant.fr\/actualites\/van-dijk-lance-un-avertissement-a-ses-coequipiers-devant-palace-a-anfield\/"},"modified":"2026-04-25T00:48:03","modified_gmt":"2026-04-24T22:48:03","slug":"van-dijk-lance-un-avertissement-a-ses-coequipiers-devant-palace-a-anfield","status":"publish","type":"post","link":"https:\/\/footdavant.fr\/actualites\/van-dijk-lance-un-avertissement-a-ses-coequipiers-devant-palace-a-anfield\/","title":{"rendered":"Van Dijk lance un avertissement \u00e0 ses co\u00e9quipiers devant Palace \u00e0 Anfield"},"content":{"rendered":"<p><\/p>\n<div id=\"article-body\">\n<!-- Article Start --><\/p>\n<p>Les efforts de Liverpool pour terminer la saison en force ont \u00e9t\u00e9 parfaitement r\u00e9sum\u00e9s par Virgil van Dijk, le capitaine d\u00e9livrant un message clair et honn\u00eate aux supporters avant notre affrontement contre Crystal Palace.<\/p>\n<hr\/>\n<p><b><i>T\u00c9L\u00c9CHARGEZ L&#39;APPLICATION OFFICIELLE EMPIRE OF KOP POUR TOUTES LES DERNI\u00c8RES MISES \u00c0 JOUR \u2013 DIRECTEMENT SUR VOTRE T\u00c9L\u00c9PHONE\u00a0! SUR <\/i><\/b><b><i>POMME<\/i><\/b><b><i> &#038; <\/i><\/b><b><i>GOOGLE JOUER<\/i><\/b><\/p>\n<hr\/>\n<p>\u00c9crivant dans ses notes de programme via Liverpoolfc.com, le d\u00e9fenseur n\u00e9erlandais n&#39;a pas h\u00e9sit\u00e9 \u00e0 reconna\u00eetre \u00e0 quel point la campagne a \u00e9t\u00e9 d\u00e9cevante, tout en pr\u00e9cisant quel est d\u00e9sormais l&#39;objectif.<\/p>\n<\/p>\n<p>Cette phrase \u00e0 elle seule donne le ton, car malgr\u00e9 la victoire du titre la saison derni\u00e8re sous Arne Slot, nous nous retrouvons d\u00e9sormais \u00e0 nous battre pour un top cinq plut\u00f4t que pour l&#39;argenterie.<\/p>\n<h2>Van Dijk fixe un objectif clair \u00e0 Liverpool<\/h2>\n<p>Le d\u00e9fenseur central de 34 ans a soulign\u00e9 \u00e0 quel point le match \u00e0 venir est important, d&#39;autant plus qu&#39;il reste si peu de marge d&#39;erreur lors de la rencontre.<\/p>\n<\/p>\n<p>Les propos de Van Dijk refl\u00e8tent la r\u00e9alit\u00e9 dans laquelle nous nous trouvons, car m\u00eame si ce n&#39;\u00e9tait pas l&#39;objectif au d\u00e9but de la saison, c&#39;est d\u00e9sormais le minimum requis.<\/p>\n<\/p>\n<p>Paul Merson a soutenu les Reds, qui transpirent lors d&#39;un test de condition physique tardif pour Alisson Becker, pour aller chercher la victoire tant m\u00e9rit\u00e9e.<\/p>\n<p>Ce sentiment d&#39;urgence n&#39;a fait qu&#39;\u00eatre renforc\u00e9 par le contexte du classement, o\u00f9 nous sommes cinqui\u00e8mes et avons encore besoin de r\u00e9sultats pour garantir le football de la Ligue des champions.<\/p>\n<h2>Le capitaine r\u00e9fl\u00e9chit \u00e0 la victoire d&#39;Everton et \u00e0 la mentalit\u00e9 de l&#39;\u00e9quipe<\/h2>\n<p>L&#39;international n\u00e9erlandais a \u00e9galement fait r\u00e9f\u00e9rence \u00e0 la victoire spectaculaire du derby du Merseyside le week-end dernier, soulignant \u00e0 la fois l&#39;\u00e9motion qu&#39;elle a apport\u00e9e \u00e0 l&#39;\u00e9quipe et l&#39;importance de s&#39;appuyer sur elle.<\/p>\n<\/p>\n<p>Il a \u00e9galement tenu \u00e0 f\u00e9liciter Freddie Woodman, dont l&#39;apparition inattendue a soulign\u00e9 la n\u00e9cessit\u00e9 pour tout le monde de rester pr\u00eat, surtout compte tenu de nos probl\u00e8mes de blessures.<\/p>\n<\/p>\n<p>A cinq journ\u00e9es de la fin, le message de Van Dijk est simple et direct.<\/p>\n<\/p>\n<p>C&#39;est un appel de ralliement de notre capitaine \u00e0 un moment o\u00f9 nous avons le plus besoin de leadership, et il s&#39;agit d\u00e9sormais de transformer ces mots en performances sur le terrain.<\/p>\n<p><!-- Article End -->\t\t\t\t<\/div>\n","protected":false},"excerpt":{"rendered":"<p>Les efforts de Liverpool pour terminer la saison en force ont \u00e9t\u00e9 parfaitement r\u00e9sum\u00e9s par Virgil van Dijk, le capitaine d\u00e9livrant un message clair et<\/p>\n","protected":false},"author":1,"featured_media":36797,"comment_status":"closed","ping_status":"","sticky":false,"template":"","format":"standard","meta":{"footnotes":""},"categories":[3],"tags":[1929,3258,2681,913,784,4464,815,154,783],"yoast_head":"<!-- This site is optimized with the Yoast SEO plugin v21.0 - https:\/\/yoast.com\/wordpress\/plugins\/seo\/ -->\n<title>Van Dijk lance un avertissement \u00e0 ses co\u00e9quipiers devant Palace \u00e0 Anfield<\/title>\n<meta name=\"robots\" content=\"index, follow, max-snippet:-1, max-image-preview:large, max-video-preview:-1\" \/>\n<link rel=\"canonical\" href=\"https:\/\/footdavant.fr\/actualites\/van-dijk-lance-un-avertissement-a-ses-coequipiers-devant-palace-a-anfield\/\" \/>\n<meta property=\"og:locale\" content=\"fr_FR\" \/>\n<meta property=\"og:type\" content=\"article\" \/>\n<meta property=\"og:title\" content=\"Van Dijk lance un avertissement \u00e0 ses co\u00e9quipiers devant Palace \u00e0 Anfield\" \/>\n<meta property=\"og:description\" content=\"Les efforts de Liverpool pour terminer la saison en force ont \u00e9t\u00e9 parfaitement r\u00e9sum\u00e9s par Virgil van Dijk, le capitaine d\u00e9livrant un message clair et\" \/>\n<meta property=\"og:url\" content=\"https:\/\/footdavant.fr\/actualites\/van-dijk-lance-un-avertissement-a-ses-coequipiers-devant-palace-a-anfield\/\" \/>\n<meta property=\"og:site_name\" content=\"Foot d&#039;avant\" \/>\n<meta property=\"article:publisher\" content=\"https:\/\/www.facebook.com\/Footdavant\/\" \/>\n<meta property=\"article:published_time\" content=\"2026-04-24T22:48:01+00:00\" \/>\n<meta property=\"article:modified_time\" content=\"2026-04-24T22:48:03+00:00\" \/>\n<meta property=\"og:image\" content=\"https:\/\/footdavant.fr\/actualites\/wp-content\/uploads\/2026\/04\/Van-Dijk-lance-un-avertissement-a-ses-coequipiers-devant-Palace.jpg\" \/>\n\t<meta property=\"og:image:width\" content=\"1434\" \/>\n\t<meta property=\"og:image:height\" content=\"807\" \/>\n\t<meta property=\"og:image:type\" content=\"image\/jpeg\" \/>\n<meta name=\"author\" content=\"Cl\u00e9ment\" \/>\n<meta name=\"twitter:card\" content=\"summary_large_image\" \/>\n<meta name=\"twitter:creator\" content=\"@FootdavantFr\" \/>\n<meta name=\"twitter:site\" content=\"@FootdavantFr\" \/>\n<meta name=\"twitter:label1\" content=\"\u00c9crit par\" \/>\n\t<meta name=\"twitter:data1\" content=\"Cl\u00e9ment\" \/>\n\t<meta name=\"twitter:label2\" content=\"Dur\u00e9e de lecture estim\u00e9e\" \/>\n\t<meta name=\"twitter:data2\" content=\"2 minutes\" \/>\n<script type=\"application\/ld+json\" class=\"yoast-schema-graph\">{\"@context\":\"https:\/\/schema.org\",\"@graph\":[{\"@type\":\"Article\",\"@id\":\"https:\/\/footdavant.fr\/actualites\/van-dijk-lance-un-avertissement-a-ses-coequipiers-devant-palace-a-anfield\/#article\",\"isPartOf\":{\"@id\":\"https:\/\/footdavant.fr\/actualites\/van-dijk-lance-un-avertissement-a-ses-coequipiers-devant-palace-a-anfield\/\"},\"author\":{\"name\":\"Cl\u00e9ment\",\"@id\":\"https:\/\/footdavant.fr\/actualites\/#\/schema\/person\/bc222566d95871b37e597b3ed3ba5e1d\"},\"headline\":\"Van Dijk lance un avertissement \u00e0 ses co\u00e9quipiers devant Palace \u00e0 Anfield\",\"datePublished\":\"2026-04-24T22:48:01+00:00\",\"dateModified\":\"2026-04-24T22:48:03+00:00\",\"mainEntityOfPage\":{\"@id\":\"https:\/\/footdavant.fr\/actualites\/van-dijk-lance-un-avertissement-a-ses-coequipiers-devant-palace-a-anfield\/\"},\"wordCount\":430,\"publisher\":{\"@id\":\"https:\/\/footdavant.fr\/actualites\/#organization\"},\"keywords\":[\"Anfield\",\"avertissement\",\"co\u00e9quipiers\",\"devant\",\"Dijk\",\"lance\",\"Palace\",\"ses\",\"van\"],\"articleSection\":[\"Football\"],\"inLanguage\":\"fr-FR\"},{\"@type\":\"WebPage\",\"@id\":\"https:\/\/footdavant.fr\/actualites\/van-dijk-lance-un-avertissement-a-ses-coequipiers-devant-palace-a-anfield\/\",\"url\":\"https:\/\/footdavant.fr\/actualites\/van-dijk-lance-un-avertissement-a-ses-coequipiers-devant-palace-a-anfield\/\",\"name\":\"Van Dijk lance un avertissement \u00e0 ses co\u00e9quipiers devant Palace \u00e0 Anfield\",\"isPartOf\":{\"@id\":\"https:\/\/footdavant.fr\/actualites\/#website\"},\"datePublished\":\"2026-04-24T22:48:01+00:00\",\"dateModified\":\"2026-04-24T22:48:03+00:00\",\"breadcrumb\":{\"@id\":\"https:\/\/footdavant.fr\/actualites\/van-dijk-lance-un-avertissement-a-ses-coequipiers-devant-palace-a-anfield\/#breadcrumb\"},\"inLanguage\":\"fr-FR\",\"potentialAction\":[{\"@type\":\"ReadAction\",\"target\":[\"https:\/\/footdavant.fr\/actualites\/van-dijk-lance-un-avertissement-a-ses-coequipiers-devant-palace-a-anfield\/\"]}]},{\"@type\":\"BreadcrumbList\",\"@id\":\"https:\/\/footdavant.fr\/actualites\/van-dijk-lance-un-avertissement-a-ses-coequipiers-devant-palace-a-anfield\/#breadcrumb\",\"itemListElement\":[{\"@type\":\"ListItem\",\"position\":1,\"name\":\"Accueil\",\"item\":\"https:\/\/footdavant.fr\/actualites\/\"},{\"@type\":\"ListItem\",\"position\":2,\"name\":\"Van Dijk lance un avertissement \u00e0 ses co\u00e9quipiers devant Palace \u00e0 Anfield\"}]},{\"@type\":\"WebSite\",\"@id\":\"https:\/\/footdavant.fr\/actualites\/#website\",\"url\":\"https:\/\/footdavant.fr\/actualites\/\",\"name\":\"Foot d'avant\",\"description\":\"\",\"publisher\":{\"@id\":\"https:\/\/footdavant.fr\/actualites\/#organization\"},\"potentialAction\":[{\"@type\":\"SearchAction\",\"target\":{\"@type\":\"EntryPoint\",\"urlTemplate\":\"https:\/\/footdavant.fr\/actualites\/?s={search_term_string}\"},\"query-input\":\"required name=search_term_string\"}],\"inLanguage\":\"fr-FR\"},{\"@type\":\"Organization\",\"@id\":\"https:\/\/footdavant.fr\/actualites\/#organization\",\"name\":\"Foot d'avant\",\"url\":\"https:\/\/footdavant.fr\/actualites\/\",\"logo\":{\"@type\":\"ImageObject\",\"inLanguage\":\"fr-FR\",\"@id\":\"https:\/\/footdavant.fr\/actualites\/#\/schema\/logo\/image\/\",\"url\":\"https:\/\/footdavant.fr\/actualites\/wp-content\/uploads\/2023\/09\/Copy-of-FootDavant-Logo.png\",\"contentUrl\":\"https:\/\/footdavant.fr\/actualites\/wp-content\/uploads\/2023\/09\/Copy-of-FootDavant-Logo.png\",\"width\":936,\"height\":549,\"caption\":\"Foot d'avant\"},\"image\":{\"@id\":\"https:\/\/footdavant.fr\/actualites\/#\/schema\/logo\/image\/\"},\"sameAs\":[\"https:\/\/www.facebook.com\/Footdavant\/\",\"https:\/\/twitter.com\/FootdavantFr\",\"https:\/\/www.instagram.com\/footdavant.fr\/\"]},{\"@type\":\"Person\",\"@id\":\"https:\/\/footdavant.fr\/actualites\/#\/schema\/person\/bc222566d95871b37e597b3ed3ba5e1d\",\"name\":\"Cl\u00e9ment\",\"image\":{\"@type\":\"ImageObject\",\"inLanguage\":\"fr-FR\",\"@id\":\"https:\/\/footdavant.fr\/actualites\/#\/schema\/person\/image\/\",\"url\":\"https:\/\/secure.gravatar.com\/avatar\/7728b29aac2719421e1a9159b2254c44?s=96&d=mm&r=g\",\"contentUrl\":\"https:\/\/secure.gravatar.com\/avatar\/7728b29aac2719421e1a9159b2254c44?s=96&d=mm&r=g\",\"caption\":\"Cl\u00e9ment\"},\"sameAs\":[\"https:\/\/footdavant.fr\/\"]}]}<\/script>\n<!-- \/ Yoast SEO plugin. -->","yoast_head_json":{"title":"Van Dijk lance un avertissement \u00e0 ses co\u00e9quipiers devant Palace \u00e0 Anfield","robots":{"index":"index","follow":"follow","max-snippet":"max-snippet:-1","max-image-preview":"max-image-preview:large","max-video-preview":"max-video-preview:-1"},"canonical":"https:\/\/footdavant.fr\/actualites\/van-dijk-lance-un-avertissement-a-ses-coequipiers-devant-palace-a-anfield\/","og_locale":"fr_FR","og_type":"article","og_title":"Van Dijk lance un avertissement \u00e0 ses co\u00e9quipiers devant Palace \u00e0 Anfield","og_description":"Les efforts de Liverpool pour terminer la saison en force ont \u00e9t\u00e9 parfaitement r\u00e9sum\u00e9s par Virgil van Dijk, le capitaine d\u00e9livrant un message clair et","og_url":"https:\/\/footdavant.fr\/actualites\/van-dijk-lance-un-avertissement-a-ses-coequipiers-devant-palace-a-anfield\/","og_site_name":"Foot d&#039;avant","article_publisher":"https:\/\/www.facebook.com\/Footdavant\/","article_published_time":"2026-04-24T22:48:01+00:00","article_modified_time":"2026-04-24T22:48:03+00:00","og_image":[{"width":1434,"height":807,"url":"https:\/\/footdavant.fr\/actualites\/wp-content\/uploads\/2026\/04\/Van-Dijk-lance-un-avertissement-a-ses-coequipiers-devant-Palace.jpg","type":"image\/jpeg"}],"author":"Cl\u00e9ment","twitter_card":"summary_large_image","twitter_creator":"@FootdavantFr","twitter_site":"@FootdavantFr","twitter_misc":{"\u00c9crit par":"Cl\u00e9ment","Dur\u00e9e de lecture estim\u00e9e":"2 minutes"},"schema":{"@context":"https:\/\/schema.org","@graph":[{"@type":"Article","@id":"https:\/\/footdavant.fr\/actualites\/van-dijk-lance-un-avertissement-a-ses-coequipiers-devant-palace-a-anfield\/#article","isPartOf":{"@id":"https:\/\/footdavant.fr\/actualites\/van-dijk-lance-un-avertissement-a-ses-coequipiers-devant-palace-a-anfield\/"},"author":{"name":"Cl\u00e9ment","@id":"https:\/\/footdavant.fr\/actualites\/#\/schema\/person\/bc222566d95871b37e597b3ed3ba5e1d"},"headline":"Van Dijk lance un avertissement \u00e0 ses co\u00e9quipiers devant Palace \u00e0 Anfield","datePublished":"2026-04-24T22:48:01+00:00","dateModified":"2026-04-24T22:48:03+00:00","mainEntityOfPage":{"@id":"https:\/\/footdavant.fr\/actualites\/van-dijk-lance-un-avertissement-a-ses-coequipiers-devant-palace-a-anfield\/"},"wordCount":430,"publisher":{"@id":"https:\/\/footdavant.fr\/actualites\/#organization"},"keywords":["Anfield","avertissement","co\u00e9quipiers","devant","Dijk","lance","Palace","ses","van"],"articleSection":["Football"],"inLanguage":"fr-FR"},{"@type":"WebPage","@id":"https:\/\/footdavant.fr\/actualites\/van-dijk-lance-un-avertissement-a-ses-coequipiers-devant-palace-a-anfield\/","url":"https:\/\/footdavant.fr\/actualites\/van-dijk-lance-un-avertissement-a-ses-coequipiers-devant-palace-a-anfield\/","name":"Van Dijk lance un avertissement \u00e0 ses co\u00e9quipiers devant Palace \u00e0 Anfield","isPartOf":{"@id":"https:\/\/footdavant.fr\/actualites\/#website"},"datePublished":"2026-04-24T22:48:01+00:00","dateModified":"2026-04-24T22:48:03+00:00","breadcrumb":{"@id":"https:\/\/footdavant.fr\/actualites\/van-dijk-lance-un-avertissement-a-ses-coequipiers-devant-palace-a-anfield\/#breadcrumb"},"inLanguage":"fr-FR","potentialAction":[{"@type":"ReadAction","target":["https:\/\/footdavant.fr\/actualites\/van-dijk-lance-un-avertissement-a-ses-coequipiers-devant-palace-a-anfield\/"]}]},{"@type":"BreadcrumbList","@id":"https:\/\/footdavant.fr\/actualites\/van-dijk-lance-un-avertissement-a-ses-coequipiers-devant-palace-a-anfield\/#breadcrumb","itemListElement":[{"@type":"ListItem","position":1,"name":"Accueil","item":"https:\/\/footdavant.fr\/actualites\/"},{"@type":"ListItem","position":2,"name":"Van Dijk lance un avertissement \u00e0 ses co\u00e9quipiers devant Palace \u00e0 Anfield"}]},{"@type":"WebSite","@id":"https:\/\/footdavant.fr\/actualites\/#website","url":"https:\/\/footdavant.fr\/actualites\/","name":"Foot d'avant","description":"","publisher":{"@id":"https:\/\/footdavant.fr\/actualites\/#organization"},"potentialAction":[{"@type":"SearchAction","target":{"@type":"EntryPoint","urlTemplate":"https:\/\/footdavant.fr\/actualites\/?s={search_term_string}"},"query-input":"required name=search_term_string"}],"inLanguage":"fr-FR"},{"@type":"Organization","@id":"https:\/\/footdavant.fr\/actualites\/#organization","name":"Foot d'avant","url":"https:\/\/footdavant.fr\/actualites\/","logo":{"@type":"ImageObject","inLanguage":"fr-FR","@id":"https:\/\/footdavant.fr\/actualites\/#\/schema\/logo\/image\/","url":"https:\/\/footdavant.fr\/actualites\/wp-content\/uploads\/2023\/09\/Copy-of-FootDavant-Logo.png","contentUrl":"https:\/\/footdavant.fr\/actualites\/wp-content\/uploads\/2023\/09\/Copy-of-FootDavant-Logo.png","width":936,"height":549,"caption":"Foot d'avant"},"image":{"@id":"https:\/\/footdavant.fr\/actualites\/#\/schema\/logo\/image\/"},"sameAs":["https:\/\/www.facebook.com\/Footdavant\/","https:\/\/twitter.com\/FootdavantFr","https:\/\/www.instagram.com\/footdavant.fr\/"]},{"@type":"Person","@id":"https:\/\/footdavant.fr\/actualites\/#\/schema\/person\/bc222566d95871b37e597b3ed3ba5e1d","name":"Cl\u00e9ment","image":{"@type":"ImageObject","inLanguage":"fr-FR","@id":"https:\/\/footdavant.fr\/actualites\/#\/schema\/person\/image\/","url":"https:\/\/secure.gravatar.com\/avatar\/7728b29aac2719421e1a9159b2254c44?s=96&d=mm&r=g","contentUrl":"https:\/\/secure.gravatar.com\/avatar\/7728b29aac2719421e1a9159b2254c44?s=96&d=mm&r=g","caption":"Cl\u00e9ment"},"sameAs":["https:\/\/footdavant.fr\/"]}]}},"_links":{"self":[{"href":"https:\/\/footdavant.fr\/actualites\/wp-json\/wp\/v2\/posts\/36796"}],"collection":[{"href":"https:\/\/footdavant.fr\/actualites\/wp-json\/wp\/v2\/posts"}],"about":[{"href":"https:\/\/footdavant.fr\/actualites\/wp-json\/wp\/v2\/types\/post"}],"author":[{"embeddable":true,"href":"https:\/\/footdavant.fr\/actualites\/wp-json\/wp\/v2\/users\/1"}],"replies":[{"embeddable":true,"href":"https:\/\/footdavant.fr\/actualites\/wp-json\/wp\/v2\/comments?post=36796"}],"version-history":[{"count":1,"href":"https:\/\/footdavant.fr\/actualites\/wp-json\/wp\/v2\/posts\/36796\/revisions"}],"predecessor-version":[{"id":36798,"href":"https:\/\/footdavant.fr\/actualites\/wp-json\/wp\/v2\/posts\/36796\/revisions\/36798"}],"wp:featuredmedia":[{"embeddable":true,"href":"https:\/\/footdavant.fr\/actualites\/wp-json\/wp\/v2\/media\/36797"}],"wp:attachment":[{"href":"https:\/\/footdavant.fr\/actualites\/wp-json\/wp\/v2\/media?parent=36796"}],"wp:term":[{"taxonomy":"category","embeddable":true,"href":"https:\/\/footdavant.fr\/actualites\/wp-json\/wp\/v2\/categories?post=36796"},{"taxonomy":"post_tag","embeddable":true,"href":"https:\/\/footdavant.fr\/actualites\/wp-json\/wp\/v2\/tags?post=36796"}],"curies":[{"name":"wp","href":"https:\/\/api.w.org\/{rel}","templated":true}]}}