{"id":36799,"date":"2026-04-25T02:48:04","date_gmt":"2026-04-25T00:48:04","guid":{"rendered":"https:\/\/footdavant.fr\/actualites\/nouvelles-du-transfert-de-leeds-united-les-blancs-en-contact-avec-liverpool-au-sujet-de-la-signature-du-milieu-de-terrain\/"},"modified":"2026-04-25T02:48:06","modified_gmt":"2026-04-25T00:48:06","slug":"nouvelles-du-transfert-de-leeds-united-les-blancs-en-contact-avec-liverpool-au-sujet-de-la-signature-du-milieu-de-terrain","status":"publish","type":"post","link":"https:\/\/footdavant.fr\/actualites\/nouvelles-du-transfert-de-leeds-united-les-blancs-en-contact-avec-liverpool-au-sujet-de-la-signature-du-milieu-de-terrain\/","title":{"rendered":"Nouvelles du transfert de Leeds United: les Blancs \u00ab en contact \u00bb avec Liverpool au sujet de la signature du milieu de terrain"},"content":{"rendered":"<div itemprop=\"articleBody\">\n<p>Leeds United aurait \u00e9t\u00e9 contact\u00e9 par Liverpool au sujet d&#39;un \u00e9ventuel transfert d&#39;Harvey Elliott cet \u00e9t\u00e9.<\/p>\n<p>Le joueur de 23 ans entre certainement dans la cat\u00e9gorie d&#39;un joueur qui devrait quitter le club d&#39;Anfield pendant la p\u00e9riode d&#39;\u00e9change hors saison, avec potentiellement neuf noms de la premi\u00e8re \u00e9quipe quittant l&#39;\u00e9quipe du Merseyside.<\/p>\n<p>Soi-disant m\u00e9content de son manque de d\u00e9parts en Premier League pour l&#39;\u00e9quipe d&#39;Arne Slot, le milieu de terrain Curtis Jones serait \u00e0 la recherche d&#39;un changement, avec Aston Villa en Ligue des Champions comme destination possible.<\/p>\n<p>Passant la campagne 2025-26 en pr\u00eat dans la Second City \u00e0 Villa Park, Elliott n&#39;a r\u00e9ussi que 110 minutes de haut vol pour les Villans, qui se dirigent vers un top cinq de la Premier League.<\/p>\n<p>De retour au club parent du milieu de terrain, Slot devrait conserver son r\u00f4le de manager \u00e0 Anfield pour la nouvelle saison, m\u00eame si les Reds ne sont pas du tout au m\u00eame rythme de course au titre qu&#39;Arsenal et Manchester City cette saison.<\/p>\n<div>\n<div>\n<p>\u00a9 Imago \/ Photo de propagande<\/p>\n<\/div>\n<\/div>\n<h2>Leeds contact\u00e9 pour l\u2019accord avec Elliott ?<\/h2>\n<p>Selon <em>Discussion en \u00e9quipe<\/em>L&#39;international anglais des moins de 21 ans Elliott n&#39;a pas d&#39;avenir en \u00e9quipe premi\u00e8re chez les champions actuels de Premier League tandis que l&#39;entra\u00eeneur-chef Slot reste dans l&#39;abri du Merseyside.<\/p>\n<p>En cons\u00e9quence, il est entendu qu\u2019une s\u00e9paration sera la meilleure option pour le joueur et le club cet \u00e9t\u00e9, les Reds cherchant activement \u00e0 se d\u00e9barrasser de leur milieu de terrain dans les mois \u00e0 venir.<\/p>\n<p>En fait, le rapport indique que Liverpool a \u00e9t\u00e9 en contact avec cinq rivaux de Premier League au sujet de la signature potentielle d&#39;Elliott, qui n&#39;est pas recherch\u00e9 par le club de pr\u00eat Aston Villa apr\u00e8s la fin du mandat en cours.<\/p>\n<p>On pense que Leeds est l&#39;une des \u00e9quipes en lice pour s&#39;assurer les services de l&#39;ancien homme des Blackburn Rovers pour la saison prochaine, les Blancos cherchant \u00e0 consolider leur statut d&#39;\u00e9quipe \u00e9tablie de haut vol.<\/p>\n<p>Outre les hommes de Daniel Farke, Brighton &#038; Hove Albion, Brentford, Newcastle United et Fulham se sont vu offrir la possibilit\u00e9 de recruter Elliott, ce dernier b\u00e9n\u00e9ficiant bri\u00e8vement des services du milieu de terrain au cours de la saison 2018-19.<\/p>\n<div>\n<div><img decoding=\"async\" data-img-id=\"152391\" class=\"lazy\" loading=\"lazy\" src=\"https:\/\/footdavant.fr\/actualites\/wp-content\/uploads\/2026\/04\/1777078084_252_Nouvelles-du-transfert-de-Leeds-United-les-Blancs-en.webp\"\/><\/p>\n<p>\u00a9 Imago<\/p>\n<\/div>\n<\/div>\n<h2>Le cauchemar de la Villa Elliott<\/h2>\n<p>Lors du mercato d&#39;\u00e9t\u00e9 2025, Aston Villa a annonc\u00e9 la signature d&#39;un pr\u00eat du h\u00e9ros de Liverpool Elliott avec obligation d&#39;achat \u00e0 la fin de la saison, signalant clairement son intention au joueur.<\/p>\n<p>Cependant, le joueur de 23 ans n&#39;a pas r\u00e9ussi \u00e0 avoir un impact positif dans Second City et ne fait pas partie des plans d&#39;Emery pour l&#39;avenir &#8211; une situation assez d\u00e9routante compte tenu de sa r\u00e9cente arriv\u00e9e \u00e0 Villa Park.<\/p>\n<p>Pour garantir que la clause d\u2019obligation d\u2019achat totalisant 35 millions de livres sterling ne soit pas d\u00e9clench\u00e9e, les Villans doivent \u00e9viter que le milieu de terrain fasse 10 apparitions ou plus en Premier League au cours de la saison 2025-26.<\/p>\n<\/div>\n","protected":false},"excerpt":{"rendered":"<p>Leeds United aurait \u00e9t\u00e9 contact\u00e9 par Liverpool au sujet d&#39;un \u00e9ventuel transfert d&#39;Harvey Elliott cet \u00e9t\u00e9. Le joueur de 23 ans entre certainement dans la<\/p>\n","protected":false},"author":1,"featured_media":36800,"comment_status":"closed","ping_status":"","sticky":false,"template":"","format":"standard","meta":{"footnotes":""},"categories":[5],"tags":[91,10406,2370,121,93,53,441,461,449,1976,442,700,13],"yoast_head":"<!-- This site is optimized with the Yoast SEO plugin v21.0 - https:\/\/yoast.com\/wordpress\/plugins\/seo\/ -->\n<title>Nouvelles du transfert de Leeds United: les Blancs \u00ab en contact \u00bb avec Liverpool au sujet de la signature du milieu de terrain<\/title>\n<meta name=\"robots\" content=\"index, follow, max-snippet:-1, max-image-preview:large, max-video-preview:-1\" \/>\n<link rel=\"canonical\" href=\"https:\/\/footdavant.fr\/actualites\/nouvelles-du-transfert-de-leeds-united-les-blancs-en-contact-avec-liverpool-au-sujet-de-la-signature-du-milieu-de-terrain\/\" \/>\n<meta property=\"og:locale\" content=\"fr_FR\" \/>\n<meta property=\"og:type\" content=\"article\" \/>\n<meta property=\"og:title\" content=\"Nouvelles du transfert de Leeds United: les Blancs \u00ab en contact \u00bb avec Liverpool au sujet de la signature du milieu de terrain\" \/>\n<meta property=\"og:description\" content=\"Leeds United aurait \u00e9t\u00e9 contact\u00e9 par Liverpool au sujet d&#039;un \u00e9ventuel transfert d&#039;Harvey Elliott cet \u00e9t\u00e9. Le joueur de 23 ans entre certainement dans la\" \/>\n<meta property=\"og:url\" content=\"https:\/\/footdavant.fr\/actualites\/nouvelles-du-transfert-de-leeds-united-les-blancs-en-contact-avec-liverpool-au-sujet-de-la-signature-du-milieu-de-terrain\/\" \/>\n<meta property=\"og:site_name\" content=\"Foot d&#039;avant\" \/>\n<meta property=\"article:publisher\" content=\"https:\/\/www.facebook.com\/Footdavant\/\" \/>\n<meta property=\"article:published_time\" content=\"2026-04-25T00:48:04+00:00\" \/>\n<meta property=\"article:modified_time\" content=\"2026-04-25T00:48:06+00:00\" \/>\n<meta property=\"og:image\" content=\"https:\/\/footdavant.fr\/actualites\/wp-content\/uploads\/2026\/04\/Nouvelles-du-transfert-de-Leeds-United-les-Blancs-en.net2Fuploads2F20252F102Fdaniel-farke-68f.webp\" \/>\n\t<meta property=\"og:image:width\" content=\"720\" \/>\n\t<meta property=\"og:image:height\" content=\"410\" \/>\n\t<meta property=\"og:image:type\" content=\"image\/webp\" \/>\n<meta name=\"author\" content=\"Cl\u00e9ment\" \/>\n<meta name=\"twitter:card\" content=\"summary_large_image\" \/>\n<meta name=\"twitter:creator\" content=\"@FootdavantFr\" \/>\n<meta name=\"twitter:site\" content=\"@FootdavantFr\" \/>\n<meta name=\"twitter:label1\" content=\"\u00c9crit par\" \/>\n\t<meta name=\"twitter:data1\" content=\"Cl\u00e9ment\" \/>\n\t<meta name=\"twitter:label2\" content=\"Dur\u00e9e de lecture estim\u00e9e\" \/>\n\t<meta name=\"twitter:data2\" content=\"3 minutes\" \/>\n<script type=\"application\/ld+json\" class=\"yoast-schema-graph\">{\"@context\":\"https:\/\/schema.org\",\"@graph\":[{\"@type\":\"Article\",\"@id\":\"https:\/\/footdavant.fr\/actualites\/nouvelles-du-transfert-de-leeds-united-les-blancs-en-contact-avec-liverpool-au-sujet-de-la-signature-du-milieu-de-terrain\/#article\",\"isPartOf\":{\"@id\":\"https:\/\/footdavant.fr\/actualites\/nouvelles-du-transfert-de-leeds-united-les-blancs-en-contact-avec-liverpool-au-sujet-de-la-signature-du-milieu-de-terrain\/\"},\"author\":{\"name\":\"Cl\u00e9ment\",\"@id\":\"https:\/\/footdavant.fr\/actualites\/#\/schema\/person\/bc222566d95871b37e597b3ed3ba5e1d\"},\"headline\":\"Nouvelles du transfert de Leeds United: les Blancs \u00ab en contact \u00bb avec Liverpool au sujet de la signature du milieu de terrain\",\"datePublished\":\"2026-04-25T00:48:04+00:00\",\"dateModified\":\"2026-04-25T00:48:06+00:00\",\"mainEntityOfPage\":{\"@id\":\"https:\/\/footdavant.fr\/actualites\/nouvelles-du-transfert-de-leeds-united-les-blancs-en-contact-avec-liverpool-au-sujet-de-la-signature-du-milieu-de-terrain\/\"},\"wordCount\":550,\"publisher\":{\"@id\":\"https:\/\/footdavant.fr\/actualites\/#organization\"},\"keywords\":[\"avec\",\"Blancs\",\"contact\",\"Leeds\",\"les\",\"Liverpool\",\"milieu\",\"Nouvelles\",\"signature\",\"sujet\",\"terrain\",\"transfert\",\"United\"],\"articleSection\":[\"Premier League\"],\"inLanguage\":\"fr-FR\"},{\"@type\":\"WebPage\",\"@id\":\"https:\/\/footdavant.fr\/actualites\/nouvelles-du-transfert-de-leeds-united-les-blancs-en-contact-avec-liverpool-au-sujet-de-la-signature-du-milieu-de-terrain\/\",\"url\":\"https:\/\/footdavant.fr\/actualites\/nouvelles-du-transfert-de-leeds-united-les-blancs-en-contact-avec-liverpool-au-sujet-de-la-signature-du-milieu-de-terrain\/\",\"name\":\"Nouvelles du transfert de Leeds United: les Blancs \u00ab en contact \u00bb avec Liverpool au sujet de la signature du milieu de terrain\",\"isPartOf\":{\"@id\":\"https:\/\/footdavant.fr\/actualites\/#website\"},\"datePublished\":\"2026-04-25T00:48:04+00:00\",\"dateModified\":\"2026-04-25T00:48:06+00:00\",\"breadcrumb\":{\"@id\":\"https:\/\/footdavant.fr\/actualites\/nouvelles-du-transfert-de-leeds-united-les-blancs-en-contact-avec-liverpool-au-sujet-de-la-signature-du-milieu-de-terrain\/#breadcrumb\"},\"inLanguage\":\"fr-FR\",\"potentialAction\":[{\"@type\":\"ReadAction\",\"target\":[\"https:\/\/footdavant.fr\/actualites\/nouvelles-du-transfert-de-leeds-united-les-blancs-en-contact-avec-liverpool-au-sujet-de-la-signature-du-milieu-de-terrain\/\"]}]},{\"@type\":\"BreadcrumbList\",\"@id\":\"https:\/\/footdavant.fr\/actualites\/nouvelles-du-transfert-de-leeds-united-les-blancs-en-contact-avec-liverpool-au-sujet-de-la-signature-du-milieu-de-terrain\/#breadcrumb\",\"itemListElement\":[{\"@type\":\"ListItem\",\"position\":1,\"name\":\"Accueil\",\"item\":\"https:\/\/footdavant.fr\/actualites\/\"},{\"@type\":\"ListItem\",\"position\":2,\"name\":\"Nouvelles du transfert de Leeds United: les Blancs \u00ab en contact \u00bb avec Liverpool au sujet de la signature du milieu de terrain\"}]},{\"@type\":\"WebSite\",\"@id\":\"https:\/\/footdavant.fr\/actualites\/#website\",\"url\":\"https:\/\/footdavant.fr\/actualites\/\",\"name\":\"Foot d'avant\",\"description\":\"\",\"publisher\":{\"@id\":\"https:\/\/footdavant.fr\/actualites\/#organization\"},\"potentialAction\":[{\"@type\":\"SearchAction\",\"target\":{\"@type\":\"EntryPoint\",\"urlTemplate\":\"https:\/\/footdavant.fr\/actualites\/?s={search_term_string}\"},\"query-input\":\"required name=search_term_string\"}],\"inLanguage\":\"fr-FR\"},{\"@type\":\"Organization\",\"@id\":\"https:\/\/footdavant.fr\/actualites\/#organization\",\"name\":\"Foot d'avant\",\"url\":\"https:\/\/footdavant.fr\/actualites\/\",\"logo\":{\"@type\":\"ImageObject\",\"inLanguage\":\"fr-FR\",\"@id\":\"https:\/\/footdavant.fr\/actualites\/#\/schema\/logo\/image\/\",\"url\":\"https:\/\/footdavant.fr\/actualites\/wp-content\/uploads\/2023\/09\/Copy-of-FootDavant-Logo.png\",\"contentUrl\":\"https:\/\/footdavant.fr\/actualites\/wp-content\/uploads\/2023\/09\/Copy-of-FootDavant-Logo.png\",\"width\":936,\"height\":549,\"caption\":\"Foot d'avant\"},\"image\":{\"@id\":\"https:\/\/footdavant.fr\/actualites\/#\/schema\/logo\/image\/\"},\"sameAs\":[\"https:\/\/www.facebook.com\/Footdavant\/\",\"https:\/\/twitter.com\/FootdavantFr\",\"https:\/\/www.instagram.com\/footdavant.fr\/\"]},{\"@type\":\"Person\",\"@id\":\"https:\/\/footdavant.fr\/actualites\/#\/schema\/person\/bc222566d95871b37e597b3ed3ba5e1d\",\"name\":\"Cl\u00e9ment\",\"image\":{\"@type\":\"ImageObject\",\"inLanguage\":\"fr-FR\",\"@id\":\"https:\/\/footdavant.fr\/actualites\/#\/schema\/person\/image\/\",\"url\":\"https:\/\/secure.gravatar.com\/avatar\/7728b29aac2719421e1a9159b2254c44?s=96&d=mm&r=g\",\"contentUrl\":\"https:\/\/secure.gravatar.com\/avatar\/7728b29aac2719421e1a9159b2254c44?s=96&d=mm&r=g\",\"caption\":\"Cl\u00e9ment\"},\"sameAs\":[\"https:\/\/footdavant.fr\/\"]}]}<\/script>\n<!-- \/ Yoast SEO plugin. -->","yoast_head_json":{"title":"Nouvelles du transfert de Leeds United: les Blancs \u00ab en contact \u00bb avec Liverpool au sujet de la signature du milieu de terrain","robots":{"index":"index","follow":"follow","max-snippet":"max-snippet:-1","max-image-preview":"max-image-preview:large","max-video-preview":"max-video-preview:-1"},"canonical":"https:\/\/footdavant.fr\/actualites\/nouvelles-du-transfert-de-leeds-united-les-blancs-en-contact-avec-liverpool-au-sujet-de-la-signature-du-milieu-de-terrain\/","og_locale":"fr_FR","og_type":"article","og_title":"Nouvelles du transfert de Leeds United: les Blancs \u00ab en contact \u00bb avec Liverpool au sujet de la signature du milieu de terrain","og_description":"Leeds United aurait \u00e9t\u00e9 contact\u00e9 par Liverpool au sujet d&#39;un \u00e9ventuel transfert d&#39;Harvey Elliott cet \u00e9t\u00e9. Le joueur de 23 ans entre certainement dans la","og_url":"https:\/\/footdavant.fr\/actualites\/nouvelles-du-transfert-de-leeds-united-les-blancs-en-contact-avec-liverpool-au-sujet-de-la-signature-du-milieu-de-terrain\/","og_site_name":"Foot d&#039;avant","article_publisher":"https:\/\/www.facebook.com\/Footdavant\/","article_published_time":"2026-04-25T00:48:04+00:00","article_modified_time":"2026-04-25T00:48:06+00:00","og_image":[{"width":720,"height":410,"url":"https:\/\/footdavant.fr\/actualites\/wp-content\/uploads\/2026\/04\/Nouvelles-du-transfert-de-Leeds-United-les-Blancs-en.net2Fuploads2F20252F102Fdaniel-farke-68f.webp","type":"image\/webp"}],"author":"Cl\u00e9ment","twitter_card":"summary_large_image","twitter_creator":"@FootdavantFr","twitter_site":"@FootdavantFr","twitter_misc":{"\u00c9crit par":"Cl\u00e9ment","Dur\u00e9e de lecture estim\u00e9e":"3 minutes"},"schema":{"@context":"https:\/\/schema.org","@graph":[{"@type":"Article","@id":"https:\/\/footdavant.fr\/actualites\/nouvelles-du-transfert-de-leeds-united-les-blancs-en-contact-avec-liverpool-au-sujet-de-la-signature-du-milieu-de-terrain\/#article","isPartOf":{"@id":"https:\/\/footdavant.fr\/actualites\/nouvelles-du-transfert-de-leeds-united-les-blancs-en-contact-avec-liverpool-au-sujet-de-la-signature-du-milieu-de-terrain\/"},"author":{"name":"Cl\u00e9ment","@id":"https:\/\/footdavant.fr\/actualites\/#\/schema\/person\/bc222566d95871b37e597b3ed3ba5e1d"},"headline":"Nouvelles du transfert de Leeds United: les Blancs \u00ab en contact \u00bb avec Liverpool au sujet de la signature du milieu de terrain","datePublished":"2026-04-25T00:48:04+00:00","dateModified":"2026-04-25T00:48:06+00:00","mainEntityOfPage":{"@id":"https:\/\/footdavant.fr\/actualites\/nouvelles-du-transfert-de-leeds-united-les-blancs-en-contact-avec-liverpool-au-sujet-de-la-signature-du-milieu-de-terrain\/"},"wordCount":550,"publisher":{"@id":"https:\/\/footdavant.fr\/actualites\/#organization"},"keywords":["avec","Blancs","contact","Leeds","les","Liverpool","milieu","Nouvelles","signature","sujet","terrain","transfert","United"],"articleSection":["Premier League"],"inLanguage":"fr-FR"},{"@type":"WebPage","@id":"https:\/\/footdavant.fr\/actualites\/nouvelles-du-transfert-de-leeds-united-les-blancs-en-contact-avec-liverpool-au-sujet-de-la-signature-du-milieu-de-terrain\/","url":"https:\/\/footdavant.fr\/actualites\/nouvelles-du-transfert-de-leeds-united-les-blancs-en-contact-avec-liverpool-au-sujet-de-la-signature-du-milieu-de-terrain\/","name":"Nouvelles du transfert de Leeds United: les Blancs \u00ab en contact \u00bb avec Liverpool au sujet de la signature du milieu de terrain","isPartOf":{"@id":"https:\/\/footdavant.fr\/actualites\/#website"},"datePublished":"2026-04-25T00:48:04+00:00","dateModified":"2026-04-25T00:48:06+00:00","breadcrumb":{"@id":"https:\/\/footdavant.fr\/actualites\/nouvelles-du-transfert-de-leeds-united-les-blancs-en-contact-avec-liverpool-au-sujet-de-la-signature-du-milieu-de-terrain\/#breadcrumb"},"inLanguage":"fr-FR","potentialAction":[{"@type":"ReadAction","target":["https:\/\/footdavant.fr\/actualites\/nouvelles-du-transfert-de-leeds-united-les-blancs-en-contact-avec-liverpool-au-sujet-de-la-signature-du-milieu-de-terrain\/"]}]},{"@type":"BreadcrumbList","@id":"https:\/\/footdavant.fr\/actualites\/nouvelles-du-transfert-de-leeds-united-les-blancs-en-contact-avec-liverpool-au-sujet-de-la-signature-du-milieu-de-terrain\/#breadcrumb","itemListElement":[{"@type":"ListItem","position":1,"name":"Accueil","item":"https:\/\/footdavant.fr\/actualites\/"},{"@type":"ListItem","position":2,"name":"Nouvelles du transfert de Leeds United: les Blancs \u00ab en contact \u00bb avec Liverpool au sujet de la signature du milieu de terrain"}]},{"@type":"WebSite","@id":"https:\/\/footdavant.fr\/actualites\/#website","url":"https:\/\/footdavant.fr\/actualites\/","name":"Foot d'avant","description":"","publisher":{"@id":"https:\/\/footdavant.fr\/actualites\/#organization"},"potentialAction":[{"@type":"SearchAction","target":{"@type":"EntryPoint","urlTemplate":"https:\/\/footdavant.fr\/actualites\/?s={search_term_string}"},"query-input":"required name=search_term_string"}],"inLanguage":"fr-FR"},{"@type":"Organization","@id":"https:\/\/footdavant.fr\/actualites\/#organization","name":"Foot d'avant","url":"https:\/\/footdavant.fr\/actualites\/","logo":{"@type":"ImageObject","inLanguage":"fr-FR","@id":"https:\/\/footdavant.fr\/actualites\/#\/schema\/logo\/image\/","url":"https:\/\/footdavant.fr\/actualites\/wp-content\/uploads\/2023\/09\/Copy-of-FootDavant-Logo.png","contentUrl":"https:\/\/footdavant.fr\/actualites\/wp-content\/uploads\/2023\/09\/Copy-of-FootDavant-Logo.png","width":936,"height":549,"caption":"Foot d'avant"},"image":{"@id":"https:\/\/footdavant.fr\/actualites\/#\/schema\/logo\/image\/"},"sameAs":["https:\/\/www.facebook.com\/Footdavant\/","https:\/\/twitter.com\/FootdavantFr","https:\/\/www.instagram.com\/footdavant.fr\/"]},{"@type":"Person","@id":"https:\/\/footdavant.fr\/actualites\/#\/schema\/person\/bc222566d95871b37e597b3ed3ba5e1d","name":"Cl\u00e9ment","image":{"@type":"ImageObject","inLanguage":"fr-FR","@id":"https:\/\/footdavant.fr\/actualites\/#\/schema\/person\/image\/","url":"https:\/\/secure.gravatar.com\/avatar\/7728b29aac2719421e1a9159b2254c44?s=96&d=mm&r=g","contentUrl":"https:\/\/secure.gravatar.com\/avatar\/7728b29aac2719421e1a9159b2254c44?s=96&d=mm&r=g","caption":"Cl\u00e9ment"},"sameAs":["https:\/\/footdavant.fr\/"]}]}},"_links":{"self":[{"href":"https:\/\/footdavant.fr\/actualites\/wp-json\/wp\/v2\/posts\/36799"}],"collection":[{"href":"https:\/\/footdavant.fr\/actualites\/wp-json\/wp\/v2\/posts"}],"about":[{"href":"https:\/\/footdavant.fr\/actualites\/wp-json\/wp\/v2\/types\/post"}],"author":[{"embeddable":true,"href":"https:\/\/footdavant.fr\/actualites\/wp-json\/wp\/v2\/users\/1"}],"replies":[{"embeddable":true,"href":"https:\/\/footdavant.fr\/actualites\/wp-json\/wp\/v2\/comments?post=36799"}],"version-history":[{"count":1,"href":"https:\/\/footdavant.fr\/actualites\/wp-json\/wp\/v2\/posts\/36799\/revisions"}],"predecessor-version":[{"id":36801,"href":"https:\/\/footdavant.fr\/actualites\/wp-json\/wp\/v2\/posts\/36799\/revisions\/36801"}],"wp:featuredmedia":[{"embeddable":true,"href":"https:\/\/footdavant.fr\/actualites\/wp-json\/wp\/v2\/media\/36800"}],"wp:attachment":[{"href":"https:\/\/footdavant.fr\/actualites\/wp-json\/wp\/v2\/media?parent=36799"}],"wp:term":[{"taxonomy":"category","embeddable":true,"href":"https:\/\/footdavant.fr\/actualites\/wp-json\/wp\/v2\/categories?post=36799"},{"taxonomy":"post_tag","embeddable":true,"href":"https:\/\/footdavant.fr\/actualites\/wp-json\/wp\/v2\/tags?post=36799"}],"curies":[{"name":"wp","href":"https:\/\/api.w.org\/{rel}","templated":true}]}}