{"id":36802,"date":"2026-04-25T04:48:15","date_gmt":"2026-04-25T02:48:15","guid":{"rendered":"https:\/\/footdavant.fr\/actualites\/resultat-de-la-saison-nottingham-forest-se-rejouit-dune-enorme-victoire-et-avance-de-huit-points-sur-la-relegation\/"},"modified":"2026-04-25T04:48:17","modified_gmt":"2026-04-25T02:48:17","slug":"resultat-de-la-saison-nottingham-forest-se-rejouit-dune-enorme-victoire-et-avance-de-huit-points-sur-la-relegation","status":"publish","type":"post","link":"https:\/\/footdavant.fr\/actualites\/resultat-de-la-saison-nottingham-forest-se-rejouit-dune-enorme-victoire-et-avance-de-huit-points-sur-la-relegation\/","title":{"rendered":"\u00ab\u00a0R\u00e9sultat de la saison\u00a0\u00bb &#8211; Nottingham Forest se r\u00e9jouit d&#39;une \u00e9norme victoire et avance de huit points sur la rel\u00e9gation"},"content":{"rendered":"<div>\n<p>Nottingham Forest a r\u00e9alis\u00e9 l&#39;une de ses plus belles performances depuis des ann\u00e9es pour battre Sunderland 5-0 au Stadium of Light vendredi soir, ouvrant grand la bataille de rel\u00e9gation avec un blitz \u00e0 couper le souffle en premi\u00e8re mi-temps qui les a \u00e9loign\u00e9s de huit points des trois derniers.<\/p>\n<p>Le but contre son camp de Trai Hume \u00e0 la 17e minute a d\u00e9clench\u00e9 une fr\u00e9n\u00e9sie \u00e9poustouflante en premi\u00e8re mi-temps. Chris Wood a ajout\u00e9 une seconde \u00e0 la 31e minute, Morgan Gibbs-White a marqu\u00e9 trois \u00e0 la 34e et Igor Jesus a couronn\u00e9 une ouverture extraordinaire de 45 minutes en glissant un quatri\u00e8me \u00e0 la 37e. <\/p>\n<p>Elliot Anderson, de retour sur le c\u00f4t\u00e9 apr\u00e8s le d\u00e9c\u00e8s de sa m\u00e8re, a cl\u00f4tur\u00e9 une soir\u00e9e parfaite avec une finition calme en profondeur dans les arr\u00eats de jeu.<\/p>\n<p>Forest a d\u00e9sormais cinq points d&#39;avance sur West Ham, 17e, avec cinq matchs \u00e0 jouer, tandis que Tottenham est \u00e0 huit points de retard en 18e.<\/p>\n<p>\u00ab\u00a0La cl\u00e9 \u00e9tait de b\u00e2tir sur ce que nous avons fait en seconde p\u00e9riode la semaine derni\u00e8re\u00a0\u00bb, a d\u00e9clar\u00e9 Chris Wood, qui avait eu du mal \u00e0 trouver le chemin des filets \u00e0 son retour de blessure. \u00ab\u00a0Nous voulions continuer \u00e0 construire, nous am\u00e9liorer et montrer de quoi nous sommes capables. Commencer vite et faire ce que nous avons fait aujourd&#39;hui \u00e9tait fantastique.\u00a0\u00bb<\/p>\n<h2 class=\"wp-block-heading\"><span id=\"Anderson8217s_tribute_to_his_mum\">L&#39;hommage d&#39;Anderson \u00e0 sa m\u00e8re<\/span><\/h2>\n<figure class=\"wp-block-image size-large\"><picture decoding=\"async\" class=\"wp-image-125689\"><source type=\"image\/webp\"  \/><\/picture>\n<\/figure>\n<p>Le moment le plus \u00e9mouvant de la soir\u00e9e est survenu lorsqu&#39;Anderson, qui avait rat\u00e9 le quart de finale aller de la Ligue Europa en raison de son deuil, s&#39;est calmement converti dans les arr\u00eats de jeu pour inscrire son nom sur la feuille de match.<\/p>\n<p>\u00ab\u00a0Nous sommes sur une bonne lanc\u00e9e en ce moment. Cela a pris du temps mais nous croyons pleinement en nous\u00a0\u00bb, a-t-il d\u00e9clar\u00e9. \u00ab\u00a0Je sais juste que ma m\u00e8re aurait \u00e9t\u00e9 tr\u00e8s fi\u00e8re de celui-l\u00e0, donc je suis heureuse.\u00a0\u00bb<\/p>\n<p>Wood a \u00e9t\u00e9 \u00e9galement \u00e9mu par la contribution d&#39;Anderson au cours des deux \u00e9tapes de cette course foresti\u00e8re renaissante.<\/p>\n<p>\u00ab\u00a0C&#39;est un homme extraordinaire. Les choses que lui et sa famille ont v\u00e9cues au cours des deux derni\u00e8res semaines sont vraiment d\u00e9chirantes et il faut un grand caract\u00e8re et un gars fort pour sortir et performer comme il l&#39;a fait la semaine derni\u00e8re et aujourd&#39;hui. Cet objectif \u00e9tait un hommage \u00e0 sa m\u00e8re et Helen est toujours dans nos pens\u00e9es. \u00ab\u00a0<\/p>\n<h2 class=\"wp-block-heading\"><span id=\"Gibbs-White_hunting_England_call-up\">Gibbs-White chasse la convocation de l\u2019Angleterre<\/span><\/h2>\n<p>Le capitaine Morgan Gibbs-White, qui compte d\u00e9sormais sept buts lors de ses sept derniers matches de Premier League apr\u00e8s le tripl\u00e9 du week-end dernier contre Burnley, \u00e9tait exub\u00e9rant apr\u00e8s le coup de sifflet final.<\/p>\n<p>\u00ab\u00a0Sp\u00e9cial, je ne pensais pas que nous pourrions \u00eatre meilleurs l&#39;autre jour, mais nous l&#39;avons encore fait. Merci aux gar\u00e7ons et \u00e0 la confiance que nous avons dans le vestiaire en ce moment avant les matchs.<\/p>\n<figure class=\"wp-block-image size-large\"><picture decoding=\"async\" class=\"wp-image-88852\"><source type=\"image\/webp\" data-lazy- \/><img loading=\"lazy\" decoding=\"async\" width=\"1024\" height=\"768\" http:=\"\" alt=\"Morgan Gibbs-White, milieu de terrain de Nottingham Forest\"  data-lazy- src=\"https:\/\/footdavant.fr\/actualites\/wp-content\/uploads\/2026\/04\/1777085295_271_Resultat-de-la-saison-Nottingham-Forest-se-rejouit-d39une.jpg\"\/><img loading=\"lazy\" decoding=\"async\" width=\"1024\" height=\"768\" src=\"https:\/\/footdavant.fr\/actualites\/wp-content\/uploads\/2026\/04\/1777085295_271_Resultat-de-la-saison-Nottingham-Forest-se-rejouit-d39une.jpg\" alt=\"Morgan Gibbs-White, milieu de terrain de Nottingham Forest\"  \/>\n<\/picture>\n<\/figure>\n<p>\u00ab\u00a0Cela vient en grande partie du manager, qui fait confiance \u00e0 ses joueurs et nous donne confiance lors des entra\u00eenements et nous permet de r\u00e9aliser de bonnes performances. Nous avons toujours su que nous avions ce caract\u00e8re, le d\u00e9but de la saison a \u00e9t\u00e9 difficile, mais maintenant nous sommes install\u00e9s. Nous avons une bonne fa\u00e7on de jouer et nous nous comprenons. Les gar\u00e7ons ont fait un match incroyable.\u00a0\u00bb<\/p>\n<p>Gibbs-White a \u00e9galement r\u00e9v\u00e9l\u00e9 la r\u00e9flexion qui l&#39;a amen\u00e9 \u00e0 faire passer Wood pour le deuxi\u00e8me but plut\u00f4t que d&#39;y aller lui-m\u00eame.<\/p>\n<p>\u00ab\u00a0Il a eu une p\u00e9riode difficile, \u00e9tant absent depuis si longtemps. Il y avait quelques matchs mais il n&#39;avait toujours pas marqu\u00e9 ce but, donc la premi\u00e8re pens\u00e9e dans mon esprit a \u00e9t\u00e9 de lui passer le ballon. Il le m\u00e9rite, il a travaill\u00e9 si dur pour revenir pr\u00eat pour la fin de la saison et aider les gar\u00e7ons. Je n&#39;avais aucun doute qu&#39;il le mettrait de c\u00f4t\u00e9. Quand il a touch\u00e9, j&#39;ai pens\u00e9 qu&#39;il \u00e9tait hors-jeu. Mais l&#39;instinct de l&#39;attaquant sait o\u00f9 \u00eatre au bon moment. D\u00e8s que je lui ai fait une passe. Je savais qu&#39;il marquerait.<\/p>\n<p>Sur son propre but, termin\u00e9 par le retrait d&#39;Anderson, il a souri : \u00ab\u00a0Mon r\u00f4le dans les coups de pied arr\u00eat\u00e9s est de bloquer quelques personnes, je ne suis pas la plus grande menace dans la surface mais j&#39;essaie de trouver un peu d&#39;espace. Heureusement, c&#39;est revenu au poteau et j&#39;ai cri\u00e9 sur Igor. [Jesus] pour le renvoyer et c&#39;\u00e9tait une t\u00eate parfaite et je l&#39;ai juste ins\u00e9r\u00e9.<\/p>\n<p>Gibbs-White a \u00e9galement \u00e9voqu\u00e9 la perspective d\u2019une convocation pour la Coupe du monde sous Thomas Tuchel, en gardant son attention d\u00e9lib\u00e9r\u00e9ment \u00e9troite.<\/p>\n<p>\u00ab\u00a0Je me concentre enti\u00e8rement sur la s\u00e9curit\u00e9 de Forest et sur la mesure dans laquelle nous pouvons aller en Ligue Europa. Je ne peux contr\u00f4ler que ce que je peux contr\u00f4ler et ce sont mes performances ici et si je me concentre l\u00e0-dessus, ce qui se passera sera.\u00a0\u00bb<\/p>\n<h2 class=\"wp-block-heading\"><span id=\"Forest_keeping_one_eye_on_Villa\">La for\u00eat garde un oeil sur Villa<\/span><\/h2>\n<figure class=\"wp-block-embed is-type-rich is-provider-twitter wp-block-embed-twitter\">\n<div class=\"wp-block-embed__wrapper\">\n<blockquote class=\"twitter-tweet\" data-width=\"500\" data-dnt=\"true\">\n<p lang=\"en\" dir=\"ltr\">\u00ab\u00a0Ce qui arrivera arrivera\u00a0\u00bb \ud83d\ude01<\/p>\n<p>Morgan Gibbs-White dit qu&#39;il se concentre enti\u00e8rement sur la for\u00eat de Nottingham pour le moment et qu&#39;il ne pense pas encore \u00e0 l&#39;\u00e9t\u00e9 et \u00e0 l&#39;Angleterre ! \ud83d\udc40 <a rel=\"nofollow\" href=\"https:\/\/t.co\/ERYsqzFwAh\" rel=\"nofollow\">pic.twitter.com\/ERYsqzFwah<\/a><\/p>\n<p>\u2013 Sky Sports Premier League (@SkySportsPL) <a rel=\"nofollow\" href=\"https:\/\/twitter.com\/SkySportsPL\/status\/2047787939237634555?ref_src=twsrc%5Etfw\" rel=\"nofollow noopener\">24 avril 2026<\/a><\/p><\/blockquote>\n<\/div>\n<\/figure>\n<p>Forest accueillera Aston Villa jeudi prochain lors du match aller de sa demi-finale de Ligue Europa, avant un d\u00e9placement en Premier League \u00e0 Chelsea le 4 mai. Wood a not\u00e9 la confiance que des victoires cons\u00e9cutives avaient inject\u00e9e exactement au bon moment.<\/p>\n<p>\u00ab\u00a0C&#39;est \u00e9norme. Pour nous, cela nous donne un peu de r\u00e9pit et cela met \u00e9galement un peu de pression sur les deux poursuivants. Des victoires cons\u00e9cutives font cela pour vous, nous chercherons \u00e0 refaire cela apr\u00e8s avoir jou\u00e9 contre Villa en coupe, aller \u00e0 Chelsea et esp\u00e9rer obtenir le m\u00eame r\u00e9sultat.\u00a0\u00bb<\/p>\n<p>Gibbs-White \u00e9tait tout aussi optimiste quant aux perspectives europ\u00e9ennes. \u00ab\u00a0Je me sens en confiance. Les performances des gar\u00e7ons montrent que tout le monde est en confiance. Nous abordons le match avec l&#39;envie de gagner et de bien jouer. J&#39;esp\u00e8re que nous pourrons faire le travail. Pouvoir aller en finale et donner cela aux fans serait incroyable.\u00a0\u00bb<\/p>\n<\/p><\/div>\n<p><script async src=\"https:\/\/platform.twitter.com\/widgets.js\" charset=\"utf-8\"><\/script><\/p>\n","protected":false},"excerpt":{"rendered":"<p>Nottingham Forest a r\u00e9alis\u00e9 l&#39;une de ses plus belles performances depuis des ann\u00e9es pour battre Sunderland 5-0 au Stadium of Light vendredi soir, ouvrant grand<\/p>\n","protected":false},"author":1,"featured_media":36803,"comment_status":"closed","ping_status":"","sticky":false,"template":"","format":"standard","meta":{"footnotes":""},"categories":[3],"tags":[556,4222,1032,358,1242,357,1259,2877,1317,3669,482,103,26],"yoast_head":"<!-- This site is optimized with the Yoast SEO plugin v21.0 - https:\/\/yoast.com\/wordpress\/plugins\/seo\/ -->\n<title>&quot;R\u00e9sultat de la saison&quot; - Nottingham Forest se r\u00e9jouit d&#039;une \u00e9norme victoire et avance de huit points sur la rel\u00e9gation<\/title>\n<meta name=\"robots\" content=\"index, follow, max-snippet:-1, max-image-preview:large, max-video-preview:-1\" \/>\n<link rel=\"canonical\" href=\"https:\/\/footdavant.fr\/actualites\/resultat-de-la-saison-nottingham-forest-se-rejouit-dune-enorme-victoire-et-avance-de-huit-points-sur-la-relegation\/\" \/>\n<meta property=\"og:locale\" content=\"fr_FR\" \/>\n<meta property=\"og:type\" content=\"article\" \/>\n<meta property=\"og:title\" content=\"&quot;R\u00e9sultat de la saison&quot; - Nottingham Forest se r\u00e9jouit d&#039;une \u00e9norme victoire et avance de huit points sur la rel\u00e9gation\" \/>\n<meta property=\"og:description\" content=\"Nottingham Forest a r\u00e9alis\u00e9 l&#039;une de ses plus belles performances depuis des ann\u00e9es pour battre Sunderland 5-0 au Stadium of Light vendredi soir, ouvrant grand\" \/>\n<meta property=\"og:url\" content=\"https:\/\/footdavant.fr\/actualites\/resultat-de-la-saison-nottingham-forest-se-rejouit-dune-enorme-victoire-et-avance-de-huit-points-sur-la-relegation\/\" \/>\n<meta property=\"og:site_name\" content=\"Foot d&#039;avant\" \/>\n<meta property=\"article:publisher\" content=\"https:\/\/www.facebook.com\/Footdavant\/\" \/>\n<meta property=\"article:published_time\" content=\"2026-04-25T02:48:15+00:00\" \/>\n<meta property=\"article:modified_time\" content=\"2026-04-25T02:48:17+00:00\" \/>\n<meta property=\"og:image\" content=\"https:\/\/footdavant.fr\/actualites\/wp-content\/uploads\/2026\/04\/1777085296_Resultat-de-la-saison-Nottingham-Forest-se-rejouit-d39une.jpg\" \/>\n\t<meta property=\"og:image:width\" content=\"1200\" \/>\n\t<meta property=\"og:image:height\" content=\"873\" \/>\n\t<meta property=\"og:image:type\" content=\"image\/jpeg\" \/>\n<meta name=\"author\" content=\"Cl\u00e9ment\" \/>\n<meta name=\"twitter:card\" content=\"summary_large_image\" \/>\n<meta name=\"twitter:creator\" content=\"@FootdavantFr\" \/>\n<meta name=\"twitter:site\" content=\"@FootdavantFr\" \/>\n<meta name=\"twitter:label1\" content=\"\u00c9crit par\" \/>\n\t<meta name=\"twitter:data1\" content=\"Cl\u00e9ment\" \/>\n\t<meta name=\"twitter:label2\" content=\"Dur\u00e9e de lecture estim\u00e9e\" \/>\n\t<meta name=\"twitter:data2\" content=\"6 minutes\" \/>\n<script type=\"application\/ld+json\" class=\"yoast-schema-graph\">{\"@context\":\"https:\/\/schema.org\",\"@graph\":[{\"@type\":\"Article\",\"@id\":\"https:\/\/footdavant.fr\/actualites\/resultat-de-la-saison-nottingham-forest-se-rejouit-dune-enorme-victoire-et-avance-de-huit-points-sur-la-relegation\/#article\",\"isPartOf\":{\"@id\":\"https:\/\/footdavant.fr\/actualites\/resultat-de-la-saison-nottingham-forest-se-rejouit-dune-enorme-victoire-et-avance-de-huit-points-sur-la-relegation\/\"},\"author\":{\"name\":\"Cl\u00e9ment\",\"@id\":\"https:\/\/footdavant.fr\/actualites\/#\/schema\/person\/bc222566d95871b37e597b3ed3ba5e1d\"},\"headline\":\"\u00ab\u00a0R\u00e9sultat de la saison\u00a0\u00bb &#8211; Nottingham Forest se r\u00e9jouit d&#39;une \u00e9norme victoire et avance de huit points sur la rel\u00e9gation\",\"datePublished\":\"2026-04-25T02:48:15+00:00\",\"dateModified\":\"2026-04-25T02:48:17+00:00\",\"mainEntityOfPage\":{\"@id\":\"https:\/\/footdavant.fr\/actualites\/resultat-de-la-saison-nottingham-forest-se-rejouit-dune-enorme-victoire-et-avance-de-huit-points-sur-la-relegation\/\"},\"wordCount\":1124,\"publisher\":{\"@id\":\"https:\/\/footdavant.fr\/actualites\/#organization\"},\"keywords\":[\"avance\",\"d39une\",\"\u00e9norme\",\"Forest\",\"huit\",\"Nottingham\",\"points\",\"r\u00e9jouit\",\"rel\u00e9gation\",\"r\u00e9sultat\",\"saison\",\"sur\",\"victoire\"],\"articleSection\":[\"Football\"],\"inLanguage\":\"fr-FR\"},{\"@type\":\"WebPage\",\"@id\":\"https:\/\/footdavant.fr\/actualites\/resultat-de-la-saison-nottingham-forest-se-rejouit-dune-enorme-victoire-et-avance-de-huit-points-sur-la-relegation\/\",\"url\":\"https:\/\/footdavant.fr\/actualites\/resultat-de-la-saison-nottingham-forest-se-rejouit-dune-enorme-victoire-et-avance-de-huit-points-sur-la-relegation\/\",\"name\":\"\\\"R\u00e9sultat de la saison\\\" - Nottingham Forest se r\u00e9jouit d&#39;une \u00e9norme victoire et avance de huit points sur la rel\u00e9gation\",\"isPartOf\":{\"@id\":\"https:\/\/footdavant.fr\/actualites\/#website\"},\"datePublished\":\"2026-04-25T02:48:15+00:00\",\"dateModified\":\"2026-04-25T02:48:17+00:00\",\"breadcrumb\":{\"@id\":\"https:\/\/footdavant.fr\/actualites\/resultat-de-la-saison-nottingham-forest-se-rejouit-dune-enorme-victoire-et-avance-de-huit-points-sur-la-relegation\/#breadcrumb\"},\"inLanguage\":\"fr-FR\",\"potentialAction\":[{\"@type\":\"ReadAction\",\"target\":[\"https:\/\/footdavant.fr\/actualites\/resultat-de-la-saison-nottingham-forest-se-rejouit-dune-enorme-victoire-et-avance-de-huit-points-sur-la-relegation\/\"]}]},{\"@type\":\"BreadcrumbList\",\"@id\":\"https:\/\/footdavant.fr\/actualites\/resultat-de-la-saison-nottingham-forest-se-rejouit-dune-enorme-victoire-et-avance-de-huit-points-sur-la-relegation\/#breadcrumb\",\"itemListElement\":[{\"@type\":\"ListItem\",\"position\":1,\"name\":\"Accueil\",\"item\":\"https:\/\/footdavant.fr\/actualites\/\"},{\"@type\":\"ListItem\",\"position\":2,\"name\":\"\u00ab\u00a0R\u00e9sultat de la saison\u00a0\u00bb &#8211; Nottingham Forest se r\u00e9jouit d&#39;une \u00e9norme victoire et avance de huit points sur la rel\u00e9gation\"}]},{\"@type\":\"WebSite\",\"@id\":\"https:\/\/footdavant.fr\/actualites\/#website\",\"url\":\"https:\/\/footdavant.fr\/actualites\/\",\"name\":\"Foot d'avant\",\"description\":\"\",\"publisher\":{\"@id\":\"https:\/\/footdavant.fr\/actualites\/#organization\"},\"potentialAction\":[{\"@type\":\"SearchAction\",\"target\":{\"@type\":\"EntryPoint\",\"urlTemplate\":\"https:\/\/footdavant.fr\/actualites\/?s={search_term_string}\"},\"query-input\":\"required name=search_term_string\"}],\"inLanguage\":\"fr-FR\"},{\"@type\":\"Organization\",\"@id\":\"https:\/\/footdavant.fr\/actualites\/#organization\",\"name\":\"Foot d'avant\",\"url\":\"https:\/\/footdavant.fr\/actualites\/\",\"logo\":{\"@type\":\"ImageObject\",\"inLanguage\":\"fr-FR\",\"@id\":\"https:\/\/footdavant.fr\/actualites\/#\/schema\/logo\/image\/\",\"url\":\"https:\/\/footdavant.fr\/actualites\/wp-content\/uploads\/2023\/09\/Copy-of-FootDavant-Logo.png\",\"contentUrl\":\"https:\/\/footdavant.fr\/actualites\/wp-content\/uploads\/2023\/09\/Copy-of-FootDavant-Logo.png\",\"width\":936,\"height\":549,\"caption\":\"Foot d'avant\"},\"image\":{\"@id\":\"https:\/\/footdavant.fr\/actualites\/#\/schema\/logo\/image\/\"},\"sameAs\":[\"https:\/\/www.facebook.com\/Footdavant\/\",\"https:\/\/twitter.com\/FootdavantFr\",\"https:\/\/www.instagram.com\/footdavant.fr\/\"]},{\"@type\":\"Person\",\"@id\":\"https:\/\/footdavant.fr\/actualites\/#\/schema\/person\/bc222566d95871b37e597b3ed3ba5e1d\",\"name\":\"Cl\u00e9ment\",\"image\":{\"@type\":\"ImageObject\",\"inLanguage\":\"fr-FR\",\"@id\":\"https:\/\/footdavant.fr\/actualites\/#\/schema\/person\/image\/\",\"url\":\"https:\/\/secure.gravatar.com\/avatar\/7728b29aac2719421e1a9159b2254c44?s=96&d=mm&r=g\",\"contentUrl\":\"https:\/\/secure.gravatar.com\/avatar\/7728b29aac2719421e1a9159b2254c44?s=96&d=mm&r=g\",\"caption\":\"Cl\u00e9ment\"},\"sameAs\":[\"https:\/\/footdavant.fr\/\"]}]}<\/script>\n<!-- \/ Yoast SEO plugin. -->","yoast_head_json":{"title":"\"R\u00e9sultat de la saison\" - Nottingham Forest se r\u00e9jouit d&#39;une \u00e9norme victoire et avance de huit points sur la rel\u00e9gation","robots":{"index":"index","follow":"follow","max-snippet":"max-snippet:-1","max-image-preview":"max-image-preview:large","max-video-preview":"max-video-preview:-1"},"canonical":"https:\/\/footdavant.fr\/actualites\/resultat-de-la-saison-nottingham-forest-se-rejouit-dune-enorme-victoire-et-avance-de-huit-points-sur-la-relegation\/","og_locale":"fr_FR","og_type":"article","og_title":"\"R\u00e9sultat de la saison\" - Nottingham Forest se r\u00e9jouit d&#39;une \u00e9norme victoire et avance de huit points sur la rel\u00e9gation","og_description":"Nottingham Forest a r\u00e9alis\u00e9 l&#39;une de ses plus belles performances depuis des ann\u00e9es pour battre Sunderland 5-0 au Stadium of Light vendredi soir, ouvrant grand","og_url":"https:\/\/footdavant.fr\/actualites\/resultat-de-la-saison-nottingham-forest-se-rejouit-dune-enorme-victoire-et-avance-de-huit-points-sur-la-relegation\/","og_site_name":"Foot d&#039;avant","article_publisher":"https:\/\/www.facebook.com\/Footdavant\/","article_published_time":"2026-04-25T02:48:15+00:00","article_modified_time":"2026-04-25T02:48:17+00:00","og_image":[{"width":1200,"height":873,"url":"https:\/\/footdavant.fr\/actualites\/wp-content\/uploads\/2026\/04\/1777085296_Resultat-de-la-saison-Nottingham-Forest-se-rejouit-d39une.jpg","type":"image\/jpeg"}],"author":"Cl\u00e9ment","twitter_card":"summary_large_image","twitter_creator":"@FootdavantFr","twitter_site":"@FootdavantFr","twitter_misc":{"\u00c9crit par":"Cl\u00e9ment","Dur\u00e9e de lecture estim\u00e9e":"6 minutes"},"schema":{"@context":"https:\/\/schema.org","@graph":[{"@type":"Article","@id":"https:\/\/footdavant.fr\/actualites\/resultat-de-la-saison-nottingham-forest-se-rejouit-dune-enorme-victoire-et-avance-de-huit-points-sur-la-relegation\/#article","isPartOf":{"@id":"https:\/\/footdavant.fr\/actualites\/resultat-de-la-saison-nottingham-forest-se-rejouit-dune-enorme-victoire-et-avance-de-huit-points-sur-la-relegation\/"},"author":{"name":"Cl\u00e9ment","@id":"https:\/\/footdavant.fr\/actualites\/#\/schema\/person\/bc222566d95871b37e597b3ed3ba5e1d"},"headline":"\u00ab\u00a0R\u00e9sultat de la saison\u00a0\u00bb &#8211; Nottingham Forest se r\u00e9jouit d&#39;une \u00e9norme victoire et avance de huit points sur la rel\u00e9gation","datePublished":"2026-04-25T02:48:15+00:00","dateModified":"2026-04-25T02:48:17+00:00","mainEntityOfPage":{"@id":"https:\/\/footdavant.fr\/actualites\/resultat-de-la-saison-nottingham-forest-se-rejouit-dune-enorme-victoire-et-avance-de-huit-points-sur-la-relegation\/"},"wordCount":1124,"publisher":{"@id":"https:\/\/footdavant.fr\/actualites\/#organization"},"keywords":["avance","d39une","\u00e9norme","Forest","huit","Nottingham","points","r\u00e9jouit","rel\u00e9gation","r\u00e9sultat","saison","sur","victoire"],"articleSection":["Football"],"inLanguage":"fr-FR"},{"@type":"WebPage","@id":"https:\/\/footdavant.fr\/actualites\/resultat-de-la-saison-nottingham-forest-se-rejouit-dune-enorme-victoire-et-avance-de-huit-points-sur-la-relegation\/","url":"https:\/\/footdavant.fr\/actualites\/resultat-de-la-saison-nottingham-forest-se-rejouit-dune-enorme-victoire-et-avance-de-huit-points-sur-la-relegation\/","name":"\"R\u00e9sultat de la saison\" - Nottingham Forest se r\u00e9jouit d&#39;une \u00e9norme victoire et avance de huit points sur la rel\u00e9gation","isPartOf":{"@id":"https:\/\/footdavant.fr\/actualites\/#website"},"datePublished":"2026-04-25T02:48:15+00:00","dateModified":"2026-04-25T02:48:17+00:00","breadcrumb":{"@id":"https:\/\/footdavant.fr\/actualites\/resultat-de-la-saison-nottingham-forest-se-rejouit-dune-enorme-victoire-et-avance-de-huit-points-sur-la-relegation\/#breadcrumb"},"inLanguage":"fr-FR","potentialAction":[{"@type":"ReadAction","target":["https:\/\/footdavant.fr\/actualites\/resultat-de-la-saison-nottingham-forest-se-rejouit-dune-enorme-victoire-et-avance-de-huit-points-sur-la-relegation\/"]}]},{"@type":"BreadcrumbList","@id":"https:\/\/footdavant.fr\/actualites\/resultat-de-la-saison-nottingham-forest-se-rejouit-dune-enorme-victoire-et-avance-de-huit-points-sur-la-relegation\/#breadcrumb","itemListElement":[{"@type":"ListItem","position":1,"name":"Accueil","item":"https:\/\/footdavant.fr\/actualites\/"},{"@type":"ListItem","position":2,"name":"\u00ab\u00a0R\u00e9sultat de la saison\u00a0\u00bb &#8211; Nottingham Forest se r\u00e9jouit d&#39;une \u00e9norme victoire et avance de huit points sur la rel\u00e9gation"}]},{"@type":"WebSite","@id":"https:\/\/footdavant.fr\/actualites\/#website","url":"https:\/\/footdavant.fr\/actualites\/","name":"Foot d'avant","description":"","publisher":{"@id":"https:\/\/footdavant.fr\/actualites\/#organization"},"potentialAction":[{"@type":"SearchAction","target":{"@type":"EntryPoint","urlTemplate":"https:\/\/footdavant.fr\/actualites\/?s={search_term_string}"},"query-input":"required name=search_term_string"}],"inLanguage":"fr-FR"},{"@type":"Organization","@id":"https:\/\/footdavant.fr\/actualites\/#organization","name":"Foot d'avant","url":"https:\/\/footdavant.fr\/actualites\/","logo":{"@type":"ImageObject","inLanguage":"fr-FR","@id":"https:\/\/footdavant.fr\/actualites\/#\/schema\/logo\/image\/","url":"https:\/\/footdavant.fr\/actualites\/wp-content\/uploads\/2023\/09\/Copy-of-FootDavant-Logo.png","contentUrl":"https:\/\/footdavant.fr\/actualites\/wp-content\/uploads\/2023\/09\/Copy-of-FootDavant-Logo.png","width":936,"height":549,"caption":"Foot d'avant"},"image":{"@id":"https:\/\/footdavant.fr\/actualites\/#\/schema\/logo\/image\/"},"sameAs":["https:\/\/www.facebook.com\/Footdavant\/","https:\/\/twitter.com\/FootdavantFr","https:\/\/www.instagram.com\/footdavant.fr\/"]},{"@type":"Person","@id":"https:\/\/footdavant.fr\/actualites\/#\/schema\/person\/bc222566d95871b37e597b3ed3ba5e1d","name":"Cl\u00e9ment","image":{"@type":"ImageObject","inLanguage":"fr-FR","@id":"https:\/\/footdavant.fr\/actualites\/#\/schema\/person\/image\/","url":"https:\/\/secure.gravatar.com\/avatar\/7728b29aac2719421e1a9159b2254c44?s=96&d=mm&r=g","contentUrl":"https:\/\/secure.gravatar.com\/avatar\/7728b29aac2719421e1a9159b2254c44?s=96&d=mm&r=g","caption":"Cl\u00e9ment"},"sameAs":["https:\/\/footdavant.fr\/"]}]}},"_links":{"self":[{"href":"https:\/\/footdavant.fr\/actualites\/wp-json\/wp\/v2\/posts\/36802"}],"collection":[{"href":"https:\/\/footdavant.fr\/actualites\/wp-json\/wp\/v2\/posts"}],"about":[{"href":"https:\/\/footdavant.fr\/actualites\/wp-json\/wp\/v2\/types\/post"}],"author":[{"embeddable":true,"href":"https:\/\/footdavant.fr\/actualites\/wp-json\/wp\/v2\/users\/1"}],"replies":[{"embeddable":true,"href":"https:\/\/footdavant.fr\/actualites\/wp-json\/wp\/v2\/comments?post=36802"}],"version-history":[{"count":1,"href":"https:\/\/footdavant.fr\/actualites\/wp-json\/wp\/v2\/posts\/36802\/revisions"}],"predecessor-version":[{"id":36804,"href":"https:\/\/footdavant.fr\/actualites\/wp-json\/wp\/v2\/posts\/36802\/revisions\/36804"}],"wp:featuredmedia":[{"embeddable":true,"href":"https:\/\/footdavant.fr\/actualites\/wp-json\/wp\/v2\/media\/36803"}],"wp:attachment":[{"href":"https:\/\/footdavant.fr\/actualites\/wp-json\/wp\/v2\/media?parent=36802"}],"wp:term":[{"taxonomy":"category","embeddable":true,"href":"https:\/\/footdavant.fr\/actualites\/wp-json\/wp\/v2\/categories?post=36802"},{"taxonomy":"post_tag","embeddable":true,"href":"https:\/\/footdavant.fr\/actualites\/wp-json\/wp\/v2\/tags?post=36802"}],"curies":[{"name":"wp","href":"https:\/\/api.w.org\/{rel}","templated":true}]}}