{"id":36805,"date":"2026-04-25T06:48:04","date_gmt":"2026-04-25T04:48:04","guid":{"rendered":"https:\/\/footdavant.fr\/actualites\/leeds-rejoint-everton-et-crystal-palace-pour-cibler-le-jeune-de-boca-juniors-avant-la-fenetre-estivale\/"},"modified":"2026-04-25T06:48:06","modified_gmt":"2026-04-25T04:48:06","slug":"leeds-rejoint-everton-et-crystal-palace-pour-cibler-le-jeune-de-boca-juniors-avant-la-fenetre-estivale","status":"publish","type":"post","link":"https:\/\/footdavant.fr\/actualites\/leeds-rejoint-everton-et-crystal-palace-pour-cibler-le-jeune-de-boca-juniors-avant-la-fenetre-estivale\/","title":{"rendered":"Leeds rejoint Everton et Crystal Palace pour \u00ab cibler \u00bb le jeune de Boca Juniors avant la fen\u00eatre estivale"},"content":{"rendered":"<div itemprop=\"articleBody\">\n<p>Leeds United aurait rejoint Crystal Palace et Everton en admiration pour le jeune de Boca Juniors, Milton Delgado.<\/p>\n<p>Les Blancos ont connu jusqu&#39;\u00e0 pr\u00e9sent une excellente campagne 2025-26, revenant au sommet du football anglais, rivalisant pour \u00e9viter un combat de rel\u00e9gation et atteignant les derni\u00e8res \u00e9tapes de la FA Cup.<\/p>\n<p>En fait, l&#39;\u00e9quipe de Daniel Farke se rendra ce week-end sur le c\u00e9l\u00e8bre terrain de Wembley pour disputer sa premi\u00e8re demi-finale de FA Cup depuis la fin des ann\u00e9es 1980, soulignant la progression r\u00e9alis\u00e9e par les Blancos ces derniers temps.<\/p>\n<p>Un autre pas a \u00e9t\u00e9 franchi vers la s\u00e9curit\u00e9 de la Premier League mercredi soir, lorsque le milieu de terrain Sean Longstaff est apparu avec un effort \u00e0 la 97e minute pour arracher une part des points \u00e0 Bournemouth.<\/p>\n<p>\u00c0 l\u2019approche de ses quatre derniers matchs de la saison de haut niveau, le club d\u2019Elland Road occupe la 15e position, une distance assez consid\u00e9rable devant Tottenham Hotspur, qui se retrouve \u00e0 la 18e place.<\/p>\n<div>\n<div>\n<p>\u00a9 Iconsport \/ PA Images<\/p>\n<\/div>\n<\/div>\n<h2>Leeds rejoint Everton, Palace dans la course \u00e0 Delgado ?<\/h2>\n<p>Selon <em>Boom du sport<\/em>une multitude de clubs de Premier League ont parcouru le march\u00e9 sud-am\u00e9ricain et ont r\u00e9serv\u00e9 un potentiel de haut niveau avant la campagne anglaise de haut niveau 2026-27.<\/p>\n<p>Le rapport indique que Leeds, Everton et Crystal Palace, d\u00e9tenteur actuel de la FA Cup, souhaitent s&#39;assurer les services de Delgado, l&#39;homme de Boca Juniors, lors de la prochaine fen\u00eatre de transfert estivale.<\/p>\n<p>Il est entendu qu&#39;une vente hors saison du jeune Argentin n&#39;est pas une priorit\u00e9 pour Boca, cependant, ils seraient pr\u00eats \u00e0 se s\u00e9parer du milieu de terrain si une offre appropri\u00e9e \u00e9tait soumise pour ses talents.<\/p>\n<p>En plus d&#39;une cohorte de clubs de Premier League, on pense \u00e9galement que des \u00e9quipes de haut niveau d&#39;Espagne et d&#39;Italie tournent autour de Delgado, qui pourrait approcher de ses derniers mois en tant que h\u00e9ros de Boca.<\/p>\n<p>De plus, il y aurait une voie possible int\u00e9ressante pour le joueur de 20 ans, l&#39;Inter Miami de Lionel Messi et Atlanta United de la MLS envisageant des swoops pour faire du milieu de terrain l&#39;un de leurs joueurs d\u00e9sign\u00e9s (DP).<\/p>\n<div>\n<div><img decoding=\"async\" data-img-id=\"158560\" class=\"lazy\" loading=\"lazy\" src=\"https:\/\/footdavant.fr\/actualites\/wp-content\/uploads\/2026\/04\/Leeds-rejoint-Everton-et-Crystal-Palace-pour-cibler.j.webp\"\/><\/p>\n<p>\u00a9 Imago\/IMAGO\/Zuma Press Wire<\/p>\n<\/div>\n<\/div>\n<h2>O\u00f9 devrait aller Delgado ?<\/h2>\n<p>Pr\u00e9sent dans 16 matches de comp\u00e9tition pour Boca Juniors cette saison &#8211; dont deux matchs de Copa Libertadores &#8211; Delgado en est au d\u00e9but de sa carri\u00e8re professionnelle et montre un grand potentiel.<\/p>\n<p>La prochaine \u00e9tape dans l&#39;histoire du joueur de 20 ans sera absolument cruciale pour son d\u00e9veloppement en tant que footballeur \u00e0 l&#39;approche de ses premi\u00e8res ann\u00e9es, avec un passage en Premier League offrant la t\u00e2che de championnat la plus difficile au monde.<\/p>\n<p>Le temps de jeu pourrait \u00eatre limit\u00e9 au sommet du football anglais, ce qui signifie que Delgado pourrait privil\u00e9gier un transfert plus glamour aux \u00c9tats-Unis avant de s&#39;attaquer au football europ\u00e9en \u00e0 un moment donn\u00e9 dans le futur.<\/p>\n<\/div>\n","protected":false},"excerpt":{"rendered":"<p>Leeds United aurait rejoint Crystal Palace et Everton en admiration pour le jeune de Boca Juniors, Milton Delgado. Les Blancos ont connu jusqu&#39;\u00e0 pr\u00e9sent une<\/p>\n","protected":false},"author":1,"featured_media":36806,"comment_status":"closed","ping_status":"","sticky":false,"template":"","format":"standard","meta":{"footnotes":""},"categories":[5],"tags":[491,7547,5229,1008,2908,310,2446,1157,7548,121,815,51,1444],"yoast_head":"<!-- This site is optimized with the Yoast SEO plugin v21.0 - https:\/\/yoast.com\/wordpress\/plugins\/seo\/ -->\n<title>Leeds rejoint Everton et Crystal Palace pour \u00ab cibler \u00bb le jeune de Boca Juniors avant la fen\u00eatre estivale<\/title>\n<meta name=\"robots\" content=\"index, follow, max-snippet:-1, max-image-preview:large, max-video-preview:-1\" \/>\n<link rel=\"canonical\" href=\"https:\/\/footdavant.fr\/actualites\/leeds-rejoint-everton-et-crystal-palace-pour-cibler-le-jeune-de-boca-juniors-avant-la-fenetre-estivale\/\" \/>\n<meta property=\"og:locale\" content=\"fr_FR\" \/>\n<meta property=\"og:type\" content=\"article\" \/>\n<meta property=\"og:title\" content=\"Leeds rejoint Everton et Crystal Palace pour \u00ab cibler \u00bb le jeune de Boca Juniors avant la fen\u00eatre estivale\" \/>\n<meta property=\"og:description\" content=\"Leeds United aurait rejoint Crystal Palace et Everton en admiration pour le jeune de Boca Juniors, Milton Delgado. Les Blancos ont connu jusqu&#039;\u00e0 pr\u00e9sent une\" \/>\n<meta property=\"og:url\" content=\"https:\/\/footdavant.fr\/actualites\/leeds-rejoint-everton-et-crystal-palace-pour-cibler-le-jeune-de-boca-juniors-avant-la-fenetre-estivale\/\" \/>\n<meta property=\"og:site_name\" content=\"Foot d&#039;avant\" \/>\n<meta property=\"article:publisher\" content=\"https:\/\/www.facebook.com\/Footdavant\/\" \/>\n<meta property=\"article:published_time\" content=\"2026-04-25T04:48:04+00:00\" \/>\n<meta property=\"article:modified_time\" content=\"2026-04-25T04:48:06+00:00\" \/>\n<meta property=\"og:image\" content=\"https:\/\/footdavant.fr\/actualites\/wp-content\/uploads\/2026\/04\/Leeds-rejoint-Everton-et-Crystal-Palace-pour-cibler.net2Fuploads2F20262F042Fmilton-69ea6398b.webp\" \/>\n\t<meta property=\"og:image:width\" content=\"720\" \/>\n\t<meta property=\"og:image:height\" content=\"410\" \/>\n\t<meta property=\"og:image:type\" content=\"image\/webp\" \/>\n<meta name=\"author\" content=\"Cl\u00e9ment\" \/>\n<meta name=\"twitter:card\" content=\"summary_large_image\" \/>\n<meta name=\"twitter:creator\" content=\"@FootdavantFr\" \/>\n<meta name=\"twitter:site\" content=\"@FootdavantFr\" \/>\n<meta name=\"twitter:label1\" content=\"\u00c9crit par\" \/>\n\t<meta name=\"twitter:data1\" content=\"Cl\u00e9ment\" \/>\n\t<meta name=\"twitter:label2\" content=\"Dur\u00e9e de lecture estim\u00e9e\" \/>\n\t<meta name=\"twitter:data2\" content=\"3 minutes\" \/>\n<script type=\"application\/ld+json\" class=\"yoast-schema-graph\">{\"@context\":\"https:\/\/schema.org\",\"@graph\":[{\"@type\":\"Article\",\"@id\":\"https:\/\/footdavant.fr\/actualites\/leeds-rejoint-everton-et-crystal-palace-pour-cibler-le-jeune-de-boca-juniors-avant-la-fenetre-estivale\/#article\",\"isPartOf\":{\"@id\":\"https:\/\/footdavant.fr\/actualites\/leeds-rejoint-everton-et-crystal-palace-pour-cibler-le-jeune-de-boca-juniors-avant-la-fenetre-estivale\/\"},\"author\":{\"name\":\"Cl\u00e9ment\",\"@id\":\"https:\/\/footdavant.fr\/actualites\/#\/schema\/person\/bc222566d95871b37e597b3ed3ba5e1d\"},\"headline\":\"Leeds rejoint Everton et Crystal Palace pour \u00ab cibler \u00bb le jeune de Boca Juniors avant la fen\u00eatre estivale\",\"datePublished\":\"2026-04-25T04:48:04+00:00\",\"dateModified\":\"2026-04-25T04:48:06+00:00\",\"mainEntityOfPage\":{\"@id\":\"https:\/\/footdavant.fr\/actualites\/leeds-rejoint-everton-et-crystal-palace-pour-cibler-le-jeune-de-boca-juniors-avant-la-fenetre-estivale\/\"},\"wordCount\":530,\"publisher\":{\"@id\":\"https:\/\/footdavant.fr\/actualites\/#organization\"},\"keywords\":[\"avant\",\"Boca\",\"cibler\",\"Crystal\",\"estivale\",\"Everton\",\"fen\u00eatre\",\"jeune\",\"Juniors\",\"Leeds\",\"Palace\",\"pour\",\"rejoint\"],\"articleSection\":[\"Premier League\"],\"inLanguage\":\"fr-FR\"},{\"@type\":\"WebPage\",\"@id\":\"https:\/\/footdavant.fr\/actualites\/leeds-rejoint-everton-et-crystal-palace-pour-cibler-le-jeune-de-boca-juniors-avant-la-fenetre-estivale\/\",\"url\":\"https:\/\/footdavant.fr\/actualites\/leeds-rejoint-everton-et-crystal-palace-pour-cibler-le-jeune-de-boca-juniors-avant-la-fenetre-estivale\/\",\"name\":\"Leeds rejoint Everton et Crystal Palace pour \u00ab cibler \u00bb le jeune de Boca Juniors avant la fen\u00eatre estivale\",\"isPartOf\":{\"@id\":\"https:\/\/footdavant.fr\/actualites\/#website\"},\"datePublished\":\"2026-04-25T04:48:04+00:00\",\"dateModified\":\"2026-04-25T04:48:06+00:00\",\"breadcrumb\":{\"@id\":\"https:\/\/footdavant.fr\/actualites\/leeds-rejoint-everton-et-crystal-palace-pour-cibler-le-jeune-de-boca-juniors-avant-la-fenetre-estivale\/#breadcrumb\"},\"inLanguage\":\"fr-FR\",\"potentialAction\":[{\"@type\":\"ReadAction\",\"target\":[\"https:\/\/footdavant.fr\/actualites\/leeds-rejoint-everton-et-crystal-palace-pour-cibler-le-jeune-de-boca-juniors-avant-la-fenetre-estivale\/\"]}]},{\"@type\":\"BreadcrumbList\",\"@id\":\"https:\/\/footdavant.fr\/actualites\/leeds-rejoint-everton-et-crystal-palace-pour-cibler-le-jeune-de-boca-juniors-avant-la-fenetre-estivale\/#breadcrumb\",\"itemListElement\":[{\"@type\":\"ListItem\",\"position\":1,\"name\":\"Accueil\",\"item\":\"https:\/\/footdavant.fr\/actualites\/\"},{\"@type\":\"ListItem\",\"position\":2,\"name\":\"Leeds rejoint Everton et Crystal Palace pour \u00ab cibler \u00bb le jeune de Boca Juniors avant la fen\u00eatre estivale\"}]},{\"@type\":\"WebSite\",\"@id\":\"https:\/\/footdavant.fr\/actualites\/#website\",\"url\":\"https:\/\/footdavant.fr\/actualites\/\",\"name\":\"Foot d'avant\",\"description\":\"\",\"publisher\":{\"@id\":\"https:\/\/footdavant.fr\/actualites\/#organization\"},\"potentialAction\":[{\"@type\":\"SearchAction\",\"target\":{\"@type\":\"EntryPoint\",\"urlTemplate\":\"https:\/\/footdavant.fr\/actualites\/?s={search_term_string}\"},\"query-input\":\"required name=search_term_string\"}],\"inLanguage\":\"fr-FR\"},{\"@type\":\"Organization\",\"@id\":\"https:\/\/footdavant.fr\/actualites\/#organization\",\"name\":\"Foot d'avant\",\"url\":\"https:\/\/footdavant.fr\/actualites\/\",\"logo\":{\"@type\":\"ImageObject\",\"inLanguage\":\"fr-FR\",\"@id\":\"https:\/\/footdavant.fr\/actualites\/#\/schema\/logo\/image\/\",\"url\":\"https:\/\/footdavant.fr\/actualites\/wp-content\/uploads\/2023\/09\/Copy-of-FootDavant-Logo.png\",\"contentUrl\":\"https:\/\/footdavant.fr\/actualites\/wp-content\/uploads\/2023\/09\/Copy-of-FootDavant-Logo.png\",\"width\":936,\"height\":549,\"caption\":\"Foot d'avant\"},\"image\":{\"@id\":\"https:\/\/footdavant.fr\/actualites\/#\/schema\/logo\/image\/\"},\"sameAs\":[\"https:\/\/www.facebook.com\/Footdavant\/\",\"https:\/\/twitter.com\/FootdavantFr\",\"https:\/\/www.instagram.com\/footdavant.fr\/\"]},{\"@type\":\"Person\",\"@id\":\"https:\/\/footdavant.fr\/actualites\/#\/schema\/person\/bc222566d95871b37e597b3ed3ba5e1d\",\"name\":\"Cl\u00e9ment\",\"image\":{\"@type\":\"ImageObject\",\"inLanguage\":\"fr-FR\",\"@id\":\"https:\/\/footdavant.fr\/actualites\/#\/schema\/person\/image\/\",\"url\":\"https:\/\/secure.gravatar.com\/avatar\/7728b29aac2719421e1a9159b2254c44?s=96&d=mm&r=g\",\"contentUrl\":\"https:\/\/secure.gravatar.com\/avatar\/7728b29aac2719421e1a9159b2254c44?s=96&d=mm&r=g\",\"caption\":\"Cl\u00e9ment\"},\"sameAs\":[\"https:\/\/footdavant.fr\/\"]}]}<\/script>\n<!-- \/ Yoast SEO plugin. -->","yoast_head_json":{"title":"Leeds rejoint Everton et Crystal Palace pour \u00ab cibler \u00bb le jeune de Boca Juniors avant la fen\u00eatre estivale","robots":{"index":"index","follow":"follow","max-snippet":"max-snippet:-1","max-image-preview":"max-image-preview:large","max-video-preview":"max-video-preview:-1"},"canonical":"https:\/\/footdavant.fr\/actualites\/leeds-rejoint-everton-et-crystal-palace-pour-cibler-le-jeune-de-boca-juniors-avant-la-fenetre-estivale\/","og_locale":"fr_FR","og_type":"article","og_title":"Leeds rejoint Everton et Crystal Palace pour \u00ab cibler \u00bb le jeune de Boca Juniors avant la fen\u00eatre estivale","og_description":"Leeds United aurait rejoint Crystal Palace et Everton en admiration pour le jeune de Boca Juniors, Milton Delgado. Les Blancos ont connu jusqu&#39;\u00e0 pr\u00e9sent une","og_url":"https:\/\/footdavant.fr\/actualites\/leeds-rejoint-everton-et-crystal-palace-pour-cibler-le-jeune-de-boca-juniors-avant-la-fenetre-estivale\/","og_site_name":"Foot d&#039;avant","article_publisher":"https:\/\/www.facebook.com\/Footdavant\/","article_published_time":"2026-04-25T04:48:04+00:00","article_modified_time":"2026-04-25T04:48:06+00:00","og_image":[{"width":720,"height":410,"url":"https:\/\/footdavant.fr\/actualites\/wp-content\/uploads\/2026\/04\/Leeds-rejoint-Everton-et-Crystal-Palace-pour-cibler.net2Fuploads2F20262F042Fmilton-69ea6398b.webp","type":"image\/webp"}],"author":"Cl\u00e9ment","twitter_card":"summary_large_image","twitter_creator":"@FootdavantFr","twitter_site":"@FootdavantFr","twitter_misc":{"\u00c9crit par":"Cl\u00e9ment","Dur\u00e9e de lecture estim\u00e9e":"3 minutes"},"schema":{"@context":"https:\/\/schema.org","@graph":[{"@type":"Article","@id":"https:\/\/footdavant.fr\/actualites\/leeds-rejoint-everton-et-crystal-palace-pour-cibler-le-jeune-de-boca-juniors-avant-la-fenetre-estivale\/#article","isPartOf":{"@id":"https:\/\/footdavant.fr\/actualites\/leeds-rejoint-everton-et-crystal-palace-pour-cibler-le-jeune-de-boca-juniors-avant-la-fenetre-estivale\/"},"author":{"name":"Cl\u00e9ment","@id":"https:\/\/footdavant.fr\/actualites\/#\/schema\/person\/bc222566d95871b37e597b3ed3ba5e1d"},"headline":"Leeds rejoint Everton et Crystal Palace pour \u00ab cibler \u00bb le jeune de Boca Juniors avant la fen\u00eatre estivale","datePublished":"2026-04-25T04:48:04+00:00","dateModified":"2026-04-25T04:48:06+00:00","mainEntityOfPage":{"@id":"https:\/\/footdavant.fr\/actualites\/leeds-rejoint-everton-et-crystal-palace-pour-cibler-le-jeune-de-boca-juniors-avant-la-fenetre-estivale\/"},"wordCount":530,"publisher":{"@id":"https:\/\/footdavant.fr\/actualites\/#organization"},"keywords":["avant","Boca","cibler","Crystal","estivale","Everton","fen\u00eatre","jeune","Juniors","Leeds","Palace","pour","rejoint"],"articleSection":["Premier League"],"inLanguage":"fr-FR"},{"@type":"WebPage","@id":"https:\/\/footdavant.fr\/actualites\/leeds-rejoint-everton-et-crystal-palace-pour-cibler-le-jeune-de-boca-juniors-avant-la-fenetre-estivale\/","url":"https:\/\/footdavant.fr\/actualites\/leeds-rejoint-everton-et-crystal-palace-pour-cibler-le-jeune-de-boca-juniors-avant-la-fenetre-estivale\/","name":"Leeds rejoint Everton et Crystal Palace pour \u00ab cibler \u00bb le jeune de Boca Juniors avant la fen\u00eatre estivale","isPartOf":{"@id":"https:\/\/footdavant.fr\/actualites\/#website"},"datePublished":"2026-04-25T04:48:04+00:00","dateModified":"2026-04-25T04:48:06+00:00","breadcrumb":{"@id":"https:\/\/footdavant.fr\/actualites\/leeds-rejoint-everton-et-crystal-palace-pour-cibler-le-jeune-de-boca-juniors-avant-la-fenetre-estivale\/#breadcrumb"},"inLanguage":"fr-FR","potentialAction":[{"@type":"ReadAction","target":["https:\/\/footdavant.fr\/actualites\/leeds-rejoint-everton-et-crystal-palace-pour-cibler-le-jeune-de-boca-juniors-avant-la-fenetre-estivale\/"]}]},{"@type":"BreadcrumbList","@id":"https:\/\/footdavant.fr\/actualites\/leeds-rejoint-everton-et-crystal-palace-pour-cibler-le-jeune-de-boca-juniors-avant-la-fenetre-estivale\/#breadcrumb","itemListElement":[{"@type":"ListItem","position":1,"name":"Accueil","item":"https:\/\/footdavant.fr\/actualites\/"},{"@type":"ListItem","position":2,"name":"Leeds rejoint Everton et Crystal Palace pour \u00ab cibler \u00bb le jeune de Boca Juniors avant la fen\u00eatre estivale"}]},{"@type":"WebSite","@id":"https:\/\/footdavant.fr\/actualites\/#website","url":"https:\/\/footdavant.fr\/actualites\/","name":"Foot d'avant","description":"","publisher":{"@id":"https:\/\/footdavant.fr\/actualites\/#organization"},"potentialAction":[{"@type":"SearchAction","target":{"@type":"EntryPoint","urlTemplate":"https:\/\/footdavant.fr\/actualites\/?s={search_term_string}"},"query-input":"required name=search_term_string"}],"inLanguage":"fr-FR"},{"@type":"Organization","@id":"https:\/\/footdavant.fr\/actualites\/#organization","name":"Foot d'avant","url":"https:\/\/footdavant.fr\/actualites\/","logo":{"@type":"ImageObject","inLanguage":"fr-FR","@id":"https:\/\/footdavant.fr\/actualites\/#\/schema\/logo\/image\/","url":"https:\/\/footdavant.fr\/actualites\/wp-content\/uploads\/2023\/09\/Copy-of-FootDavant-Logo.png","contentUrl":"https:\/\/footdavant.fr\/actualites\/wp-content\/uploads\/2023\/09\/Copy-of-FootDavant-Logo.png","width":936,"height":549,"caption":"Foot d'avant"},"image":{"@id":"https:\/\/footdavant.fr\/actualites\/#\/schema\/logo\/image\/"},"sameAs":["https:\/\/www.facebook.com\/Footdavant\/","https:\/\/twitter.com\/FootdavantFr","https:\/\/www.instagram.com\/footdavant.fr\/"]},{"@type":"Person","@id":"https:\/\/footdavant.fr\/actualites\/#\/schema\/person\/bc222566d95871b37e597b3ed3ba5e1d","name":"Cl\u00e9ment","image":{"@type":"ImageObject","inLanguage":"fr-FR","@id":"https:\/\/footdavant.fr\/actualites\/#\/schema\/person\/image\/","url":"https:\/\/secure.gravatar.com\/avatar\/7728b29aac2719421e1a9159b2254c44?s=96&d=mm&r=g","contentUrl":"https:\/\/secure.gravatar.com\/avatar\/7728b29aac2719421e1a9159b2254c44?s=96&d=mm&r=g","caption":"Cl\u00e9ment"},"sameAs":["https:\/\/footdavant.fr\/"]}]}},"_links":{"self":[{"href":"https:\/\/footdavant.fr\/actualites\/wp-json\/wp\/v2\/posts\/36805"}],"collection":[{"href":"https:\/\/footdavant.fr\/actualites\/wp-json\/wp\/v2\/posts"}],"about":[{"href":"https:\/\/footdavant.fr\/actualites\/wp-json\/wp\/v2\/types\/post"}],"author":[{"embeddable":true,"href":"https:\/\/footdavant.fr\/actualites\/wp-json\/wp\/v2\/users\/1"}],"replies":[{"embeddable":true,"href":"https:\/\/footdavant.fr\/actualites\/wp-json\/wp\/v2\/comments?post=36805"}],"version-history":[{"count":1,"href":"https:\/\/footdavant.fr\/actualites\/wp-json\/wp\/v2\/posts\/36805\/revisions"}],"predecessor-version":[{"id":36807,"href":"https:\/\/footdavant.fr\/actualites\/wp-json\/wp\/v2\/posts\/36805\/revisions\/36807"}],"wp:featuredmedia":[{"embeddable":true,"href":"https:\/\/footdavant.fr\/actualites\/wp-json\/wp\/v2\/media\/36806"}],"wp:attachment":[{"href":"https:\/\/footdavant.fr\/actualites\/wp-json\/wp\/v2\/media?parent=36805"}],"wp:term":[{"taxonomy":"category","embeddable":true,"href":"https:\/\/footdavant.fr\/actualites\/wp-json\/wp\/v2\/categories?post=36805"},{"taxonomy":"post_tag","embeddable":true,"href":"https:\/\/footdavant.fr\/actualites\/wp-json\/wp\/v2\/tags?post=36805"}],"curies":[{"name":"wp","href":"https:\/\/api.w.org\/{rel}","templated":true}]}}