{"id":36811,"date":"2026-04-25T10:48:07","date_gmt":"2026-04-25T08:48:07","guid":{"rendered":"https:\/\/footdavant.fr\/actualites\/actualites-de-leeds-united-la-star-des-blancs-en-lice-pour-un-contrat-ameliore-a-elland-road\/"},"modified":"2026-04-25T10:48:08","modified_gmt":"2026-04-25T08:48:08","slug":"actualites-de-leeds-united-la-star-des-blancs-en-lice-pour-un-contrat-ameliore-a-elland-road","status":"publish","type":"post","link":"https:\/\/footdavant.fr\/actualites\/actualites-de-leeds-united-la-star-des-blancs-en-lice-pour-un-contrat-ameliore-a-elland-road\/","title":{"rendered":"Actualit\u00e9s de Leeds United : la star des Blancs en lice pour un contrat am\u00e9lior\u00e9 \u00e0 Elland Road ?"},"content":{"rendered":"<div itemprop=\"articleBody\">\n<p>Leeds United serait pr\u00eat \u00e0 offrir \u00e0 Ethan Ampadu un nouveau contrat am\u00e9lior\u00e9 au club.<\/p>\n<p>Les Merengues ont fait un autre grand pas vers la s\u00e9curit\u00e9 en Premier League mercredi soir, lorsqu&#39;un effort de derni\u00e8re minute de Sean Longstaff a assur\u00e9 une part des points avec Bournemouth sur la c\u00f4te sud.<\/p>\n<p>Apr\u00e8s ce point louable au Vitality Stadium, Daniel Farke et sa compagnie se concentrent sur le stade de Wembley, o\u00f9 ils se retireront ce week-end pour leur premi\u00e8re demi-finale de FA Cup depuis 1987.<\/p>\n<p>Limogeant l&#39;entra\u00eeneur-chef Liam Rosenior plus t\u00f4t cette semaine apr\u00e8s une s\u00e9rie de r\u00e9sultats lamentables en Premier League, Chelsea est le dernier adversaire de Leeds, qui est consid\u00e9r\u00e9 par beaucoup comme le favori actuel pour progresser.<\/p>\n<p>En plus de leurs pitreries en FA Cup, le club d&#39;Elland Road a \u00e9galement connu des matches productifs dans l&#39;\u00e9lite ces derniers temps, remportant r\u00e9cemment une victoire de premi\u00e8re division \u00e0 Old Trafford de Manchester United pour la premi\u00e8re fois en 45 ans.<\/p>\n<div>\n<div>\n<p>\u00a9 Iconsport \/ SPI<\/p>\n<\/div>\n<\/div>\n<h2>La star de Leeds se dirige-t-elle vers un nouveau contrat ?<\/h2>\n<p>Selon <em>Discussion en \u00e9quipe<\/em>Leeds pr\u00e9voit un avenir rempli de succ\u00e8s \u00e0 Elland Road, o\u00f9 l&#39;\u00e9quipe premi\u00e8re de Farke semble pr\u00eate \u00e0 conserver son statut de Premier League avec une relative facilit\u00e9 cette saison.<\/p>\n<p>Le rapport affirme que les Blancos envisagent d&#39;offrir un nouveau contrat am\u00e9lior\u00e9 au milieu de terrain Ampadu, qui a \u00e9norm\u00e9ment impressionn\u00e9 le club nouvellement promu dans sa qu\u00eate de s\u00e9curit\u00e9 de haut niveau.<\/p>\n<p>L&#39;accord actuel de l&#39;international gallois dans le Yorkshire expire \u00e0 la fin de la saison 2026-27, ce qui signifie qu&#39;il pourrait repartir avec un transfert gratuit \u00e0 la fin de la prochaine campagne.<\/p>\n<p>C\u2019est quelque chose que Leeds veut \u00e9viter si possible, United se pr\u00e9parant \u00e0 offrir \u00e0 Ampadu un contrat exceptionnel de quatre ans au club, engageant son avenir \u00e0 long terme aupr\u00e8s des anciens vainqueurs du championnat jusqu\u2019en juin 2030.<\/p>\n<p>Ampadu a d\u00e9but\u00e9 un total de 31 matches de Premier League pour les Blancos au cours de la saison 2025-26, fournissant une passe d\u00e9cisive lors de la victoire contre Fulham en janvier et marquant contre Crystal Palace juste avant No\u00ebl.<\/p>\n<div>\n<div><img decoding=\"async\" data-img-id=\"159062\" class=\"lazy\" loading=\"lazy\" src=\"https:\/\/footdavant.fr\/actualites\/wp-content\/uploads\/2026\/04\/Leeds-rejoint-Everton-et-Crystal-Palace-pour-cibler.jpg\"\/><\/p>\n<p>\u00a9 Iconsport \/ PA Images<\/p>\n<\/div>\n<\/div>\n<h2>L&#39;excellent retour de Leeds<\/h2>\n<p>\u00c0 quatre matches de la fin de leur saison en Premier League, Leeds occupe une respectable 15e position, neuf points au-dessus de Tottenham Hotspur, 18e, qui semble susceptible d&#39;\u00eatre rel\u00e9gu\u00e9.<\/p>\n<p>Beaucoup pr\u00e9disaient qu&#39;une v\u00e9ritable bagarre de survie serait \u00e0 pr\u00e9voir pour l&#39;\u00e9quipe de Farke cette saison apr\u00e8s sa campagne victorieuse du titre en championnat, cependant, l&#39;\u00e9quipe du Yorkshire a d\u00e9fi\u00e9 les attentes.<\/p>\n<p>Un v\u00e9ritable tournant pour Leeds est survenu juste avant la p\u00e9riode des f\u00eates, lorsque l&#39;entra\u00eeneur-chef Farke a d\u00e9cid\u00e9 de passer \u00e0 une formation 5-3-2 &#8211; un syst\u00e8me qui a depuis \u00e9t\u00e9 le catalyseur de performances positives et de points.<\/p>\n<\/div>\n","protected":false},"excerpt":{"rendered":"<p>Leeds United serait pr\u00eat \u00e0 offrir \u00e0 Ethan Ampadu un nouveau contrat am\u00e9lior\u00e9 au club. Les Merengues ont fait un autre grand pas vers la<\/p>\n","protected":false},"author":1,"featured_media":36812,"comment_status":"closed","ping_status":"","sticky":false,"template":"","format":"standard","meta":{"footnotes":""},"categories":[5],"tags":[7,2069,10406,1218,12,6795,121,3113,51,6796,1621,13],"yoast_head":"<!-- This site is optimized with the Yoast SEO plugin v21.0 - https:\/\/yoast.com\/wordpress\/plugins\/seo\/ -->\n<title>Actualit\u00e9s de Leeds United : la star des Blancs en lice pour un contrat am\u00e9lior\u00e9 \u00e0 Elland Road ?<\/title>\n<meta name=\"robots\" content=\"index, follow, max-snippet:-1, max-image-preview:large, max-video-preview:-1\" \/>\n<link rel=\"canonical\" href=\"https:\/\/footdavant.fr\/actualites\/actualites-de-leeds-united-la-star-des-blancs-en-lice-pour-un-contrat-ameliore-a-elland-road\/\" \/>\n<meta property=\"og:locale\" content=\"fr_FR\" \/>\n<meta property=\"og:type\" content=\"article\" \/>\n<meta property=\"og:title\" content=\"Actualit\u00e9s de Leeds United : la star des Blancs en lice pour un contrat am\u00e9lior\u00e9 \u00e0 Elland Road ?\" \/>\n<meta property=\"og:description\" content=\"Leeds United serait pr\u00eat \u00e0 offrir \u00e0 Ethan Ampadu un nouveau contrat am\u00e9lior\u00e9 au club. Les Merengues ont fait un autre grand pas vers la\" \/>\n<meta property=\"og:url\" content=\"https:\/\/footdavant.fr\/actualites\/actualites-de-leeds-united-la-star-des-blancs-en-lice-pour-un-contrat-ameliore-a-elland-road\/\" \/>\n<meta property=\"og:site_name\" content=\"Foot d&#039;avant\" \/>\n<meta property=\"article:publisher\" content=\"https:\/\/www.facebook.com\/Footdavant\/\" \/>\n<meta property=\"article:published_time\" content=\"2026-04-25T08:48:07+00:00\" \/>\n<meta property=\"article:modified_time\" content=\"2026-04-25T08:48:08+00:00\" \/>\n<meta property=\"og:image\" content=\"https:\/\/footdavant.fr\/actualites\/wp-content\/uploads\/2026\/04\/Actualites-de-Leeds-United-la-star-des-Blancs-en.net2Fuploads2F20252F062Fleeds-trophy-685.webp\" \/>\n\t<meta property=\"og:image:width\" content=\"720\" \/>\n\t<meta property=\"og:image:height\" content=\"410\" \/>\n\t<meta property=\"og:image:type\" content=\"image\/webp\" \/>\n<meta name=\"author\" content=\"Cl\u00e9ment\" \/>\n<meta name=\"twitter:card\" content=\"summary_large_image\" \/>\n<meta name=\"twitter:creator\" content=\"@FootdavantFr\" \/>\n<meta name=\"twitter:site\" content=\"@FootdavantFr\" \/>\n<meta name=\"twitter:label1\" content=\"\u00c9crit par\" \/>\n\t<meta name=\"twitter:data1\" content=\"Cl\u00e9ment\" \/>\n\t<meta name=\"twitter:label2\" content=\"Dur\u00e9e de lecture estim\u00e9e\" \/>\n\t<meta name=\"twitter:data2\" content=\"3 minutes\" \/>\n<script type=\"application\/ld+json\" class=\"yoast-schema-graph\">{\"@context\":\"https:\/\/schema.org\",\"@graph\":[{\"@type\":\"Article\",\"@id\":\"https:\/\/footdavant.fr\/actualites\/actualites-de-leeds-united-la-star-des-blancs-en-lice-pour-un-contrat-ameliore-a-elland-road\/#article\",\"isPartOf\":{\"@id\":\"https:\/\/footdavant.fr\/actualites\/actualites-de-leeds-united-la-star-des-blancs-en-lice-pour-un-contrat-ameliore-a-elland-road\/\"},\"author\":{\"name\":\"Cl\u00e9ment\",\"@id\":\"https:\/\/footdavant.fr\/actualites\/#\/schema\/person\/bc222566d95871b37e597b3ed3ba5e1d\"},\"headline\":\"Actualit\u00e9s de Leeds United : la star des Blancs en lice pour un contrat am\u00e9lior\u00e9 \u00e0 Elland Road ?\",\"datePublished\":\"2026-04-25T08:48:07+00:00\",\"dateModified\":\"2026-04-25T08:48:08+00:00\",\"mainEntityOfPage\":{\"@id\":\"https:\/\/footdavant.fr\/actualites\/actualites-de-leeds-united-la-star-des-blancs-en-lice-pour-un-contrat-ameliore-a-elland-road\/\"},\"wordCount\":521,\"publisher\":{\"@id\":\"https:\/\/footdavant.fr\/actualites\/#organization\"},\"keywords\":[\"Actualit\u00e9s\",\"am\u00e9liore\",\"Blancs\",\"contrat\",\"des\",\"Elland\",\"Leeds\",\"lice\",\"pour\",\"Road\",\"Star\",\"United\"],\"articleSection\":[\"Premier League\"],\"inLanguage\":\"fr-FR\"},{\"@type\":\"WebPage\",\"@id\":\"https:\/\/footdavant.fr\/actualites\/actualites-de-leeds-united-la-star-des-blancs-en-lice-pour-un-contrat-ameliore-a-elland-road\/\",\"url\":\"https:\/\/footdavant.fr\/actualites\/actualites-de-leeds-united-la-star-des-blancs-en-lice-pour-un-contrat-ameliore-a-elland-road\/\",\"name\":\"Actualit\u00e9s de Leeds United : la star des Blancs en lice pour un contrat am\u00e9lior\u00e9 \u00e0 Elland Road ?\",\"isPartOf\":{\"@id\":\"https:\/\/footdavant.fr\/actualites\/#website\"},\"datePublished\":\"2026-04-25T08:48:07+00:00\",\"dateModified\":\"2026-04-25T08:48:08+00:00\",\"breadcrumb\":{\"@id\":\"https:\/\/footdavant.fr\/actualites\/actualites-de-leeds-united-la-star-des-blancs-en-lice-pour-un-contrat-ameliore-a-elland-road\/#breadcrumb\"},\"inLanguage\":\"fr-FR\",\"potentialAction\":[{\"@type\":\"ReadAction\",\"target\":[\"https:\/\/footdavant.fr\/actualites\/actualites-de-leeds-united-la-star-des-blancs-en-lice-pour-un-contrat-ameliore-a-elland-road\/\"]}]},{\"@type\":\"BreadcrumbList\",\"@id\":\"https:\/\/footdavant.fr\/actualites\/actualites-de-leeds-united-la-star-des-blancs-en-lice-pour-un-contrat-ameliore-a-elland-road\/#breadcrumb\",\"itemListElement\":[{\"@type\":\"ListItem\",\"position\":1,\"name\":\"Accueil\",\"item\":\"https:\/\/footdavant.fr\/actualites\/\"},{\"@type\":\"ListItem\",\"position\":2,\"name\":\"Actualit\u00e9s de Leeds United : la star des Blancs en lice pour un contrat am\u00e9lior\u00e9 \u00e0 Elland Road ?\"}]},{\"@type\":\"WebSite\",\"@id\":\"https:\/\/footdavant.fr\/actualites\/#website\",\"url\":\"https:\/\/footdavant.fr\/actualites\/\",\"name\":\"Foot d'avant\",\"description\":\"\",\"publisher\":{\"@id\":\"https:\/\/footdavant.fr\/actualites\/#organization\"},\"potentialAction\":[{\"@type\":\"SearchAction\",\"target\":{\"@type\":\"EntryPoint\",\"urlTemplate\":\"https:\/\/footdavant.fr\/actualites\/?s={search_term_string}\"},\"query-input\":\"required name=search_term_string\"}],\"inLanguage\":\"fr-FR\"},{\"@type\":\"Organization\",\"@id\":\"https:\/\/footdavant.fr\/actualites\/#organization\",\"name\":\"Foot d'avant\",\"url\":\"https:\/\/footdavant.fr\/actualites\/\",\"logo\":{\"@type\":\"ImageObject\",\"inLanguage\":\"fr-FR\",\"@id\":\"https:\/\/footdavant.fr\/actualites\/#\/schema\/logo\/image\/\",\"url\":\"https:\/\/footdavant.fr\/actualites\/wp-content\/uploads\/2023\/09\/Copy-of-FootDavant-Logo.png\",\"contentUrl\":\"https:\/\/footdavant.fr\/actualites\/wp-content\/uploads\/2023\/09\/Copy-of-FootDavant-Logo.png\",\"width\":936,\"height\":549,\"caption\":\"Foot d'avant\"},\"image\":{\"@id\":\"https:\/\/footdavant.fr\/actualites\/#\/schema\/logo\/image\/\"},\"sameAs\":[\"https:\/\/www.facebook.com\/Footdavant\/\",\"https:\/\/twitter.com\/FootdavantFr\",\"https:\/\/www.instagram.com\/footdavant.fr\/\"]},{\"@type\":\"Person\",\"@id\":\"https:\/\/footdavant.fr\/actualites\/#\/schema\/person\/bc222566d95871b37e597b3ed3ba5e1d\",\"name\":\"Cl\u00e9ment\",\"image\":{\"@type\":\"ImageObject\",\"inLanguage\":\"fr-FR\",\"@id\":\"https:\/\/footdavant.fr\/actualites\/#\/schema\/person\/image\/\",\"url\":\"https:\/\/secure.gravatar.com\/avatar\/7728b29aac2719421e1a9159b2254c44?s=96&d=mm&r=g\",\"contentUrl\":\"https:\/\/secure.gravatar.com\/avatar\/7728b29aac2719421e1a9159b2254c44?s=96&d=mm&r=g\",\"caption\":\"Cl\u00e9ment\"},\"sameAs\":[\"https:\/\/footdavant.fr\/\"]}]}<\/script>\n<!-- \/ Yoast SEO plugin. -->","yoast_head_json":{"title":"Actualit\u00e9s de Leeds United : la star des Blancs en lice pour un contrat am\u00e9lior\u00e9 \u00e0 Elland Road ?","robots":{"index":"index","follow":"follow","max-snippet":"max-snippet:-1","max-image-preview":"max-image-preview:large","max-video-preview":"max-video-preview:-1"},"canonical":"https:\/\/footdavant.fr\/actualites\/actualites-de-leeds-united-la-star-des-blancs-en-lice-pour-un-contrat-ameliore-a-elland-road\/","og_locale":"fr_FR","og_type":"article","og_title":"Actualit\u00e9s de Leeds United : la star des Blancs en lice pour un contrat am\u00e9lior\u00e9 \u00e0 Elland Road ?","og_description":"Leeds United serait pr\u00eat \u00e0 offrir \u00e0 Ethan Ampadu un nouveau contrat am\u00e9lior\u00e9 au club. Les Merengues ont fait un autre grand pas vers la","og_url":"https:\/\/footdavant.fr\/actualites\/actualites-de-leeds-united-la-star-des-blancs-en-lice-pour-un-contrat-ameliore-a-elland-road\/","og_site_name":"Foot d&#039;avant","article_publisher":"https:\/\/www.facebook.com\/Footdavant\/","article_published_time":"2026-04-25T08:48:07+00:00","article_modified_time":"2026-04-25T08:48:08+00:00","og_image":[{"width":720,"height":410,"url":"https:\/\/footdavant.fr\/actualites\/wp-content\/uploads\/2026\/04\/Actualites-de-Leeds-United-la-star-des-Blancs-en.net2Fuploads2F20252F062Fleeds-trophy-685.webp","type":"image\/webp"}],"author":"Cl\u00e9ment","twitter_card":"summary_large_image","twitter_creator":"@FootdavantFr","twitter_site":"@FootdavantFr","twitter_misc":{"\u00c9crit par":"Cl\u00e9ment","Dur\u00e9e de lecture estim\u00e9e":"3 minutes"},"schema":{"@context":"https:\/\/schema.org","@graph":[{"@type":"Article","@id":"https:\/\/footdavant.fr\/actualites\/actualites-de-leeds-united-la-star-des-blancs-en-lice-pour-un-contrat-ameliore-a-elland-road\/#article","isPartOf":{"@id":"https:\/\/footdavant.fr\/actualites\/actualites-de-leeds-united-la-star-des-blancs-en-lice-pour-un-contrat-ameliore-a-elland-road\/"},"author":{"name":"Cl\u00e9ment","@id":"https:\/\/footdavant.fr\/actualites\/#\/schema\/person\/bc222566d95871b37e597b3ed3ba5e1d"},"headline":"Actualit\u00e9s de Leeds United : la star des Blancs en lice pour un contrat am\u00e9lior\u00e9 \u00e0 Elland Road ?","datePublished":"2026-04-25T08:48:07+00:00","dateModified":"2026-04-25T08:48:08+00:00","mainEntityOfPage":{"@id":"https:\/\/footdavant.fr\/actualites\/actualites-de-leeds-united-la-star-des-blancs-en-lice-pour-un-contrat-ameliore-a-elland-road\/"},"wordCount":521,"publisher":{"@id":"https:\/\/footdavant.fr\/actualites\/#organization"},"keywords":["Actualit\u00e9s","am\u00e9liore","Blancs","contrat","des","Elland","Leeds","lice","pour","Road","Star","United"],"articleSection":["Premier League"],"inLanguage":"fr-FR"},{"@type":"WebPage","@id":"https:\/\/footdavant.fr\/actualites\/actualites-de-leeds-united-la-star-des-blancs-en-lice-pour-un-contrat-ameliore-a-elland-road\/","url":"https:\/\/footdavant.fr\/actualites\/actualites-de-leeds-united-la-star-des-blancs-en-lice-pour-un-contrat-ameliore-a-elland-road\/","name":"Actualit\u00e9s de Leeds United : la star des Blancs en lice pour un contrat am\u00e9lior\u00e9 \u00e0 Elland Road ?","isPartOf":{"@id":"https:\/\/footdavant.fr\/actualites\/#website"},"datePublished":"2026-04-25T08:48:07+00:00","dateModified":"2026-04-25T08:48:08+00:00","breadcrumb":{"@id":"https:\/\/footdavant.fr\/actualites\/actualites-de-leeds-united-la-star-des-blancs-en-lice-pour-un-contrat-ameliore-a-elland-road\/#breadcrumb"},"inLanguage":"fr-FR","potentialAction":[{"@type":"ReadAction","target":["https:\/\/footdavant.fr\/actualites\/actualites-de-leeds-united-la-star-des-blancs-en-lice-pour-un-contrat-ameliore-a-elland-road\/"]}]},{"@type":"BreadcrumbList","@id":"https:\/\/footdavant.fr\/actualites\/actualites-de-leeds-united-la-star-des-blancs-en-lice-pour-un-contrat-ameliore-a-elland-road\/#breadcrumb","itemListElement":[{"@type":"ListItem","position":1,"name":"Accueil","item":"https:\/\/footdavant.fr\/actualites\/"},{"@type":"ListItem","position":2,"name":"Actualit\u00e9s de Leeds United : la star des Blancs en lice pour un contrat am\u00e9lior\u00e9 \u00e0 Elland Road ?"}]},{"@type":"WebSite","@id":"https:\/\/footdavant.fr\/actualites\/#website","url":"https:\/\/footdavant.fr\/actualites\/","name":"Foot d'avant","description":"","publisher":{"@id":"https:\/\/footdavant.fr\/actualites\/#organization"},"potentialAction":[{"@type":"SearchAction","target":{"@type":"EntryPoint","urlTemplate":"https:\/\/footdavant.fr\/actualites\/?s={search_term_string}"},"query-input":"required name=search_term_string"}],"inLanguage":"fr-FR"},{"@type":"Organization","@id":"https:\/\/footdavant.fr\/actualites\/#organization","name":"Foot d'avant","url":"https:\/\/footdavant.fr\/actualites\/","logo":{"@type":"ImageObject","inLanguage":"fr-FR","@id":"https:\/\/footdavant.fr\/actualites\/#\/schema\/logo\/image\/","url":"https:\/\/footdavant.fr\/actualites\/wp-content\/uploads\/2023\/09\/Copy-of-FootDavant-Logo.png","contentUrl":"https:\/\/footdavant.fr\/actualites\/wp-content\/uploads\/2023\/09\/Copy-of-FootDavant-Logo.png","width":936,"height":549,"caption":"Foot d'avant"},"image":{"@id":"https:\/\/footdavant.fr\/actualites\/#\/schema\/logo\/image\/"},"sameAs":["https:\/\/www.facebook.com\/Footdavant\/","https:\/\/twitter.com\/FootdavantFr","https:\/\/www.instagram.com\/footdavant.fr\/"]},{"@type":"Person","@id":"https:\/\/footdavant.fr\/actualites\/#\/schema\/person\/bc222566d95871b37e597b3ed3ba5e1d","name":"Cl\u00e9ment","image":{"@type":"ImageObject","inLanguage":"fr-FR","@id":"https:\/\/footdavant.fr\/actualites\/#\/schema\/person\/image\/","url":"https:\/\/secure.gravatar.com\/avatar\/7728b29aac2719421e1a9159b2254c44?s=96&d=mm&r=g","contentUrl":"https:\/\/secure.gravatar.com\/avatar\/7728b29aac2719421e1a9159b2254c44?s=96&d=mm&r=g","caption":"Cl\u00e9ment"},"sameAs":["https:\/\/footdavant.fr\/"]}]}},"_links":{"self":[{"href":"https:\/\/footdavant.fr\/actualites\/wp-json\/wp\/v2\/posts\/36811"}],"collection":[{"href":"https:\/\/footdavant.fr\/actualites\/wp-json\/wp\/v2\/posts"}],"about":[{"href":"https:\/\/footdavant.fr\/actualites\/wp-json\/wp\/v2\/types\/post"}],"author":[{"embeddable":true,"href":"https:\/\/footdavant.fr\/actualites\/wp-json\/wp\/v2\/users\/1"}],"replies":[{"embeddable":true,"href":"https:\/\/footdavant.fr\/actualites\/wp-json\/wp\/v2\/comments?post=36811"}],"version-history":[{"count":1,"href":"https:\/\/footdavant.fr\/actualites\/wp-json\/wp\/v2\/posts\/36811\/revisions"}],"predecessor-version":[{"id":36813,"href":"https:\/\/footdavant.fr\/actualites\/wp-json\/wp\/v2\/posts\/36811\/revisions\/36813"}],"wp:featuredmedia":[{"embeddable":true,"href":"https:\/\/footdavant.fr\/actualites\/wp-json\/wp\/v2\/media\/36812"}],"wp:attachment":[{"href":"https:\/\/footdavant.fr\/actualites\/wp-json\/wp\/v2\/media?parent=36811"}],"wp:term":[{"taxonomy":"category","embeddable":true,"href":"https:\/\/footdavant.fr\/actualites\/wp-json\/wp\/v2\/categories?post=36811"},{"taxonomy":"post_tag","embeddable":true,"href":"https:\/\/footdavant.fr\/actualites\/wp-json\/wp\/v2\/tags?post=36811"}],"curies":[{"name":"wp","href":"https:\/\/api.w.org\/{rel}","templated":true}]}}