{"id":36814,"date":"2026-04-25T12:48:21","date_gmt":"2026-04-25T10:48:21","guid":{"rendered":"https:\/\/footdavant.fr\/actualites\/le-premier-match-de-la-nouvelle-saison-est-a-gagner\/"},"modified":"2026-04-25T12:48:23","modified_gmt":"2026-04-25T10:48:23","slug":"le-premier-match-de-la-nouvelle-saison-est-a-gagner","status":"publish","type":"post","link":"https:\/\/footdavant.fr\/actualites\/le-premier-match-de-la-nouvelle-saison-est-a-gagner\/","title":{"rendered":"Le premier match de la \u00ab\u00a0nouvelle saison\u00a0\u00bb est \u00e0 gagner"},"content":{"rendered":"<div>\n<p>Bonjour \u00e0 tous.<\/p>\n<p>\u00ab\u00a0Game 1\u00a0\u00bb, c&#39;est ainsi que Mikel Arteta a d\u00e9crit la rencontre d&#39;aujourd&#39;hui avec Newcastle. Pour des raisons compr\u00e9hensibles, je pense qu&#39;il veut tr\u00e8s clairement tirer un trait sur ces derni\u00e8res semaines et que son \u00e9quipe se concentre pleinement sur cette \u00ab nouvelle ligue \u00bb que nous devons jouer d&#39;ici le 24 mai. Nous en avons cinq en championnat, avec un peu de chance trois autres en Europe, et nous croisons les doigts pour que nous puissions en faire un grand huit dont nous parlerons pour les ann\u00e9es \u00e0 venir.<\/p>\n<p>C\u00f4t\u00e9 actualit\u00e9 de l&#39;\u00e9quipe, Bukayo Saka et Riccardo Calafiori sont de retour dans l&#39;\u00e9quipe, ce qui est \u00e9videmment un boost. Qu&#39;ils soient suffisamment en forme pour commencer est une autre question. Saka n&#39;a pas jou\u00e9 depuis le 22 mars et soigne un probl\u00e8me d&#39;Achille depuis, tandis que l&#39;Italien a \u00e9t\u00e9 en action plus r\u00e9cemment, mais compte tenu de sa condition physique, une approche prudente de son dernier retour est probablement raisonnable. Je pense qu&#39;ils seront probablement tous les deux consid\u00e9r\u00e9s comme des options de banc aujourd&#39;hui, mais des joueurs qui peuvent potentiellement faire une r\u00e9elle diff\u00e9rence si nous en avons besoin.<\/p>\n<p>Avec Piero Hincapie susceptible de d\u00e9buter \u00e0 gauche, je serais enclin \u00e0 choisir Ben White \u00e0 l&#39;arri\u00e8re droit, il a juste un peu plus de pouss\u00e9e offensive que Cristhian Mosquera, m\u00eame si sa forme n&#39;a pas \u00e9t\u00e9 brillante ces derniers temps. Il n&#39;y a toujours pas de Jurrien Timber, absent depuis le match contre Everton, et peut-\u00eatre qu&#39;un peu plus d&#39;\u00e9quilibre attaque\/d\u00e9fense dans les positions d&#39;arri\u00e8re lat\u00e9ral serait utile. Je pense que nous verrons le duo de milieu de terrain compos\u00e9 de Declan Rice et Martin Zubimendi, mais l&#39;aspect le plus important d&#39;aujourd&#39;hui pour moi est peut-\u00eatre de veiller \u00e0 ce que Martin Odegaard et Eberechi Eze soient ensemble sur le terrain.<\/p>\n<p>Ce dernier a apparemment d\u00e9but\u00e9 \u00e0 gauche contre Man City, mais il a \u00e9t\u00e9 autoris\u00e9 \u00e0 p\u00e9n\u00e9trer dans les zones les plus centrales o\u00f9 il peut vraiment causer des probl\u00e8mes \u00e0 l&#39;opposition. Je veux voir plus de cela, associ\u00e9 \u00e0 la cr\u00e9ativit\u00e9 et au savoir-faire d&#39;Odegaard, pour essayer de donner \u00e0 Newcastle quelque chose \u00e0 penser lorsque nous avons le ballon dans sa moiti\u00e9 de terrain. Je continuerais \u00e9galement avec Kai Havertz en attaque. Sa relation avec Odegaard est bien \u00e9tablie et ils se sont bien connect\u00e9s contre City, esp\u00e9rons juste que cette fois il y aura une plus grande efficacit\u00e9 dans sa finition si et quand les occasions se pr\u00e9sentent.<\/p>\n<p>Je suis un peu d\u00e9chir\u00e9 sur le c\u00f4t\u00e9 droit. Si Saka revient en action, il n\u2019y a pas de choix parfait pour le manager. Noni Madueke a \u00e9t\u00e9 d\u00e9cevant, Gabriel Martinelli est entr\u00e9 en jeu contre Man City et a \u00e9t\u00e9 pire que le joueur qu&#39;il a remplac\u00e9 \u00e0 la pause, et m\u00eame si je suis aussi enthousiasm\u00e9 que quiconque par le potentiel de Max Dowman, c&#39;est beaucoup demander \u00e0 un joueur de 16 ans dans un match de cette ampleur. Il a d\u00e9montr\u00e9 l&#39;intr\u00e9pidit\u00e9 de la jeunesse, ce qui pourrait \u00eatre positif, mais nous sommes sur un territoire incontournable et aussi bon qu&#39;il soit, il y a encore beaucoup de d\u00e9veloppement \u00e0 faire dans son jeu. Voyons donc quel genre de d\u00e9cision il prend l\u00e0-bas.<\/p>\n<p>Avant le match, on a beaucoup parl\u00e9 de la diff\u00e9rence de buts et de la fa\u00e7on dont le titre pourrait se r\u00e9sumer \u00e0 cela. Mikel Arteta a pos\u00e9 des questions \u00e0 ce sujet, mais il semblait d\u00e9sireux de minimiser cet aspect des choses, en se concentrant uniquement sur l&#39;obtention du bon r\u00e9sultat :<\/p>\n<blockquote>\n<p>La premi\u00e8re chose que nous devons faire est de gagner le droit de gagner le match, puis de le gagner, et ensuite, selon la situation, nous pouvons penser \u00e0 autre chose. Ce sont les buts pour, les buts contre. Je pense qu&#39;il y aura un \u00e9quilibre entre cela. Cela fait toute la saison, c&#39;est pourquoi la diff\u00e9rence de buts entre les deux \u00e9quipes est si faible. Tout d&#39;abord, ce que nous devons faire pour gagner le match, pour m\u00e9riter le droit de gagner le match, pour concourir et \u00eatre meilleur que l&#39;adversaire est tr\u00e8s clair. Le reste viendra.<\/p>\n<\/blockquote>\n<p>Lorsque votre \u00e9quipe est sur une s\u00e9rie d\u2019une victoire sur six, je pense que c\u2019est absolument le bon message \u00e0 envoyer publiquement. Peut-\u00eatre qu&#39;en coulisses, ils parlent diff\u00e9remment de ce qu&#39;ils doivent faire, mais aujourd&#39;hui \u2013 avant tout \u2013 il s&#39;agit de trois points. Si c&#39;est un 1-0, tr\u00e8s bien ; si le score est plus complet que cela, tant mieux. Mais nous ne pouvons faire aucune hypoth\u00e8se sur la fa\u00e7on dont cela se d\u00e9roulera, et cette \u00e9quipe n\u2019est pas dans le genre de forme qui permettrait \u00e0 chacun d\u2019entre nous de penser que cela ne sera rien d\u2019autre qu\u2019un travail acharn\u00e9.<\/p>\n<p>Mais, comme je l&#39;ai dit au cours de la semaine, cette forme est en quelque sorte une valeur aberrante par rapport \u00e0 ce que nous avons fait toute la saison, alors esp\u00e9rons une performance positive, que cette \u00e9quipe se souvienne qu&#39;elle est vraiment tr\u00e8s bonne, et que plus tard ce soir, nous nous retrouverons au sommet de la Premier League avec le ballon dans le camp de City.<\/p>\n<p>Bon, restons-en l\u00e0 ce matin. Comme toujours, nous aurons une couverture de blog en direct pour vous, tous les trucs d&#39;apr\u00e8s-match sur Arseblog News, et il y aura un podcast en avant-premi\u00e8re sur Patreon si vous avez besoin de quelque chose \u00e0 \u00e9couter en attendant.<\/p>\n<p>Pour l&#39;instant, passez-en une bonne et je vous retrouverai plus tard pour le match.<\/p>\n<\/div>\n","protected":false},"excerpt":{"rendered":"<p>Bonjour \u00e0 tous. \u00ab\u00a0Game 1\u00a0\u00bb, c&#39;est ainsi que Mikel Arteta a d\u00e9crit la rencontre d&#39;aujourd&#39;hui avec Newcastle. Pour des raisons compr\u00e9hensibles, je pense qu&#39;il veut<\/p>\n","protected":false},"author":1,"featured_media":36815,"comment_status":"closed","ping_status":"","sticky":false,"template":"","format":"standard","meta":{"footnotes":""},"categories":[3],"tags":[217,1065,257,1850,201,482],"yoast_head":"<!-- This site is optimized with the Yoast SEO plugin v21.0 - https:\/\/yoast.com\/wordpress\/plugins\/seo\/ -->\n<title>Le premier match de la &quot;nouvelle saison&quot; est \u00e0 gagner<\/title>\n<meta name=\"robots\" content=\"index, follow, max-snippet:-1, max-image-preview:large, max-video-preview:-1\" \/>\n<link rel=\"canonical\" href=\"https:\/\/footdavant.fr\/actualites\/le-premier-match-de-la-nouvelle-saison-est-a-gagner\/\" \/>\n<meta property=\"og:locale\" content=\"fr_FR\" \/>\n<meta property=\"og:type\" content=\"article\" \/>\n<meta property=\"og:title\" content=\"Le premier match de la &quot;nouvelle saison&quot; est \u00e0 gagner\" \/>\n<meta property=\"og:description\" content=\"Bonjour \u00e0 tous. \u00ab\u00a0Game 1\u00a0\u00bb, c&#039;est ainsi que Mikel Arteta a d\u00e9crit la rencontre d&#039;aujourd&#039;hui avec Newcastle. Pour des raisons compr\u00e9hensibles, je pense qu&#039;il veut\" \/>\n<meta property=\"og:url\" content=\"https:\/\/footdavant.fr\/actualites\/le-premier-match-de-la-nouvelle-saison-est-a-gagner\/\" \/>\n<meta property=\"og:site_name\" content=\"Foot d&#039;avant\" \/>\n<meta property=\"article:publisher\" content=\"https:\/\/www.facebook.com\/Footdavant\/\" \/>\n<meta property=\"article:published_time\" content=\"2026-04-25T10:48:21+00:00\" \/>\n<meta property=\"article:modified_time\" content=\"2026-04-25T10:48:23+00:00\" \/>\n<meta property=\"og:image\" content=\"https:\/\/footdavant.fr\/actualites\/wp-content\/uploads\/2026\/04\/Le-premier-match-de-la-nouvelle-saison-est-a-gagner.jpg\" \/>\n\t<meta property=\"og:image:width\" content=\"1500\" \/>\n\t<meta property=\"og:image:height\" content=\"750\" \/>\n\t<meta property=\"og:image:type\" content=\"image\/jpeg\" \/>\n<meta name=\"author\" content=\"Cl\u00e9ment\" \/>\n<meta name=\"twitter:card\" content=\"summary_large_image\" \/>\n<meta name=\"twitter:creator\" content=\"@FootdavantFr\" \/>\n<meta name=\"twitter:site\" content=\"@FootdavantFr\" \/>\n<meta name=\"twitter:label1\" content=\"\u00c9crit par\" \/>\n\t<meta name=\"twitter:data1\" content=\"Cl\u00e9ment\" \/>\n\t<meta name=\"twitter:label2\" content=\"Dur\u00e9e de lecture estim\u00e9e\" \/>\n\t<meta name=\"twitter:data2\" content=\"5 minutes\" \/>\n<script type=\"application\/ld+json\" class=\"yoast-schema-graph\">{\"@context\":\"https:\/\/schema.org\",\"@graph\":[{\"@type\":\"Article\",\"@id\":\"https:\/\/footdavant.fr\/actualites\/le-premier-match-de-la-nouvelle-saison-est-a-gagner\/#article\",\"isPartOf\":{\"@id\":\"https:\/\/footdavant.fr\/actualites\/le-premier-match-de-la-nouvelle-saison-est-a-gagner\/\"},\"author\":{\"name\":\"Cl\u00e9ment\",\"@id\":\"https:\/\/footdavant.fr\/actualites\/#\/schema\/person\/bc222566d95871b37e597b3ed3ba5e1d\"},\"headline\":\"Le premier match de la \u00ab\u00a0nouvelle saison\u00a0\u00bb est \u00e0 gagner\",\"datePublished\":\"2026-04-25T10:48:21+00:00\",\"dateModified\":\"2026-04-25T10:48:23+00:00\",\"mainEntityOfPage\":{\"@id\":\"https:\/\/footdavant.fr\/actualites\/le-premier-match-de-la-nouvelle-saison-est-a-gagner\/\"},\"wordCount\":1007,\"publisher\":{\"@id\":\"https:\/\/footdavant.fr\/actualites\/#organization\"},\"keywords\":[\"est\",\"gagner\",\"match\",\"nouvelle\",\"Premier\",\"saison\"],\"articleSection\":[\"Football\"],\"inLanguage\":\"fr-FR\"},{\"@type\":\"WebPage\",\"@id\":\"https:\/\/footdavant.fr\/actualites\/le-premier-match-de-la-nouvelle-saison-est-a-gagner\/\",\"url\":\"https:\/\/footdavant.fr\/actualites\/le-premier-match-de-la-nouvelle-saison-est-a-gagner\/\",\"name\":\"Le premier match de la \\\"nouvelle saison\\\" est \u00e0 gagner\",\"isPartOf\":{\"@id\":\"https:\/\/footdavant.fr\/actualites\/#website\"},\"datePublished\":\"2026-04-25T10:48:21+00:00\",\"dateModified\":\"2026-04-25T10:48:23+00:00\",\"breadcrumb\":{\"@id\":\"https:\/\/footdavant.fr\/actualites\/le-premier-match-de-la-nouvelle-saison-est-a-gagner\/#breadcrumb\"},\"inLanguage\":\"fr-FR\",\"potentialAction\":[{\"@type\":\"ReadAction\",\"target\":[\"https:\/\/footdavant.fr\/actualites\/le-premier-match-de-la-nouvelle-saison-est-a-gagner\/\"]}]},{\"@type\":\"BreadcrumbList\",\"@id\":\"https:\/\/footdavant.fr\/actualites\/le-premier-match-de-la-nouvelle-saison-est-a-gagner\/#breadcrumb\",\"itemListElement\":[{\"@type\":\"ListItem\",\"position\":1,\"name\":\"Accueil\",\"item\":\"https:\/\/footdavant.fr\/actualites\/\"},{\"@type\":\"ListItem\",\"position\":2,\"name\":\"Le premier match de la \u00ab\u00a0nouvelle saison\u00a0\u00bb est \u00e0 gagner\"}]},{\"@type\":\"WebSite\",\"@id\":\"https:\/\/footdavant.fr\/actualites\/#website\",\"url\":\"https:\/\/footdavant.fr\/actualites\/\",\"name\":\"Foot d'avant\",\"description\":\"\",\"publisher\":{\"@id\":\"https:\/\/footdavant.fr\/actualites\/#organization\"},\"potentialAction\":[{\"@type\":\"SearchAction\",\"target\":{\"@type\":\"EntryPoint\",\"urlTemplate\":\"https:\/\/footdavant.fr\/actualites\/?s={search_term_string}\"},\"query-input\":\"required name=search_term_string\"}],\"inLanguage\":\"fr-FR\"},{\"@type\":\"Organization\",\"@id\":\"https:\/\/footdavant.fr\/actualites\/#organization\",\"name\":\"Foot d'avant\",\"url\":\"https:\/\/footdavant.fr\/actualites\/\",\"logo\":{\"@type\":\"ImageObject\",\"inLanguage\":\"fr-FR\",\"@id\":\"https:\/\/footdavant.fr\/actualites\/#\/schema\/logo\/image\/\",\"url\":\"https:\/\/footdavant.fr\/actualites\/wp-content\/uploads\/2023\/09\/Copy-of-FootDavant-Logo.png\",\"contentUrl\":\"https:\/\/footdavant.fr\/actualites\/wp-content\/uploads\/2023\/09\/Copy-of-FootDavant-Logo.png\",\"width\":936,\"height\":549,\"caption\":\"Foot d'avant\"},\"image\":{\"@id\":\"https:\/\/footdavant.fr\/actualites\/#\/schema\/logo\/image\/\"},\"sameAs\":[\"https:\/\/www.facebook.com\/Footdavant\/\",\"https:\/\/twitter.com\/FootdavantFr\",\"https:\/\/www.instagram.com\/footdavant.fr\/\"]},{\"@type\":\"Person\",\"@id\":\"https:\/\/footdavant.fr\/actualites\/#\/schema\/person\/bc222566d95871b37e597b3ed3ba5e1d\",\"name\":\"Cl\u00e9ment\",\"image\":{\"@type\":\"ImageObject\",\"inLanguage\":\"fr-FR\",\"@id\":\"https:\/\/footdavant.fr\/actualites\/#\/schema\/person\/image\/\",\"url\":\"https:\/\/secure.gravatar.com\/avatar\/7728b29aac2719421e1a9159b2254c44?s=96&d=mm&r=g\",\"contentUrl\":\"https:\/\/secure.gravatar.com\/avatar\/7728b29aac2719421e1a9159b2254c44?s=96&d=mm&r=g\",\"caption\":\"Cl\u00e9ment\"},\"sameAs\":[\"https:\/\/footdavant.fr\/\"]}]}<\/script>\n<!-- \/ Yoast SEO plugin. -->","yoast_head_json":{"title":"Le premier match de la \"nouvelle saison\" est \u00e0 gagner","robots":{"index":"index","follow":"follow","max-snippet":"max-snippet:-1","max-image-preview":"max-image-preview:large","max-video-preview":"max-video-preview:-1"},"canonical":"https:\/\/footdavant.fr\/actualites\/le-premier-match-de-la-nouvelle-saison-est-a-gagner\/","og_locale":"fr_FR","og_type":"article","og_title":"Le premier match de la \"nouvelle saison\" est \u00e0 gagner","og_description":"Bonjour \u00e0 tous. \u00ab\u00a0Game 1\u00a0\u00bb, c&#39;est ainsi que Mikel Arteta a d\u00e9crit la rencontre d&#39;aujourd&#39;hui avec Newcastle. Pour des raisons compr\u00e9hensibles, je pense qu&#39;il veut","og_url":"https:\/\/footdavant.fr\/actualites\/le-premier-match-de-la-nouvelle-saison-est-a-gagner\/","og_site_name":"Foot d&#039;avant","article_publisher":"https:\/\/www.facebook.com\/Footdavant\/","article_published_time":"2026-04-25T10:48:21+00:00","article_modified_time":"2026-04-25T10:48:23+00:00","og_image":[{"width":1500,"height":750,"url":"https:\/\/footdavant.fr\/actualites\/wp-content\/uploads\/2026\/04\/Le-premier-match-de-la-nouvelle-saison-est-a-gagner.jpg","type":"image\/jpeg"}],"author":"Cl\u00e9ment","twitter_card":"summary_large_image","twitter_creator":"@FootdavantFr","twitter_site":"@FootdavantFr","twitter_misc":{"\u00c9crit par":"Cl\u00e9ment","Dur\u00e9e de lecture estim\u00e9e":"5 minutes"},"schema":{"@context":"https:\/\/schema.org","@graph":[{"@type":"Article","@id":"https:\/\/footdavant.fr\/actualites\/le-premier-match-de-la-nouvelle-saison-est-a-gagner\/#article","isPartOf":{"@id":"https:\/\/footdavant.fr\/actualites\/le-premier-match-de-la-nouvelle-saison-est-a-gagner\/"},"author":{"name":"Cl\u00e9ment","@id":"https:\/\/footdavant.fr\/actualites\/#\/schema\/person\/bc222566d95871b37e597b3ed3ba5e1d"},"headline":"Le premier match de la \u00ab\u00a0nouvelle saison\u00a0\u00bb est \u00e0 gagner","datePublished":"2026-04-25T10:48:21+00:00","dateModified":"2026-04-25T10:48:23+00:00","mainEntityOfPage":{"@id":"https:\/\/footdavant.fr\/actualites\/le-premier-match-de-la-nouvelle-saison-est-a-gagner\/"},"wordCount":1007,"publisher":{"@id":"https:\/\/footdavant.fr\/actualites\/#organization"},"keywords":["est","gagner","match","nouvelle","Premier","saison"],"articleSection":["Football"],"inLanguage":"fr-FR"},{"@type":"WebPage","@id":"https:\/\/footdavant.fr\/actualites\/le-premier-match-de-la-nouvelle-saison-est-a-gagner\/","url":"https:\/\/footdavant.fr\/actualites\/le-premier-match-de-la-nouvelle-saison-est-a-gagner\/","name":"Le premier match de la \"nouvelle saison\" est \u00e0 gagner","isPartOf":{"@id":"https:\/\/footdavant.fr\/actualites\/#website"},"datePublished":"2026-04-25T10:48:21+00:00","dateModified":"2026-04-25T10:48:23+00:00","breadcrumb":{"@id":"https:\/\/footdavant.fr\/actualites\/le-premier-match-de-la-nouvelle-saison-est-a-gagner\/#breadcrumb"},"inLanguage":"fr-FR","potentialAction":[{"@type":"ReadAction","target":["https:\/\/footdavant.fr\/actualites\/le-premier-match-de-la-nouvelle-saison-est-a-gagner\/"]}]},{"@type":"BreadcrumbList","@id":"https:\/\/footdavant.fr\/actualites\/le-premier-match-de-la-nouvelle-saison-est-a-gagner\/#breadcrumb","itemListElement":[{"@type":"ListItem","position":1,"name":"Accueil","item":"https:\/\/footdavant.fr\/actualites\/"},{"@type":"ListItem","position":2,"name":"Le premier match de la \u00ab\u00a0nouvelle saison\u00a0\u00bb est \u00e0 gagner"}]},{"@type":"WebSite","@id":"https:\/\/footdavant.fr\/actualites\/#website","url":"https:\/\/footdavant.fr\/actualites\/","name":"Foot d'avant","description":"","publisher":{"@id":"https:\/\/footdavant.fr\/actualites\/#organization"},"potentialAction":[{"@type":"SearchAction","target":{"@type":"EntryPoint","urlTemplate":"https:\/\/footdavant.fr\/actualites\/?s={search_term_string}"},"query-input":"required name=search_term_string"}],"inLanguage":"fr-FR"},{"@type":"Organization","@id":"https:\/\/footdavant.fr\/actualites\/#organization","name":"Foot d'avant","url":"https:\/\/footdavant.fr\/actualites\/","logo":{"@type":"ImageObject","inLanguage":"fr-FR","@id":"https:\/\/footdavant.fr\/actualites\/#\/schema\/logo\/image\/","url":"https:\/\/footdavant.fr\/actualites\/wp-content\/uploads\/2023\/09\/Copy-of-FootDavant-Logo.png","contentUrl":"https:\/\/footdavant.fr\/actualites\/wp-content\/uploads\/2023\/09\/Copy-of-FootDavant-Logo.png","width":936,"height":549,"caption":"Foot d'avant"},"image":{"@id":"https:\/\/footdavant.fr\/actualites\/#\/schema\/logo\/image\/"},"sameAs":["https:\/\/www.facebook.com\/Footdavant\/","https:\/\/twitter.com\/FootdavantFr","https:\/\/www.instagram.com\/footdavant.fr\/"]},{"@type":"Person","@id":"https:\/\/footdavant.fr\/actualites\/#\/schema\/person\/bc222566d95871b37e597b3ed3ba5e1d","name":"Cl\u00e9ment","image":{"@type":"ImageObject","inLanguage":"fr-FR","@id":"https:\/\/footdavant.fr\/actualites\/#\/schema\/person\/image\/","url":"https:\/\/secure.gravatar.com\/avatar\/7728b29aac2719421e1a9159b2254c44?s=96&d=mm&r=g","contentUrl":"https:\/\/secure.gravatar.com\/avatar\/7728b29aac2719421e1a9159b2254c44?s=96&d=mm&r=g","caption":"Cl\u00e9ment"},"sameAs":["https:\/\/footdavant.fr\/"]}]}},"_links":{"self":[{"href":"https:\/\/footdavant.fr\/actualites\/wp-json\/wp\/v2\/posts\/36814"}],"collection":[{"href":"https:\/\/footdavant.fr\/actualites\/wp-json\/wp\/v2\/posts"}],"about":[{"href":"https:\/\/footdavant.fr\/actualites\/wp-json\/wp\/v2\/types\/post"}],"author":[{"embeddable":true,"href":"https:\/\/footdavant.fr\/actualites\/wp-json\/wp\/v2\/users\/1"}],"replies":[{"embeddable":true,"href":"https:\/\/footdavant.fr\/actualites\/wp-json\/wp\/v2\/comments?post=36814"}],"version-history":[{"count":1,"href":"https:\/\/footdavant.fr\/actualites\/wp-json\/wp\/v2\/posts\/36814\/revisions"}],"predecessor-version":[{"id":36816,"href":"https:\/\/footdavant.fr\/actualites\/wp-json\/wp\/v2\/posts\/36814\/revisions\/36816"}],"wp:featuredmedia":[{"embeddable":true,"href":"https:\/\/footdavant.fr\/actualites\/wp-json\/wp\/v2\/media\/36815"}],"wp:attachment":[{"href":"https:\/\/footdavant.fr\/actualites\/wp-json\/wp\/v2\/media?parent=36814"}],"wp:term":[{"taxonomy":"category","embeddable":true,"href":"https:\/\/footdavant.fr\/actualites\/wp-json\/wp\/v2\/categories?post=36814"},{"taxonomy":"post_tag","embeddable":true,"href":"https:\/\/footdavant.fr\/actualites\/wp-json\/wp\/v2\/tags?post=36814"}],"curies":[{"name":"wp","href":"https:\/\/api.w.org\/{rel}","templated":true}]}}