{"id":36817,"date":"2026-04-25T14:48:31","date_gmt":"2026-04-25T12:48:31","guid":{"rendered":"https:\/\/footdavant.fr\/actualites\/nouvelles-des-blessures-a-liverpool-le-trio-des-reds-de-retour-a-lentrainement-avant-le-choc-de-crystal-palace\/"},"modified":"2026-04-25T14:48:32","modified_gmt":"2026-04-25T12:48:32","slug":"nouvelles-des-blessures-a-liverpool-le-trio-des-reds-de-retour-a-lentrainement-avant-le-choc-de-crystal-palace","status":"publish","type":"post","link":"https:\/\/footdavant.fr\/actualites\/nouvelles-des-blessures-a-liverpool-le-trio-des-reds-de-retour-a-lentrainement-avant-le-choc-de-crystal-palace\/","title":{"rendered":"Nouvelles des blessures \u00e0 Liverpool: le trio des Reds de retour \u00e0 l\u2019entra\u00eenement avant le choc de Crystal Palace"},"content":{"rendered":"<div itemprop=\"articleBody\">\n<p data-end=\"205\" data-start=\"0\">Liverpool tentera de remporter deux victoires cons\u00e9cutives en Premier League lorsqu&#39;il accueillera Crystal Palace \u00e0 Anfield samedi.<\/p>\n<p data-end=\"363\" data-start=\"207\">Avant le choc, les Reds ont re\u00e7u un coup de pouce opportun avec le retour \u00e0 l&#39;entra\u00eenement de trois joueurs de la premi\u00e8re \u00e9quipe, renfor\u00e7ant ainsi leurs options pour la course.<\/p>\n<p data-end=\"586\" data-start=\"365\">Apr\u00e8s leur d\u00e9cevante sortie de Ligue des Champions contre le Paris Saint-Germain, se classer parmi les cinq premiers est devenu l&#39;objectif minimum du club et d&#39;Arne Slot.<\/p>\n<p data-end=\"805\" data-start=\"588\">Liverpool a eu besoin d&#39;un but tardif de Virgil van Dijk pour battre Everton 2-1 lors de sa pr\u00e9c\u00e9dente sortie, un r\u00e9sultat qui devrait donner un regain de confiance significatif.<\/p>\n<p data-end=\"1031\" data-start=\"807\">Cette victoire leur a \u00e9galement permis de r\u00e9duire l&#39;\u00e9cart sur Manchester United et Aston Villa \u00e0 seulement trois points, gardant ainsi leurs espoirs de terminer parmi les trois premiers \u00e0 cinq matches de la fin.<\/p>\n<h2>Le trio reprend l&#39;entra\u00eenement pour Liverpool <\/h2>\n<div>\n<div>\n<p>\u00a9 Imago \/ Buzzi<\/p>\n<\/div>\n<\/div>\n<p data-end=\"1224\" data-start=\"1077\">Joe Gomez, qui a rat\u00e9 le derby du Merseyside, a d\u00e9sormais repris l&#39;entra\u00eenement et pourrait \u00eatre en lice pour ce match.<\/p>\n<p data-end=\"1500\" data-start=\"1226\">Le club a \u00e9galement confirm\u00e9 le retour d&#39;Alisson Becker et de Wataru Endo, ce dernier \u00e9tant absent depuis f\u00e9vrier apr\u00e8s avoir \u00e9t\u00e9 \u00e9tir\u00e9 lors d&#39;un match contre Sunderland.<\/p>\n<p data-end=\"1610\" data-start=\"1502\">Les trois joueurs ont repris l&#39;entra\u00eenement alors que Liverpool intensifie les pr\u00e9paratifs pour la visite de Crystal Palace.<\/p>\n<p data-end=\"1766\" data-start=\"1612\">Il y a des suggestions selon lesquelles Gomez pourrait \u00eatre disponible pour affronter les Eagles, tandis qu&#39;Alisson pourrait \u00eatre la cible d&#39;un retour lors du prochain affrontement contre Manchester United.<\/p>\n<h2>Le trio restera-t-il au club au-del\u00e0 de l\u2019\u00e9t\u00e9 ? <\/h2>\n<div>\n<div><img decoding=\"async\" data-img-id=\"158998\" class=\"lazy\" loading=\"lazy\" src=\"https:\/\/footdavant.fr\/actualites\/wp-content\/uploads\/2026\/04\/Nouvelles-des-blessures-a-Liverpool-le-trio-des-Reds-de.webp\"\/><\/p>\n<p>\u00a9 Iconsport \/ News Images LTD\/Alay Live News<\/p>\n<\/div>\n<\/div>\n<p data-end=\"1929\" data-start=\"1823\">Gomez a souffert de blessures ces derni\u00e8res saisons et un d\u00e9part estival semble de plus en plus probable.<\/p>\n<p data-end=\"2058\" data-start=\"1931\">Endo a \u00e9galement gliss\u00e9 dans la hi\u00e9rarchie, et comme Liverpool devrait renforcer son milieu de terrain, il pourrait \u00eatre d\u00e9plac\u00e9.<\/p>\n<p data-end=\"2235\" data-is-last-node=\"\" data-is-only-node=\"\" data-start=\"2060\">Quant \u00e0 Alisson, il reste le gardien de premier choix du club, mais les inqui\u00e9tudes concernant son bilan de blessures pourraient susciter l&#39;int\u00e9r\u00eat d&#39;autres grands clubs lors de la prochaine fen\u00eatre de transfert.<\/p>\n<\/div>\n","protected":false},"excerpt":{"rendered":"<p>Liverpool tentera de remporter deux victoires cons\u00e9cutives en Premier League lorsqu&#39;il accueillera Crystal Palace \u00e0 Anfield samedi. Avant le choc, les Reds ont re\u00e7u un<\/p>\n","protected":false},"author":1,"featured_media":36818,"comment_status":"closed","ping_status":"","sticky":false,"template":"","format":"standard","meta":{"footnotes":""},"categories":[5],"tags":[491,155,332,1008,12,519,53,461,815,722,393,845],"yoast_head":"<!-- This site is optimized with the Yoast SEO plugin v21.0 - https:\/\/yoast.com\/wordpress\/plugins\/seo\/ -->\n<title>Nouvelles des blessures \u00e0 Liverpool: le trio des Reds de retour \u00e0 l\u2019entra\u00eenement avant le choc de Crystal Palace<\/title>\n<meta name=\"robots\" content=\"index, follow, max-snippet:-1, max-image-preview:large, max-video-preview:-1\" \/>\n<link rel=\"canonical\" href=\"https:\/\/footdavant.fr\/actualites\/nouvelles-des-blessures-a-liverpool-le-trio-des-reds-de-retour-a-lentrainement-avant-le-choc-de-crystal-palace\/\" \/>\n<meta property=\"og:locale\" content=\"fr_FR\" \/>\n<meta property=\"og:type\" content=\"article\" \/>\n<meta property=\"og:title\" content=\"Nouvelles des blessures \u00e0 Liverpool: le trio des Reds de retour \u00e0 l\u2019entra\u00eenement avant le choc de Crystal Palace\" \/>\n<meta property=\"og:description\" content=\"Liverpool tentera de remporter deux victoires cons\u00e9cutives en Premier League lorsqu&#039;il accueillera Crystal Palace \u00e0 Anfield samedi. Avant le choc, les Reds ont re\u00e7u un\" \/>\n<meta property=\"og:url\" content=\"https:\/\/footdavant.fr\/actualites\/nouvelles-des-blessures-a-liverpool-le-trio-des-reds-de-retour-a-lentrainement-avant-le-choc-de-crystal-palace\/\" \/>\n<meta property=\"og:site_name\" content=\"Foot d&#039;avant\" \/>\n<meta property=\"article:publisher\" content=\"https:\/\/www.facebook.com\/Footdavant\/\" \/>\n<meta property=\"article:published_time\" content=\"2026-04-25T12:48:31+00:00\" \/>\n<meta property=\"article:modified_time\" content=\"2026-04-25T12:48:32+00:00\" \/>\n<meta property=\"og:image\" content=\"https:\/\/footdavant.fr\/actualites\/wp-content\/uploads\/2026\/04\/Nouvelles-des-blessures-a-Liverpool-le-trio-des-Reds-de.net2Fuploads2F20262F042Fns-image-zoom-em.webp\" \/>\n\t<meta property=\"og:image:width\" content=\"720\" \/>\n\t<meta property=\"og:image:height\" content=\"410\" \/>\n\t<meta property=\"og:image:type\" content=\"image\/webp\" \/>\n<meta name=\"author\" content=\"Cl\u00e9ment\" \/>\n<meta name=\"twitter:card\" content=\"summary_large_image\" \/>\n<meta name=\"twitter:creator\" content=\"@FootdavantFr\" \/>\n<meta name=\"twitter:site\" content=\"@FootdavantFr\" \/>\n<meta name=\"twitter:label1\" content=\"\u00c9crit par\" \/>\n\t<meta name=\"twitter:data1\" content=\"Cl\u00e9ment\" \/>\n\t<meta name=\"twitter:label2\" content=\"Dur\u00e9e de lecture estim\u00e9e\" \/>\n\t<meta name=\"twitter:data2\" content=\"2 minutes\" \/>\n<script type=\"application\/ld+json\" class=\"yoast-schema-graph\">{\"@context\":\"https:\/\/schema.org\",\"@graph\":[{\"@type\":\"Article\",\"@id\":\"https:\/\/footdavant.fr\/actualites\/nouvelles-des-blessures-a-liverpool-le-trio-des-reds-de-retour-a-lentrainement-avant-le-choc-de-crystal-palace\/#article\",\"isPartOf\":{\"@id\":\"https:\/\/footdavant.fr\/actualites\/nouvelles-des-blessures-a-liverpool-le-trio-des-reds-de-retour-a-lentrainement-avant-le-choc-de-crystal-palace\/\"},\"author\":{\"name\":\"Cl\u00e9ment\",\"@id\":\"https:\/\/footdavant.fr\/actualites\/#\/schema\/person\/bc222566d95871b37e597b3ed3ba5e1d\"},\"headline\":\"Nouvelles des blessures \u00e0 Liverpool: le trio des Reds de retour \u00e0 l\u2019entra\u00eenement avant le choc de Crystal Palace\",\"datePublished\":\"2026-04-25T12:48:31+00:00\",\"dateModified\":\"2026-04-25T12:48:32+00:00\",\"mainEntityOfPage\":{\"@id\":\"https:\/\/footdavant.fr\/actualites\/nouvelles-des-blessures-a-liverpool-le-trio-des-reds-de-retour-a-lentrainement-avant-le-choc-de-crystal-palace\/\"},\"wordCount\":387,\"publisher\":{\"@id\":\"https:\/\/footdavant.fr\/actualites\/#organization\"},\"keywords\":[\"avant\",\"blessures\",\"choc\",\"Crystal\",\"des\",\"lentra\u00eenement\",\"Liverpool\",\"Nouvelles\",\"Palace\",\"Reds\",\"retour\",\"trio\"],\"articleSection\":[\"Premier League\"],\"inLanguage\":\"fr-FR\"},{\"@type\":\"WebPage\",\"@id\":\"https:\/\/footdavant.fr\/actualites\/nouvelles-des-blessures-a-liverpool-le-trio-des-reds-de-retour-a-lentrainement-avant-le-choc-de-crystal-palace\/\",\"url\":\"https:\/\/footdavant.fr\/actualites\/nouvelles-des-blessures-a-liverpool-le-trio-des-reds-de-retour-a-lentrainement-avant-le-choc-de-crystal-palace\/\",\"name\":\"Nouvelles des blessures \u00e0 Liverpool: le trio des Reds de retour \u00e0 l\u2019entra\u00eenement avant le choc de Crystal Palace\",\"isPartOf\":{\"@id\":\"https:\/\/footdavant.fr\/actualites\/#website\"},\"datePublished\":\"2026-04-25T12:48:31+00:00\",\"dateModified\":\"2026-04-25T12:48:32+00:00\",\"breadcrumb\":{\"@id\":\"https:\/\/footdavant.fr\/actualites\/nouvelles-des-blessures-a-liverpool-le-trio-des-reds-de-retour-a-lentrainement-avant-le-choc-de-crystal-palace\/#breadcrumb\"},\"inLanguage\":\"fr-FR\",\"potentialAction\":[{\"@type\":\"ReadAction\",\"target\":[\"https:\/\/footdavant.fr\/actualites\/nouvelles-des-blessures-a-liverpool-le-trio-des-reds-de-retour-a-lentrainement-avant-le-choc-de-crystal-palace\/\"]}]},{\"@type\":\"BreadcrumbList\",\"@id\":\"https:\/\/footdavant.fr\/actualites\/nouvelles-des-blessures-a-liverpool-le-trio-des-reds-de-retour-a-lentrainement-avant-le-choc-de-crystal-palace\/#breadcrumb\",\"itemListElement\":[{\"@type\":\"ListItem\",\"position\":1,\"name\":\"Accueil\",\"item\":\"https:\/\/footdavant.fr\/actualites\/\"},{\"@type\":\"ListItem\",\"position\":2,\"name\":\"Nouvelles des blessures \u00e0 Liverpool: le trio des Reds de retour \u00e0 l\u2019entra\u00eenement avant le choc de Crystal Palace\"}]},{\"@type\":\"WebSite\",\"@id\":\"https:\/\/footdavant.fr\/actualites\/#website\",\"url\":\"https:\/\/footdavant.fr\/actualites\/\",\"name\":\"Foot d'avant\",\"description\":\"\",\"publisher\":{\"@id\":\"https:\/\/footdavant.fr\/actualites\/#organization\"},\"potentialAction\":[{\"@type\":\"SearchAction\",\"target\":{\"@type\":\"EntryPoint\",\"urlTemplate\":\"https:\/\/footdavant.fr\/actualites\/?s={search_term_string}\"},\"query-input\":\"required name=search_term_string\"}],\"inLanguage\":\"fr-FR\"},{\"@type\":\"Organization\",\"@id\":\"https:\/\/footdavant.fr\/actualites\/#organization\",\"name\":\"Foot d'avant\",\"url\":\"https:\/\/footdavant.fr\/actualites\/\",\"logo\":{\"@type\":\"ImageObject\",\"inLanguage\":\"fr-FR\",\"@id\":\"https:\/\/footdavant.fr\/actualites\/#\/schema\/logo\/image\/\",\"url\":\"https:\/\/footdavant.fr\/actualites\/wp-content\/uploads\/2023\/09\/Copy-of-FootDavant-Logo.png\",\"contentUrl\":\"https:\/\/footdavant.fr\/actualites\/wp-content\/uploads\/2023\/09\/Copy-of-FootDavant-Logo.png\",\"width\":936,\"height\":549,\"caption\":\"Foot d'avant\"},\"image\":{\"@id\":\"https:\/\/footdavant.fr\/actualites\/#\/schema\/logo\/image\/\"},\"sameAs\":[\"https:\/\/www.facebook.com\/Footdavant\/\",\"https:\/\/twitter.com\/FootdavantFr\",\"https:\/\/www.instagram.com\/footdavant.fr\/\"]},{\"@type\":\"Person\",\"@id\":\"https:\/\/footdavant.fr\/actualites\/#\/schema\/person\/bc222566d95871b37e597b3ed3ba5e1d\",\"name\":\"Cl\u00e9ment\",\"image\":{\"@type\":\"ImageObject\",\"inLanguage\":\"fr-FR\",\"@id\":\"https:\/\/footdavant.fr\/actualites\/#\/schema\/person\/image\/\",\"url\":\"https:\/\/secure.gravatar.com\/avatar\/7728b29aac2719421e1a9159b2254c44?s=96&d=mm&r=g\",\"contentUrl\":\"https:\/\/secure.gravatar.com\/avatar\/7728b29aac2719421e1a9159b2254c44?s=96&d=mm&r=g\",\"caption\":\"Cl\u00e9ment\"},\"sameAs\":[\"https:\/\/footdavant.fr\/\"]}]}<\/script>\n<!-- \/ Yoast SEO plugin. -->","yoast_head_json":{"title":"Nouvelles des blessures \u00e0 Liverpool: le trio des Reds de retour \u00e0 l\u2019entra\u00eenement avant le choc de Crystal Palace","robots":{"index":"index","follow":"follow","max-snippet":"max-snippet:-1","max-image-preview":"max-image-preview:large","max-video-preview":"max-video-preview:-1"},"canonical":"https:\/\/footdavant.fr\/actualites\/nouvelles-des-blessures-a-liverpool-le-trio-des-reds-de-retour-a-lentrainement-avant-le-choc-de-crystal-palace\/","og_locale":"fr_FR","og_type":"article","og_title":"Nouvelles des blessures \u00e0 Liverpool: le trio des Reds de retour \u00e0 l\u2019entra\u00eenement avant le choc de Crystal Palace","og_description":"Liverpool tentera de remporter deux victoires cons\u00e9cutives en Premier League lorsqu&#39;il accueillera Crystal Palace \u00e0 Anfield samedi. Avant le choc, les Reds ont re\u00e7u un","og_url":"https:\/\/footdavant.fr\/actualites\/nouvelles-des-blessures-a-liverpool-le-trio-des-reds-de-retour-a-lentrainement-avant-le-choc-de-crystal-palace\/","og_site_name":"Foot d&#039;avant","article_publisher":"https:\/\/www.facebook.com\/Footdavant\/","article_published_time":"2026-04-25T12:48:31+00:00","article_modified_time":"2026-04-25T12:48:32+00:00","og_image":[{"width":720,"height":410,"url":"https:\/\/footdavant.fr\/actualites\/wp-content\/uploads\/2026\/04\/Nouvelles-des-blessures-a-Liverpool-le-trio-des-Reds-de.net2Fuploads2F20262F042Fns-image-zoom-em.webp","type":"image\/webp"}],"author":"Cl\u00e9ment","twitter_card":"summary_large_image","twitter_creator":"@FootdavantFr","twitter_site":"@FootdavantFr","twitter_misc":{"\u00c9crit par":"Cl\u00e9ment","Dur\u00e9e de lecture estim\u00e9e":"2 minutes"},"schema":{"@context":"https:\/\/schema.org","@graph":[{"@type":"Article","@id":"https:\/\/footdavant.fr\/actualites\/nouvelles-des-blessures-a-liverpool-le-trio-des-reds-de-retour-a-lentrainement-avant-le-choc-de-crystal-palace\/#article","isPartOf":{"@id":"https:\/\/footdavant.fr\/actualites\/nouvelles-des-blessures-a-liverpool-le-trio-des-reds-de-retour-a-lentrainement-avant-le-choc-de-crystal-palace\/"},"author":{"name":"Cl\u00e9ment","@id":"https:\/\/footdavant.fr\/actualites\/#\/schema\/person\/bc222566d95871b37e597b3ed3ba5e1d"},"headline":"Nouvelles des blessures \u00e0 Liverpool: le trio des Reds de retour \u00e0 l\u2019entra\u00eenement avant le choc de Crystal Palace","datePublished":"2026-04-25T12:48:31+00:00","dateModified":"2026-04-25T12:48:32+00:00","mainEntityOfPage":{"@id":"https:\/\/footdavant.fr\/actualites\/nouvelles-des-blessures-a-liverpool-le-trio-des-reds-de-retour-a-lentrainement-avant-le-choc-de-crystal-palace\/"},"wordCount":387,"publisher":{"@id":"https:\/\/footdavant.fr\/actualites\/#organization"},"keywords":["avant","blessures","choc","Crystal","des","lentra\u00eenement","Liverpool","Nouvelles","Palace","Reds","retour","trio"],"articleSection":["Premier League"],"inLanguage":"fr-FR"},{"@type":"WebPage","@id":"https:\/\/footdavant.fr\/actualites\/nouvelles-des-blessures-a-liverpool-le-trio-des-reds-de-retour-a-lentrainement-avant-le-choc-de-crystal-palace\/","url":"https:\/\/footdavant.fr\/actualites\/nouvelles-des-blessures-a-liverpool-le-trio-des-reds-de-retour-a-lentrainement-avant-le-choc-de-crystal-palace\/","name":"Nouvelles des blessures \u00e0 Liverpool: le trio des Reds de retour \u00e0 l\u2019entra\u00eenement avant le choc de Crystal Palace","isPartOf":{"@id":"https:\/\/footdavant.fr\/actualites\/#website"},"datePublished":"2026-04-25T12:48:31+00:00","dateModified":"2026-04-25T12:48:32+00:00","breadcrumb":{"@id":"https:\/\/footdavant.fr\/actualites\/nouvelles-des-blessures-a-liverpool-le-trio-des-reds-de-retour-a-lentrainement-avant-le-choc-de-crystal-palace\/#breadcrumb"},"inLanguage":"fr-FR","potentialAction":[{"@type":"ReadAction","target":["https:\/\/footdavant.fr\/actualites\/nouvelles-des-blessures-a-liverpool-le-trio-des-reds-de-retour-a-lentrainement-avant-le-choc-de-crystal-palace\/"]}]},{"@type":"BreadcrumbList","@id":"https:\/\/footdavant.fr\/actualites\/nouvelles-des-blessures-a-liverpool-le-trio-des-reds-de-retour-a-lentrainement-avant-le-choc-de-crystal-palace\/#breadcrumb","itemListElement":[{"@type":"ListItem","position":1,"name":"Accueil","item":"https:\/\/footdavant.fr\/actualites\/"},{"@type":"ListItem","position":2,"name":"Nouvelles des blessures \u00e0 Liverpool: le trio des Reds de retour \u00e0 l\u2019entra\u00eenement avant le choc de Crystal Palace"}]},{"@type":"WebSite","@id":"https:\/\/footdavant.fr\/actualites\/#website","url":"https:\/\/footdavant.fr\/actualites\/","name":"Foot d'avant","description":"","publisher":{"@id":"https:\/\/footdavant.fr\/actualites\/#organization"},"potentialAction":[{"@type":"SearchAction","target":{"@type":"EntryPoint","urlTemplate":"https:\/\/footdavant.fr\/actualites\/?s={search_term_string}"},"query-input":"required name=search_term_string"}],"inLanguage":"fr-FR"},{"@type":"Organization","@id":"https:\/\/footdavant.fr\/actualites\/#organization","name":"Foot d'avant","url":"https:\/\/footdavant.fr\/actualites\/","logo":{"@type":"ImageObject","inLanguage":"fr-FR","@id":"https:\/\/footdavant.fr\/actualites\/#\/schema\/logo\/image\/","url":"https:\/\/footdavant.fr\/actualites\/wp-content\/uploads\/2023\/09\/Copy-of-FootDavant-Logo.png","contentUrl":"https:\/\/footdavant.fr\/actualites\/wp-content\/uploads\/2023\/09\/Copy-of-FootDavant-Logo.png","width":936,"height":549,"caption":"Foot d'avant"},"image":{"@id":"https:\/\/footdavant.fr\/actualites\/#\/schema\/logo\/image\/"},"sameAs":["https:\/\/www.facebook.com\/Footdavant\/","https:\/\/twitter.com\/FootdavantFr","https:\/\/www.instagram.com\/footdavant.fr\/"]},{"@type":"Person","@id":"https:\/\/footdavant.fr\/actualites\/#\/schema\/person\/bc222566d95871b37e597b3ed3ba5e1d","name":"Cl\u00e9ment","image":{"@type":"ImageObject","inLanguage":"fr-FR","@id":"https:\/\/footdavant.fr\/actualites\/#\/schema\/person\/image\/","url":"https:\/\/secure.gravatar.com\/avatar\/7728b29aac2719421e1a9159b2254c44?s=96&d=mm&r=g","contentUrl":"https:\/\/secure.gravatar.com\/avatar\/7728b29aac2719421e1a9159b2254c44?s=96&d=mm&r=g","caption":"Cl\u00e9ment"},"sameAs":["https:\/\/footdavant.fr\/"]}]}},"_links":{"self":[{"href":"https:\/\/footdavant.fr\/actualites\/wp-json\/wp\/v2\/posts\/36817"}],"collection":[{"href":"https:\/\/footdavant.fr\/actualites\/wp-json\/wp\/v2\/posts"}],"about":[{"href":"https:\/\/footdavant.fr\/actualites\/wp-json\/wp\/v2\/types\/post"}],"author":[{"embeddable":true,"href":"https:\/\/footdavant.fr\/actualites\/wp-json\/wp\/v2\/users\/1"}],"replies":[{"embeddable":true,"href":"https:\/\/footdavant.fr\/actualites\/wp-json\/wp\/v2\/comments?post=36817"}],"version-history":[{"count":1,"href":"https:\/\/footdavant.fr\/actualites\/wp-json\/wp\/v2\/posts\/36817\/revisions"}],"predecessor-version":[{"id":36819,"href":"https:\/\/footdavant.fr\/actualites\/wp-json\/wp\/v2\/posts\/36817\/revisions\/36819"}],"wp:featuredmedia":[{"embeddable":true,"href":"https:\/\/footdavant.fr\/actualites\/wp-json\/wp\/v2\/media\/36818"}],"wp:attachment":[{"href":"https:\/\/footdavant.fr\/actualites\/wp-json\/wp\/v2\/media?parent=36817"}],"wp:term":[{"taxonomy":"category","embeddable":true,"href":"https:\/\/footdavant.fr\/actualites\/wp-json\/wp\/v2\/categories?post=36817"},{"taxonomy":"post_tag","embeddable":true,"href":"https:\/\/footdavant.fr\/actualites\/wp-json\/wp\/v2\/tags?post=36817"}],"curies":[{"name":"wp","href":"https:\/\/api.w.org\/{rel}","templated":true}]}}