{"id":36823,"date":"2026-04-25T18:48:10","date_gmt":"2026-04-25T16:48:10","guid":{"rendered":"https:\/\/footdavant.fr\/actualites\/michael-carrick-fait-le-point-sur-lavenir-de-man-united-avec-les-red-devils-sur-le-point-de-se-qualifier-pour-la-ligue-des-champions\/"},"modified":"2026-04-25T18:48:11","modified_gmt":"2026-04-25T16:48:11","slug":"michael-carrick-fait-le-point-sur-lavenir-de-man-united-avec-les-red-devils-sur-le-point-de-se-qualifier-pour-la-ligue-des-champions","status":"publish","type":"post","link":"https:\/\/footdavant.fr\/actualites\/michael-carrick-fait-le-point-sur-lavenir-de-man-united-avec-les-red-devils-sur-le-point-de-se-qualifier-pour-la-ligue-des-champions\/","title":{"rendered":"Michael Carrick fait le point sur l&#39;avenir de Man United avec les Red Devils sur le point de se qualifier pour la Ligue des champions"},"content":{"rendered":"<div itemprop=\"articleBody\">\n<p>Michael Carrick a r\u00e9it\u00e9r\u00e9 son bonheur \u00e0 Manchester United lorsqu&#39;il a \u00e9t\u00e9 interrog\u00e9 sur son avenir au-del\u00e0 de la fin de la campagne 2025-26.<\/p>\n<p>La d\u00e9cision quant \u00e0 savoir si Carrick se verra confier le poste de direction \u00e0 long terme n&#39;a pas encore \u00e9t\u00e9 prise, mais le travail de l&#39;homme de 44 ans \u00e0 la barre a fait de lui le favori pour assurer le poste \u00e0 l&#39;avenir.<\/p>\n<p>Carrick a guid\u00e9 Man United \u00e0 la troisi\u00e8me place du classement de la Premier League et a mis l&#39;\u00e9quipe sur le point d&#39;assurer un retour en Ligue des champions pour la campagne 2026-27.<\/p>\n<p>Avant le match de Premier League de lundi contre Brentford, l&#39;Anglais a de nouveau \u00e9t\u00e9 interrog\u00e9 sur sa position avec les Red Devils.<\/p>\n<p>\u00ab\u00a0Je l&#39;ai dit \u00e0 plusieurs reprises, j&#39;aime \u00eatre ici, vous savez, j&#39;appr\u00e9cie le r\u00f4le que j&#39;occupe. Nous avons eu de bons r\u00e9sultats et nous sommes en bonne forme, il y a beaucoup \u00e0 faire, nous voulons encore continuer \u00e0 nous am\u00e9liorer, il y a des niveaux que nous voulons vraiment atteindre\u00a0\u00bb, a d\u00e9clar\u00e9 Carrick aux journalistes.<\/p>\n<div>\n<div>\n<div>\n<div>\n<p>\u00a9 Iconsport \/ SUSA<\/p>\n<\/div>\n<\/div>\n<\/div>\n<\/div>\n<h2>Carrick est le favori pour \u00eatre nomm\u00e9 prochain entra\u00eeneur-chef permanent de Man United<\/h2>\n<p>\u00ab\u00a0Je verrai, je continuerai \u00e0 dire les m\u00eames choses devant vous chaque semaine, je ne peux pas dire grand-chose \u00e0 ce sujet, mais je l&#39;ai dit plusieurs fois, j&#39;aime \u00eatre ici, j&#39;aime \u00eatre ici, c&#39;est un vrai privil\u00e8ge d&#39;\u00eatre dans la position que j&#39;occupe. S&#39;\u00e9panouir avec la responsabilit\u00e9 que nous avons.<\/p>\n<p>\u00ab\u00a0Je ne suis pas s\u00fbr, pour \u00eatre honn\u00eate, et ce n&#39;est pas vraiment quelque chose en termes de d\u00e9lais que je recherche vraiment. Je pense que cela deviendra clair quand cela deviendra clair, et je suis ici en ce moment pour aider l&#39;\u00e9quipe et aider le club \u00e0 obtenir des r\u00e9sultats.<\/p>\n<p>\u00ab\u00a0Pour le moment, nous allons bien, nous pouvons continuer \u00e0 pousser et \u00e0 nous am\u00e9liorer, donc c&#39;est vraiment tout ce sur quoi je me concentre en ce moment.<\/p>\n<p>\u00ab\u00a0Je suis ici depuis un certain temps et j&#39;ai vu pas mal de choses, des hauts et des bas, donc votre type d&#39;exp\u00e9rience vous aide beaucoup dans les situations. Donc je ne dirais pas que j&#39;en suis surpris.<\/p>\n<p>\u00ab\u00a0Travailler avec les joueurs est ce que j&#39;appr\u00e9cie, c&#39;est une sorte de passion de les aider \u00e0 se d\u00e9velopper et finalement d&#39;obtenir des r\u00e9sultats et de les partager avec les supporters.<\/p>\n<p>\u00ab\u00a0Quand vous obtenez des victoires importantes et de grandes victoires et que vous avez des moments pour profiter de leurs moments, c&#39;est pour cela que nous sommes tous l\u00e0 en fin de compte, nous devons donc en tirer le meilleur parti \u00e9galement.\u00a0\u00bb<\/p>\n<div>\n<div>\n<div>\n<div><img decoding=\"async\" data-img-id=\"158914\" class=\"lazy\" loading=\"lazy\" src=\"https:\/\/footdavant.fr\/actualites\/wp-content\/uploads\/2026\/04\/Nouvelles-des-transferts-de-Man-United-les-Red-Devils.webp\"\/><\/p>\n<p>\u00a9 Imago \/ Images de sports professionnels<\/p>\n<\/div>\n<\/div>\n<\/div>\n<\/div>\n<h2>L&#39;entra\u00eeneur-chef de Man United, Carrick, r\u00e9pond aux comparaisons avec Solskjaer<\/h2>\n<p>Interrog\u00e9 sur les comparaisons avec l&#39;ancien entra\u00eeneur-chef de Man United, Ole Gunnar Solskjaer, Carrick a d\u00e9clar\u00e9 : \u00ab\u00a0Je ne pense pas que ce soit irrespectueux, je pense que j&#39;ai le plus grand respect pour lui.<\/p>\n<p>\u00ab\u00a0C&#39;est un de mes amis proches, donc j&#39;ai travaill\u00e9 en \u00e9troite collaboration avec lui quand il \u00e9tait ici, donc j&#39;\u00e9tais assez attach\u00e9 \u00e0 cela et je pensais que nous avions vraiment fait beaucoup de bonnes choses et nous sommes devenus proches et \u00e0 la fin, \u00e9videmment, cela a chang\u00e9 et cela a pris une direction diff\u00e9rente, c&#39;est le football.<\/p>\n<p>\u00ab\u00a0Je pense que les comparaisons, vous pouvez comparer toutes sortes de situations diff\u00e9rentes, de managers, d&#39;entra\u00eeneurs et d&#39;\u00e9quipes au fil des ans, cela d\u00e9pend simplement de ce que vous voulez choisir de comparer.<\/p>\n<p>\u00ab\u00a0Cela n&#39;a vraiment aucune importance, \u00e7a l&#39;est vraiment, et ce n&#39;est ni n\u00e9gatif ni positif, cela n&#39;a vraiment aucun lien, je pense, nous sommes une \u00e9quipe diff\u00e9rente maintenant, peu importe moi, qui est en charge, c&#39;est une \u00e9poque diff\u00e9rente, donc je ne pense pas vraiment que les comparaisons fassent litt\u00e9ralement une diff\u00e9rence.\u00a0\u00bb<\/p>\n<p>Solskjaer s&#39;est vu confier le poste de Man United de mani\u00e8re permanente gr\u00e2ce \u00e0 un excellent passage en charge par int\u00e9rim, mais le s\u00e9jour du Norv\u00e9gien \u00e0 Old Trafford s&#39;est finalement sold\u00e9 par une d\u00e9ception.<\/p>\n<\/div>\n","protected":false},"excerpt":{"rendered":"<p>Michael Carrick a r\u00e9it\u00e9r\u00e9 son bonheur \u00e0 Manchester United lorsqu&#39;il a \u00e9t\u00e9 interrog\u00e9 sur son avenir au-del\u00e0 de la fin de la campagne 2025-26. La<\/p>\n","protected":false},"author":1,"featured_media":36394,"comment_status":"closed","ping_status":"","sticky":false,"template":"","format":"standard","meta":{"footnotes":""},"categories":[5],"tags":[91,5200,31,12,265,152,4309,93,30,24,1105,153,51,1737,536,103,13],"yoast_head":"<!-- This site is optimized with the Yoast SEO plugin v21.0 - https:\/\/yoast.com\/wordpress\/plugins\/seo\/ -->\n<title>Michael Carrick fait le point sur l&#039;avenir de Man United avec les Red Devils sur le point de se qualifier pour la Ligue des champions<\/title>\n<meta name=\"robots\" content=\"index, follow, max-snippet:-1, max-image-preview:large, max-video-preview:-1\" \/>\n<link rel=\"canonical\" href=\"https:\/\/footdavant.fr\/actualites\/michael-carrick-fait-le-point-sur-lavenir-de-man-united-avec-les-red-devils-sur-le-point-de-se-qualifier-pour-la-ligue-des-champions\/\" \/>\n<meta property=\"og:locale\" content=\"fr_FR\" \/>\n<meta property=\"og:type\" content=\"article\" \/>\n<meta property=\"og:title\" content=\"Michael Carrick fait le point sur l&#039;avenir de Man United avec les Red Devils sur le point de se qualifier pour la Ligue des champions\" \/>\n<meta property=\"og:description\" content=\"Michael Carrick a r\u00e9it\u00e9r\u00e9 son bonheur \u00e0 Manchester United lorsqu&#039;il a \u00e9t\u00e9 interrog\u00e9 sur son avenir au-del\u00e0 de la fin de la campagne 2025-26. La\" \/>\n<meta property=\"og:url\" content=\"https:\/\/footdavant.fr\/actualites\/michael-carrick-fait-le-point-sur-lavenir-de-man-united-avec-les-red-devils-sur-le-point-de-se-qualifier-pour-la-ligue-des-champions\/\" \/>\n<meta property=\"og:site_name\" content=\"Foot d&#039;avant\" \/>\n<meta property=\"article:publisher\" content=\"https:\/\/www.facebook.com\/Footdavant\/\" \/>\n<meta property=\"article:published_time\" content=\"2026-04-25T16:48:10+00:00\" \/>\n<meta property=\"article:modified_time\" content=\"2026-04-25T16:48:11+00:00\" \/>\n<meta property=\"og:image\" content=\"https:\/\/footdavant.fr\/actualites\/wp-content\/uploads\/2026\/04\/Nouvelles-du-transfert-de-Man-United-les-Red-Devils.net2Fuploads2F20262F042Farne-slot-mo-sal.webp\" \/>\n\t<meta property=\"og:image:width\" content=\"720\" \/>\n\t<meta property=\"og:image:height\" content=\"410\" \/>\n\t<meta property=\"og:image:type\" content=\"image\/webp\" \/>\n<meta name=\"author\" content=\"Cl\u00e9ment\" \/>\n<meta name=\"twitter:card\" content=\"summary_large_image\" \/>\n<meta name=\"twitter:creator\" content=\"@FootdavantFr\" \/>\n<meta name=\"twitter:site\" content=\"@FootdavantFr\" \/>\n<meta name=\"twitter:label1\" content=\"\u00c9crit par\" \/>\n\t<meta name=\"twitter:data1\" content=\"Cl\u00e9ment\" \/>\n\t<meta name=\"twitter:label2\" content=\"Dur\u00e9e de lecture estim\u00e9e\" \/>\n\t<meta name=\"twitter:data2\" content=\"4 minutes\" \/>\n<script type=\"application\/ld+json\" class=\"yoast-schema-graph\">{\"@context\":\"https:\/\/schema.org\",\"@graph\":[{\"@type\":\"Article\",\"@id\":\"https:\/\/footdavant.fr\/actualites\/michael-carrick-fait-le-point-sur-lavenir-de-man-united-avec-les-red-devils-sur-le-point-de-se-qualifier-pour-la-ligue-des-champions\/#article\",\"isPartOf\":{\"@id\":\"https:\/\/footdavant.fr\/actualites\/michael-carrick-fait-le-point-sur-lavenir-de-man-united-avec-les-red-devils-sur-le-point-de-se-qualifier-pour-la-ligue-des-champions\/\"},\"author\":{\"name\":\"Cl\u00e9ment\",\"@id\":\"https:\/\/footdavant.fr\/actualites\/#\/schema\/person\/bc222566d95871b37e597b3ed3ba5e1d\"},\"headline\":\"Michael Carrick fait le point sur l&#39;avenir de Man United avec les Red Devils sur le point de se qualifier pour la Ligue des champions\",\"datePublished\":\"2026-04-25T16:48:10+00:00\",\"dateModified\":\"2026-04-25T16:48:11+00:00\",\"mainEntityOfPage\":{\"@id\":\"https:\/\/footdavant.fr\/actualites\/michael-carrick-fait-le-point-sur-lavenir-de-man-united-avec-les-red-devils-sur-le-point-de-se-qualifier-pour-la-ligue-des-champions\/\"},\"wordCount\":755,\"publisher\":{\"@id\":\"https:\/\/footdavant.fr\/actualites\/#organization\"},\"keywords\":[\"avec\",\"Carrick\",\"champions\",\"des\",\"Devils\",\"fait\",\"l39avenir\",\"les\",\"Ligue\",\"Man\",\"Michael\",\"point\",\"pour\",\"qualifier\",\"Red\",\"sur\",\"United\"],\"articleSection\":[\"Premier League\"],\"inLanguage\":\"fr-FR\"},{\"@type\":\"WebPage\",\"@id\":\"https:\/\/footdavant.fr\/actualites\/michael-carrick-fait-le-point-sur-lavenir-de-man-united-avec-les-red-devils-sur-le-point-de-se-qualifier-pour-la-ligue-des-champions\/\",\"url\":\"https:\/\/footdavant.fr\/actualites\/michael-carrick-fait-le-point-sur-lavenir-de-man-united-avec-les-red-devils-sur-le-point-de-se-qualifier-pour-la-ligue-des-champions\/\",\"name\":\"Michael Carrick fait le point sur l&#39;avenir de Man United avec les Red Devils sur le point de se qualifier pour la Ligue des champions\",\"isPartOf\":{\"@id\":\"https:\/\/footdavant.fr\/actualites\/#website\"},\"datePublished\":\"2026-04-25T16:48:10+00:00\",\"dateModified\":\"2026-04-25T16:48:11+00:00\",\"breadcrumb\":{\"@id\":\"https:\/\/footdavant.fr\/actualites\/michael-carrick-fait-le-point-sur-lavenir-de-man-united-avec-les-red-devils-sur-le-point-de-se-qualifier-pour-la-ligue-des-champions\/#breadcrumb\"},\"inLanguage\":\"fr-FR\",\"potentialAction\":[{\"@type\":\"ReadAction\",\"target\":[\"https:\/\/footdavant.fr\/actualites\/michael-carrick-fait-le-point-sur-lavenir-de-man-united-avec-les-red-devils-sur-le-point-de-se-qualifier-pour-la-ligue-des-champions\/\"]}]},{\"@type\":\"BreadcrumbList\",\"@id\":\"https:\/\/footdavant.fr\/actualites\/michael-carrick-fait-le-point-sur-lavenir-de-man-united-avec-les-red-devils-sur-le-point-de-se-qualifier-pour-la-ligue-des-champions\/#breadcrumb\",\"itemListElement\":[{\"@type\":\"ListItem\",\"position\":1,\"name\":\"Accueil\",\"item\":\"https:\/\/footdavant.fr\/actualites\/\"},{\"@type\":\"ListItem\",\"position\":2,\"name\":\"Michael Carrick fait le point sur l&#39;avenir de Man United avec les Red Devils sur le point de se qualifier pour la Ligue des champions\"}]},{\"@type\":\"WebSite\",\"@id\":\"https:\/\/footdavant.fr\/actualites\/#website\",\"url\":\"https:\/\/footdavant.fr\/actualites\/\",\"name\":\"Foot d'avant\",\"description\":\"\",\"publisher\":{\"@id\":\"https:\/\/footdavant.fr\/actualites\/#organization\"},\"potentialAction\":[{\"@type\":\"SearchAction\",\"target\":{\"@type\":\"EntryPoint\",\"urlTemplate\":\"https:\/\/footdavant.fr\/actualites\/?s={search_term_string}\"},\"query-input\":\"required name=search_term_string\"}],\"inLanguage\":\"fr-FR\"},{\"@type\":\"Organization\",\"@id\":\"https:\/\/footdavant.fr\/actualites\/#organization\",\"name\":\"Foot d'avant\",\"url\":\"https:\/\/footdavant.fr\/actualites\/\",\"logo\":{\"@type\":\"ImageObject\",\"inLanguage\":\"fr-FR\",\"@id\":\"https:\/\/footdavant.fr\/actualites\/#\/schema\/logo\/image\/\",\"url\":\"https:\/\/footdavant.fr\/actualites\/wp-content\/uploads\/2023\/09\/Copy-of-FootDavant-Logo.png\",\"contentUrl\":\"https:\/\/footdavant.fr\/actualites\/wp-content\/uploads\/2023\/09\/Copy-of-FootDavant-Logo.png\",\"width\":936,\"height\":549,\"caption\":\"Foot d'avant\"},\"image\":{\"@id\":\"https:\/\/footdavant.fr\/actualites\/#\/schema\/logo\/image\/\"},\"sameAs\":[\"https:\/\/www.facebook.com\/Footdavant\/\",\"https:\/\/twitter.com\/FootdavantFr\",\"https:\/\/www.instagram.com\/footdavant.fr\/\"]},{\"@type\":\"Person\",\"@id\":\"https:\/\/footdavant.fr\/actualites\/#\/schema\/person\/bc222566d95871b37e597b3ed3ba5e1d\",\"name\":\"Cl\u00e9ment\",\"image\":{\"@type\":\"ImageObject\",\"inLanguage\":\"fr-FR\",\"@id\":\"https:\/\/footdavant.fr\/actualites\/#\/schema\/person\/image\/\",\"url\":\"https:\/\/secure.gravatar.com\/avatar\/7728b29aac2719421e1a9159b2254c44?s=96&d=mm&r=g\",\"contentUrl\":\"https:\/\/secure.gravatar.com\/avatar\/7728b29aac2719421e1a9159b2254c44?s=96&d=mm&r=g\",\"caption\":\"Cl\u00e9ment\"},\"sameAs\":[\"https:\/\/footdavant.fr\/\"]}]}<\/script>\n<!-- \/ Yoast SEO plugin. -->","yoast_head_json":{"title":"Michael Carrick fait le point sur l&#39;avenir de Man United avec les Red Devils sur le point de se qualifier pour la Ligue des champions","robots":{"index":"index","follow":"follow","max-snippet":"max-snippet:-1","max-image-preview":"max-image-preview:large","max-video-preview":"max-video-preview:-1"},"canonical":"https:\/\/footdavant.fr\/actualites\/michael-carrick-fait-le-point-sur-lavenir-de-man-united-avec-les-red-devils-sur-le-point-de-se-qualifier-pour-la-ligue-des-champions\/","og_locale":"fr_FR","og_type":"article","og_title":"Michael Carrick fait le point sur l&#39;avenir de Man United avec les Red Devils sur le point de se qualifier pour la Ligue des champions","og_description":"Michael Carrick a r\u00e9it\u00e9r\u00e9 son bonheur \u00e0 Manchester United lorsqu&#39;il a \u00e9t\u00e9 interrog\u00e9 sur son avenir au-del\u00e0 de la fin de la campagne 2025-26. La","og_url":"https:\/\/footdavant.fr\/actualites\/michael-carrick-fait-le-point-sur-lavenir-de-man-united-avec-les-red-devils-sur-le-point-de-se-qualifier-pour-la-ligue-des-champions\/","og_site_name":"Foot d&#039;avant","article_publisher":"https:\/\/www.facebook.com\/Footdavant\/","article_published_time":"2026-04-25T16:48:10+00:00","article_modified_time":"2026-04-25T16:48:11+00:00","og_image":[{"width":720,"height":410,"url":"https:\/\/footdavant.fr\/actualites\/wp-content\/uploads\/2026\/04\/Nouvelles-du-transfert-de-Man-United-les-Red-Devils.net2Fuploads2F20262F042Farne-slot-mo-sal.webp","type":"image\/webp"}],"author":"Cl\u00e9ment","twitter_card":"summary_large_image","twitter_creator":"@FootdavantFr","twitter_site":"@FootdavantFr","twitter_misc":{"\u00c9crit par":"Cl\u00e9ment","Dur\u00e9e de lecture estim\u00e9e":"4 minutes"},"schema":{"@context":"https:\/\/schema.org","@graph":[{"@type":"Article","@id":"https:\/\/footdavant.fr\/actualites\/michael-carrick-fait-le-point-sur-lavenir-de-man-united-avec-les-red-devils-sur-le-point-de-se-qualifier-pour-la-ligue-des-champions\/#article","isPartOf":{"@id":"https:\/\/footdavant.fr\/actualites\/michael-carrick-fait-le-point-sur-lavenir-de-man-united-avec-les-red-devils-sur-le-point-de-se-qualifier-pour-la-ligue-des-champions\/"},"author":{"name":"Cl\u00e9ment","@id":"https:\/\/footdavant.fr\/actualites\/#\/schema\/person\/bc222566d95871b37e597b3ed3ba5e1d"},"headline":"Michael Carrick fait le point sur l&#39;avenir de Man United avec les Red Devils sur le point de se qualifier pour la Ligue des champions","datePublished":"2026-04-25T16:48:10+00:00","dateModified":"2026-04-25T16:48:11+00:00","mainEntityOfPage":{"@id":"https:\/\/footdavant.fr\/actualites\/michael-carrick-fait-le-point-sur-lavenir-de-man-united-avec-les-red-devils-sur-le-point-de-se-qualifier-pour-la-ligue-des-champions\/"},"wordCount":755,"publisher":{"@id":"https:\/\/footdavant.fr\/actualites\/#organization"},"keywords":["avec","Carrick","champions","des","Devils","fait","l39avenir","les","Ligue","Man","Michael","point","pour","qualifier","Red","sur","United"],"articleSection":["Premier League"],"inLanguage":"fr-FR"},{"@type":"WebPage","@id":"https:\/\/footdavant.fr\/actualites\/michael-carrick-fait-le-point-sur-lavenir-de-man-united-avec-les-red-devils-sur-le-point-de-se-qualifier-pour-la-ligue-des-champions\/","url":"https:\/\/footdavant.fr\/actualites\/michael-carrick-fait-le-point-sur-lavenir-de-man-united-avec-les-red-devils-sur-le-point-de-se-qualifier-pour-la-ligue-des-champions\/","name":"Michael Carrick fait le point sur l&#39;avenir de Man United avec les Red Devils sur le point de se qualifier pour la Ligue des champions","isPartOf":{"@id":"https:\/\/footdavant.fr\/actualites\/#website"},"datePublished":"2026-04-25T16:48:10+00:00","dateModified":"2026-04-25T16:48:11+00:00","breadcrumb":{"@id":"https:\/\/footdavant.fr\/actualites\/michael-carrick-fait-le-point-sur-lavenir-de-man-united-avec-les-red-devils-sur-le-point-de-se-qualifier-pour-la-ligue-des-champions\/#breadcrumb"},"inLanguage":"fr-FR","potentialAction":[{"@type":"ReadAction","target":["https:\/\/footdavant.fr\/actualites\/michael-carrick-fait-le-point-sur-lavenir-de-man-united-avec-les-red-devils-sur-le-point-de-se-qualifier-pour-la-ligue-des-champions\/"]}]},{"@type":"BreadcrumbList","@id":"https:\/\/footdavant.fr\/actualites\/michael-carrick-fait-le-point-sur-lavenir-de-man-united-avec-les-red-devils-sur-le-point-de-se-qualifier-pour-la-ligue-des-champions\/#breadcrumb","itemListElement":[{"@type":"ListItem","position":1,"name":"Accueil","item":"https:\/\/footdavant.fr\/actualites\/"},{"@type":"ListItem","position":2,"name":"Michael Carrick fait le point sur l&#39;avenir de Man United avec les Red Devils sur le point de se qualifier pour la Ligue des champions"}]},{"@type":"WebSite","@id":"https:\/\/footdavant.fr\/actualites\/#website","url":"https:\/\/footdavant.fr\/actualites\/","name":"Foot d'avant","description":"","publisher":{"@id":"https:\/\/footdavant.fr\/actualites\/#organization"},"potentialAction":[{"@type":"SearchAction","target":{"@type":"EntryPoint","urlTemplate":"https:\/\/footdavant.fr\/actualites\/?s={search_term_string}"},"query-input":"required name=search_term_string"}],"inLanguage":"fr-FR"},{"@type":"Organization","@id":"https:\/\/footdavant.fr\/actualites\/#organization","name":"Foot d'avant","url":"https:\/\/footdavant.fr\/actualites\/","logo":{"@type":"ImageObject","inLanguage":"fr-FR","@id":"https:\/\/footdavant.fr\/actualites\/#\/schema\/logo\/image\/","url":"https:\/\/footdavant.fr\/actualites\/wp-content\/uploads\/2023\/09\/Copy-of-FootDavant-Logo.png","contentUrl":"https:\/\/footdavant.fr\/actualites\/wp-content\/uploads\/2023\/09\/Copy-of-FootDavant-Logo.png","width":936,"height":549,"caption":"Foot d'avant"},"image":{"@id":"https:\/\/footdavant.fr\/actualites\/#\/schema\/logo\/image\/"},"sameAs":["https:\/\/www.facebook.com\/Footdavant\/","https:\/\/twitter.com\/FootdavantFr","https:\/\/www.instagram.com\/footdavant.fr\/"]},{"@type":"Person","@id":"https:\/\/footdavant.fr\/actualites\/#\/schema\/person\/bc222566d95871b37e597b3ed3ba5e1d","name":"Cl\u00e9ment","image":{"@type":"ImageObject","inLanguage":"fr-FR","@id":"https:\/\/footdavant.fr\/actualites\/#\/schema\/person\/image\/","url":"https:\/\/secure.gravatar.com\/avatar\/7728b29aac2719421e1a9159b2254c44?s=96&d=mm&r=g","contentUrl":"https:\/\/secure.gravatar.com\/avatar\/7728b29aac2719421e1a9159b2254c44?s=96&d=mm&r=g","caption":"Cl\u00e9ment"},"sameAs":["https:\/\/footdavant.fr\/"]}]}},"_links":{"self":[{"href":"https:\/\/footdavant.fr\/actualites\/wp-json\/wp\/v2\/posts\/36823"}],"collection":[{"href":"https:\/\/footdavant.fr\/actualites\/wp-json\/wp\/v2\/posts"}],"about":[{"href":"https:\/\/footdavant.fr\/actualites\/wp-json\/wp\/v2\/types\/post"}],"author":[{"embeddable":true,"href":"https:\/\/footdavant.fr\/actualites\/wp-json\/wp\/v2\/users\/1"}],"replies":[{"embeddable":true,"href":"https:\/\/footdavant.fr\/actualites\/wp-json\/wp\/v2\/comments?post=36823"}],"version-history":[{"count":1,"href":"https:\/\/footdavant.fr\/actualites\/wp-json\/wp\/v2\/posts\/36823\/revisions"}],"predecessor-version":[{"id":36824,"href":"https:\/\/footdavant.fr\/actualites\/wp-json\/wp\/v2\/posts\/36823\/revisions\/36824"}],"wp:featuredmedia":[{"embeddable":true,"href":"https:\/\/footdavant.fr\/actualites\/wp-json\/wp\/v2\/media\/36394"}],"wp:attachment":[{"href":"https:\/\/footdavant.fr\/actualites\/wp-json\/wp\/v2\/media?parent=36823"}],"wp:term":[{"taxonomy":"category","embeddable":true,"href":"https:\/\/footdavant.fr\/actualites\/wp-json\/wp\/v2\/categories?post=36823"},{"taxonomy":"post_tag","embeddable":true,"href":"https:\/\/footdavant.fr\/actualites\/wp-json\/wp\/v2\/tags?post=36823"}],"curies":[{"name":"wp","href":"https:\/\/api.w.org\/{rel}","templated":true}]}}