{"id":36828,"date":"2026-04-25T22:48:05","date_gmt":"2026-04-25T20:48:05","guid":{"rendered":"https:\/\/footdavant.fr\/actualites\/les-nouvelles-de-lequipe-de-man-united-pour-le-choc-de-brentford-revelees-alors-que-le-point-sur-la-blessure-de-leny-yoro-est-publie\/"},"modified":"2026-04-25T22:48:06","modified_gmt":"2026-04-25T20:48:06","slug":"les-nouvelles-de-lequipe-de-man-united-pour-le-choc-de-brentford-revelees-alors-que-le-point-sur-la-blessure-de-leny-yoro-est-publie","status":"publish","type":"post","link":"https:\/\/footdavant.fr\/actualites\/les-nouvelles-de-lequipe-de-man-united-pour-le-choc-de-brentford-revelees-alors-que-le-point-sur-la-blessure-de-leny-yoro-est-publie\/","title":{"rendered":"Les nouvelles de l&#39;\u00e9quipe de Man United pour le choc de Brentford r\u00e9v\u00e9l\u00e9es alors que le point sur la blessure de Leny Yoro est publi\u00e9"},"content":{"rendered":"<div itemprop=\"articleBody\">\n<p>L&#39;entra\u00eeneur-chef de Manchester United, Michael Carrick, a r\u00e9v\u00e9l\u00e9 qu&#39;il y avait \u00ab\u00a0une possibilit\u00e9\u00a0\u00bb que Leny Yoro soit disponible pour le choc de Premier League de lundi contre Brentford.<\/p>\n<p>Yoro a rat\u00e9 la victoire 1-0 contre Chelsea le week-end dernier en raison d&#39;une blessure, tandis que les absences de Lisandro Martinez et Harry Maguire pour cause de suspension signifient qu&#39;Ayden Heaven et Noussair Mazraoui ont d\u00e9but\u00e9 en tant que d\u00e9fenseurs centraux \u00e0 Stamford Bridge.<\/p>\n<p>Matthijs de Ligt (arri\u00e8re) est toujours absent de longue date pour Man United, tandis que Martinez a encore deux matchs de suspension \u00e0 purger, mais Maguire sera disponible contre Brentford, et la m\u00eame chose pourrait \u00e9galement potentiellement \u00eatre dite pour Yoro, la blessure du Fran\u00e7ais n&#39;\u00e9tant que mineure.<\/p>\n<p>Patrick Dorgu continue de faire de gros progr\u00e8s dans sa convalescence apr\u00e8s une blessure aux ischio-jambiers, m\u00eame si le choc de lundi arrivera trop t\u00f4t pour l&#39;international danois.<\/p>\n<div>\n<div>\n<div>\n<div>\n<p>\u00a9 Imago \/ Mark Cosgrove \/ Images d&#39;actualit\u00e9s<\/p>\n<\/div>\n<\/div>\n<\/div>\n<\/div>\n<h2>Yoro pourrait revenir pour Man United lors du choc de Brentford<\/h2>\n<p>\u00ab\u00a0Pour \u00eatre honn\u00eate, tout va bien, comme avant. Quelques coups et quelques petits soucis, \u00e0 la fin du match, auxquels on pouvait s&#39;attendre\u00a0\u00bb, a d\u00e9clar\u00e9 Carrick aux journalistes lors de la conf\u00e9rence de presse de jeudi, interrog\u00e9 sur son \u00e9quipe pour le match \u00e0 venir.<\/p>\n<p>\u00ab\u00a0Patrick (Dorgu) travaille pour revenir. Il fait certainement de bons progr\u00e8s et se rapproche de l&#39;entra\u00eenement avec nous, ce qui est positif, donc c&#39;est une bonne nouvelle. Nous travaillons toujours sur (Leny). Donc, il y a une possibilit\u00e9, il y a une possibilit\u00e9, mais \u00e0 ce stade, ce n&#39;est pas s\u00fbr \u00e0 100%. \u00ab\u00a0<\/p>\n<p>Man United est actuellement dans une position de force pour revendiquer une place parmi les cinq premiers du classement de la Premier League et de la Ligue des champions ult\u00e9rieure pour la saison prochaine.<\/p>\n<p>En effet, les Red Devils sont troisi\u00e8mes, huit points devant Brighton &#038; Hove Albion, sixi\u00e8me, avec un match en moins, tandis que Brentford est neuvi\u00e8me et vise \u00e9galement une place europ\u00e9enne.<\/p>\n<div>\n<div>\n<div>\n<div><img decoding=\"async\" data-img-id=\"151126\" class=\"lazy\" loading=\"lazy\" src=\"https:\/\/footdavant.fr\/actualites\/wp-content\/uploads\/2025\/10\/1760201290_Nouvelles-du-transfert-de-Man-United-la-position-contractuelle-de.jpg\"\/><\/p>\n<p>\u00a9 Imago<\/p>\n<\/div>\n<\/div>\n<\/div>\n<\/div>\n<h2>Carrick apportera-t-il des changements par rapport au choc de Chelsea ?<\/h2>\n<p>Carrick ne voudra prendre aucun risque avec Yoro, il ne serait donc pas surprenant de voir le Fran\u00e7ais nomm\u00e9 sur le banc pour le choc avec Brentford.<\/p>\n<p>Heaven a \u00e9t\u00e9 exceptionnel contre Chelsea la derni\u00e8re fois et pourrait \u00eatre rejoint au milieu de la d\u00e9fense par Maguire, Mazraoui abandonnant malgr\u00e9 sa solide performance \u00e0 Stamford Bridge.<\/p>\n<p>Plus loin, Carrick doit d\u00e9cider s&#39;il doit introduire Amad Diallo dans l&#39;\u00e9quipe de d\u00e9part, ou s&#39;en tenir \u00e0 Bryan Mbeumo, Bruno Fernandes et Matheus Cunha comme les trois derri\u00e8re Benjamin Sesko.<\/p>\n<h2>D\u00e9couvrez l&#39;aper\u00e7u vid\u00e9o de Sports Mole pour Man United contre Brentford<\/h2>\n<\/div>\n","protected":false},"excerpt":{"rendered":"<p>L&#39;entra\u00eeneur-chef de Manchester United, Michael Carrick, a r\u00e9v\u00e9l\u00e9 qu&#39;il y avait \u00ab\u00a0une possibilit\u00e9\u00a0\u00bb que Leny Yoro soit disponible pour le choc de Premier League de<\/p>\n","protected":false},"author":1,"featured_media":36829,"comment_status":"closed","ping_status":"","sticky":false,"template":"","format":"standard","meta":{"footnotes":""},"categories":[5],"tags":[318,15,52,332,217,4219,2769,93,24,461,153,51,1107,7155,103,13,2770],"yoast_head":"<!-- This site is optimized with the Yoast SEO plugin v21.0 - https:\/\/yoast.com\/wordpress\/plugins\/seo\/ -->\n<title>Les nouvelles de l&#039;\u00e9quipe de Man United pour le choc de Brentford r\u00e9v\u00e9l\u00e9es alors que le point sur la blessure de Leny Yoro est publi\u00e9<\/title>\n<meta name=\"robots\" content=\"index, follow, max-snippet:-1, max-image-preview:large, max-video-preview:-1\" \/>\n<link rel=\"canonical\" href=\"https:\/\/footdavant.fr\/actualites\/les-nouvelles-de-lequipe-de-man-united-pour-le-choc-de-brentford-revelees-alors-que-le-point-sur-la-blessure-de-leny-yoro-est-publie\/\" \/>\n<meta property=\"og:locale\" content=\"fr_FR\" \/>\n<meta property=\"og:type\" content=\"article\" \/>\n<meta property=\"og:title\" content=\"Les nouvelles de l&#039;\u00e9quipe de Man United pour le choc de Brentford r\u00e9v\u00e9l\u00e9es alors que le point sur la blessure de Leny Yoro est publi\u00e9\" \/>\n<meta property=\"og:description\" content=\"L&#039;entra\u00eeneur-chef de Manchester United, Michael Carrick, a r\u00e9v\u00e9l\u00e9 qu&#039;il y avait \u00ab\u00a0une possibilit\u00e9\u00a0\u00bb que Leny Yoro soit disponible pour le choc de Premier League de\" \/>\n<meta property=\"og:url\" content=\"https:\/\/footdavant.fr\/actualites\/les-nouvelles-de-lequipe-de-man-united-pour-le-choc-de-brentford-revelees-alors-que-le-point-sur-la-blessure-de-leny-yoro-est-publie\/\" \/>\n<meta property=\"og:site_name\" content=\"Foot d&#039;avant\" \/>\n<meta property=\"article:publisher\" content=\"https:\/\/www.facebook.com\/Footdavant\/\" \/>\n<meta property=\"article:published_time\" content=\"2026-04-25T20:48:05+00:00\" \/>\n<meta property=\"article:modified_time\" content=\"2026-04-25T20:48:06+00:00\" \/>\n<meta property=\"og:image\" content=\"https:\/\/footdavant.fr\/actualites\/wp-content\/uploads\/2026\/04\/Les-nouvelles-de-l39equipe-de-Man-United-pour-le-choc.net2Fuploads2F20262F042Ficonsport-328532.webp\" \/>\n\t<meta property=\"og:image:width\" content=\"720\" \/>\n\t<meta property=\"og:image:height\" content=\"410\" \/>\n\t<meta property=\"og:image:type\" content=\"image\/webp\" \/>\n<meta name=\"author\" content=\"Cl\u00e9ment\" \/>\n<meta name=\"twitter:card\" content=\"summary_large_image\" \/>\n<meta name=\"twitter:creator\" content=\"@FootdavantFr\" \/>\n<meta name=\"twitter:site\" content=\"@FootdavantFr\" \/>\n<meta name=\"twitter:label1\" content=\"\u00c9crit par\" \/>\n\t<meta name=\"twitter:data1\" content=\"Cl\u00e9ment\" \/>\n\t<meta name=\"twitter:label2\" content=\"Dur\u00e9e de lecture estim\u00e9e\" \/>\n\t<meta name=\"twitter:data2\" content=\"2 minutes\" \/>\n<script type=\"application\/ld+json\" class=\"yoast-schema-graph\">{\"@context\":\"https:\/\/schema.org\",\"@graph\":[{\"@type\":\"Article\",\"@id\":\"https:\/\/footdavant.fr\/actualites\/les-nouvelles-de-lequipe-de-man-united-pour-le-choc-de-brentford-revelees-alors-que-le-point-sur-la-blessure-de-leny-yoro-est-publie\/#article\",\"isPartOf\":{\"@id\":\"https:\/\/footdavant.fr\/actualites\/les-nouvelles-de-lequipe-de-man-united-pour-le-choc-de-brentford-revelees-alors-que-le-point-sur-la-blessure-de-leny-yoro-est-publie\/\"},\"author\":{\"name\":\"Cl\u00e9ment\",\"@id\":\"https:\/\/footdavant.fr\/actualites\/#\/schema\/person\/bc222566d95871b37e597b3ed3ba5e1d\"},\"headline\":\"Les nouvelles de l&#39;\u00e9quipe de Man United pour le choc de Brentford r\u00e9v\u00e9l\u00e9es alors que le point sur la blessure de Leny Yoro est publi\u00e9\",\"datePublished\":\"2026-04-25T20:48:05+00:00\",\"dateModified\":\"2026-04-25T20:48:06+00:00\",\"mainEntityOfPage\":{\"@id\":\"https:\/\/footdavant.fr\/actualites\/les-nouvelles-de-lequipe-de-man-united-pour-le-choc-de-brentford-revelees-alors-que-le-point-sur-la-blessure-de-leny-yoro-est-publie\/\"},\"wordCount\":504,\"publisher\":{\"@id\":\"https:\/\/footdavant.fr\/actualites\/#organization\"},\"keywords\":[\"alors\",\"Blessure\",\"Brentford\",\"choc\",\"est\",\"l39\u00e9quipe\",\"Leny\",\"les\",\"Man\",\"Nouvelles\",\"point\",\"pour\",\"publi\u00e9\",\"r\u00e9v\u00e9l\u00e9es\",\"sur\",\"United\",\"Yoro\"],\"articleSection\":[\"Premier League\"],\"inLanguage\":\"fr-FR\"},{\"@type\":\"WebPage\",\"@id\":\"https:\/\/footdavant.fr\/actualites\/les-nouvelles-de-lequipe-de-man-united-pour-le-choc-de-brentford-revelees-alors-que-le-point-sur-la-blessure-de-leny-yoro-est-publie\/\",\"url\":\"https:\/\/footdavant.fr\/actualites\/les-nouvelles-de-lequipe-de-man-united-pour-le-choc-de-brentford-revelees-alors-que-le-point-sur-la-blessure-de-leny-yoro-est-publie\/\",\"name\":\"Les nouvelles de l&#39;\u00e9quipe de Man United pour le choc de Brentford r\u00e9v\u00e9l\u00e9es alors que le point sur la blessure de Leny Yoro est publi\u00e9\",\"isPartOf\":{\"@id\":\"https:\/\/footdavant.fr\/actualites\/#website\"},\"datePublished\":\"2026-04-25T20:48:05+00:00\",\"dateModified\":\"2026-04-25T20:48:06+00:00\",\"breadcrumb\":{\"@id\":\"https:\/\/footdavant.fr\/actualites\/les-nouvelles-de-lequipe-de-man-united-pour-le-choc-de-brentford-revelees-alors-que-le-point-sur-la-blessure-de-leny-yoro-est-publie\/#breadcrumb\"},\"inLanguage\":\"fr-FR\",\"potentialAction\":[{\"@type\":\"ReadAction\",\"target\":[\"https:\/\/footdavant.fr\/actualites\/les-nouvelles-de-lequipe-de-man-united-pour-le-choc-de-brentford-revelees-alors-que-le-point-sur-la-blessure-de-leny-yoro-est-publie\/\"]}]},{\"@type\":\"BreadcrumbList\",\"@id\":\"https:\/\/footdavant.fr\/actualites\/les-nouvelles-de-lequipe-de-man-united-pour-le-choc-de-brentford-revelees-alors-que-le-point-sur-la-blessure-de-leny-yoro-est-publie\/#breadcrumb\",\"itemListElement\":[{\"@type\":\"ListItem\",\"position\":1,\"name\":\"Accueil\",\"item\":\"https:\/\/footdavant.fr\/actualites\/\"},{\"@type\":\"ListItem\",\"position\":2,\"name\":\"Les nouvelles de l&#39;\u00e9quipe de Man United pour le choc de Brentford r\u00e9v\u00e9l\u00e9es alors que le point sur la blessure de Leny Yoro est publi\u00e9\"}]},{\"@type\":\"WebSite\",\"@id\":\"https:\/\/footdavant.fr\/actualites\/#website\",\"url\":\"https:\/\/footdavant.fr\/actualites\/\",\"name\":\"Foot d'avant\",\"description\":\"\",\"publisher\":{\"@id\":\"https:\/\/footdavant.fr\/actualites\/#organization\"},\"potentialAction\":[{\"@type\":\"SearchAction\",\"target\":{\"@type\":\"EntryPoint\",\"urlTemplate\":\"https:\/\/footdavant.fr\/actualites\/?s={search_term_string}\"},\"query-input\":\"required name=search_term_string\"}],\"inLanguage\":\"fr-FR\"},{\"@type\":\"Organization\",\"@id\":\"https:\/\/footdavant.fr\/actualites\/#organization\",\"name\":\"Foot d'avant\",\"url\":\"https:\/\/footdavant.fr\/actualites\/\",\"logo\":{\"@type\":\"ImageObject\",\"inLanguage\":\"fr-FR\",\"@id\":\"https:\/\/footdavant.fr\/actualites\/#\/schema\/logo\/image\/\",\"url\":\"https:\/\/footdavant.fr\/actualites\/wp-content\/uploads\/2023\/09\/Copy-of-FootDavant-Logo.png\",\"contentUrl\":\"https:\/\/footdavant.fr\/actualites\/wp-content\/uploads\/2023\/09\/Copy-of-FootDavant-Logo.png\",\"width\":936,\"height\":549,\"caption\":\"Foot d'avant\"},\"image\":{\"@id\":\"https:\/\/footdavant.fr\/actualites\/#\/schema\/logo\/image\/\"},\"sameAs\":[\"https:\/\/www.facebook.com\/Footdavant\/\",\"https:\/\/twitter.com\/FootdavantFr\",\"https:\/\/www.instagram.com\/footdavant.fr\/\"]},{\"@type\":\"Person\",\"@id\":\"https:\/\/footdavant.fr\/actualites\/#\/schema\/person\/bc222566d95871b37e597b3ed3ba5e1d\",\"name\":\"Cl\u00e9ment\",\"image\":{\"@type\":\"ImageObject\",\"inLanguage\":\"fr-FR\",\"@id\":\"https:\/\/footdavant.fr\/actualites\/#\/schema\/person\/image\/\",\"url\":\"https:\/\/secure.gravatar.com\/avatar\/7728b29aac2719421e1a9159b2254c44?s=96&d=mm&r=g\",\"contentUrl\":\"https:\/\/secure.gravatar.com\/avatar\/7728b29aac2719421e1a9159b2254c44?s=96&d=mm&r=g\",\"caption\":\"Cl\u00e9ment\"},\"sameAs\":[\"https:\/\/footdavant.fr\/\"]}]}<\/script>\n<!-- \/ Yoast SEO plugin. -->","yoast_head_json":{"title":"Les nouvelles de l&#39;\u00e9quipe de Man United pour le choc de Brentford r\u00e9v\u00e9l\u00e9es alors que le point sur la blessure de Leny Yoro est publi\u00e9","robots":{"index":"index","follow":"follow","max-snippet":"max-snippet:-1","max-image-preview":"max-image-preview:large","max-video-preview":"max-video-preview:-1"},"canonical":"https:\/\/footdavant.fr\/actualites\/les-nouvelles-de-lequipe-de-man-united-pour-le-choc-de-brentford-revelees-alors-que-le-point-sur-la-blessure-de-leny-yoro-est-publie\/","og_locale":"fr_FR","og_type":"article","og_title":"Les nouvelles de l&#39;\u00e9quipe de Man United pour le choc de Brentford r\u00e9v\u00e9l\u00e9es alors que le point sur la blessure de Leny Yoro est publi\u00e9","og_description":"L&#39;entra\u00eeneur-chef de Manchester United, Michael Carrick, a r\u00e9v\u00e9l\u00e9 qu&#39;il y avait \u00ab\u00a0une possibilit\u00e9\u00a0\u00bb que Leny Yoro soit disponible pour le choc de Premier League de","og_url":"https:\/\/footdavant.fr\/actualites\/les-nouvelles-de-lequipe-de-man-united-pour-le-choc-de-brentford-revelees-alors-que-le-point-sur-la-blessure-de-leny-yoro-est-publie\/","og_site_name":"Foot d&#039;avant","article_publisher":"https:\/\/www.facebook.com\/Footdavant\/","article_published_time":"2026-04-25T20:48:05+00:00","article_modified_time":"2026-04-25T20:48:06+00:00","og_image":[{"width":720,"height":410,"url":"https:\/\/footdavant.fr\/actualites\/wp-content\/uploads\/2026\/04\/Les-nouvelles-de-l39equipe-de-Man-United-pour-le-choc.net2Fuploads2F20262F042Ficonsport-328532.webp","type":"image\/webp"}],"author":"Cl\u00e9ment","twitter_card":"summary_large_image","twitter_creator":"@FootdavantFr","twitter_site":"@FootdavantFr","twitter_misc":{"\u00c9crit par":"Cl\u00e9ment","Dur\u00e9e de lecture estim\u00e9e":"2 minutes"},"schema":{"@context":"https:\/\/schema.org","@graph":[{"@type":"Article","@id":"https:\/\/footdavant.fr\/actualites\/les-nouvelles-de-lequipe-de-man-united-pour-le-choc-de-brentford-revelees-alors-que-le-point-sur-la-blessure-de-leny-yoro-est-publie\/#article","isPartOf":{"@id":"https:\/\/footdavant.fr\/actualites\/les-nouvelles-de-lequipe-de-man-united-pour-le-choc-de-brentford-revelees-alors-que-le-point-sur-la-blessure-de-leny-yoro-est-publie\/"},"author":{"name":"Cl\u00e9ment","@id":"https:\/\/footdavant.fr\/actualites\/#\/schema\/person\/bc222566d95871b37e597b3ed3ba5e1d"},"headline":"Les nouvelles de l&#39;\u00e9quipe de Man United pour le choc de Brentford r\u00e9v\u00e9l\u00e9es alors que le point sur la blessure de Leny Yoro est publi\u00e9","datePublished":"2026-04-25T20:48:05+00:00","dateModified":"2026-04-25T20:48:06+00:00","mainEntityOfPage":{"@id":"https:\/\/footdavant.fr\/actualites\/les-nouvelles-de-lequipe-de-man-united-pour-le-choc-de-brentford-revelees-alors-que-le-point-sur-la-blessure-de-leny-yoro-est-publie\/"},"wordCount":504,"publisher":{"@id":"https:\/\/footdavant.fr\/actualites\/#organization"},"keywords":["alors","Blessure","Brentford","choc","est","l39\u00e9quipe","Leny","les","Man","Nouvelles","point","pour","publi\u00e9","r\u00e9v\u00e9l\u00e9es","sur","United","Yoro"],"articleSection":["Premier League"],"inLanguage":"fr-FR"},{"@type":"WebPage","@id":"https:\/\/footdavant.fr\/actualites\/les-nouvelles-de-lequipe-de-man-united-pour-le-choc-de-brentford-revelees-alors-que-le-point-sur-la-blessure-de-leny-yoro-est-publie\/","url":"https:\/\/footdavant.fr\/actualites\/les-nouvelles-de-lequipe-de-man-united-pour-le-choc-de-brentford-revelees-alors-que-le-point-sur-la-blessure-de-leny-yoro-est-publie\/","name":"Les nouvelles de l&#39;\u00e9quipe de Man United pour le choc de Brentford r\u00e9v\u00e9l\u00e9es alors que le point sur la blessure de Leny Yoro est publi\u00e9","isPartOf":{"@id":"https:\/\/footdavant.fr\/actualites\/#website"},"datePublished":"2026-04-25T20:48:05+00:00","dateModified":"2026-04-25T20:48:06+00:00","breadcrumb":{"@id":"https:\/\/footdavant.fr\/actualites\/les-nouvelles-de-lequipe-de-man-united-pour-le-choc-de-brentford-revelees-alors-que-le-point-sur-la-blessure-de-leny-yoro-est-publie\/#breadcrumb"},"inLanguage":"fr-FR","potentialAction":[{"@type":"ReadAction","target":["https:\/\/footdavant.fr\/actualites\/les-nouvelles-de-lequipe-de-man-united-pour-le-choc-de-brentford-revelees-alors-que-le-point-sur-la-blessure-de-leny-yoro-est-publie\/"]}]},{"@type":"BreadcrumbList","@id":"https:\/\/footdavant.fr\/actualites\/les-nouvelles-de-lequipe-de-man-united-pour-le-choc-de-brentford-revelees-alors-que-le-point-sur-la-blessure-de-leny-yoro-est-publie\/#breadcrumb","itemListElement":[{"@type":"ListItem","position":1,"name":"Accueil","item":"https:\/\/footdavant.fr\/actualites\/"},{"@type":"ListItem","position":2,"name":"Les nouvelles de l&#39;\u00e9quipe de Man United pour le choc de Brentford r\u00e9v\u00e9l\u00e9es alors que le point sur la blessure de Leny Yoro est publi\u00e9"}]},{"@type":"WebSite","@id":"https:\/\/footdavant.fr\/actualites\/#website","url":"https:\/\/footdavant.fr\/actualites\/","name":"Foot d'avant","description":"","publisher":{"@id":"https:\/\/footdavant.fr\/actualites\/#organization"},"potentialAction":[{"@type":"SearchAction","target":{"@type":"EntryPoint","urlTemplate":"https:\/\/footdavant.fr\/actualites\/?s={search_term_string}"},"query-input":"required name=search_term_string"}],"inLanguage":"fr-FR"},{"@type":"Organization","@id":"https:\/\/footdavant.fr\/actualites\/#organization","name":"Foot d'avant","url":"https:\/\/footdavant.fr\/actualites\/","logo":{"@type":"ImageObject","inLanguage":"fr-FR","@id":"https:\/\/footdavant.fr\/actualites\/#\/schema\/logo\/image\/","url":"https:\/\/footdavant.fr\/actualites\/wp-content\/uploads\/2023\/09\/Copy-of-FootDavant-Logo.png","contentUrl":"https:\/\/footdavant.fr\/actualites\/wp-content\/uploads\/2023\/09\/Copy-of-FootDavant-Logo.png","width":936,"height":549,"caption":"Foot d'avant"},"image":{"@id":"https:\/\/footdavant.fr\/actualites\/#\/schema\/logo\/image\/"},"sameAs":["https:\/\/www.facebook.com\/Footdavant\/","https:\/\/twitter.com\/FootdavantFr","https:\/\/www.instagram.com\/footdavant.fr\/"]},{"@type":"Person","@id":"https:\/\/footdavant.fr\/actualites\/#\/schema\/person\/bc222566d95871b37e597b3ed3ba5e1d","name":"Cl\u00e9ment","image":{"@type":"ImageObject","inLanguage":"fr-FR","@id":"https:\/\/footdavant.fr\/actualites\/#\/schema\/person\/image\/","url":"https:\/\/secure.gravatar.com\/avatar\/7728b29aac2719421e1a9159b2254c44?s=96&d=mm&r=g","contentUrl":"https:\/\/secure.gravatar.com\/avatar\/7728b29aac2719421e1a9159b2254c44?s=96&d=mm&r=g","caption":"Cl\u00e9ment"},"sameAs":["https:\/\/footdavant.fr\/"]}]}},"_links":{"self":[{"href":"https:\/\/footdavant.fr\/actualites\/wp-json\/wp\/v2\/posts\/36828"}],"collection":[{"href":"https:\/\/footdavant.fr\/actualites\/wp-json\/wp\/v2\/posts"}],"about":[{"href":"https:\/\/footdavant.fr\/actualites\/wp-json\/wp\/v2\/types\/post"}],"author":[{"embeddable":true,"href":"https:\/\/footdavant.fr\/actualites\/wp-json\/wp\/v2\/users\/1"}],"replies":[{"embeddable":true,"href":"https:\/\/footdavant.fr\/actualites\/wp-json\/wp\/v2\/comments?post=36828"}],"version-history":[{"count":1,"href":"https:\/\/footdavant.fr\/actualites\/wp-json\/wp\/v2\/posts\/36828\/revisions"}],"predecessor-version":[{"id":36830,"href":"https:\/\/footdavant.fr\/actualites\/wp-json\/wp\/v2\/posts\/36828\/revisions\/36830"}],"wp:featuredmedia":[{"embeddable":true,"href":"https:\/\/footdavant.fr\/actualites\/wp-json\/wp\/v2\/media\/36829"}],"wp:attachment":[{"href":"https:\/\/footdavant.fr\/actualites\/wp-json\/wp\/v2\/media?parent=36828"}],"wp:term":[{"taxonomy":"category","embeddable":true,"href":"https:\/\/footdavant.fr\/actualites\/wp-json\/wp\/v2\/categories?post=36828"},{"taxonomy":"post_tag","embeddable":true,"href":"https:\/\/footdavant.fr\/actualites\/wp-json\/wp\/v2\/tags?post=36828"}],"curies":[{"name":"wp","href":"https:\/\/api.w.org\/{rel}","templated":true}]}}