{"id":36831,"date":"2026-04-26T00:48:02","date_gmt":"2026-04-25T22:48:02","guid":{"rendered":"https:\/\/footdavant.fr\/actualites\/carlos-baleba-le-prix-demande-par-brighton-pour-lobjectif-de-united-revele\/"},"modified":"2026-04-26T00:48:04","modified_gmt":"2026-04-25T22:48:04","slug":"carlos-baleba-le-prix-demande-par-brighton-pour-lobjectif-de-united-revele","status":"publish","type":"post","link":"https:\/\/footdavant.fr\/actualites\/carlos-baleba-le-prix-demande-par-brighton-pour-lobjectif-de-united-revele\/","title":{"rendered":"Carlos Baleba: le prix demand\u00e9 par Brighton pour l&#39;objectif de United r\u00e9v\u00e9l\u00e9 &#8211;"},"content":{"rendered":"<div id=\"penci-post-entry-inner\">\n<p>\t\t\t<i class=\"penci-post-countview-number-check\" style=\"display:none\">1<\/i><\/p>\n<p>Les projets de Manchester United de recruter un rempla\u00e7ant comp\u00e9tent pour Casemiro cet \u00e9t\u00e9 ne seront gu\u00e8re une promenade de sant\u00e9. Les Diables Rouges se pr\u00e9parent \u00e0 vivre apr\u00e8s le joueur de 34 ans, dont le contrat expire \u00e0 la fin de cette saison. <\/p>\n<p>Le Br\u00e9silien a d\u00e9j\u00e0 confirm\u00e9 qu&#39;il terminerait son s\u00e9jour au Th\u00e9\u00e2tre des R\u00eaves cet \u00e9t\u00e9, et tous les signes indiquent qu&#39;il pourrait \u00eatre en route vers la MLS pour rejoindre l&#39;Inter Miami. Casemiro a \u00e9t\u00e9 une pr\u00e9sence cl\u00e9 au milieu du parc cette saison, et le renforcement du milieu de terrain est d\u00e9sormais une priorit\u00e9 pour les g\u00e9ants anglais. <\/p>\n<p>United devrait s\u2019en tenir \u00e0 sa r\u00e9cente politique de transfert centr\u00e9e sur la Premier League, qui a port\u00e9 ses fruits cette saison. Naturellement, les Red Devils envisagent plusieurs candidats pour le poste, dont Carlos Baleba de Brighton &#038; Hove Albion, qui \u00e9tait \u00e9galement li\u00e9 \u00e0 un d\u00e9m\u00e9nagement \u00e0 Old Trafford l&#39;\u00e9t\u00e9 dernier. <\/p>\n<h3>Une saison difficile jusqu&#39;\u00e0 pr\u00e9sent<\/h3>\n<p>Baleba a explos\u00e9 sur la sc\u00e8ne de l&#39;Amex la saison derni\u00e8re et \u00e9tait un homme recherch\u00e9 \u00e0 la fin de la campagne. United envisageait \u00e9galement des renforts au milieu de terrain \u00e0 la fin d&#39;une p\u00e9riode difficile sous la direction de l&#39;ancien entra\u00eeneur-chef Ruben Amorim, et le Camerounais aurait \u00e9t\u00e9 \u00e0 l&#39;\u00e9tude. <\/p>\n<p>Cependant, cette d\u00e9cision n&#39;a pas pu se concr\u00e9tiser, car les informations selon lesquelles les Seagulls exigeraient plus de 100 millions de livres sterling pour leur pr\u00e9cieux actif. Baleba, cependant, a connu une saison difficile jusqu&#39;\u00e0 pr\u00e9sent, soulevant des doutes quant \u00e0 savoir si les Diables Rouges envisageraient de revenir pour lui cette ann\u00e9e. <\/p>\n<p>Le joueur de 22 ans est apparu 31 fois toutes comp\u00e9titions confondues pour Brighton cette campagne, dont 23 depuis le d\u00e9but. Cependant, il n&#39;a pas \u00e9t\u00e9 dans son \u00e9l\u00e9ment jusqu&#39;\u00e0 pr\u00e9sent, beaucoup pensant que les sp\u00e9culations sur son avenir l&#39;\u00e9t\u00e9 dernier ont affect\u00e9 sa forme. <\/p>\n<h2 id=\"tablepress-1255-name\" class=\"tablepress-table-name tablepress-table-name-id-1255\">Stats de Carlos Baleba: saison 2025\/26<\/h2>\n<table id=\"tablepress-1255\" class=\"tablepress tablepress-id-1255\" aria-labelledby=\"tablepress-1255-name\">\n<thead>\n<tr class=\"row-1\">\n<th class=\"column-1\">Concours<\/th>\n<th class=\"column-2\">Apparitions<\/th>\n<th class=\"column-3\">Commence<\/th>\n<th class=\"column-4\">Objectifs<\/th>\n<th class=\"column-5\">Aides<\/th>\n<th class=\"column-6\">Cartons jaunes<\/th>\n<th class=\"column-7\">Cartons rouges<\/th>\n<th class=\"column-8\">Minutes jou\u00e9es<\/th>\n<\/tr>\n<\/thead>\n<tbody class=\"row-striping row-hover\">\n<tr class=\"row-2\">\n<td class=\"column-1\">Premi\u00e8re Ligue<\/td>\n<td class=\"column-2\">27<\/td>\n<td class=\"column-3\">20<\/td>\n<td class=\"column-4\">&#8211;<\/td>\n<td class=\"column-5\">&#8211;<\/td>\n<td class=\"column-6\">5<\/td>\n<td class=\"column-7\">&#8211;<\/td>\n<td class=\"column-8\">1 393&#39;<\/td>\n<\/tr>\n<tr class=\"row-3\">\n<td class=\"column-1\">Coupe EFL<\/td>\n<td class=\"column-2\">3<\/td>\n<td class=\"column-3\">2<\/td>\n<td class=\"column-4\">&#8211;<\/td>\n<td class=\"column-5\">&#8211;<\/td>\n<td class=\"column-6\">1<\/td>\n<td class=\"column-7\">&#8211;<\/td>\n<td class=\"column-8\">167&#39;<\/td>\n<\/tr>\n<tr class=\"row-4\">\n<td class=\"column-1\">Coupe d&#39;Angleterre<\/td>\n<td class=\"column-2\">1<\/td>\n<td class=\"column-3\">1<\/td>\n<td class=\"column-4\">&#8211;<\/td>\n<td class=\"column-5\">&#8211;<\/td>\n<td class=\"column-6\">1<\/td>\n<td class=\"column-7\">&#8211;<\/td>\n<td class=\"column-8\">62&#39;<\/td>\n<\/tr>\n<tr class=\"row-5\">\n<td class=\"column-1\">Total<\/td>\n<td class=\"column-2\">31<\/td>\n<td class=\"column-3\">23<\/td>\n<td class=\"column-4\">&#8211;<\/td>\n<td class=\"column-5\">&#8211;<\/td>\n<td class=\"column-6\">7<\/td>\n<td class=\"column-7\">&#8211;<\/td>\n<td class=\"column-8\">1 622&#39;<\/td>\n<\/tr>\n<\/tbody>\n<\/table>\n<p><!-- #tablepress-1255 from cache --><\/p>\n<p>Source : Transfermarkt. <\/p>\n<p>Un r\u00e9cent rapport relay\u00e9 par The Peoples Person indiquait cependant que United restait int\u00e9ress\u00e9 par le Camerounais et que les Seagulls pourraient le laisser partir pour 50 millions de livres sterling. Cependant, une mise \u00e0 jour contrast\u00e9e sur l\u2019avenir du joueur est d\u00e9sormais apparue. <\/p>\n<h3>Brighton veut des frais premium<\/h3>\n<p>Selon TEAMtalk, Brighton exigera probablement au moins 70 millions de livres sterling pour se s\u00e9parer de Baleba cet \u00e9t\u00e9. Le rapport indique : \u00ab Brighton &#038; Hove Albion ont minimis\u00e9 les suggestions selon lesquelles Carlos Baleba pourrait \u00eatre vendu pour 50 millions de livres sterling cet \u00e9t\u00e9, des sources affirmant \u00e0 TEAMtalk que ces chiffres sont bien inf\u00e9rieurs \u00e0 leur valorisation du milieu de terrain \u2013 qui reste une cible majeure pour Manchester United. \u00bb<\/p>\n<p>\u00ab\u00a0Bien qu&#39;il existe d\u00e9sormais une certaine reconnaissance interne selon laquelle des frais l\u00e9g\u00e8rement r\u00e9duits pourraient \u00eatre accept\u00e9s, TEAMtalk comprend que tout accord r\u00e9aliste devrait quand m\u00eame d\u00e9passer 70 millions de livres sterling. En tant que tel, les rapports qui circulent actuellement sugg\u00e9rant que Baleba pourrait \u00eatre disponible pour aussi peu que 50 millions de livres sterling ont \u00e9t\u00e9 fermement rejet\u00e9s. \u00ab\u00a0<\/p>\n<p>Le rapport confirme l&#39;int\u00e9r\u00eat de United pour le Camerounais, mais insiste sur le fait qu&#39;il n&#39;y a aucun accord en place avec le joueur, ajoutant : \u00ab\u00a0Des sources indiquent que United a maintenu le contact avec les repr\u00e9sentants de Baleba et a tenu son camp inform\u00e9 de leur int\u00e9r\u00eat continu alors qu&#39;ils continuent d&#39;\u00e9valuer leurs options estivales.\u00a0\u00bb<\/p>\n<p>\u00ab\u00a0Cependant, des sources de United ont \u00e9galement minimis\u00e9 les affirmations selon lesquelles un accord pour l&#39;\u00e9t\u00e9 prochain serait d\u00e9j\u00e0 en place avec le joueur.\u00a0\u00bb<\/p>\n<h3>Pens\u00e9es finales<\/h3>\n<p>Les comp\u00e9tences de Baleba font de lui un excellent rempla\u00e7ant pour Casemiro au Th\u00e9\u00e2tre des R\u00eaves, tout en correspondant \u00e9galement au profil d&#39;\u00e2ge des joueurs que United a pr\u00e9f\u00e9r\u00e9 signer ces derniers temps. A ce titre, le prix demand\u00e9 susmentionn\u00e9 pourrait s\u2019av\u00e9rer \u00eatre une bonne affaire pour le Camerounais. <\/p>\n<\/p>\n<hr\/>\n<p>The Peoples Person est l&#39;un des principaux sites d&#39;information de Man United au monde depuis plus d&#39;une d\u00e9cennie. Suivez-nous sur Bluesky\u00a0: @peoplesperson.bsky.social<\/p>\n<p><!-- CONTENT END 2 --><\/p><\/div>\n","protected":false},"excerpt":{"rendered":"<p>1 Les projets de Manchester United de recruter un rempla\u00e7ant comp\u00e9tent pour Casemiro cet \u00e9t\u00e9 ne seront gu\u00e8re une promenade de sant\u00e9. Les Diables Rouges<\/p>\n","protected":false},"author":1,"featured_media":36832,"comment_status":"closed","ping_status":"","sticky":false,"template":"","format":"standard","meta":{"footnotes":""},"categories":[3],"tags":[9066,349,867,74,5238,75,51,73,415,13],"yoast_head":"<!-- This site is optimized with the Yoast SEO plugin v21.0 - https:\/\/yoast.com\/wordpress\/plugins\/seo\/ -->\n<title>Carlos Baleba: le prix demand\u00e9 par Brighton pour l&#039;objectif de United r\u00e9v\u00e9l\u00e9 -<\/title>\n<meta name=\"robots\" content=\"index, follow, max-snippet:-1, max-image-preview:large, max-video-preview:-1\" \/>\n<link rel=\"canonical\" href=\"https:\/\/footdavant.fr\/actualites\/carlos-baleba-le-prix-demande-par-brighton-pour-lobjectif-de-united-revele\/\" \/>\n<meta property=\"og:locale\" content=\"fr_FR\" \/>\n<meta property=\"og:type\" content=\"article\" \/>\n<meta property=\"og:title\" content=\"Carlos Baleba: le prix demand\u00e9 par Brighton pour l&#039;objectif de United r\u00e9v\u00e9l\u00e9 -\" \/>\n<meta property=\"og:description\" content=\"1 Les projets de Manchester United de recruter un rempla\u00e7ant comp\u00e9tent pour Casemiro cet \u00e9t\u00e9 ne seront gu\u00e8re une promenade de sant\u00e9. Les Diables Rouges\" \/>\n<meta property=\"og:url\" content=\"https:\/\/footdavant.fr\/actualites\/carlos-baleba-le-prix-demande-par-brighton-pour-lobjectif-de-united-revele\/\" \/>\n<meta property=\"og:site_name\" content=\"Foot d&#039;avant\" \/>\n<meta property=\"article:publisher\" content=\"https:\/\/www.facebook.com\/Footdavant\/\" \/>\n<meta property=\"article:published_time\" content=\"2026-04-25T22:48:02+00:00\" \/>\n<meta property=\"article:modified_time\" content=\"2026-04-25T22:48:04+00:00\" \/>\n<meta property=\"og:image\" content=\"https:\/\/footdavant.fr\/actualites\/wp-content\/uploads\/2026\/04\/Carlos-Baleba-le-prix-demande-par-Brighton-pour-l39objectif-de.jpg\" \/>\n\t<meta property=\"og:image:width\" content=\"1600\" \/>\n\t<meta property=\"og:image:height\" content=\"700\" \/>\n\t<meta property=\"og:image:type\" content=\"image\/jpeg\" \/>\n<meta name=\"author\" content=\"Cl\u00e9ment\" \/>\n<meta name=\"twitter:card\" content=\"summary_large_image\" \/>\n<meta name=\"twitter:creator\" content=\"@FootdavantFr\" \/>\n<meta name=\"twitter:site\" content=\"@FootdavantFr\" \/>\n<meta name=\"twitter:label1\" content=\"\u00c9crit par\" \/>\n\t<meta name=\"twitter:data1\" content=\"Cl\u00e9ment\" \/>\n\t<meta name=\"twitter:label2\" content=\"Dur\u00e9e de lecture estim\u00e9e\" \/>\n\t<meta name=\"twitter:data2\" content=\"4 minutes\" \/>\n<script type=\"application\/ld+json\" class=\"yoast-schema-graph\">{\"@context\":\"https:\/\/schema.org\",\"@graph\":[{\"@type\":\"Article\",\"@id\":\"https:\/\/footdavant.fr\/actualites\/carlos-baleba-le-prix-demande-par-brighton-pour-lobjectif-de-united-revele\/#article\",\"isPartOf\":{\"@id\":\"https:\/\/footdavant.fr\/actualites\/carlos-baleba-le-prix-demande-par-brighton-pour-lobjectif-de-united-revele\/\"},\"author\":{\"name\":\"Cl\u00e9ment\",\"@id\":\"https:\/\/footdavant.fr\/actualites\/#\/schema\/person\/bc222566d95871b37e597b3ed3ba5e1d\"},\"headline\":\"Carlos Baleba: le prix demand\u00e9 par Brighton pour l&#39;objectif de United r\u00e9v\u00e9l\u00e9 &#8211;\",\"datePublished\":\"2026-04-25T22:48:02+00:00\",\"dateModified\":\"2026-04-25T22:48:04+00:00\",\"mainEntityOfPage\":{\"@id\":\"https:\/\/footdavant.fr\/actualites\/carlos-baleba-le-prix-demande-par-brighton-pour-lobjectif-de-united-revele\/\"},\"wordCount\":765,\"publisher\":{\"@id\":\"https:\/\/footdavant.fr\/actualites\/#organization\"},\"keywords\":[\"Baleba\",\"Brighton\",\"Carlos\",\"demand\u00e9\",\"l39objectif\",\"par\",\"pour\",\"prix\",\"r\u00e9v\u00e8le\",\"United\"],\"articleSection\":[\"Football\"],\"inLanguage\":\"fr-FR\"},{\"@type\":\"WebPage\",\"@id\":\"https:\/\/footdavant.fr\/actualites\/carlos-baleba-le-prix-demande-par-brighton-pour-lobjectif-de-united-revele\/\",\"url\":\"https:\/\/footdavant.fr\/actualites\/carlos-baleba-le-prix-demande-par-brighton-pour-lobjectif-de-united-revele\/\",\"name\":\"Carlos Baleba: le prix demand\u00e9 par Brighton pour l&#39;objectif de United r\u00e9v\u00e9l\u00e9 -\",\"isPartOf\":{\"@id\":\"https:\/\/footdavant.fr\/actualites\/#website\"},\"datePublished\":\"2026-04-25T22:48:02+00:00\",\"dateModified\":\"2026-04-25T22:48:04+00:00\",\"breadcrumb\":{\"@id\":\"https:\/\/footdavant.fr\/actualites\/carlos-baleba-le-prix-demande-par-brighton-pour-lobjectif-de-united-revele\/#breadcrumb\"},\"inLanguage\":\"fr-FR\",\"potentialAction\":[{\"@type\":\"ReadAction\",\"target\":[\"https:\/\/footdavant.fr\/actualites\/carlos-baleba-le-prix-demande-par-brighton-pour-lobjectif-de-united-revele\/\"]}]},{\"@type\":\"BreadcrumbList\",\"@id\":\"https:\/\/footdavant.fr\/actualites\/carlos-baleba-le-prix-demande-par-brighton-pour-lobjectif-de-united-revele\/#breadcrumb\",\"itemListElement\":[{\"@type\":\"ListItem\",\"position\":1,\"name\":\"Accueil\",\"item\":\"https:\/\/footdavant.fr\/actualites\/\"},{\"@type\":\"ListItem\",\"position\":2,\"name\":\"Carlos Baleba: le prix demand\u00e9 par Brighton pour l&#39;objectif de United r\u00e9v\u00e9l\u00e9 &#8211;\"}]},{\"@type\":\"WebSite\",\"@id\":\"https:\/\/footdavant.fr\/actualites\/#website\",\"url\":\"https:\/\/footdavant.fr\/actualites\/\",\"name\":\"Foot d'avant\",\"description\":\"\",\"publisher\":{\"@id\":\"https:\/\/footdavant.fr\/actualites\/#organization\"},\"potentialAction\":[{\"@type\":\"SearchAction\",\"target\":{\"@type\":\"EntryPoint\",\"urlTemplate\":\"https:\/\/footdavant.fr\/actualites\/?s={search_term_string}\"},\"query-input\":\"required name=search_term_string\"}],\"inLanguage\":\"fr-FR\"},{\"@type\":\"Organization\",\"@id\":\"https:\/\/footdavant.fr\/actualites\/#organization\",\"name\":\"Foot d'avant\",\"url\":\"https:\/\/footdavant.fr\/actualites\/\",\"logo\":{\"@type\":\"ImageObject\",\"inLanguage\":\"fr-FR\",\"@id\":\"https:\/\/footdavant.fr\/actualites\/#\/schema\/logo\/image\/\",\"url\":\"https:\/\/footdavant.fr\/actualites\/wp-content\/uploads\/2023\/09\/Copy-of-FootDavant-Logo.png\",\"contentUrl\":\"https:\/\/footdavant.fr\/actualites\/wp-content\/uploads\/2023\/09\/Copy-of-FootDavant-Logo.png\",\"width\":936,\"height\":549,\"caption\":\"Foot d'avant\"},\"image\":{\"@id\":\"https:\/\/footdavant.fr\/actualites\/#\/schema\/logo\/image\/\"},\"sameAs\":[\"https:\/\/www.facebook.com\/Footdavant\/\",\"https:\/\/twitter.com\/FootdavantFr\",\"https:\/\/www.instagram.com\/footdavant.fr\/\"]},{\"@type\":\"Person\",\"@id\":\"https:\/\/footdavant.fr\/actualites\/#\/schema\/person\/bc222566d95871b37e597b3ed3ba5e1d\",\"name\":\"Cl\u00e9ment\",\"image\":{\"@type\":\"ImageObject\",\"inLanguage\":\"fr-FR\",\"@id\":\"https:\/\/footdavant.fr\/actualites\/#\/schema\/person\/image\/\",\"url\":\"https:\/\/secure.gravatar.com\/avatar\/7728b29aac2719421e1a9159b2254c44?s=96&d=mm&r=g\",\"contentUrl\":\"https:\/\/secure.gravatar.com\/avatar\/7728b29aac2719421e1a9159b2254c44?s=96&d=mm&r=g\",\"caption\":\"Cl\u00e9ment\"},\"sameAs\":[\"https:\/\/footdavant.fr\/\"]}]}<\/script>\n<!-- \/ Yoast SEO plugin. -->","yoast_head_json":{"title":"Carlos Baleba: le prix demand\u00e9 par Brighton pour l&#39;objectif de United r\u00e9v\u00e9l\u00e9 -","robots":{"index":"index","follow":"follow","max-snippet":"max-snippet:-1","max-image-preview":"max-image-preview:large","max-video-preview":"max-video-preview:-1"},"canonical":"https:\/\/footdavant.fr\/actualites\/carlos-baleba-le-prix-demande-par-brighton-pour-lobjectif-de-united-revele\/","og_locale":"fr_FR","og_type":"article","og_title":"Carlos Baleba: le prix demand\u00e9 par Brighton pour l&#39;objectif de United r\u00e9v\u00e9l\u00e9 -","og_description":"1 Les projets de Manchester United de recruter un rempla\u00e7ant comp\u00e9tent pour Casemiro cet \u00e9t\u00e9 ne seront gu\u00e8re une promenade de sant\u00e9. Les Diables Rouges","og_url":"https:\/\/footdavant.fr\/actualites\/carlos-baleba-le-prix-demande-par-brighton-pour-lobjectif-de-united-revele\/","og_site_name":"Foot d&#039;avant","article_publisher":"https:\/\/www.facebook.com\/Footdavant\/","article_published_time":"2026-04-25T22:48:02+00:00","article_modified_time":"2026-04-25T22:48:04+00:00","og_image":[{"width":1600,"height":700,"url":"https:\/\/footdavant.fr\/actualites\/wp-content\/uploads\/2026\/04\/Carlos-Baleba-le-prix-demande-par-Brighton-pour-l39objectif-de.jpg","type":"image\/jpeg"}],"author":"Cl\u00e9ment","twitter_card":"summary_large_image","twitter_creator":"@FootdavantFr","twitter_site":"@FootdavantFr","twitter_misc":{"\u00c9crit par":"Cl\u00e9ment","Dur\u00e9e de lecture estim\u00e9e":"4 minutes"},"schema":{"@context":"https:\/\/schema.org","@graph":[{"@type":"Article","@id":"https:\/\/footdavant.fr\/actualites\/carlos-baleba-le-prix-demande-par-brighton-pour-lobjectif-de-united-revele\/#article","isPartOf":{"@id":"https:\/\/footdavant.fr\/actualites\/carlos-baleba-le-prix-demande-par-brighton-pour-lobjectif-de-united-revele\/"},"author":{"name":"Cl\u00e9ment","@id":"https:\/\/footdavant.fr\/actualites\/#\/schema\/person\/bc222566d95871b37e597b3ed3ba5e1d"},"headline":"Carlos Baleba: le prix demand\u00e9 par Brighton pour l&#39;objectif de United r\u00e9v\u00e9l\u00e9 &#8211;","datePublished":"2026-04-25T22:48:02+00:00","dateModified":"2026-04-25T22:48:04+00:00","mainEntityOfPage":{"@id":"https:\/\/footdavant.fr\/actualites\/carlos-baleba-le-prix-demande-par-brighton-pour-lobjectif-de-united-revele\/"},"wordCount":765,"publisher":{"@id":"https:\/\/footdavant.fr\/actualites\/#organization"},"keywords":["Baleba","Brighton","Carlos","demand\u00e9","l39objectif","par","pour","prix","r\u00e9v\u00e8le","United"],"articleSection":["Football"],"inLanguage":"fr-FR"},{"@type":"WebPage","@id":"https:\/\/footdavant.fr\/actualites\/carlos-baleba-le-prix-demande-par-brighton-pour-lobjectif-de-united-revele\/","url":"https:\/\/footdavant.fr\/actualites\/carlos-baleba-le-prix-demande-par-brighton-pour-lobjectif-de-united-revele\/","name":"Carlos Baleba: le prix demand\u00e9 par Brighton pour l&#39;objectif de United r\u00e9v\u00e9l\u00e9 -","isPartOf":{"@id":"https:\/\/footdavant.fr\/actualites\/#website"},"datePublished":"2026-04-25T22:48:02+00:00","dateModified":"2026-04-25T22:48:04+00:00","breadcrumb":{"@id":"https:\/\/footdavant.fr\/actualites\/carlos-baleba-le-prix-demande-par-brighton-pour-lobjectif-de-united-revele\/#breadcrumb"},"inLanguage":"fr-FR","potentialAction":[{"@type":"ReadAction","target":["https:\/\/footdavant.fr\/actualites\/carlos-baleba-le-prix-demande-par-brighton-pour-lobjectif-de-united-revele\/"]}]},{"@type":"BreadcrumbList","@id":"https:\/\/footdavant.fr\/actualites\/carlos-baleba-le-prix-demande-par-brighton-pour-lobjectif-de-united-revele\/#breadcrumb","itemListElement":[{"@type":"ListItem","position":1,"name":"Accueil","item":"https:\/\/footdavant.fr\/actualites\/"},{"@type":"ListItem","position":2,"name":"Carlos Baleba: le prix demand\u00e9 par Brighton pour l&#39;objectif de United r\u00e9v\u00e9l\u00e9 &#8211;"}]},{"@type":"WebSite","@id":"https:\/\/footdavant.fr\/actualites\/#website","url":"https:\/\/footdavant.fr\/actualites\/","name":"Foot d'avant","description":"","publisher":{"@id":"https:\/\/footdavant.fr\/actualites\/#organization"},"potentialAction":[{"@type":"SearchAction","target":{"@type":"EntryPoint","urlTemplate":"https:\/\/footdavant.fr\/actualites\/?s={search_term_string}"},"query-input":"required name=search_term_string"}],"inLanguage":"fr-FR"},{"@type":"Organization","@id":"https:\/\/footdavant.fr\/actualites\/#organization","name":"Foot d'avant","url":"https:\/\/footdavant.fr\/actualites\/","logo":{"@type":"ImageObject","inLanguage":"fr-FR","@id":"https:\/\/footdavant.fr\/actualites\/#\/schema\/logo\/image\/","url":"https:\/\/footdavant.fr\/actualites\/wp-content\/uploads\/2023\/09\/Copy-of-FootDavant-Logo.png","contentUrl":"https:\/\/footdavant.fr\/actualites\/wp-content\/uploads\/2023\/09\/Copy-of-FootDavant-Logo.png","width":936,"height":549,"caption":"Foot d'avant"},"image":{"@id":"https:\/\/footdavant.fr\/actualites\/#\/schema\/logo\/image\/"},"sameAs":["https:\/\/www.facebook.com\/Footdavant\/","https:\/\/twitter.com\/FootdavantFr","https:\/\/www.instagram.com\/footdavant.fr\/"]},{"@type":"Person","@id":"https:\/\/footdavant.fr\/actualites\/#\/schema\/person\/bc222566d95871b37e597b3ed3ba5e1d","name":"Cl\u00e9ment","image":{"@type":"ImageObject","inLanguage":"fr-FR","@id":"https:\/\/footdavant.fr\/actualites\/#\/schema\/person\/image\/","url":"https:\/\/secure.gravatar.com\/avatar\/7728b29aac2719421e1a9159b2254c44?s=96&d=mm&r=g","contentUrl":"https:\/\/secure.gravatar.com\/avatar\/7728b29aac2719421e1a9159b2254c44?s=96&d=mm&r=g","caption":"Cl\u00e9ment"},"sameAs":["https:\/\/footdavant.fr\/"]}]}},"_links":{"self":[{"href":"https:\/\/footdavant.fr\/actualites\/wp-json\/wp\/v2\/posts\/36831"}],"collection":[{"href":"https:\/\/footdavant.fr\/actualites\/wp-json\/wp\/v2\/posts"}],"about":[{"href":"https:\/\/footdavant.fr\/actualites\/wp-json\/wp\/v2\/types\/post"}],"author":[{"embeddable":true,"href":"https:\/\/footdavant.fr\/actualites\/wp-json\/wp\/v2\/users\/1"}],"replies":[{"embeddable":true,"href":"https:\/\/footdavant.fr\/actualites\/wp-json\/wp\/v2\/comments?post=36831"}],"version-history":[{"count":1,"href":"https:\/\/footdavant.fr\/actualites\/wp-json\/wp\/v2\/posts\/36831\/revisions"}],"predecessor-version":[{"id":36833,"href":"https:\/\/footdavant.fr\/actualites\/wp-json\/wp\/v2\/posts\/36831\/revisions\/36833"}],"wp:featuredmedia":[{"embeddable":true,"href":"https:\/\/footdavant.fr\/actualites\/wp-json\/wp\/v2\/media\/36832"}],"wp:attachment":[{"href":"https:\/\/footdavant.fr\/actualites\/wp-json\/wp\/v2\/media?parent=36831"}],"wp:term":[{"taxonomy":"category","embeddable":true,"href":"https:\/\/footdavant.fr\/actualites\/wp-json\/wp\/v2\/categories?post=36831"},{"taxonomy":"post_tag","embeddable":true,"href":"https:\/\/footdavant.fr\/actualites\/wp-json\/wp\/v2\/tags?post=36831"}],"curies":[{"name":"wp","href":"https:\/\/api.w.org\/{rel}","templated":true}]}}