{"id":36834,"date":"2026-04-26T02:48:11","date_gmt":"2026-04-26T00:48:11","guid":{"rendered":"https:\/\/footdavant.fr\/actualites\/composition-de-crystal-palace-contre-liverpool-xi-prevu-pour-le-choc-de-premier-league-alors-quoliver-glasner-effectue-un-quadruple-changement\/"},"modified":"2026-04-26T02:48:13","modified_gmt":"2026-04-26T00:48:13","slug":"composition-de-crystal-palace-contre-liverpool-xi-prevu-pour-le-choc-de-premier-league-alors-quoliver-glasner-effectue-un-quadruple-changement","status":"publish","type":"post","link":"https:\/\/footdavant.fr\/actualites\/composition-de-crystal-palace-contre-liverpool-xi-prevu-pour-le-choc-de-premier-league-alors-quoliver-glasner-effectue-un-quadruple-changement\/","title":{"rendered":"Composition de Crystal Palace contre Liverpool : XI pr\u00e9vu pour le choc de Premier League alors qu&#39;Oliver Glasner effectue un quadruple changement"},"content":{"rendered":"<div itemprop=\"articleBody\">\n<p>L&#39;ennemi principal de Liverpool, Ismaila Sarr, devrait revenir dans la formation de d\u00e9part lorsque Crystal Palace affrontera les Reds \u00e0 Anfield lors de la confrontation en Premier League samedi.<\/p>\n<p>L&#39;attaquant s\u00e9n\u00e9galais a \u00e9t\u00e9 renvoy\u00e9 sur le banc pour le match nul 0-0 de lundi contre West Ham United, peu de temps apr\u00e8s que les Eagles se soient assur\u00e9s une place en demi-finale de la Conference League en battant la Fiorentina au total.<\/p>\n<p>Les hommes d&#39;Oliver Glasner ont le match aller de ce match contre le Shakhtar Donetsk \u00e0 esp\u00e9rer, mais le patron du Palace devrait toujours revenir \u00e0 son onze le plus fort possible pour un rendez-vous avec les champions de Premier League, contre lesquels Sarr adore marquer un but.<\/p>\n<p>Le joueur de 28 ans a marqu\u00e9 lors de chacun de ses quatre derniers matchs contre les Reds, toutes comp\u00e9titions confondues, et il devrait \u00eatre l&#39;un des deux attaquants rappel\u00e9s, avec l&#39;attaquant en chef Jean-Philippe Mateta.<\/p>\n<p>Jorgen Strand Larsen et Yeremy Pino devraient c\u00e9der la place, puisque Brennan Johnson est retenu apr\u00e8s sa prestation prometteuse mais infructueuse de lundi, tandis que Daniel Munoz et Tyrick Mitchell bombardent les flancs comme toujours.<\/p>\n<p>Le milieu de terrain li\u00e9 \u00e0 Liverpool, Adam Wharton, s&#39;est remis d&#39;un probl\u00e8me aux adducteurs, donc une audition \u00e0 Anfield pourrait attendre l&#39;international anglais aux c\u00f4t\u00e9s de Daichi Kamada, alors que Will Hughes abandonne.<\/p>\n<p>Maxence Lacroix a \u00e9galement surmont\u00e9 un coup de la Conference League pour d\u00e9buter contre West Ham, donc Glasner devrait \u00eatre en mesure de d\u00e9ployer une d\u00e9fense intacte.<\/p>\n<p>Composition de d\u00e9part possible de Crystal Palace :<\/p>\n<p>Henderson\u00a0; Canvot, Richards, Lacroix; Munoz, Wharton, Kamada, Mitchell; Sarr, Johnson; Mateta<\/p>\n<p>> Cliquez ici pour voir comment Liverpool pourrait s&#39;aligner contre Crystal Palace<\/p>\n<h2>D\u00e9couvrez l\u2019aper\u00e7u vid\u00e9o de Sports Mole pour Liverpool contre Crystal Palace\u00a0:<\/h2>\n<\/div>\n","protected":false},"excerpt":{"rendered":"<p>L&#39;ennemi principal de Liverpool, Ismaila Sarr, devrait revenir dans la formation de d\u00e9part lorsque Crystal Palace affrontera les Reds \u00e0 Anfield lors de la confrontation<\/p>\n","protected":false},"author":1,"featured_media":31893,"comment_status":"closed","ping_status":"","sticky":false,"template":"","format":"standard","meta":{"footnotes":""},"categories":[5],"tags":[318,710,332,2291,20,1008,3570,3830,202,53,815,51,201,3924,11882,4797],"yoast_head":"<!-- This site is optimized with the Yoast SEO plugin v21.0 - https:\/\/yoast.com\/wordpress\/plugins\/seo\/ -->\n<title>Composition de Crystal Palace contre Liverpool : XI pr\u00e9vu pour le choc de Premier League alors qu&#039;Oliver Glasner effectue un quadruple changement<\/title>\n<meta name=\"robots\" content=\"index, follow, max-snippet:-1, max-image-preview:large, max-video-preview:-1\" \/>\n<link rel=\"canonical\" href=\"https:\/\/footdavant.fr\/actualites\/composition-de-crystal-palace-contre-liverpool-xi-prevu-pour-le-choc-de-premier-league-alors-quoliver-glasner-effectue-un-quadruple-changement\/\" \/>\n<meta property=\"og:locale\" content=\"fr_FR\" \/>\n<meta property=\"og:type\" content=\"article\" \/>\n<meta property=\"og:title\" content=\"Composition de Crystal Palace contre Liverpool : XI pr\u00e9vu pour le choc de Premier League alors qu&#039;Oliver Glasner effectue un quadruple changement\" \/>\n<meta property=\"og:description\" content=\"L&#039;ennemi principal de Liverpool, Ismaila Sarr, devrait revenir dans la formation de d\u00e9part lorsque Crystal Palace affrontera les Reds \u00e0 Anfield lors de la confrontation\" \/>\n<meta property=\"og:url\" content=\"https:\/\/footdavant.fr\/actualites\/composition-de-crystal-palace-contre-liverpool-xi-prevu-pour-le-choc-de-premier-league-alors-quoliver-glasner-effectue-un-quadruple-changement\/\" \/>\n<meta property=\"og:site_name\" content=\"Foot d&#039;avant\" \/>\n<meta property=\"article:publisher\" content=\"https:\/\/www.facebook.com\/Footdavant\/\" \/>\n<meta property=\"article:published_time\" content=\"2026-04-26T00:48:11+00:00\" \/>\n<meta property=\"article:modified_time\" content=\"2026-04-26T00:48:13+00:00\" \/>\n<meta property=\"og:image\" content=\"https:\/\/footdavant.fr\/actualites\/wp-content\/uploads\/2025\/12\/Strasbourg-vs-Crystal-Palace-comment-regarder-date-heure-diffusion.net2Fuploads2F20252F102Fismaila-sarr-2-6.webp\" \/>\n\t<meta property=\"og:image:width\" content=\"720\" \/>\n\t<meta property=\"og:image:height\" content=\"410\" \/>\n\t<meta property=\"og:image:type\" content=\"image\/webp\" \/>\n<meta name=\"author\" content=\"Cl\u00e9ment\" \/>\n<meta name=\"twitter:card\" content=\"summary_large_image\" \/>\n<meta name=\"twitter:creator\" content=\"@FootdavantFr\" \/>\n<meta name=\"twitter:site\" content=\"@FootdavantFr\" \/>\n<meta name=\"twitter:label1\" content=\"\u00c9crit par\" \/>\n\t<meta name=\"twitter:data1\" content=\"Cl\u00e9ment\" \/>\n\t<meta name=\"twitter:label2\" content=\"Dur\u00e9e de lecture estim\u00e9e\" \/>\n\t<meta name=\"twitter:data2\" content=\"2 minutes\" \/>\n<script type=\"application\/ld+json\" class=\"yoast-schema-graph\">{\"@context\":\"https:\/\/schema.org\",\"@graph\":[{\"@type\":\"Article\",\"@id\":\"https:\/\/footdavant.fr\/actualites\/composition-de-crystal-palace-contre-liverpool-xi-prevu-pour-le-choc-de-premier-league-alors-quoliver-glasner-effectue-un-quadruple-changement\/#article\",\"isPartOf\":{\"@id\":\"https:\/\/footdavant.fr\/actualites\/composition-de-crystal-palace-contre-liverpool-xi-prevu-pour-le-choc-de-premier-league-alors-quoliver-glasner-effectue-un-quadruple-changement\/\"},\"author\":{\"name\":\"Cl\u00e9ment\",\"@id\":\"https:\/\/footdavant.fr\/actualites\/#\/schema\/person\/bc222566d95871b37e597b3ed3ba5e1d\"},\"headline\":\"Composition de Crystal Palace contre Liverpool : XI pr\u00e9vu pour le choc de Premier League alors qu&#39;Oliver Glasner effectue un quadruple changement\",\"datePublished\":\"2026-04-26T00:48:11+00:00\",\"dateModified\":\"2026-04-26T00:48:13+00:00\",\"mainEntityOfPage\":{\"@id\":\"https:\/\/footdavant.fr\/actualites\/composition-de-crystal-palace-contre-liverpool-xi-prevu-pour-le-choc-de-premier-league-alors-quoliver-glasner-effectue-un-quadruple-changement\/\"},\"wordCount\":339,\"publisher\":{\"@id\":\"https:\/\/footdavant.fr\/actualites\/#organization\"},\"keywords\":[\"alors\",\"changement\",\"choc\",\"composition\",\"contre\",\"Crystal\",\"effectue\",\"Glasner\",\"League\",\"Liverpool\",\"Palace\",\"pour\",\"Premier\",\"pr\u00e9vu\",\"qu39Oliver\",\"quadruple\"],\"articleSection\":[\"Premier League\"],\"inLanguage\":\"fr-FR\"},{\"@type\":\"WebPage\",\"@id\":\"https:\/\/footdavant.fr\/actualites\/composition-de-crystal-palace-contre-liverpool-xi-prevu-pour-le-choc-de-premier-league-alors-quoliver-glasner-effectue-un-quadruple-changement\/\",\"url\":\"https:\/\/footdavant.fr\/actualites\/composition-de-crystal-palace-contre-liverpool-xi-prevu-pour-le-choc-de-premier-league-alors-quoliver-glasner-effectue-un-quadruple-changement\/\",\"name\":\"Composition de Crystal Palace contre Liverpool : XI pr\u00e9vu pour le choc de Premier League alors qu&#39;Oliver Glasner effectue un quadruple changement\",\"isPartOf\":{\"@id\":\"https:\/\/footdavant.fr\/actualites\/#website\"},\"datePublished\":\"2026-04-26T00:48:11+00:00\",\"dateModified\":\"2026-04-26T00:48:13+00:00\",\"breadcrumb\":{\"@id\":\"https:\/\/footdavant.fr\/actualites\/composition-de-crystal-palace-contre-liverpool-xi-prevu-pour-le-choc-de-premier-league-alors-quoliver-glasner-effectue-un-quadruple-changement\/#breadcrumb\"},\"inLanguage\":\"fr-FR\",\"potentialAction\":[{\"@type\":\"ReadAction\",\"target\":[\"https:\/\/footdavant.fr\/actualites\/composition-de-crystal-palace-contre-liverpool-xi-prevu-pour-le-choc-de-premier-league-alors-quoliver-glasner-effectue-un-quadruple-changement\/\"]}]},{\"@type\":\"BreadcrumbList\",\"@id\":\"https:\/\/footdavant.fr\/actualites\/composition-de-crystal-palace-contre-liverpool-xi-prevu-pour-le-choc-de-premier-league-alors-quoliver-glasner-effectue-un-quadruple-changement\/#breadcrumb\",\"itemListElement\":[{\"@type\":\"ListItem\",\"position\":1,\"name\":\"Accueil\",\"item\":\"https:\/\/footdavant.fr\/actualites\/\"},{\"@type\":\"ListItem\",\"position\":2,\"name\":\"Composition de Crystal Palace contre Liverpool : XI pr\u00e9vu pour le choc de Premier League alors qu&#39;Oliver Glasner effectue un quadruple changement\"}]},{\"@type\":\"WebSite\",\"@id\":\"https:\/\/footdavant.fr\/actualites\/#website\",\"url\":\"https:\/\/footdavant.fr\/actualites\/\",\"name\":\"Foot d'avant\",\"description\":\"\",\"publisher\":{\"@id\":\"https:\/\/footdavant.fr\/actualites\/#organization\"},\"potentialAction\":[{\"@type\":\"SearchAction\",\"target\":{\"@type\":\"EntryPoint\",\"urlTemplate\":\"https:\/\/footdavant.fr\/actualites\/?s={search_term_string}\"},\"query-input\":\"required name=search_term_string\"}],\"inLanguage\":\"fr-FR\"},{\"@type\":\"Organization\",\"@id\":\"https:\/\/footdavant.fr\/actualites\/#organization\",\"name\":\"Foot d'avant\",\"url\":\"https:\/\/footdavant.fr\/actualites\/\",\"logo\":{\"@type\":\"ImageObject\",\"inLanguage\":\"fr-FR\",\"@id\":\"https:\/\/footdavant.fr\/actualites\/#\/schema\/logo\/image\/\",\"url\":\"https:\/\/footdavant.fr\/actualites\/wp-content\/uploads\/2023\/09\/Copy-of-FootDavant-Logo.png\",\"contentUrl\":\"https:\/\/footdavant.fr\/actualites\/wp-content\/uploads\/2023\/09\/Copy-of-FootDavant-Logo.png\",\"width\":936,\"height\":549,\"caption\":\"Foot d'avant\"},\"image\":{\"@id\":\"https:\/\/footdavant.fr\/actualites\/#\/schema\/logo\/image\/\"},\"sameAs\":[\"https:\/\/www.facebook.com\/Footdavant\/\",\"https:\/\/twitter.com\/FootdavantFr\",\"https:\/\/www.instagram.com\/footdavant.fr\/\"]},{\"@type\":\"Person\",\"@id\":\"https:\/\/footdavant.fr\/actualites\/#\/schema\/person\/bc222566d95871b37e597b3ed3ba5e1d\",\"name\":\"Cl\u00e9ment\",\"image\":{\"@type\":\"ImageObject\",\"inLanguage\":\"fr-FR\",\"@id\":\"https:\/\/footdavant.fr\/actualites\/#\/schema\/person\/image\/\",\"url\":\"https:\/\/secure.gravatar.com\/avatar\/7728b29aac2719421e1a9159b2254c44?s=96&d=mm&r=g\",\"contentUrl\":\"https:\/\/secure.gravatar.com\/avatar\/7728b29aac2719421e1a9159b2254c44?s=96&d=mm&r=g\",\"caption\":\"Cl\u00e9ment\"},\"sameAs\":[\"https:\/\/footdavant.fr\/\"]}]}<\/script>\n<!-- \/ Yoast SEO plugin. -->","yoast_head_json":{"title":"Composition de Crystal Palace contre Liverpool : XI pr\u00e9vu pour le choc de Premier League alors qu&#39;Oliver Glasner effectue un quadruple changement","robots":{"index":"index","follow":"follow","max-snippet":"max-snippet:-1","max-image-preview":"max-image-preview:large","max-video-preview":"max-video-preview:-1"},"canonical":"https:\/\/footdavant.fr\/actualites\/composition-de-crystal-palace-contre-liverpool-xi-prevu-pour-le-choc-de-premier-league-alors-quoliver-glasner-effectue-un-quadruple-changement\/","og_locale":"fr_FR","og_type":"article","og_title":"Composition de Crystal Palace contre Liverpool : XI pr\u00e9vu pour le choc de Premier League alors qu&#39;Oliver Glasner effectue un quadruple changement","og_description":"L&#39;ennemi principal de Liverpool, Ismaila Sarr, devrait revenir dans la formation de d\u00e9part lorsque Crystal Palace affrontera les Reds \u00e0 Anfield lors de la confrontation","og_url":"https:\/\/footdavant.fr\/actualites\/composition-de-crystal-palace-contre-liverpool-xi-prevu-pour-le-choc-de-premier-league-alors-quoliver-glasner-effectue-un-quadruple-changement\/","og_site_name":"Foot d&#039;avant","article_publisher":"https:\/\/www.facebook.com\/Footdavant\/","article_published_time":"2026-04-26T00:48:11+00:00","article_modified_time":"2026-04-26T00:48:13+00:00","og_image":[{"width":720,"height":410,"url":"https:\/\/footdavant.fr\/actualites\/wp-content\/uploads\/2025\/12\/Strasbourg-vs-Crystal-Palace-comment-regarder-date-heure-diffusion.net2Fuploads2F20252F102Fismaila-sarr-2-6.webp","type":"image\/webp"}],"author":"Cl\u00e9ment","twitter_card":"summary_large_image","twitter_creator":"@FootdavantFr","twitter_site":"@FootdavantFr","twitter_misc":{"\u00c9crit par":"Cl\u00e9ment","Dur\u00e9e de lecture estim\u00e9e":"2 minutes"},"schema":{"@context":"https:\/\/schema.org","@graph":[{"@type":"Article","@id":"https:\/\/footdavant.fr\/actualites\/composition-de-crystal-palace-contre-liverpool-xi-prevu-pour-le-choc-de-premier-league-alors-quoliver-glasner-effectue-un-quadruple-changement\/#article","isPartOf":{"@id":"https:\/\/footdavant.fr\/actualites\/composition-de-crystal-palace-contre-liverpool-xi-prevu-pour-le-choc-de-premier-league-alors-quoliver-glasner-effectue-un-quadruple-changement\/"},"author":{"name":"Cl\u00e9ment","@id":"https:\/\/footdavant.fr\/actualites\/#\/schema\/person\/bc222566d95871b37e597b3ed3ba5e1d"},"headline":"Composition de Crystal Palace contre Liverpool : XI pr\u00e9vu pour le choc de Premier League alors qu&#39;Oliver Glasner effectue un quadruple changement","datePublished":"2026-04-26T00:48:11+00:00","dateModified":"2026-04-26T00:48:13+00:00","mainEntityOfPage":{"@id":"https:\/\/footdavant.fr\/actualites\/composition-de-crystal-palace-contre-liverpool-xi-prevu-pour-le-choc-de-premier-league-alors-quoliver-glasner-effectue-un-quadruple-changement\/"},"wordCount":339,"publisher":{"@id":"https:\/\/footdavant.fr\/actualites\/#organization"},"keywords":["alors","changement","choc","composition","contre","Crystal","effectue","Glasner","League","Liverpool","Palace","pour","Premier","pr\u00e9vu","qu39Oliver","quadruple"],"articleSection":["Premier League"],"inLanguage":"fr-FR"},{"@type":"WebPage","@id":"https:\/\/footdavant.fr\/actualites\/composition-de-crystal-palace-contre-liverpool-xi-prevu-pour-le-choc-de-premier-league-alors-quoliver-glasner-effectue-un-quadruple-changement\/","url":"https:\/\/footdavant.fr\/actualites\/composition-de-crystal-palace-contre-liverpool-xi-prevu-pour-le-choc-de-premier-league-alors-quoliver-glasner-effectue-un-quadruple-changement\/","name":"Composition de Crystal Palace contre Liverpool : XI pr\u00e9vu pour le choc de Premier League alors qu&#39;Oliver Glasner effectue un quadruple changement","isPartOf":{"@id":"https:\/\/footdavant.fr\/actualites\/#website"},"datePublished":"2026-04-26T00:48:11+00:00","dateModified":"2026-04-26T00:48:13+00:00","breadcrumb":{"@id":"https:\/\/footdavant.fr\/actualites\/composition-de-crystal-palace-contre-liverpool-xi-prevu-pour-le-choc-de-premier-league-alors-quoliver-glasner-effectue-un-quadruple-changement\/#breadcrumb"},"inLanguage":"fr-FR","potentialAction":[{"@type":"ReadAction","target":["https:\/\/footdavant.fr\/actualites\/composition-de-crystal-palace-contre-liverpool-xi-prevu-pour-le-choc-de-premier-league-alors-quoliver-glasner-effectue-un-quadruple-changement\/"]}]},{"@type":"BreadcrumbList","@id":"https:\/\/footdavant.fr\/actualites\/composition-de-crystal-palace-contre-liverpool-xi-prevu-pour-le-choc-de-premier-league-alors-quoliver-glasner-effectue-un-quadruple-changement\/#breadcrumb","itemListElement":[{"@type":"ListItem","position":1,"name":"Accueil","item":"https:\/\/footdavant.fr\/actualites\/"},{"@type":"ListItem","position":2,"name":"Composition de Crystal Palace contre Liverpool : XI pr\u00e9vu pour le choc de Premier League alors qu&#39;Oliver Glasner effectue un quadruple changement"}]},{"@type":"WebSite","@id":"https:\/\/footdavant.fr\/actualites\/#website","url":"https:\/\/footdavant.fr\/actualites\/","name":"Foot d'avant","description":"","publisher":{"@id":"https:\/\/footdavant.fr\/actualites\/#organization"},"potentialAction":[{"@type":"SearchAction","target":{"@type":"EntryPoint","urlTemplate":"https:\/\/footdavant.fr\/actualites\/?s={search_term_string}"},"query-input":"required name=search_term_string"}],"inLanguage":"fr-FR"},{"@type":"Organization","@id":"https:\/\/footdavant.fr\/actualites\/#organization","name":"Foot d'avant","url":"https:\/\/footdavant.fr\/actualites\/","logo":{"@type":"ImageObject","inLanguage":"fr-FR","@id":"https:\/\/footdavant.fr\/actualites\/#\/schema\/logo\/image\/","url":"https:\/\/footdavant.fr\/actualites\/wp-content\/uploads\/2023\/09\/Copy-of-FootDavant-Logo.png","contentUrl":"https:\/\/footdavant.fr\/actualites\/wp-content\/uploads\/2023\/09\/Copy-of-FootDavant-Logo.png","width":936,"height":549,"caption":"Foot d'avant"},"image":{"@id":"https:\/\/footdavant.fr\/actualites\/#\/schema\/logo\/image\/"},"sameAs":["https:\/\/www.facebook.com\/Footdavant\/","https:\/\/twitter.com\/FootdavantFr","https:\/\/www.instagram.com\/footdavant.fr\/"]},{"@type":"Person","@id":"https:\/\/footdavant.fr\/actualites\/#\/schema\/person\/bc222566d95871b37e597b3ed3ba5e1d","name":"Cl\u00e9ment","image":{"@type":"ImageObject","inLanguage":"fr-FR","@id":"https:\/\/footdavant.fr\/actualites\/#\/schema\/person\/image\/","url":"https:\/\/secure.gravatar.com\/avatar\/7728b29aac2719421e1a9159b2254c44?s=96&d=mm&r=g","contentUrl":"https:\/\/secure.gravatar.com\/avatar\/7728b29aac2719421e1a9159b2254c44?s=96&d=mm&r=g","caption":"Cl\u00e9ment"},"sameAs":["https:\/\/footdavant.fr\/"]}]}},"_links":{"self":[{"href":"https:\/\/footdavant.fr\/actualites\/wp-json\/wp\/v2\/posts\/36834"}],"collection":[{"href":"https:\/\/footdavant.fr\/actualites\/wp-json\/wp\/v2\/posts"}],"about":[{"href":"https:\/\/footdavant.fr\/actualites\/wp-json\/wp\/v2\/types\/post"}],"author":[{"embeddable":true,"href":"https:\/\/footdavant.fr\/actualites\/wp-json\/wp\/v2\/users\/1"}],"replies":[{"embeddable":true,"href":"https:\/\/footdavant.fr\/actualites\/wp-json\/wp\/v2\/comments?post=36834"}],"version-history":[{"count":1,"href":"https:\/\/footdavant.fr\/actualites\/wp-json\/wp\/v2\/posts\/36834\/revisions"}],"predecessor-version":[{"id":36835,"href":"https:\/\/footdavant.fr\/actualites\/wp-json\/wp\/v2\/posts\/36834\/revisions\/36835"}],"wp:featuredmedia":[{"embeddable":true,"href":"https:\/\/footdavant.fr\/actualites\/wp-json\/wp\/v2\/media\/31893"}],"wp:attachment":[{"href":"https:\/\/footdavant.fr\/actualites\/wp-json\/wp\/v2\/media?parent=36834"}],"wp:term":[{"taxonomy":"category","embeddable":true,"href":"https:\/\/footdavant.fr\/actualites\/wp-json\/wp\/v2\/categories?post=36834"},{"taxonomy":"post_tag","embeddable":true,"href":"https:\/\/footdavant.fr\/actualites\/wp-json\/wp\/v2\/tags?post=36834"}],"curies":[{"name":"wp","href":"https:\/\/api.w.org\/{rel}","templated":true}]}}