{"id":36836,"date":"2026-04-26T04:48:16","date_gmt":"2026-04-26T02:48:16","guid":{"rendered":"https:\/\/footdavant.fr\/actualites\/arsenal-0-0-sporting-les-gunners-sappuient-sur-leur-veritable-force-pour-atteindre-les-demi-finales-de-la-ligue-des-champions\/"},"modified":"2026-04-26T04:48:20","modified_gmt":"2026-04-26T02:48:20","slug":"arsenal-0-0-sporting-les-gunners-sappuient-sur-leur-veritable-force-pour-atteindre-les-demi-finales-de-la-ligue-des-champions","status":"publish","type":"post","link":"https:\/\/footdavant.fr\/actualites\/arsenal-0-0-sporting-les-gunners-sappuient-sur-leur-veritable-force-pour-atteindre-les-demi-finales-de-la-ligue-des-champions\/","title":{"rendered":"Arsenal 0-0 Sporting : les Gunners s&#39;appuient sur leur v\u00e9ritable force pour atteindre les demi-finales de la Ligue des champions"},"content":{"rendered":"<div>\n<h4><span style=\"color: #ff6600;\">Rapport de match <\/span>\u2013 <span style=\"color: #ff6600;\">Notes des joueurs<\/span> \u2013 <span style=\"color: #ff6600;\">R\u00e9action d&#39;Arteta<\/span><\/h4>\n<p>Arsenal a atteint les demi-finales de la Ligue des champions pour la deuxi\u00e8me ann\u00e9e cons\u00e9cutive, pour la premi\u00e8re fois dans l&#39;histoire du club, ce qui est \u00e0 c\u00e9l\u00e9brer. Et pourtant, ce matin, j&#39;ai cette \u00e9trange sensation de bonheur d\u00e9\u00e7u. Je ne peux pas penser \u00e0 une meilleure fa\u00e7on d&#39;essayer de l&#39;expliquer.<\/p>\n<p>L&#39;objectif \u00e9tait de s&#39;en sortir, nous y sommes parvenus et c&#39;est bien. Mais si vous cherchiez une sorte de r\u00e9confort dans la performance d&#39;hier soir, ce n&#39;\u00e9tait pas vraiment l\u00e0 \u2013 du moins pas dans le sens offensif. Je pensais que nous avions assez bien d\u00e9fendu, \u00e0 l&#39;exception de quelques minutes vers la fin de la premi\u00e8re mi-temps lorsqu&#39;une erreur de David Raya nous a fait trembler, et que le Sporting a touch\u00e9 le poteau juste avant la pause. A part cela, les visiteurs nous ont pos\u00e9 peu de probl\u00e8mes : ils n&#39;ont eu qu&#39;un seul tir cadr\u00e9 toute la soir\u00e9e.<\/p>\n<p>Mais nous aussi. Un seul tir cadr\u00e9. Pouvez-vous vous en souvenir ? Cela s&#39;est produit \u00e0 la 30e minute lorsque Declan Rice a lanc\u00e9 un corner au deuxi\u00e8me poteau, et Martin Zubimendi l&#39;a dirig\u00e9 vers le sol, et le gardien l&#39;a r\u00e9cup\u00e9r\u00e9 facilement. C\u2019est tout ce \u00e0 quoi Rui Silva a d\u00fb faire face entre les b\u00e2tons du Sporting. Statistiquement, un \u00ab tir cadr\u00e9 \u00bb, mais presque aucune menace. Le sentiment actuel que nous sommes un instrument brutal \u00e9tait r\u00e9pandu avant le match et je ne suis pas s\u00fbr que nous ayons fait quoi que ce soit pour changer cela au cours des 90 minutes.<\/p>\n<p>Eberechi Eze \u00e9tait probablement notre joueur offensif le plus efficace, \u00e9voluant derri\u00e8re ce trio de t\u00eate qui, une fois de plus, ressemblait \u00e0 un trio qui nous donnait bien moins que la somme de leurs parties. Noni Madueke a \u00e9t\u00e9 maladroit et inutile en possession, Viktor Gyokeres \u00e9galement et c&#39;\u00e9tait le genre de jeu faible que nous avons vu de sa part \u00e0 plusieurs reprises cette saison, tandis que Gabriel Martinelli \u00e9tait probablement le plus brillant du trio mais toujours inefficace dans le dernier tiers adverse. Soyons clairs, je ne critique pas du tout l&#39;effort, car je pense que tous les joueurs en rouge et blanc ont tout donn\u00e9, mais d&#39;un point de vue technique, cette combinaison \u00e0 l&#39;avant vous donne peu de chances de causer des probl\u00e8mes constants \u00e0 une \u00e9quipe, car soit ils ne peuvent pas r\u00e9cup\u00e9rer le ballon, ni le garder, ni faire quoi que ce soit avec quand ils le font \u2013 surtout les uns avec les autres.<\/p>\n<p>Cela a \u00e9t\u00e9 r\u00e9sum\u00e9 pour moi par une passe de Gyokeres au d\u00e9but de la seconde mi-temps lorsqu&#39;il a cherch\u00e9 \u00e0 combiner avec Madueke \u00e0 l&#39;entr\u00e9e de leur surface et a jou\u00e9 une passe \u00e0 leur arri\u00e8re gauche \u00e0 la place, ratant la course de son co\u00e9quipier de loin. Vous dites que les joueurs ne sont pas sur la m\u00eame longueur d\u2019onde, mais cela va au-del\u00e0 de cela. Il n&#39;a pas fallu longtemps avant que Mikel Arteta fasse un changement et mette Kai Havertz \u00e0 sa place. Lorsque les bases et les principes fondamentaux sont si m\u00e9diocres, il n&#39;est pas \u00e9tonnant que nous ne puissions pas causer trop de probl\u00e8mes \u00e0 l&#39;opposition.<\/p>\n<p>Eze, comme je l&#39;ai dit, \u00e9tait le meilleur du groupe, d\u00e9montrant sa volont\u00e9 de tirer et de mettre son pied dans le ballon. Il y a eu un moment o\u00f9 Raya a frapp\u00e9 longtemps, Havertz a en fait gagn\u00e9 un duel et l&#39;a dirig\u00e9 vers le bas, et Eze a tir\u00e9 dessus, et c&#39;\u00e9tait comme si quelqu&#39;un avait allum\u00e9 les lumi\u00e8res malgr\u00e9 le fait que le tir n&#39;\u00e9tait pas cadr\u00e9. C\u2019\u00e9tait exactement le genre de choses simples que nous devrions pouvoir faire naturellement, mais cela arrive si rarement.<\/p>\n<p>Une blessure de Madueke est loin d&#39;\u00eatre id\u00e9ale, m\u00eame si je pense que son retrait aurait \u00e9t\u00e9 imminent de toute fa\u00e7on. Max Dowman est arriv\u00e9, et \u00e0 ce stade de la saison, nous avons besoin d&#39;autant de mains que possible sur le pont, donc j&#39;esp\u00e8re que ce n&#39;est pas trop grave. N\u00e9anmoins, en l\u2019absence prolong\u00e9e de Bukayo Saka, le manager a de toute fa\u00e7on une r\u00e9flexion s\u00e9rieuse \u00e0 faire pour savoir qui d\u00e9butera l\u00e0-bas dimanche, car la signature estivale n\u2019\u00e9tait encore une fois pas au niveau.<\/p>\n<p>Pour moi, les inqui\u00e9tudes concernant l&#39;impuissance persistante de notre attaque, que je comprends parfaitement et que je crois \u00eatre un probl\u00e8me important pour cette \u00e9quipe, signifient que nous verrons probablement Arsenal s&#39;appuyer sur sa plus grande force d&#39;ici la fin de la saison. S&#39;il y a quelque chose \u00e0 retenir d&#39;hier soir, c&#39;est que alors que le Sporting devait absolument trouver un but, nous l&#39;avons \u00e9touff\u00e9. Au cours des 15 derni\u00e8res minutes, nous n&#39;avons pas seulement tr\u00e8s bien d\u00e9fendu pour \u00e9viter qu&#39;ils ne se cr\u00e9ent des occasions, nous avons m\u00eame contr\u00f4l\u00e9 le jeu, ce que nous n&#39;avons pas toujours \u00e9t\u00e9 capables de faire ces derniers temps.<\/p>\n<p>Nous avions pr\u00e8s de 62\u00a0% de possession au cours de cette p\u00e9riode, une grande partie dans leur moiti\u00e9 de terrain, et vous pouvez voir le graphique de l&#39;\u00e9lan (via Sofascore) raconter bien l&#39;histoire de cela (ce dernier \u00e9clair bleu \u00e9tait le tir qui a p\u00e9till\u00e9 lorsque nous avons inexplicablement d\u00e9cid\u00e9 de ne pas garder le ballon d&#39;un corner et de leur avoir rendu la possession)\u00a0:<\/p>\n<\/p>\n<p>Si vous regardez cette \u00e9quipe et identifiez o\u00f9 se trouvent les meilleurs talents, cela ne vous laisse aucun doute. Je pense que parfois nous prenons pour acquis la qualit\u00e9 de nos deux d\u00e9fenseurs centraux, car ce partenariat entre William Saliba et Gabriel n&#39;a rien apport\u00e9 \u00e0 l&#39;avant-centre du Sporting. Ils auraient pu jouer un autre Luis Suarez l\u00e0-haut et cela n&#39;aurait fait aucune diff\u00e9rence. Christian Mosquera s&#39;est bien int\u00e9gr\u00e9 \u00e0 l&#39;arri\u00e8re droit et \u00e0 gauche, Piero Hincapie a r\u00e9alis\u00e9 une performance monstre. \u00c0 un moment donn\u00e9, \u00e0 la 90e minute, il a lanc\u00e9 un incroyable sprint vers l&#39;avant pour soutenir Leandro Trossard, puis a d\u00fb revenir en arri\u00e8re lorsque le mouvement a \u00e9chou\u00e9. Ses niveaux d&#39;\u00e9nergie \u00e9taient incroyables.<\/p>\n<p>Devant eux, Declan Rice a men\u00e9 l&#39;\u00e9quipe avec une pr\u00e9cision de 97% un jour apr\u00e8s avoir \u00e9t\u00e9 trop malade pour s&#39;entra\u00eener, et il a \u00e9t\u00e9 aid\u00e9 et encourag\u00e9 par une performance de Martin Zubimendi qui ressemblait beaucoup plus au joueur que nous avons vu dans la premi\u00e8re moiti\u00e9 de la saison. Non seulement il s&#39;est montr\u00e9 vif d\u00e9fensivement et bien conscient de ses responsabilit\u00e9s l\u00e0-bas, mais il s&#39;est \u00e9galement montr\u00e9 efficace \u00e0 plusieurs reprises. Je n&#39;ai pas acc\u00e8s \u00e0 ces statistiques, mais j&#39;avais l&#39;impression \u2013 du moins pour moi \u2013 qu&#39;il avait probablement plus de touches dans la surface adverse que n&#39;importe lequel de nos attaquants nominaux.<\/p>\n<p>C\u2019est-\u00e0-dire que si vous placez vos espoirs dans les choses qui se passent d\u00e8s le d\u00e9part et dans les objectifs \u00e0 atteindre, je ne retiendrais pas mon souffle. Ce serait \u00e9videmment tr\u00e8s utile, mais je pense que ce que cette saison a clairement d\u00e9montr\u00e9, c&#39;est qu&#39;en termes de talent offensif, m\u00eame si nous avons augment\u00e9 les chiffres, nous sommes encore loin de ce que nous devrions vraiment \u00eatre. Parce que si nous avions cela en plus des fondations que nous avons construites plus t\u00f4t, nous serions probablement dans une position encore meilleure dans la ligue que nous ne le sommes d\u00e9j\u00e0 (ce qui \u2013 pour \u00eatre clair \u2013 est une position que nous aurions tous adopt\u00e9e au d\u00e9but de la campagne).<\/p>\n<p>Mais c\u2019est comme \u00e7a. Cela ne sert \u00e0 rien d&#39;ignorer la r\u00e9alit\u00e9, et c&#39;est sur cette base que Mikel Arteta doit naviguer dans ce qui reste de cette saison. Une saison qui a encore beaucoup \u00e0 offrir, et m\u00eame si je peux \u00e0 peine penser \u00e0 autre chose que dimanche \u00e0 ce stade, nous devrions prendre un instant de recul et c\u00e9l\u00e9brer le fait que nous ayons fait de tels progr\u00e8s en Europe pour la deuxi\u00e8me saison cons\u00e9cutive. Il n&#39;y a pas si longtemps, une demi-finale de Ligue des Champions \u00e9tait une chim\u00e8re. Aujourd&#39;hui, nous l&#39;avons fait deux ann\u00e9es de suite et cela d\u00e9montre que nous avons parcouru un long chemin, m\u00eame s&#39;il y a encore place \u00e0 l&#39;am\u00e9lioration.<\/p>\n<p>Par la suite, Mikel Arteta a reconnu ce besoin en d\u00e9clarant :<\/p>\n<blockquote>\n<p>Nous ne sommes pas parfaits, nous devons am\u00e9liorer les choses, c&#39;est s\u00fbr, nous le reconnaissons, mais il y a de la valeur dans ce que ces joueurs ont fait parce qu&#39;ils le m\u00e9ritent.<\/p>\n<\/blockquote>\n<p>Mais il s&#39;est \u00e9galement assur\u00e9 de donner les bonnes notes avant le grand match de dimanche :<\/p>\n<blockquote>\n<p>C\u2019est un effort massif pour remporter la demi-finale de la Ligue des champions. C&#39;est extr\u00eamement difficile et nous savons ce que nous avons fait. Nous le m\u00e9ritons, nous le m\u00e9ritons pleinement aussi, et nous allons en profiter parce que nous le m\u00e9ritons.<\/p>\n<p>Il y a une raison pour laquelle nous sommes la seule \u00e9quipe anglaise dans la comp\u00e9tition, parce que ce championnat et ce calendrier vous enl\u00e8vent le moral, et c&#39;est tr\u00e8s difficile de faire ce que nous avons fait. Je suis particuli\u00e8rement heureux pour nos supporters car ils \u00e9taient juste derri\u00e8re l&#39;\u00e9quipe aujourd&#39;hui et nous allons vivre deux soir\u00e9es magiques, une \u00e0 Madrid et une autre ici \u00e0 Londres contre l&#39;Atletico, donc je suis tr\u00e8s fier d&#39;eux.<\/p>\n<\/blockquote>\n<p>En fin de compte, dans une comp\u00e9tition de coupe, la seule chose qui compte est de r\u00e9ussir, et nous l&#39;avons fait. Peut-\u00eatre que nous n&#39;avons pas obtenu ce que nous souhaitions en termes de performances offensives, mais ne pr\u00e9tendons pas que l&#39;\u00e9limination aurait \u00e9t\u00e9 autre chose que vraiment pr\u00e9judiciable pour ce qui nous attend ce week-end et au-del\u00e0. On a l\u2019impression que ces joueurs ont besoin de tout ce qui peut produire de la confiance et de la conviction en ce moment. Hier soir, cela est venu de positions sur lesquelles nous savons que nous pouvons compter, et s&#39;il existe un moyen de retrouver une \u00e9tincelle dans le dernier tiers, cela nous servira bien. Je soup\u00e7onne que les trois premiers dimanche pourraient bien \u00eatre diff\u00e9rents de celui que nous avons vu hier soir, alors j&#39;esp\u00e8re que cela aidera.<\/p>\n<p>Ainsi, les deux matches de Mikel Arteta contre Diego Simeone seront consid\u00e9r\u00e9s comme deux managers avec une sorte d&#39;identit\u00e9 similaire s&#39;affrontant pour se frayer un chemin vers la finale \u00e0 Budapest. Mais tout cela peut attendre un moment, car nous avons de plus gros poissons \u00e0 faire frire dimanche. Le plus gros poisson de tous en termes de Premier League, alors reposez les gars, r\u00e9cup\u00e9rez, esp\u00e9rons-le, quelques-uns de leur blessure, et concentrons-nous l\u00e0-dessus.<\/p>\n<p>Ok, je vais le laisser l\u00e0 pour ce matin. Nous vous proposerons un Arsecast d&#39;apr\u00e8s-match un peu plus tard, d&#39;ici l\u00e0, passez-en un bon.<\/p>\n<\/div>\n","protected":false},"excerpt":{"rendered":"<p>Rapport de match \u2013 Notes des joueurs \u2013 R\u00e9action d&#39;Arteta Arsenal a atteint les demi-finales de la Ligue des champions pour la deuxi\u00e8me ann\u00e9e cons\u00e9cutive,<\/p>\n","protected":false},"author":1,"featured_media":36837,"comment_status":"closed","ping_status":"","sticky":false,"template":"","format":"standard","meta":{"footnotes":""},"categories":[3],"tags":[67,1791,31,2430,12,2773,997,93,486,30,51,11883,2301,103,3652],"yoast_head":"<!-- This site is optimized with the Yoast SEO plugin v21.0 - https:\/\/yoast.com\/wordpress\/plugins\/seo\/ -->\n<title>Arsenal 0-0 Sporting : les Gunners s&#039;appuient sur leur v\u00e9ritable force pour atteindre les demi-finales de la Ligue des champions<\/title>\n<meta name=\"robots\" content=\"index, follow, max-snippet:-1, max-image-preview:large, max-video-preview:-1\" \/>\n<link rel=\"canonical\" href=\"https:\/\/footdavant.fr\/actualites\/arsenal-0-0-sporting-les-gunners-sappuient-sur-leur-veritable-force-pour-atteindre-les-demi-finales-de-la-ligue-des-champions\/\" \/>\n<meta property=\"og:locale\" content=\"fr_FR\" \/>\n<meta property=\"og:type\" content=\"article\" \/>\n<meta property=\"og:title\" content=\"Arsenal 0-0 Sporting : les Gunners s&#039;appuient sur leur v\u00e9ritable force pour atteindre les demi-finales de la Ligue des champions\" \/>\n<meta property=\"og:description\" content=\"Rapport de match \u2013 Notes des joueurs \u2013 R\u00e9action d&#039;Arteta Arsenal a atteint les demi-finales de la Ligue des champions pour la deuxi\u00e8me ann\u00e9e cons\u00e9cutive,\" \/>\n<meta property=\"og:url\" content=\"https:\/\/footdavant.fr\/actualites\/arsenal-0-0-sporting-les-gunners-sappuient-sur-leur-veritable-force-pour-atteindre-les-demi-finales-de-la-ligue-des-champions\/\" \/>\n<meta property=\"og:site_name\" content=\"Foot d&#039;avant\" \/>\n<meta property=\"article:publisher\" content=\"https:\/\/www.facebook.com\/Footdavant\/\" \/>\n<meta property=\"article:published_time\" content=\"2026-04-26T02:48:16+00:00\" \/>\n<meta property=\"article:modified_time\" content=\"2026-04-26T02:48:20+00:00\" \/>\n<meta property=\"og:image\" content=\"https:\/\/footdavant.fr\/actualites\/wp-content\/uploads\/2026\/04\/Arsenal-0-0-Sporting-les-Gunners-s39appuient-sur-leur-veritable.jpg\" \/>\n\t<meta property=\"og:image:width\" content=\"1500\" \/>\n\t<meta property=\"og:image:height\" content=\"750\" \/>\n\t<meta property=\"og:image:type\" content=\"image\/jpeg\" \/>\n<meta name=\"author\" content=\"Cl\u00e9ment\" \/>\n<meta name=\"twitter:card\" content=\"summary_large_image\" \/>\n<meta name=\"twitter:creator\" content=\"@FootdavantFr\" \/>\n<meta name=\"twitter:site\" content=\"@FootdavantFr\" \/>\n<meta name=\"twitter:label1\" content=\"\u00c9crit par\" \/>\n\t<meta name=\"twitter:data1\" content=\"Cl\u00e9ment\" \/>\n\t<meta name=\"twitter:label2\" content=\"Dur\u00e9e de lecture estim\u00e9e\" \/>\n\t<meta name=\"twitter:data2\" content=\"10 minutes\" \/>\n<script type=\"application\/ld+json\" class=\"yoast-schema-graph\">{\"@context\":\"https:\/\/schema.org\",\"@graph\":[{\"@type\":\"Article\",\"@id\":\"https:\/\/footdavant.fr\/actualites\/arsenal-0-0-sporting-les-gunners-sappuient-sur-leur-veritable-force-pour-atteindre-les-demi-finales-de-la-ligue-des-champions\/#article\",\"isPartOf\":{\"@id\":\"https:\/\/footdavant.fr\/actualites\/arsenal-0-0-sporting-les-gunners-sappuient-sur-leur-veritable-force-pour-atteindre-les-demi-finales-de-la-ligue-des-champions\/\"},\"author\":{\"name\":\"Cl\u00e9ment\",\"@id\":\"https:\/\/footdavant.fr\/actualites\/#\/schema\/person\/bc222566d95871b37e597b3ed3ba5e1d\"},\"headline\":\"Arsenal 0-0 Sporting : les Gunners s&#39;appuient sur leur v\u00e9ritable force pour atteindre les demi-finales de la Ligue des champions\",\"datePublished\":\"2026-04-26T02:48:16+00:00\",\"dateModified\":\"2026-04-26T02:48:20+00:00\",\"mainEntityOfPage\":{\"@id\":\"https:\/\/footdavant.fr\/actualites\/arsenal-0-0-sporting-les-gunners-sappuient-sur-leur-veritable-force-pour-atteindre-les-demi-finales-de-la-ligue-des-champions\/\"},\"wordCount\":1958,\"publisher\":{\"@id\":\"https:\/\/footdavant.fr\/actualites\/#organization\"},\"keywords\":[\"Arsenal\",\"atteindre\",\"champions\",\"demifinales\",\"des\",\"force\",\"Gunners\",\"les\",\"leur\",\"Ligue\",\"pour\",\"s39appuient\",\"Sporting\",\"sur\",\"v\u00e9ritable\"],\"articleSection\":[\"Football\"],\"inLanguage\":\"fr-FR\"},{\"@type\":\"WebPage\",\"@id\":\"https:\/\/footdavant.fr\/actualites\/arsenal-0-0-sporting-les-gunners-sappuient-sur-leur-veritable-force-pour-atteindre-les-demi-finales-de-la-ligue-des-champions\/\",\"url\":\"https:\/\/footdavant.fr\/actualites\/arsenal-0-0-sporting-les-gunners-sappuient-sur-leur-veritable-force-pour-atteindre-les-demi-finales-de-la-ligue-des-champions\/\",\"name\":\"Arsenal 0-0 Sporting : les Gunners s&#39;appuient sur leur v\u00e9ritable force pour atteindre les demi-finales de la Ligue des champions\",\"isPartOf\":{\"@id\":\"https:\/\/footdavant.fr\/actualites\/#website\"},\"datePublished\":\"2026-04-26T02:48:16+00:00\",\"dateModified\":\"2026-04-26T02:48:20+00:00\",\"breadcrumb\":{\"@id\":\"https:\/\/footdavant.fr\/actualites\/arsenal-0-0-sporting-les-gunners-sappuient-sur-leur-veritable-force-pour-atteindre-les-demi-finales-de-la-ligue-des-champions\/#breadcrumb\"},\"inLanguage\":\"fr-FR\",\"potentialAction\":[{\"@type\":\"ReadAction\",\"target\":[\"https:\/\/footdavant.fr\/actualites\/arsenal-0-0-sporting-les-gunners-sappuient-sur-leur-veritable-force-pour-atteindre-les-demi-finales-de-la-ligue-des-champions\/\"]}]},{\"@type\":\"BreadcrumbList\",\"@id\":\"https:\/\/footdavant.fr\/actualites\/arsenal-0-0-sporting-les-gunners-sappuient-sur-leur-veritable-force-pour-atteindre-les-demi-finales-de-la-ligue-des-champions\/#breadcrumb\",\"itemListElement\":[{\"@type\":\"ListItem\",\"position\":1,\"name\":\"Accueil\",\"item\":\"https:\/\/footdavant.fr\/actualites\/\"},{\"@type\":\"ListItem\",\"position\":2,\"name\":\"Arsenal 0-0 Sporting : les Gunners s&#39;appuient sur leur v\u00e9ritable force pour atteindre les demi-finales de la Ligue des champions\"}]},{\"@type\":\"WebSite\",\"@id\":\"https:\/\/footdavant.fr\/actualites\/#website\",\"url\":\"https:\/\/footdavant.fr\/actualites\/\",\"name\":\"Foot d'avant\",\"description\":\"\",\"publisher\":{\"@id\":\"https:\/\/footdavant.fr\/actualites\/#organization\"},\"potentialAction\":[{\"@type\":\"SearchAction\",\"target\":{\"@type\":\"EntryPoint\",\"urlTemplate\":\"https:\/\/footdavant.fr\/actualites\/?s={search_term_string}\"},\"query-input\":\"required name=search_term_string\"}],\"inLanguage\":\"fr-FR\"},{\"@type\":\"Organization\",\"@id\":\"https:\/\/footdavant.fr\/actualites\/#organization\",\"name\":\"Foot d'avant\",\"url\":\"https:\/\/footdavant.fr\/actualites\/\",\"logo\":{\"@type\":\"ImageObject\",\"inLanguage\":\"fr-FR\",\"@id\":\"https:\/\/footdavant.fr\/actualites\/#\/schema\/logo\/image\/\",\"url\":\"https:\/\/footdavant.fr\/actualites\/wp-content\/uploads\/2023\/09\/Copy-of-FootDavant-Logo.png\",\"contentUrl\":\"https:\/\/footdavant.fr\/actualites\/wp-content\/uploads\/2023\/09\/Copy-of-FootDavant-Logo.png\",\"width\":936,\"height\":549,\"caption\":\"Foot d'avant\"},\"image\":{\"@id\":\"https:\/\/footdavant.fr\/actualites\/#\/schema\/logo\/image\/\"},\"sameAs\":[\"https:\/\/www.facebook.com\/Footdavant\/\",\"https:\/\/twitter.com\/FootdavantFr\",\"https:\/\/www.instagram.com\/footdavant.fr\/\"]},{\"@type\":\"Person\",\"@id\":\"https:\/\/footdavant.fr\/actualites\/#\/schema\/person\/bc222566d95871b37e597b3ed3ba5e1d\",\"name\":\"Cl\u00e9ment\",\"image\":{\"@type\":\"ImageObject\",\"inLanguage\":\"fr-FR\",\"@id\":\"https:\/\/footdavant.fr\/actualites\/#\/schema\/person\/image\/\",\"url\":\"https:\/\/secure.gravatar.com\/avatar\/7728b29aac2719421e1a9159b2254c44?s=96&d=mm&r=g\",\"contentUrl\":\"https:\/\/secure.gravatar.com\/avatar\/7728b29aac2719421e1a9159b2254c44?s=96&d=mm&r=g\",\"caption\":\"Cl\u00e9ment\"},\"sameAs\":[\"https:\/\/footdavant.fr\/\"]}]}<\/script>\n<!-- \/ Yoast SEO plugin. -->","yoast_head_json":{"title":"Arsenal 0-0 Sporting : les Gunners s&#39;appuient sur leur v\u00e9ritable force pour atteindre les demi-finales de la Ligue des champions","robots":{"index":"index","follow":"follow","max-snippet":"max-snippet:-1","max-image-preview":"max-image-preview:large","max-video-preview":"max-video-preview:-1"},"canonical":"https:\/\/footdavant.fr\/actualites\/arsenal-0-0-sporting-les-gunners-sappuient-sur-leur-veritable-force-pour-atteindre-les-demi-finales-de-la-ligue-des-champions\/","og_locale":"fr_FR","og_type":"article","og_title":"Arsenal 0-0 Sporting : les Gunners s&#39;appuient sur leur v\u00e9ritable force pour atteindre les demi-finales de la Ligue des champions","og_description":"Rapport de match \u2013 Notes des joueurs \u2013 R\u00e9action d&#39;Arteta Arsenal a atteint les demi-finales de la Ligue des champions pour la deuxi\u00e8me ann\u00e9e cons\u00e9cutive,","og_url":"https:\/\/footdavant.fr\/actualites\/arsenal-0-0-sporting-les-gunners-sappuient-sur-leur-veritable-force-pour-atteindre-les-demi-finales-de-la-ligue-des-champions\/","og_site_name":"Foot d&#039;avant","article_publisher":"https:\/\/www.facebook.com\/Footdavant\/","article_published_time":"2026-04-26T02:48:16+00:00","article_modified_time":"2026-04-26T02:48:20+00:00","og_image":[{"width":1500,"height":750,"url":"https:\/\/footdavant.fr\/actualites\/wp-content\/uploads\/2026\/04\/Arsenal-0-0-Sporting-les-Gunners-s39appuient-sur-leur-veritable.jpg","type":"image\/jpeg"}],"author":"Cl\u00e9ment","twitter_card":"summary_large_image","twitter_creator":"@FootdavantFr","twitter_site":"@FootdavantFr","twitter_misc":{"\u00c9crit par":"Cl\u00e9ment","Dur\u00e9e de lecture estim\u00e9e":"10 minutes"},"schema":{"@context":"https:\/\/schema.org","@graph":[{"@type":"Article","@id":"https:\/\/footdavant.fr\/actualites\/arsenal-0-0-sporting-les-gunners-sappuient-sur-leur-veritable-force-pour-atteindre-les-demi-finales-de-la-ligue-des-champions\/#article","isPartOf":{"@id":"https:\/\/footdavant.fr\/actualites\/arsenal-0-0-sporting-les-gunners-sappuient-sur-leur-veritable-force-pour-atteindre-les-demi-finales-de-la-ligue-des-champions\/"},"author":{"name":"Cl\u00e9ment","@id":"https:\/\/footdavant.fr\/actualites\/#\/schema\/person\/bc222566d95871b37e597b3ed3ba5e1d"},"headline":"Arsenal 0-0 Sporting : les Gunners s&#39;appuient sur leur v\u00e9ritable force pour atteindre les demi-finales de la Ligue des champions","datePublished":"2026-04-26T02:48:16+00:00","dateModified":"2026-04-26T02:48:20+00:00","mainEntityOfPage":{"@id":"https:\/\/footdavant.fr\/actualites\/arsenal-0-0-sporting-les-gunners-sappuient-sur-leur-veritable-force-pour-atteindre-les-demi-finales-de-la-ligue-des-champions\/"},"wordCount":1958,"publisher":{"@id":"https:\/\/footdavant.fr\/actualites\/#organization"},"keywords":["Arsenal","atteindre","champions","demifinales","des","force","Gunners","les","leur","Ligue","pour","s39appuient","Sporting","sur","v\u00e9ritable"],"articleSection":["Football"],"inLanguage":"fr-FR"},{"@type":"WebPage","@id":"https:\/\/footdavant.fr\/actualites\/arsenal-0-0-sporting-les-gunners-sappuient-sur-leur-veritable-force-pour-atteindre-les-demi-finales-de-la-ligue-des-champions\/","url":"https:\/\/footdavant.fr\/actualites\/arsenal-0-0-sporting-les-gunners-sappuient-sur-leur-veritable-force-pour-atteindre-les-demi-finales-de-la-ligue-des-champions\/","name":"Arsenal 0-0 Sporting : les Gunners s&#39;appuient sur leur v\u00e9ritable force pour atteindre les demi-finales de la Ligue des champions","isPartOf":{"@id":"https:\/\/footdavant.fr\/actualites\/#website"},"datePublished":"2026-04-26T02:48:16+00:00","dateModified":"2026-04-26T02:48:20+00:00","breadcrumb":{"@id":"https:\/\/footdavant.fr\/actualites\/arsenal-0-0-sporting-les-gunners-sappuient-sur-leur-veritable-force-pour-atteindre-les-demi-finales-de-la-ligue-des-champions\/#breadcrumb"},"inLanguage":"fr-FR","potentialAction":[{"@type":"ReadAction","target":["https:\/\/footdavant.fr\/actualites\/arsenal-0-0-sporting-les-gunners-sappuient-sur-leur-veritable-force-pour-atteindre-les-demi-finales-de-la-ligue-des-champions\/"]}]},{"@type":"BreadcrumbList","@id":"https:\/\/footdavant.fr\/actualites\/arsenal-0-0-sporting-les-gunners-sappuient-sur-leur-veritable-force-pour-atteindre-les-demi-finales-de-la-ligue-des-champions\/#breadcrumb","itemListElement":[{"@type":"ListItem","position":1,"name":"Accueil","item":"https:\/\/footdavant.fr\/actualites\/"},{"@type":"ListItem","position":2,"name":"Arsenal 0-0 Sporting : les Gunners s&#39;appuient sur leur v\u00e9ritable force pour atteindre les demi-finales de la Ligue des champions"}]},{"@type":"WebSite","@id":"https:\/\/footdavant.fr\/actualites\/#website","url":"https:\/\/footdavant.fr\/actualites\/","name":"Foot d'avant","description":"","publisher":{"@id":"https:\/\/footdavant.fr\/actualites\/#organization"},"potentialAction":[{"@type":"SearchAction","target":{"@type":"EntryPoint","urlTemplate":"https:\/\/footdavant.fr\/actualites\/?s={search_term_string}"},"query-input":"required name=search_term_string"}],"inLanguage":"fr-FR"},{"@type":"Organization","@id":"https:\/\/footdavant.fr\/actualites\/#organization","name":"Foot d'avant","url":"https:\/\/footdavant.fr\/actualites\/","logo":{"@type":"ImageObject","inLanguage":"fr-FR","@id":"https:\/\/footdavant.fr\/actualites\/#\/schema\/logo\/image\/","url":"https:\/\/footdavant.fr\/actualites\/wp-content\/uploads\/2023\/09\/Copy-of-FootDavant-Logo.png","contentUrl":"https:\/\/footdavant.fr\/actualites\/wp-content\/uploads\/2023\/09\/Copy-of-FootDavant-Logo.png","width":936,"height":549,"caption":"Foot d'avant"},"image":{"@id":"https:\/\/footdavant.fr\/actualites\/#\/schema\/logo\/image\/"},"sameAs":["https:\/\/www.facebook.com\/Footdavant\/","https:\/\/twitter.com\/FootdavantFr","https:\/\/www.instagram.com\/footdavant.fr\/"]},{"@type":"Person","@id":"https:\/\/footdavant.fr\/actualites\/#\/schema\/person\/bc222566d95871b37e597b3ed3ba5e1d","name":"Cl\u00e9ment","image":{"@type":"ImageObject","inLanguage":"fr-FR","@id":"https:\/\/footdavant.fr\/actualites\/#\/schema\/person\/image\/","url":"https:\/\/secure.gravatar.com\/avatar\/7728b29aac2719421e1a9159b2254c44?s=96&d=mm&r=g","contentUrl":"https:\/\/secure.gravatar.com\/avatar\/7728b29aac2719421e1a9159b2254c44?s=96&d=mm&r=g","caption":"Cl\u00e9ment"},"sameAs":["https:\/\/footdavant.fr\/"]}]}},"_links":{"self":[{"href":"https:\/\/footdavant.fr\/actualites\/wp-json\/wp\/v2\/posts\/36836"}],"collection":[{"href":"https:\/\/footdavant.fr\/actualites\/wp-json\/wp\/v2\/posts"}],"about":[{"href":"https:\/\/footdavant.fr\/actualites\/wp-json\/wp\/v2\/types\/post"}],"author":[{"embeddable":true,"href":"https:\/\/footdavant.fr\/actualites\/wp-json\/wp\/v2\/users\/1"}],"replies":[{"embeddable":true,"href":"https:\/\/footdavant.fr\/actualites\/wp-json\/wp\/v2\/comments?post=36836"}],"version-history":[{"count":1,"href":"https:\/\/footdavant.fr\/actualites\/wp-json\/wp\/v2\/posts\/36836\/revisions"}],"predecessor-version":[{"id":36838,"href":"https:\/\/footdavant.fr\/actualites\/wp-json\/wp\/v2\/posts\/36836\/revisions\/36838"}],"wp:featuredmedia":[{"embeddable":true,"href":"https:\/\/footdavant.fr\/actualites\/wp-json\/wp\/v2\/media\/36837"}],"wp:attachment":[{"href":"https:\/\/footdavant.fr\/actualites\/wp-json\/wp\/v2\/media?parent=36836"}],"wp:term":[{"taxonomy":"category","embeddable":true,"href":"https:\/\/footdavant.fr\/actualites\/wp-json\/wp\/v2\/categories?post=36836"},{"taxonomy":"post_tag","embeddable":true,"href":"https:\/\/footdavant.fr\/actualites\/wp-json\/wp\/v2\/tags?post=36836"}],"curies":[{"name":"wp","href":"https:\/\/api.w.org\/{rel}","templated":true}]}}