{"id":36842,"date":"2026-04-26T08:48:29","date_gmt":"2026-04-26T06:48:29","guid":{"rendered":"https:\/\/footdavant.fr\/actualites\/slot-fait-le-point-dapres-match-sur-la-blessure-de-salah-contre-crystal-palace\/"},"modified":"2026-04-26T08:48:32","modified_gmt":"2026-04-26T06:48:32","slug":"slot-fait-le-point-dapres-match-sur-la-blessure-de-salah-contre-crystal-palace","status":"publish","type":"post","link":"https:\/\/footdavant.fr\/actualites\/slot-fait-le-point-dapres-match-sur-la-blessure-de-salah-contre-crystal-palace\/","title":{"rendered":"Slot fait le point d&#39;apr\u00e8s-match sur la blessure de Salah contre Crystal Palace"},"content":{"rendered":"<div id=\"article-body\">\n<!-- Article Start --><\/p>\n<p>Arne Slot a donn\u00e9 un bilan d&#39;apr\u00e8s-match de la blessure subie par Mo Salah lors de la victoire 3-1 de Liverpool contre Crystal Palace samedi apr\u00e8s-midi.<\/p>\n<p>Juste avant l&#39;heure de jeu, l&#39;Egyptien s&#39;effondrait sur le gazon <span>et a imm\u00e9diatement senti ses ischio-jambiers, et il avait l&#39;air au bord des larmes alors qu&#39;il quittait le terrain tout en recevant les applaudissements dont il \u00e9tait combl\u00e9 par les fid\u00e8les du Merseyside.<\/span><\/p>\n<hr\/>\n<p><b><i>T\u00c9L\u00c9CHARGEZ L&#39;APPLICATION OFFICIELLE EMPIRE OF KOP POUR TOUTES LES DERNI\u00c8RES MISES \u00c0 JOUR \u2013 DIRECTEMENT SUR VOTRE T\u00c9L\u00c9PHONE\u00a0! SUR APPLE ET GOOGLE PLAY<\/i><\/b><\/p>\n<hr\/>\n<p>Lorsque le joueur de 33 ans a quitt\u00e9 le LFC \u00e0 la fin de la saison, il a imm\u00e9diatement r\u00e9alis\u00e9 que, s&#39;il s&#39;agissait d&#39;une blessure grave, cela pourrait encore \u00eatre sa derni\u00e8re apparition pour le club apr\u00e8s neuf ann\u00e9es glorieuses.<\/p>\n<h2>Slot publie une mise \u00e0 jour d&#39;apr\u00e8s-match sur la blessure de Salah<\/h2>\n<p>Alors qu&#39;il devait r\u00e9fl\u00e9chir au seul d\u00e9faut majeur d&#39;un r\u00e9sultat crucial dans la qu\u00eate de Liverpool pour la qualification en Ligue des champions, Slot a laiss\u00e9 entendre que Salah ne serait pas parti s&#39;il n&#39;\u00e9tait totalement incapable de continuer.<\/p>\n<p>L&#39;entra\u00eeneur-chef des Reds a d\u00e9clar\u00e9 au BBC Match of the Day : <\/p>\n<figure id=\"attachment_286698\" aria-describedby=\"caption-attachment-286698\" style=\"width: 713px\" class=\"wp-caption alignnone\"><picture><source type=\"image\/webp\" data- data-><\/source><\/picture><\/figure>\n<\/p>\n<h2>Ce serait vraiment dommage si c&#39;est ainsi que se termine la carri\u00e8re de Salah \u00e0 Liverpool<\/h2>\n<p>Il peut souvent \u00eatre irritant d\u2019entendre les managers d\u00e9plorer les blessures \u2013 elles surviennent dans tous les clubs, apr\u00e8s tout \u2013 mais cette saison, on a vraiment eu l\u2019impression que Liverpool avait eu plus que sa juste part de douleur \u00e0 cet \u00e9gard.<\/p>\n<p>Giovanni Leoni, Conor Bradley et Hugo Ekitike ont tous vu leur campagne interrompue pr\u00e9matur\u00e9ment \u00e0 cause de graves coups corporels, tandis que Jeremie Frimpong et Alisson Becker ont connu plusieurs absences et Alexander Isak n&#39;est revenu que r\u00e9cemment d&#39;une absence de quatre mois avec une jambe cass\u00e9e.<\/p>\n<p>M\u00eame si Salah est absent pendant un mois, ce serait une honte monumentale s&#39;il ne rejoue pas pour les Reds et sa carri\u00e8re l\u00e9gendaire au club s&#39;est termin\u00e9e avec son boitillement inconsolable contre Palace cet apr\u00e8s-midi.<\/p>\n<p>Slot n&#39;a pas fix\u00e9 de d\u00e9lai sur la dur\u00e9e pendant laquelle l&#39;ailier sera probablement absent, mais ses propos sugg\u00e8rent qu&#39;il existe une r\u00e9elle possibilit\u00e9 que nous ne puissions plus le voir sur le terrain de Liverpool apr\u00e8s aujourd&#39;hui.<\/p>\n<p>Nous ne pouvons qu&#39;esp\u00e9rer que la blessure n&#39;est pas aussi grave qu&#39;il y para\u00eet au d\u00e9part et que, m\u00eame si ce n&#39;est que pour un match de plus, nous verrons le roi \u00e9gyptien profiter d&#39;une fin plus heureuse de son s\u00e9jour embl\u00e9matique \u00e0 Anfield.<\/p>\n<p><!-- Article End -->\t\t\t\t<\/div>\n","protected":false},"excerpt":{"rendered":"<p>Arne Slot a donn\u00e9 un bilan d&#39;apr\u00e8s-match de la blessure subie par Mo Salah lors de la victoire 3-1 de Liverpool contre Crystal Palace samedi<\/p>\n","protected":false},"author":1,"featured_media":36843,"comment_status":"closed","ping_status":"","sticky":false,"template":"","format":"standard","meta":{"footnotes":""},"categories":[3],"tags":[15,20,1008,9514,152,815,153,335,4732,103],"yoast_head":"<!-- This site is optimized with the Yoast SEO plugin v21.0 - https:\/\/yoast.com\/wordpress\/plugins\/seo\/ -->\n<title>Slot fait le point d&#039;apr\u00e8s-match sur la blessure de Salah contre Crystal Palace<\/title>\n<meta name=\"robots\" content=\"index, follow, max-snippet:-1, max-image-preview:large, max-video-preview:-1\" \/>\n<link rel=\"canonical\" href=\"https:\/\/footdavant.fr\/actualites\/slot-fait-le-point-dapres-match-sur-la-blessure-de-salah-contre-crystal-palace\/\" \/>\n<meta property=\"og:locale\" content=\"fr_FR\" \/>\n<meta property=\"og:type\" content=\"article\" \/>\n<meta property=\"og:title\" content=\"Slot fait le point d&#039;apr\u00e8s-match sur la blessure de Salah contre Crystal Palace\" \/>\n<meta property=\"og:description\" content=\"Arne Slot a donn\u00e9 un bilan d&#039;apr\u00e8s-match de la blessure subie par Mo Salah lors de la victoire 3-1 de Liverpool contre Crystal Palace samedi\" \/>\n<meta property=\"og:url\" content=\"https:\/\/footdavant.fr\/actualites\/slot-fait-le-point-dapres-match-sur-la-blessure-de-salah-contre-crystal-palace\/\" \/>\n<meta property=\"og:site_name\" content=\"Foot d&#039;avant\" \/>\n<meta property=\"article:publisher\" content=\"https:\/\/www.facebook.com\/Footdavant\/\" \/>\n<meta property=\"article:published_time\" content=\"2026-04-26T06:48:29+00:00\" \/>\n<meta property=\"article:modified_time\" content=\"2026-04-26T06:48:32+00:00\" \/>\n<meta property=\"og:image\" content=\"https:\/\/footdavant.fr\/actualites\/wp-content\/uploads\/2026\/04\/1777186110_Slot-fait-le-point-d39apres-match-sur-la-blessure-de-Salah.jpg\" \/>\n\t<meta property=\"og:image:width\" content=\"1434\" \/>\n\t<meta property=\"og:image:height\" content=\"806\" \/>\n\t<meta property=\"og:image:type\" content=\"image\/jpeg\" \/>\n<meta name=\"author\" content=\"Cl\u00e9ment\" \/>\n<meta name=\"twitter:card\" content=\"summary_large_image\" \/>\n<meta name=\"twitter:creator\" content=\"@FootdavantFr\" \/>\n<meta name=\"twitter:site\" content=\"@FootdavantFr\" \/>\n<meta name=\"twitter:label1\" content=\"\u00c9crit par\" \/>\n\t<meta name=\"twitter:data1\" content=\"Cl\u00e9ment\" \/>\n\t<meta name=\"twitter:label2\" content=\"Dur\u00e9e de lecture estim\u00e9e\" \/>\n\t<meta name=\"twitter:data2\" content=\"2 minutes\" \/>\n<script type=\"application\/ld+json\" class=\"yoast-schema-graph\">{\"@context\":\"https:\/\/schema.org\",\"@graph\":[{\"@type\":\"Article\",\"@id\":\"https:\/\/footdavant.fr\/actualites\/slot-fait-le-point-dapres-match-sur-la-blessure-de-salah-contre-crystal-palace\/#article\",\"isPartOf\":{\"@id\":\"https:\/\/footdavant.fr\/actualites\/slot-fait-le-point-dapres-match-sur-la-blessure-de-salah-contre-crystal-palace\/\"},\"author\":{\"name\":\"Cl\u00e9ment\",\"@id\":\"https:\/\/footdavant.fr\/actualites\/#\/schema\/person\/bc222566d95871b37e597b3ed3ba5e1d\"},\"headline\":\"Slot fait le point d&#39;apr\u00e8s-match sur la blessure de Salah contre Crystal Palace\",\"datePublished\":\"2026-04-26T06:48:29+00:00\",\"dateModified\":\"2026-04-26T06:48:32+00:00\",\"mainEntityOfPage\":{\"@id\":\"https:\/\/footdavant.fr\/actualites\/slot-fait-le-point-dapres-match-sur-la-blessure-de-salah-contre-crystal-palace\/\"},\"wordCount\":499,\"publisher\":{\"@id\":\"https:\/\/footdavant.fr\/actualites\/#organization\"},\"keywords\":[\"Blessure\",\"contre\",\"Crystal\",\"d39apr\u00e8smatch\",\"fait\",\"Palace\",\"point\",\"Salah\",\"Slot\",\"sur\"],\"articleSection\":[\"Football\"],\"inLanguage\":\"fr-FR\"},{\"@type\":\"WebPage\",\"@id\":\"https:\/\/footdavant.fr\/actualites\/slot-fait-le-point-dapres-match-sur-la-blessure-de-salah-contre-crystal-palace\/\",\"url\":\"https:\/\/footdavant.fr\/actualites\/slot-fait-le-point-dapres-match-sur-la-blessure-de-salah-contre-crystal-palace\/\",\"name\":\"Slot fait le point d&#39;apr\u00e8s-match sur la blessure de Salah contre Crystal Palace\",\"isPartOf\":{\"@id\":\"https:\/\/footdavant.fr\/actualites\/#website\"},\"datePublished\":\"2026-04-26T06:48:29+00:00\",\"dateModified\":\"2026-04-26T06:48:32+00:00\",\"breadcrumb\":{\"@id\":\"https:\/\/footdavant.fr\/actualites\/slot-fait-le-point-dapres-match-sur-la-blessure-de-salah-contre-crystal-palace\/#breadcrumb\"},\"inLanguage\":\"fr-FR\",\"potentialAction\":[{\"@type\":\"ReadAction\",\"target\":[\"https:\/\/footdavant.fr\/actualites\/slot-fait-le-point-dapres-match-sur-la-blessure-de-salah-contre-crystal-palace\/\"]}]},{\"@type\":\"BreadcrumbList\",\"@id\":\"https:\/\/footdavant.fr\/actualites\/slot-fait-le-point-dapres-match-sur-la-blessure-de-salah-contre-crystal-palace\/#breadcrumb\",\"itemListElement\":[{\"@type\":\"ListItem\",\"position\":1,\"name\":\"Accueil\",\"item\":\"https:\/\/footdavant.fr\/actualites\/\"},{\"@type\":\"ListItem\",\"position\":2,\"name\":\"Slot fait le point d&#39;apr\u00e8s-match sur la blessure de Salah contre Crystal Palace\"}]},{\"@type\":\"WebSite\",\"@id\":\"https:\/\/footdavant.fr\/actualites\/#website\",\"url\":\"https:\/\/footdavant.fr\/actualites\/\",\"name\":\"Foot d'avant\",\"description\":\"\",\"publisher\":{\"@id\":\"https:\/\/footdavant.fr\/actualites\/#organization\"},\"potentialAction\":[{\"@type\":\"SearchAction\",\"target\":{\"@type\":\"EntryPoint\",\"urlTemplate\":\"https:\/\/footdavant.fr\/actualites\/?s={search_term_string}\"},\"query-input\":\"required name=search_term_string\"}],\"inLanguage\":\"fr-FR\"},{\"@type\":\"Organization\",\"@id\":\"https:\/\/footdavant.fr\/actualites\/#organization\",\"name\":\"Foot d'avant\",\"url\":\"https:\/\/footdavant.fr\/actualites\/\",\"logo\":{\"@type\":\"ImageObject\",\"inLanguage\":\"fr-FR\",\"@id\":\"https:\/\/footdavant.fr\/actualites\/#\/schema\/logo\/image\/\",\"url\":\"https:\/\/footdavant.fr\/actualites\/wp-content\/uploads\/2023\/09\/Copy-of-FootDavant-Logo.png\",\"contentUrl\":\"https:\/\/footdavant.fr\/actualites\/wp-content\/uploads\/2023\/09\/Copy-of-FootDavant-Logo.png\",\"width\":936,\"height\":549,\"caption\":\"Foot d'avant\"},\"image\":{\"@id\":\"https:\/\/footdavant.fr\/actualites\/#\/schema\/logo\/image\/\"},\"sameAs\":[\"https:\/\/www.facebook.com\/Footdavant\/\",\"https:\/\/twitter.com\/FootdavantFr\",\"https:\/\/www.instagram.com\/footdavant.fr\/\"]},{\"@type\":\"Person\",\"@id\":\"https:\/\/footdavant.fr\/actualites\/#\/schema\/person\/bc222566d95871b37e597b3ed3ba5e1d\",\"name\":\"Cl\u00e9ment\",\"image\":{\"@type\":\"ImageObject\",\"inLanguage\":\"fr-FR\",\"@id\":\"https:\/\/footdavant.fr\/actualites\/#\/schema\/person\/image\/\",\"url\":\"https:\/\/secure.gravatar.com\/avatar\/7728b29aac2719421e1a9159b2254c44?s=96&d=mm&r=g\",\"contentUrl\":\"https:\/\/secure.gravatar.com\/avatar\/7728b29aac2719421e1a9159b2254c44?s=96&d=mm&r=g\",\"caption\":\"Cl\u00e9ment\"},\"sameAs\":[\"https:\/\/footdavant.fr\/\"]}]}<\/script>\n<!-- \/ Yoast SEO plugin. -->","yoast_head_json":{"title":"Slot fait le point d&#39;apr\u00e8s-match sur la blessure de Salah contre Crystal Palace","robots":{"index":"index","follow":"follow","max-snippet":"max-snippet:-1","max-image-preview":"max-image-preview:large","max-video-preview":"max-video-preview:-1"},"canonical":"https:\/\/footdavant.fr\/actualites\/slot-fait-le-point-dapres-match-sur-la-blessure-de-salah-contre-crystal-palace\/","og_locale":"fr_FR","og_type":"article","og_title":"Slot fait le point d&#39;apr\u00e8s-match sur la blessure de Salah contre Crystal Palace","og_description":"Arne Slot a donn\u00e9 un bilan d&#39;apr\u00e8s-match de la blessure subie par Mo Salah lors de la victoire 3-1 de Liverpool contre Crystal Palace samedi","og_url":"https:\/\/footdavant.fr\/actualites\/slot-fait-le-point-dapres-match-sur-la-blessure-de-salah-contre-crystal-palace\/","og_site_name":"Foot d&#039;avant","article_publisher":"https:\/\/www.facebook.com\/Footdavant\/","article_published_time":"2026-04-26T06:48:29+00:00","article_modified_time":"2026-04-26T06:48:32+00:00","og_image":[{"width":1434,"height":806,"url":"https:\/\/footdavant.fr\/actualites\/wp-content\/uploads\/2026\/04\/1777186110_Slot-fait-le-point-d39apres-match-sur-la-blessure-de-Salah.jpg","type":"image\/jpeg"}],"author":"Cl\u00e9ment","twitter_card":"summary_large_image","twitter_creator":"@FootdavantFr","twitter_site":"@FootdavantFr","twitter_misc":{"\u00c9crit par":"Cl\u00e9ment","Dur\u00e9e de lecture estim\u00e9e":"2 minutes"},"schema":{"@context":"https:\/\/schema.org","@graph":[{"@type":"Article","@id":"https:\/\/footdavant.fr\/actualites\/slot-fait-le-point-dapres-match-sur-la-blessure-de-salah-contre-crystal-palace\/#article","isPartOf":{"@id":"https:\/\/footdavant.fr\/actualites\/slot-fait-le-point-dapres-match-sur-la-blessure-de-salah-contre-crystal-palace\/"},"author":{"name":"Cl\u00e9ment","@id":"https:\/\/footdavant.fr\/actualites\/#\/schema\/person\/bc222566d95871b37e597b3ed3ba5e1d"},"headline":"Slot fait le point d&#39;apr\u00e8s-match sur la blessure de Salah contre Crystal Palace","datePublished":"2026-04-26T06:48:29+00:00","dateModified":"2026-04-26T06:48:32+00:00","mainEntityOfPage":{"@id":"https:\/\/footdavant.fr\/actualites\/slot-fait-le-point-dapres-match-sur-la-blessure-de-salah-contre-crystal-palace\/"},"wordCount":499,"publisher":{"@id":"https:\/\/footdavant.fr\/actualites\/#organization"},"keywords":["Blessure","contre","Crystal","d39apr\u00e8smatch","fait","Palace","point","Salah","Slot","sur"],"articleSection":["Football"],"inLanguage":"fr-FR"},{"@type":"WebPage","@id":"https:\/\/footdavant.fr\/actualites\/slot-fait-le-point-dapres-match-sur-la-blessure-de-salah-contre-crystal-palace\/","url":"https:\/\/footdavant.fr\/actualites\/slot-fait-le-point-dapres-match-sur-la-blessure-de-salah-contre-crystal-palace\/","name":"Slot fait le point d&#39;apr\u00e8s-match sur la blessure de Salah contre Crystal Palace","isPartOf":{"@id":"https:\/\/footdavant.fr\/actualites\/#website"},"datePublished":"2026-04-26T06:48:29+00:00","dateModified":"2026-04-26T06:48:32+00:00","breadcrumb":{"@id":"https:\/\/footdavant.fr\/actualites\/slot-fait-le-point-dapres-match-sur-la-blessure-de-salah-contre-crystal-palace\/#breadcrumb"},"inLanguage":"fr-FR","potentialAction":[{"@type":"ReadAction","target":["https:\/\/footdavant.fr\/actualites\/slot-fait-le-point-dapres-match-sur-la-blessure-de-salah-contre-crystal-palace\/"]}]},{"@type":"BreadcrumbList","@id":"https:\/\/footdavant.fr\/actualites\/slot-fait-le-point-dapres-match-sur-la-blessure-de-salah-contre-crystal-palace\/#breadcrumb","itemListElement":[{"@type":"ListItem","position":1,"name":"Accueil","item":"https:\/\/footdavant.fr\/actualites\/"},{"@type":"ListItem","position":2,"name":"Slot fait le point d&#39;apr\u00e8s-match sur la blessure de Salah contre Crystal Palace"}]},{"@type":"WebSite","@id":"https:\/\/footdavant.fr\/actualites\/#website","url":"https:\/\/footdavant.fr\/actualites\/","name":"Foot d'avant","description":"","publisher":{"@id":"https:\/\/footdavant.fr\/actualites\/#organization"},"potentialAction":[{"@type":"SearchAction","target":{"@type":"EntryPoint","urlTemplate":"https:\/\/footdavant.fr\/actualites\/?s={search_term_string}"},"query-input":"required name=search_term_string"}],"inLanguage":"fr-FR"},{"@type":"Organization","@id":"https:\/\/footdavant.fr\/actualites\/#organization","name":"Foot d'avant","url":"https:\/\/footdavant.fr\/actualites\/","logo":{"@type":"ImageObject","inLanguage":"fr-FR","@id":"https:\/\/footdavant.fr\/actualites\/#\/schema\/logo\/image\/","url":"https:\/\/footdavant.fr\/actualites\/wp-content\/uploads\/2023\/09\/Copy-of-FootDavant-Logo.png","contentUrl":"https:\/\/footdavant.fr\/actualites\/wp-content\/uploads\/2023\/09\/Copy-of-FootDavant-Logo.png","width":936,"height":549,"caption":"Foot d'avant"},"image":{"@id":"https:\/\/footdavant.fr\/actualites\/#\/schema\/logo\/image\/"},"sameAs":["https:\/\/www.facebook.com\/Footdavant\/","https:\/\/twitter.com\/FootdavantFr","https:\/\/www.instagram.com\/footdavant.fr\/"]},{"@type":"Person","@id":"https:\/\/footdavant.fr\/actualites\/#\/schema\/person\/bc222566d95871b37e597b3ed3ba5e1d","name":"Cl\u00e9ment","image":{"@type":"ImageObject","inLanguage":"fr-FR","@id":"https:\/\/footdavant.fr\/actualites\/#\/schema\/person\/image\/","url":"https:\/\/secure.gravatar.com\/avatar\/7728b29aac2719421e1a9159b2254c44?s=96&d=mm&r=g","contentUrl":"https:\/\/secure.gravatar.com\/avatar\/7728b29aac2719421e1a9159b2254c44?s=96&d=mm&r=g","caption":"Cl\u00e9ment"},"sameAs":["https:\/\/footdavant.fr\/"]}]}},"_links":{"self":[{"href":"https:\/\/footdavant.fr\/actualites\/wp-json\/wp\/v2\/posts\/36842"}],"collection":[{"href":"https:\/\/footdavant.fr\/actualites\/wp-json\/wp\/v2\/posts"}],"about":[{"href":"https:\/\/footdavant.fr\/actualites\/wp-json\/wp\/v2\/types\/post"}],"author":[{"embeddable":true,"href":"https:\/\/footdavant.fr\/actualites\/wp-json\/wp\/v2\/users\/1"}],"replies":[{"embeddable":true,"href":"https:\/\/footdavant.fr\/actualites\/wp-json\/wp\/v2\/comments?post=36842"}],"version-history":[{"count":1,"href":"https:\/\/footdavant.fr\/actualites\/wp-json\/wp\/v2\/posts\/36842\/revisions"}],"predecessor-version":[{"id":36844,"href":"https:\/\/footdavant.fr\/actualites\/wp-json\/wp\/v2\/posts\/36842\/revisions\/36844"}],"wp:featuredmedia":[{"embeddable":true,"href":"https:\/\/footdavant.fr\/actualites\/wp-json\/wp\/v2\/media\/36843"}],"wp:attachment":[{"href":"https:\/\/footdavant.fr\/actualites\/wp-json\/wp\/v2\/media?parent=36842"}],"wp:term":[{"taxonomy":"category","embeddable":true,"href":"https:\/\/footdavant.fr\/actualites\/wp-json\/wp\/v2\/categories?post=36842"},{"taxonomy":"post_tag","embeddable":true,"href":"https:\/\/footdavant.fr\/actualites\/wp-json\/wp\/v2\/tags?post=36842"}],"curies":[{"name":"wp","href":"https:\/\/api.w.org\/{rel}","templated":true}]}}