{"id":36848,"date":"2026-04-26T12:48:13","date_gmt":"2026-04-26T10:48:13","guid":{"rendered":"https:\/\/footdavant.fr\/actualites\/regarder-les-joueurs-de-york-city-font-la-fete-jusque-tard-dans-la-nuit-et-continuent-ce-matin-toujours-en-kit-complet\/"},"modified":"2026-04-26T12:48:15","modified_gmt":"2026-04-26T10:48:15","slug":"regarder-les-joueurs-de-york-city-font-la-fete-jusque-tard-dans-la-nuit-et-continuent-ce-matin-toujours-en-kit-complet","status":"publish","type":"post","link":"https:\/\/footdavant.fr\/actualites\/regarder-les-joueurs-de-york-city-font-la-fete-jusque-tard-dans-la-nuit-et-continuent-ce-matin-toujours-en-kit-complet\/","title":{"rendered":"REGARDER: Les joueurs de York City font la f\u00eate jusque tard dans la nuit (et continuent ce matin) \u2013 toujours en kit complet"},"content":{"rendered":"<div>\n<p>La f\u00eate s&#39;est poursuivie jusque tard dans la nuit pour York City apr\u00e8s la fin la plus dramatique d&#39;une saison de Ligue nationale de l&#39;histoire.<\/p>\n<p>York a entam\u00e9 la derni\u00e8re journ\u00e9e avec besoin d&#39;un point contre Rochdale, deuxi\u00e8me, pour d\u00e9crocher le titre devant l&#39;\u00e9quipe locale, mais il semblait que leurs espoirs s&#39;\u00e9taient termin\u00e9s lorsque l&#39;attaquant de Dale, Emmanuel Dieseruwe, a hoch\u00e9 la t\u00eate \u00e0 la cinqui\u00e8me minute du temps additionnel.<\/p>\n<p>Une invasion massive du terrain s&#39;est ensuivie et lorsque les supporters en f\u00eate \u00e9taient retourn\u00e9s dans les tribunes, York avait deux minutes pour trouver un but qui les ram\u00e8nerait au sommet. Cela est d\u00fbment arriv\u00e9 de mani\u00e8re dramatique lorsque Josh Stones a envoy\u00e9 le ballon au-del\u00e0 de la ligne, d\u00e9clenchant une autre invasion du terrain, cette fois depuis le support ext\u00e9rieur.<\/p>\n<figure class=\"wp-block-embed is-type-rich is-provider-twitter wp-block-embed-twitter\"\/>\n<p>Environ 45 minutes plus tard, York a soulev\u00e9 le troph\u00e9e, mettant ainsi fin \u00e0 sa p\u00e9riode de 10 ans hors championnat et organisant une soir\u00e9e inoubliable.<\/p>\n<p>Les joueurs ont \u00e9t\u00e9 photographi\u00e9s, toujours en tenue compl\u00e8te, en train de faire la f\u00eate dans le bus de l&#39;\u00e9quipe avant de se rendre dans divers pubs et clubs de la ville, dont le Vudu Lounge.<\/p>\n<p><iframe loading=\"lazy\" src=\"https:\/\/www.101greatgoals.com\/football\/watch-york-city-players-party-into-the-night-still-in-full-kit-after-chaotic-draw-at-rochdale\/about:blank\" width=\"267\" height=\"476\" style=\"border:none;overflow:hidden\" scrolling=\"no\" frameborder=\"0\" allowfullscreen=\"true\" allow=\"autoplay; clipboard-write; encrypted-media; picture-in-picture; web-share\" data-rocket-lazyload=\"fitvidscompatible\" data-lazy-src=\"https:\/\/www.facebook.com\/plugins\/video.php?height=476&amp;href=https%3A%2F%2Fwww.facebook.com%2Freel%2F2130416681053243%2F&amp;show_text=false&amp;width=267&amp;t=0\"><\/iframe><noscript><iframe loading=\"lazy\" src=\"https:\/\/www.facebook.com\/plugins\/video.php?height=476&amp;href=https%3A%2F%2Fwww.facebook.com%2Freel%2F2130416681053243%2F&amp;show_text=false&amp;width=267&amp;t=0\" width=\"267\" height=\"476\" style=\"border:none;overflow:hidden\" scrolling=\"no\" frameborder=\"0\" allowfullscreen=\"true\" allow=\"autoplay; clipboard-write; encrypted-media; picture-in-picture; web-share\"><\/iframe><\/noscript><\/p>\n<p>M\u00eame ce matin, ils y allaient toujours, et portaient toujours leur chemise !<\/p>\n<figure class=\"wp-block-embed is-type-rich is-provider-twitter wp-block-embed-twitter\"\/>\n<h2 class=\"wp-block-heading\">Uggla, copropri\u00e9taire de York, fier de son triomphe au titre<\/h2>\n<p>Au milieu du chaos, il y avait aussi un message de remerciement de la copropri\u00e9taire du club, Julie-Anne Uggla, qui a \u00e9crit sur X : \u00ab\u00a0Je me suis r\u00e9veill\u00e9 ce matin avec un m\u00e9lange de choc, d&#39;excitation et de fiert\u00e9 immense. Les YCFC sont de retour dans l&#39;EFL ! Cela ne semble toujours pas tout \u00e0 fait r\u00e9el.<\/p>\n<p>\u00ab\u00a0Cette promotion signifie tout. Il ne s&#39;agit pas seulement de progresser, il s&#39;agit du voyage, de la r\u00e9silience et de la conviction qui ne se sont jamais effac\u00e9es, m\u00eame dans les moments les plus difficiles. Ce club tout entier, les joueurs, le staff et chaque supporter m\u00e9ritent cela plus que les mots ne peuvent le dire.<\/p>\n<p>\u00ab\u00a0Je ne pourrais pas \u00eatre plus fier. Quelle \u00e9quipe, quel esprit, quel club.<\/p>\n<p>\u00ab\u00a0Et un immense m\u00e9rite \u00e0 Rochdale ! Ils ont \u00e9t\u00e9 incroyables et ont montr\u00e9 toute la saison qu&#39;ils m\u00e9ritaient \u00e9galement une promotion. \u00c0 bient\u00f4t en Ligue 2 !\u00a0\u00bb<\/p>\n<p>La d\u00e9faite a \u00e9t\u00e9 incroyablement dure pour Rochdale, qui a termin\u00e9 la saison avec 106 points mais doit d\u00e9sormais naviguer dans les barrages. Ils affronteront Scunthorpe ou Southend \u00e0 la Crown Oil Arena dimanche prochain.<\/p>\n<\/p><\/div>\n","protected":false},"excerpt":{"rendered":"<p>La f\u00eate s&#39;est poursuivie jusque tard dans la nuit pour York City apr\u00e8s la fin la plus dramatique d&#39;une saison de Ligue nationale de l&#39;histoire.<\/p>\n","protected":false},"author":1,"featured_media":36849,"comment_status":"closed","ping_status":"","sticky":false,"template":"","format":"standard","meta":{"footnotes":""},"categories":[3],"tags":[27,1190,6910,19,424,999,220,11884,3568,93,4839,3388,2132,4041,809,685],"yoast_head":"<!-- This site is optimized with the Yoast SEO plugin v21.0 - https:\/\/yoast.com\/wordpress\/plugins\/seo\/ -->\n<title>REGARDER: Les joueurs de York City font la f\u00eate jusque tard dans la nuit (et continuent ce matin) \u2013 toujours en kit complet<\/title>\n<meta name=\"robots\" content=\"index, follow, max-snippet:-1, max-image-preview:large, max-video-preview:-1\" \/>\n<link rel=\"canonical\" href=\"https:\/\/footdavant.fr\/actualites\/regarder-les-joueurs-de-york-city-font-la-fete-jusque-tard-dans-la-nuit-et-continuent-ce-matin-toujours-en-kit-complet\/\" \/>\n<meta property=\"og:locale\" content=\"fr_FR\" \/>\n<meta property=\"og:type\" content=\"article\" \/>\n<meta property=\"og:title\" content=\"REGARDER: Les joueurs de York City font la f\u00eate jusque tard dans la nuit (et continuent ce matin) \u2013 toujours en kit complet\" \/>\n<meta property=\"og:description\" content=\"La f\u00eate s&#039;est poursuivie jusque tard dans la nuit pour York City apr\u00e8s la fin la plus dramatique d&#039;une saison de Ligue nationale de l&#039;histoire.\" \/>\n<meta property=\"og:url\" content=\"https:\/\/footdavant.fr\/actualites\/regarder-les-joueurs-de-york-city-font-la-fete-jusque-tard-dans-la-nuit-et-continuent-ce-matin-toujours-en-kit-complet\/\" \/>\n<meta property=\"og:site_name\" content=\"Foot d&#039;avant\" \/>\n<meta property=\"article:publisher\" content=\"https:\/\/www.facebook.com\/Footdavant\/\" \/>\n<meta property=\"article:published_time\" content=\"2026-04-26T10:48:13+00:00\" \/>\n<meta property=\"article:modified_time\" content=\"2026-04-26T10:48:15+00:00\" \/>\n<meta property=\"og:image\" content=\"https:\/\/footdavant.fr\/actualites\/wp-content\/uploads\/2026\/04\/REGARDER-Les-joueurs-de-York-City-font-la-fete-jusque.jpg\" \/>\n\t<meta property=\"og:image:width\" content=\"1200\" \/>\n\t<meta property=\"og:image:height\" content=\"741\" \/>\n\t<meta property=\"og:image:type\" content=\"image\/jpeg\" \/>\n<meta name=\"author\" content=\"Cl\u00e9ment\" \/>\n<meta name=\"twitter:card\" content=\"summary_large_image\" \/>\n<meta name=\"twitter:creator\" content=\"@FootdavantFr\" \/>\n<meta name=\"twitter:site\" content=\"@FootdavantFr\" \/>\n<meta name=\"twitter:label1\" content=\"\u00c9crit par\" \/>\n\t<meta name=\"twitter:data1\" content=\"Cl\u00e9ment\" \/>\n\t<meta name=\"twitter:label2\" content=\"Dur\u00e9e de lecture estim\u00e9e\" \/>\n\t<meta name=\"twitter:data2\" content=\"2 minutes\" \/>\n<script type=\"application\/ld+json\" class=\"yoast-schema-graph\">{\"@context\":\"https:\/\/schema.org\",\"@graph\":[{\"@type\":\"Article\",\"@id\":\"https:\/\/footdavant.fr\/actualites\/regarder-les-joueurs-de-york-city-font-la-fete-jusque-tard-dans-la-nuit-et-continuent-ce-matin-toujours-en-kit-complet\/#article\",\"isPartOf\":{\"@id\":\"https:\/\/footdavant.fr\/actualites\/regarder-les-joueurs-de-york-city-font-la-fete-jusque-tard-dans-la-nuit-et-continuent-ce-matin-toujours-en-kit-complet\/\"},\"author\":{\"name\":\"Cl\u00e9ment\",\"@id\":\"https:\/\/footdavant.fr\/actualites\/#\/schema\/person\/bc222566d95871b37e597b3ed3ba5e1d\"},\"headline\":\"REGARDER: Les joueurs de York City font la f\u00eate jusque tard dans la nuit (et continuent ce matin) \u2013 toujours en kit complet\",\"datePublished\":\"2026-04-26T10:48:13+00:00\",\"dateModified\":\"2026-04-26T10:48:15+00:00\",\"mainEntityOfPage\":{\"@id\":\"https:\/\/footdavant.fr\/actualites\/regarder-les-joueurs-de-york-city-font-la-fete-jusque-tard-dans-la-nuit-et-continuent-ce-matin-toujours-en-kit-complet\/\"},\"wordCount\":465,\"publisher\":{\"@id\":\"https:\/\/footdavant.fr\/actualites\/#organization\"},\"keywords\":[\"City\",\"complet\",\"continuent\",\"dans\",\"f\u00eate\",\"font\",\"joueurs\",\"jusque\",\"kit\",\"les\",\"matin\",\"nuit\",\"regarder\",\"tard\",\"toujours\",\"York\"],\"articleSection\":[\"Football\"],\"inLanguage\":\"fr-FR\"},{\"@type\":\"WebPage\",\"@id\":\"https:\/\/footdavant.fr\/actualites\/regarder-les-joueurs-de-york-city-font-la-fete-jusque-tard-dans-la-nuit-et-continuent-ce-matin-toujours-en-kit-complet\/\",\"url\":\"https:\/\/footdavant.fr\/actualites\/regarder-les-joueurs-de-york-city-font-la-fete-jusque-tard-dans-la-nuit-et-continuent-ce-matin-toujours-en-kit-complet\/\",\"name\":\"REGARDER: Les joueurs de York City font la f\u00eate jusque tard dans la nuit (et continuent ce matin) \u2013 toujours en kit complet\",\"isPartOf\":{\"@id\":\"https:\/\/footdavant.fr\/actualites\/#website\"},\"datePublished\":\"2026-04-26T10:48:13+00:00\",\"dateModified\":\"2026-04-26T10:48:15+00:00\",\"breadcrumb\":{\"@id\":\"https:\/\/footdavant.fr\/actualites\/regarder-les-joueurs-de-york-city-font-la-fete-jusque-tard-dans-la-nuit-et-continuent-ce-matin-toujours-en-kit-complet\/#breadcrumb\"},\"inLanguage\":\"fr-FR\",\"potentialAction\":[{\"@type\":\"ReadAction\",\"target\":[\"https:\/\/footdavant.fr\/actualites\/regarder-les-joueurs-de-york-city-font-la-fete-jusque-tard-dans-la-nuit-et-continuent-ce-matin-toujours-en-kit-complet\/\"]}]},{\"@type\":\"BreadcrumbList\",\"@id\":\"https:\/\/footdavant.fr\/actualites\/regarder-les-joueurs-de-york-city-font-la-fete-jusque-tard-dans-la-nuit-et-continuent-ce-matin-toujours-en-kit-complet\/#breadcrumb\",\"itemListElement\":[{\"@type\":\"ListItem\",\"position\":1,\"name\":\"Accueil\",\"item\":\"https:\/\/footdavant.fr\/actualites\/\"},{\"@type\":\"ListItem\",\"position\":2,\"name\":\"REGARDER: Les joueurs de York City font la f\u00eate jusque tard dans la nuit (et continuent ce matin) \u2013 toujours en kit complet\"}]},{\"@type\":\"WebSite\",\"@id\":\"https:\/\/footdavant.fr\/actualites\/#website\",\"url\":\"https:\/\/footdavant.fr\/actualites\/\",\"name\":\"Foot d'avant\",\"description\":\"\",\"publisher\":{\"@id\":\"https:\/\/footdavant.fr\/actualites\/#organization\"},\"potentialAction\":[{\"@type\":\"SearchAction\",\"target\":{\"@type\":\"EntryPoint\",\"urlTemplate\":\"https:\/\/footdavant.fr\/actualites\/?s={search_term_string}\"},\"query-input\":\"required name=search_term_string\"}],\"inLanguage\":\"fr-FR\"},{\"@type\":\"Organization\",\"@id\":\"https:\/\/footdavant.fr\/actualites\/#organization\",\"name\":\"Foot d'avant\",\"url\":\"https:\/\/footdavant.fr\/actualites\/\",\"logo\":{\"@type\":\"ImageObject\",\"inLanguage\":\"fr-FR\",\"@id\":\"https:\/\/footdavant.fr\/actualites\/#\/schema\/logo\/image\/\",\"url\":\"https:\/\/footdavant.fr\/actualites\/wp-content\/uploads\/2023\/09\/Copy-of-FootDavant-Logo.png\",\"contentUrl\":\"https:\/\/footdavant.fr\/actualites\/wp-content\/uploads\/2023\/09\/Copy-of-FootDavant-Logo.png\",\"width\":936,\"height\":549,\"caption\":\"Foot d'avant\"},\"image\":{\"@id\":\"https:\/\/footdavant.fr\/actualites\/#\/schema\/logo\/image\/\"},\"sameAs\":[\"https:\/\/www.facebook.com\/Footdavant\/\",\"https:\/\/twitter.com\/FootdavantFr\",\"https:\/\/www.instagram.com\/footdavant.fr\/\"]},{\"@type\":\"Person\",\"@id\":\"https:\/\/footdavant.fr\/actualites\/#\/schema\/person\/bc222566d95871b37e597b3ed3ba5e1d\",\"name\":\"Cl\u00e9ment\",\"image\":{\"@type\":\"ImageObject\",\"inLanguage\":\"fr-FR\",\"@id\":\"https:\/\/footdavant.fr\/actualites\/#\/schema\/person\/image\/\",\"url\":\"https:\/\/secure.gravatar.com\/avatar\/7728b29aac2719421e1a9159b2254c44?s=96&d=mm&r=g\",\"contentUrl\":\"https:\/\/secure.gravatar.com\/avatar\/7728b29aac2719421e1a9159b2254c44?s=96&d=mm&r=g\",\"caption\":\"Cl\u00e9ment\"},\"sameAs\":[\"https:\/\/footdavant.fr\/\"]}]}<\/script>\n<!-- \/ Yoast SEO plugin. -->","yoast_head_json":{"title":"REGARDER: Les joueurs de York City font la f\u00eate jusque tard dans la nuit (et continuent ce matin) \u2013 toujours en kit complet","robots":{"index":"index","follow":"follow","max-snippet":"max-snippet:-1","max-image-preview":"max-image-preview:large","max-video-preview":"max-video-preview:-1"},"canonical":"https:\/\/footdavant.fr\/actualites\/regarder-les-joueurs-de-york-city-font-la-fete-jusque-tard-dans-la-nuit-et-continuent-ce-matin-toujours-en-kit-complet\/","og_locale":"fr_FR","og_type":"article","og_title":"REGARDER: Les joueurs de York City font la f\u00eate jusque tard dans la nuit (et continuent ce matin) \u2013 toujours en kit complet","og_description":"La f\u00eate s&#39;est poursuivie jusque tard dans la nuit pour York City apr\u00e8s la fin la plus dramatique d&#39;une saison de Ligue nationale de l&#39;histoire.","og_url":"https:\/\/footdavant.fr\/actualites\/regarder-les-joueurs-de-york-city-font-la-fete-jusque-tard-dans-la-nuit-et-continuent-ce-matin-toujours-en-kit-complet\/","og_site_name":"Foot d&#039;avant","article_publisher":"https:\/\/www.facebook.com\/Footdavant\/","article_published_time":"2026-04-26T10:48:13+00:00","article_modified_time":"2026-04-26T10:48:15+00:00","og_image":[{"width":1200,"height":741,"url":"https:\/\/footdavant.fr\/actualites\/wp-content\/uploads\/2026\/04\/REGARDER-Les-joueurs-de-York-City-font-la-fete-jusque.jpg","type":"image\/jpeg"}],"author":"Cl\u00e9ment","twitter_card":"summary_large_image","twitter_creator":"@FootdavantFr","twitter_site":"@FootdavantFr","twitter_misc":{"\u00c9crit par":"Cl\u00e9ment","Dur\u00e9e de lecture estim\u00e9e":"2 minutes"},"schema":{"@context":"https:\/\/schema.org","@graph":[{"@type":"Article","@id":"https:\/\/footdavant.fr\/actualites\/regarder-les-joueurs-de-york-city-font-la-fete-jusque-tard-dans-la-nuit-et-continuent-ce-matin-toujours-en-kit-complet\/#article","isPartOf":{"@id":"https:\/\/footdavant.fr\/actualites\/regarder-les-joueurs-de-york-city-font-la-fete-jusque-tard-dans-la-nuit-et-continuent-ce-matin-toujours-en-kit-complet\/"},"author":{"name":"Cl\u00e9ment","@id":"https:\/\/footdavant.fr\/actualites\/#\/schema\/person\/bc222566d95871b37e597b3ed3ba5e1d"},"headline":"REGARDER: Les joueurs de York City font la f\u00eate jusque tard dans la nuit (et continuent ce matin) \u2013 toujours en kit complet","datePublished":"2026-04-26T10:48:13+00:00","dateModified":"2026-04-26T10:48:15+00:00","mainEntityOfPage":{"@id":"https:\/\/footdavant.fr\/actualites\/regarder-les-joueurs-de-york-city-font-la-fete-jusque-tard-dans-la-nuit-et-continuent-ce-matin-toujours-en-kit-complet\/"},"wordCount":465,"publisher":{"@id":"https:\/\/footdavant.fr\/actualites\/#organization"},"keywords":["City","complet","continuent","dans","f\u00eate","font","joueurs","jusque","kit","les","matin","nuit","regarder","tard","toujours","York"],"articleSection":["Football"],"inLanguage":"fr-FR"},{"@type":"WebPage","@id":"https:\/\/footdavant.fr\/actualites\/regarder-les-joueurs-de-york-city-font-la-fete-jusque-tard-dans-la-nuit-et-continuent-ce-matin-toujours-en-kit-complet\/","url":"https:\/\/footdavant.fr\/actualites\/regarder-les-joueurs-de-york-city-font-la-fete-jusque-tard-dans-la-nuit-et-continuent-ce-matin-toujours-en-kit-complet\/","name":"REGARDER: Les joueurs de York City font la f\u00eate jusque tard dans la nuit (et continuent ce matin) \u2013 toujours en kit complet","isPartOf":{"@id":"https:\/\/footdavant.fr\/actualites\/#website"},"datePublished":"2026-04-26T10:48:13+00:00","dateModified":"2026-04-26T10:48:15+00:00","breadcrumb":{"@id":"https:\/\/footdavant.fr\/actualites\/regarder-les-joueurs-de-york-city-font-la-fete-jusque-tard-dans-la-nuit-et-continuent-ce-matin-toujours-en-kit-complet\/#breadcrumb"},"inLanguage":"fr-FR","potentialAction":[{"@type":"ReadAction","target":["https:\/\/footdavant.fr\/actualites\/regarder-les-joueurs-de-york-city-font-la-fete-jusque-tard-dans-la-nuit-et-continuent-ce-matin-toujours-en-kit-complet\/"]}]},{"@type":"BreadcrumbList","@id":"https:\/\/footdavant.fr\/actualites\/regarder-les-joueurs-de-york-city-font-la-fete-jusque-tard-dans-la-nuit-et-continuent-ce-matin-toujours-en-kit-complet\/#breadcrumb","itemListElement":[{"@type":"ListItem","position":1,"name":"Accueil","item":"https:\/\/footdavant.fr\/actualites\/"},{"@type":"ListItem","position":2,"name":"REGARDER: Les joueurs de York City font la f\u00eate jusque tard dans la nuit (et continuent ce matin) \u2013 toujours en kit complet"}]},{"@type":"WebSite","@id":"https:\/\/footdavant.fr\/actualites\/#website","url":"https:\/\/footdavant.fr\/actualites\/","name":"Foot d'avant","description":"","publisher":{"@id":"https:\/\/footdavant.fr\/actualites\/#organization"},"potentialAction":[{"@type":"SearchAction","target":{"@type":"EntryPoint","urlTemplate":"https:\/\/footdavant.fr\/actualites\/?s={search_term_string}"},"query-input":"required name=search_term_string"}],"inLanguage":"fr-FR"},{"@type":"Organization","@id":"https:\/\/footdavant.fr\/actualites\/#organization","name":"Foot d'avant","url":"https:\/\/footdavant.fr\/actualites\/","logo":{"@type":"ImageObject","inLanguage":"fr-FR","@id":"https:\/\/footdavant.fr\/actualites\/#\/schema\/logo\/image\/","url":"https:\/\/footdavant.fr\/actualites\/wp-content\/uploads\/2023\/09\/Copy-of-FootDavant-Logo.png","contentUrl":"https:\/\/footdavant.fr\/actualites\/wp-content\/uploads\/2023\/09\/Copy-of-FootDavant-Logo.png","width":936,"height":549,"caption":"Foot d'avant"},"image":{"@id":"https:\/\/footdavant.fr\/actualites\/#\/schema\/logo\/image\/"},"sameAs":["https:\/\/www.facebook.com\/Footdavant\/","https:\/\/twitter.com\/FootdavantFr","https:\/\/www.instagram.com\/footdavant.fr\/"]},{"@type":"Person","@id":"https:\/\/footdavant.fr\/actualites\/#\/schema\/person\/bc222566d95871b37e597b3ed3ba5e1d","name":"Cl\u00e9ment","image":{"@type":"ImageObject","inLanguage":"fr-FR","@id":"https:\/\/footdavant.fr\/actualites\/#\/schema\/person\/image\/","url":"https:\/\/secure.gravatar.com\/avatar\/7728b29aac2719421e1a9159b2254c44?s=96&d=mm&r=g","contentUrl":"https:\/\/secure.gravatar.com\/avatar\/7728b29aac2719421e1a9159b2254c44?s=96&d=mm&r=g","caption":"Cl\u00e9ment"},"sameAs":["https:\/\/footdavant.fr\/"]}]}},"_links":{"self":[{"href":"https:\/\/footdavant.fr\/actualites\/wp-json\/wp\/v2\/posts\/36848"}],"collection":[{"href":"https:\/\/footdavant.fr\/actualites\/wp-json\/wp\/v2\/posts"}],"about":[{"href":"https:\/\/footdavant.fr\/actualites\/wp-json\/wp\/v2\/types\/post"}],"author":[{"embeddable":true,"href":"https:\/\/footdavant.fr\/actualites\/wp-json\/wp\/v2\/users\/1"}],"replies":[{"embeddable":true,"href":"https:\/\/footdavant.fr\/actualites\/wp-json\/wp\/v2\/comments?post=36848"}],"version-history":[{"count":1,"href":"https:\/\/footdavant.fr\/actualites\/wp-json\/wp\/v2\/posts\/36848\/revisions"}],"predecessor-version":[{"id":36850,"href":"https:\/\/footdavant.fr\/actualites\/wp-json\/wp\/v2\/posts\/36848\/revisions\/36850"}],"wp:featuredmedia":[{"embeddable":true,"href":"https:\/\/footdavant.fr\/actualites\/wp-json\/wp\/v2\/media\/36849"}],"wp:attachment":[{"href":"https:\/\/footdavant.fr\/actualites\/wp-json\/wp\/v2\/media?parent=36848"}],"wp:term":[{"taxonomy":"category","embeddable":true,"href":"https:\/\/footdavant.fr\/actualites\/wp-json\/wp\/v2\/categories?post=36848"},{"taxonomy":"post_tag","embeddable":true,"href":"https:\/\/footdavant.fr\/actualites\/wp-json\/wp\/v2\/tags?post=36848"}],"curies":[{"name":"wp","href":"https:\/\/api.w.org\/{rel}","templated":true}]}}