{"id":36851,"date":"2026-04-26T14:48:09","date_gmt":"2026-04-26T12:48:09","guid":{"rendered":"https:\/\/footdavant.fr\/actualites\/composition-de-tottenham-contre-wolves-xi-prevu-pour-le-match-de-premier-league-alors-que-la-decision-de-james-maddison-est-prise\/"},"modified":"2026-04-26T14:48:11","modified_gmt":"2026-04-26T12:48:11","slug":"composition-de-tottenham-contre-wolves-xi-prevu-pour-le-match-de-premier-league-alors-que-la-decision-de-james-maddison-est-prise","status":"publish","type":"post","link":"https:\/\/footdavant.fr\/actualites\/composition-de-tottenham-contre-wolves-xi-prevu-pour-le-match-de-premier-league-alors-que-la-decision-de-james-maddison-est-prise\/","title":{"rendered":"Composition de Tottenham contre Wolves\u00a0: XI pr\u00e9vu pour le match de Premier League alors que la d\u00e9cision de James Maddison est prise"},"content":{"rendered":"<div itemprop=\"articleBody\">\n<p>Le meneur de jeu de Tottenham Hotspur, James Maddison, pourrait gagner ses premi\u00e8res minutes de campagne en Premier League lorsque les Lilywhites affronteront Wolverhampton Wanderers lors de la bataille cruciale en sous-sol de samedi.<\/p>\n<p>L&#39;Anglais a fait partie de l&#39;\u00e9quipe pour la premi\u00e8re fois lors du match nul 2-2 du week-end dernier contre Brighton &#038; Hove Albion, huit mois apr\u00e8s s&#39;\u00eatre d\u00e9chir\u00e9 le LCA lors de la campagne de pr\u00e9-saison de Tottenham, mais il a \u00e9t\u00e9 laiss\u00e9 sur le banc pendant les 90 minutes.<\/p>\n<p>Maddison n&#39;est toujours pas en mesure de commencer des matchs de comp\u00e9tition, mais une apparition tardive de rempla\u00e7ant pourrait attendre l&#39;ancien homme de Leicester City, qui a vu son ancien club descendre en League One tandis que les Spurs risquent une chute tout aussi d\u00e9sastreuse au deuxi\u00e8me niveau.<\/p>\n<p>Pendant que Maddison observe depuis l&#39;abri depuis le d\u00e9but, Xavi Simons tirera les ficelles cr\u00e9atives de l&#39;aile gauche, apr\u00e8s son d\u00e9licieux but et contribuera \u00e0 l&#39;impasse d\u00e9chirante contre les Seagulls.<\/p>\n<p>Cependant, tous les membres du onze de d\u00e9part de ce match \u00e0 quatre buts ne sont pas en s\u00e9curit\u00e9, car Randal Kolo Muani a de nouveau \u00e9t\u00e9 inefficace et pourrait c\u00e9der la place \u00e0 Mathys Tel sur le c\u00f4t\u00e9 droit.<\/p>\n<p>Lucas Bergvall a \u00e9galement mis son nom dans le chapeau pour un r\u00f4le de titulaire apr\u00e8s avoir cr\u00e9\u00e9 Simons le week-end dernier, probablement contre Yves Bissouma alors que Rodrigo Bentancur et Conor Gallagher occupent leur place au centre.<\/p>\n<p>Le num\u00e9ro un Guglielmo Vicario n&#39;est pas tout \u00e0 fait pr\u00eat \u00e0 revenir de son op\u00e9ration de hernie, donc Antonin Kinsky obtiendra un autre tir au but derri\u00e8re une ligne arri\u00e8re largement inchang\u00e9e, mais Djed Spence est susceptible de remplacer Destiny Udogie suite \u00e0 une blessure de ce dernier.<\/p>\n<p>Tottenham Hotspur composition de d\u00e9part possible :<\/p>\n<p>Kinski\u00a0; Porro, Danso, Van de Ven, Spence\u00a0; Bergvall, Bentancur, Gallagher\u00a0; T\u00e9l, Solanke, Simons<\/p>\n<p>> Cliquez ici pour voir comment les Wolves pourraient s&#39;aligner contre Tottenham<\/p>\n<\/div>\n","protected":false},"excerpt":{"rendered":"<p>Le meneur de jeu de Tottenham Hotspur, James Maddison, pourrait gagner ses premi\u00e8res minutes de campagne en Premier League lorsque les Lilywhites affronteront Wolverhampton Wanderers<\/p>\n","protected":false},"author":1,"featured_media":36739,"comment_status":"closed","ping_status":"","sticky":false,"template":"","format":"standard","meta":{"footnotes":""},"categories":[5],"tags":[318,2291,20,497,217,111,202,2027,257,51,201,3924,5541,68,1454],"yoast_head":"<!-- This site is optimized with the Yoast SEO plugin v21.0 - https:\/\/yoast.com\/wordpress\/plugins\/seo\/ -->\n<title>Composition de Tottenham contre Wolves\u00a0: XI pr\u00e9vu pour le match de Premier League alors que la d\u00e9cision de James Maddison est prise<\/title>\n<meta name=\"robots\" content=\"index, follow, max-snippet:-1, max-image-preview:large, max-video-preview:-1\" \/>\n<link rel=\"canonical\" href=\"https:\/\/footdavant.fr\/actualites\/composition-de-tottenham-contre-wolves-xi-prevu-pour-le-match-de-premier-league-alors-que-la-decision-de-james-maddison-est-prise\/\" \/>\n<meta property=\"og:locale\" content=\"fr_FR\" \/>\n<meta property=\"og:type\" content=\"article\" \/>\n<meta property=\"og:title\" content=\"Composition de Tottenham contre Wolves\u00a0: XI pr\u00e9vu pour le match de Premier League alors que la d\u00e9cision de James Maddison est prise\" \/>\n<meta property=\"og:description\" content=\"Le meneur de jeu de Tottenham Hotspur, James Maddison, pourrait gagner ses premi\u00e8res minutes de campagne en Premier League lorsque les Lilywhites affronteront Wolverhampton Wanderers\" \/>\n<meta property=\"og:url\" content=\"https:\/\/footdavant.fr\/actualites\/composition-de-tottenham-contre-wolves-xi-prevu-pour-le-match-de-premier-league-alors-que-la-decision-de-james-maddison-est-prise\/\" \/>\n<meta property=\"og:site_name\" content=\"Foot d&#039;avant\" \/>\n<meta property=\"article:publisher\" content=\"https:\/\/www.facebook.com\/Footdavant\/\" \/>\n<meta property=\"article:published_time\" content=\"2026-04-26T12:48:09+00:00\" \/>\n<meta property=\"article:modified_time\" content=\"2026-04-26T12:48:11+00:00\" \/>\n<meta property=\"og:image\" content=\"https:\/\/footdavant.fr\/actualites\/wp-content\/uploads\/2026\/04\/Nouvelles-des-blessures-des-Spurs-la-mise-a-jour-de.net2Fuploads2F20252F082Fimago1060938140.webp\" \/>\n\t<meta property=\"og:image:width\" content=\"720\" \/>\n\t<meta property=\"og:image:height\" content=\"410\" \/>\n\t<meta property=\"og:image:type\" content=\"image\/webp\" \/>\n<meta name=\"author\" content=\"Cl\u00e9ment\" \/>\n<meta name=\"twitter:card\" content=\"summary_large_image\" \/>\n<meta name=\"twitter:creator\" content=\"@FootdavantFr\" \/>\n<meta name=\"twitter:site\" content=\"@FootdavantFr\" \/>\n<meta name=\"twitter:label1\" content=\"\u00c9crit par\" \/>\n\t<meta name=\"twitter:data1\" content=\"Cl\u00e9ment\" \/>\n\t<meta name=\"twitter:label2\" content=\"Dur\u00e9e de lecture estim\u00e9e\" \/>\n\t<meta name=\"twitter:data2\" content=\"2 minutes\" \/>\n<script type=\"application\/ld+json\" class=\"yoast-schema-graph\">{\"@context\":\"https:\/\/schema.org\",\"@graph\":[{\"@type\":\"Article\",\"@id\":\"https:\/\/footdavant.fr\/actualites\/composition-de-tottenham-contre-wolves-xi-prevu-pour-le-match-de-premier-league-alors-que-la-decision-de-james-maddison-est-prise\/#article\",\"isPartOf\":{\"@id\":\"https:\/\/footdavant.fr\/actualites\/composition-de-tottenham-contre-wolves-xi-prevu-pour-le-match-de-premier-league-alors-que-la-decision-de-james-maddison-est-prise\/\"},\"author\":{\"name\":\"Cl\u00e9ment\",\"@id\":\"https:\/\/footdavant.fr\/actualites\/#\/schema\/person\/bc222566d95871b37e597b3ed3ba5e1d\"},\"headline\":\"Composition de Tottenham contre Wolves\u00a0: XI pr\u00e9vu pour le match de Premier League alors que la d\u00e9cision de James Maddison est prise\",\"datePublished\":\"2026-04-26T12:48:09+00:00\",\"dateModified\":\"2026-04-26T12:48:11+00:00\",\"mainEntityOfPage\":{\"@id\":\"https:\/\/footdavant.fr\/actualites\/composition-de-tottenham-contre-wolves-xi-prevu-pour-le-match-de-premier-league-alors-que-la-decision-de-james-maddison-est-prise\/\"},\"wordCount\":373,\"publisher\":{\"@id\":\"https:\/\/footdavant.fr\/actualites\/#organization\"},\"keywords\":[\"alors\",\"composition\",\"contre\",\"d\u00e9cision\",\"est\",\"James\",\"League\",\"Maddison\",\"match\",\"pour\",\"Premier\",\"pr\u00e9vu\",\"prise\",\"Tottenham\",\"Wolves\"],\"articleSection\":[\"Premier League\"],\"inLanguage\":\"fr-FR\"},{\"@type\":\"WebPage\",\"@id\":\"https:\/\/footdavant.fr\/actualites\/composition-de-tottenham-contre-wolves-xi-prevu-pour-le-match-de-premier-league-alors-que-la-decision-de-james-maddison-est-prise\/\",\"url\":\"https:\/\/footdavant.fr\/actualites\/composition-de-tottenham-contre-wolves-xi-prevu-pour-le-match-de-premier-league-alors-que-la-decision-de-james-maddison-est-prise\/\",\"name\":\"Composition de Tottenham contre Wolves\u00a0: XI pr\u00e9vu pour le match de Premier League alors que la d\u00e9cision de James Maddison est prise\",\"isPartOf\":{\"@id\":\"https:\/\/footdavant.fr\/actualites\/#website\"},\"datePublished\":\"2026-04-26T12:48:09+00:00\",\"dateModified\":\"2026-04-26T12:48:11+00:00\",\"breadcrumb\":{\"@id\":\"https:\/\/footdavant.fr\/actualites\/composition-de-tottenham-contre-wolves-xi-prevu-pour-le-match-de-premier-league-alors-que-la-decision-de-james-maddison-est-prise\/#breadcrumb\"},\"inLanguage\":\"fr-FR\",\"potentialAction\":[{\"@type\":\"ReadAction\",\"target\":[\"https:\/\/footdavant.fr\/actualites\/composition-de-tottenham-contre-wolves-xi-prevu-pour-le-match-de-premier-league-alors-que-la-decision-de-james-maddison-est-prise\/\"]}]},{\"@type\":\"BreadcrumbList\",\"@id\":\"https:\/\/footdavant.fr\/actualites\/composition-de-tottenham-contre-wolves-xi-prevu-pour-le-match-de-premier-league-alors-que-la-decision-de-james-maddison-est-prise\/#breadcrumb\",\"itemListElement\":[{\"@type\":\"ListItem\",\"position\":1,\"name\":\"Accueil\",\"item\":\"https:\/\/footdavant.fr\/actualites\/\"},{\"@type\":\"ListItem\",\"position\":2,\"name\":\"Composition de Tottenham contre Wolves\u00a0: XI pr\u00e9vu pour le match de Premier League alors que la d\u00e9cision de James Maddison est prise\"}]},{\"@type\":\"WebSite\",\"@id\":\"https:\/\/footdavant.fr\/actualites\/#website\",\"url\":\"https:\/\/footdavant.fr\/actualites\/\",\"name\":\"Foot d'avant\",\"description\":\"\",\"publisher\":{\"@id\":\"https:\/\/footdavant.fr\/actualites\/#organization\"},\"potentialAction\":[{\"@type\":\"SearchAction\",\"target\":{\"@type\":\"EntryPoint\",\"urlTemplate\":\"https:\/\/footdavant.fr\/actualites\/?s={search_term_string}\"},\"query-input\":\"required name=search_term_string\"}],\"inLanguage\":\"fr-FR\"},{\"@type\":\"Organization\",\"@id\":\"https:\/\/footdavant.fr\/actualites\/#organization\",\"name\":\"Foot d'avant\",\"url\":\"https:\/\/footdavant.fr\/actualites\/\",\"logo\":{\"@type\":\"ImageObject\",\"inLanguage\":\"fr-FR\",\"@id\":\"https:\/\/footdavant.fr\/actualites\/#\/schema\/logo\/image\/\",\"url\":\"https:\/\/footdavant.fr\/actualites\/wp-content\/uploads\/2023\/09\/Copy-of-FootDavant-Logo.png\",\"contentUrl\":\"https:\/\/footdavant.fr\/actualites\/wp-content\/uploads\/2023\/09\/Copy-of-FootDavant-Logo.png\",\"width\":936,\"height\":549,\"caption\":\"Foot d'avant\"},\"image\":{\"@id\":\"https:\/\/footdavant.fr\/actualites\/#\/schema\/logo\/image\/\"},\"sameAs\":[\"https:\/\/www.facebook.com\/Footdavant\/\",\"https:\/\/twitter.com\/FootdavantFr\",\"https:\/\/www.instagram.com\/footdavant.fr\/\"]},{\"@type\":\"Person\",\"@id\":\"https:\/\/footdavant.fr\/actualites\/#\/schema\/person\/bc222566d95871b37e597b3ed3ba5e1d\",\"name\":\"Cl\u00e9ment\",\"image\":{\"@type\":\"ImageObject\",\"inLanguage\":\"fr-FR\",\"@id\":\"https:\/\/footdavant.fr\/actualites\/#\/schema\/person\/image\/\",\"url\":\"https:\/\/secure.gravatar.com\/avatar\/7728b29aac2719421e1a9159b2254c44?s=96&d=mm&r=g\",\"contentUrl\":\"https:\/\/secure.gravatar.com\/avatar\/7728b29aac2719421e1a9159b2254c44?s=96&d=mm&r=g\",\"caption\":\"Cl\u00e9ment\"},\"sameAs\":[\"https:\/\/footdavant.fr\/\"]}]}<\/script>\n<!-- \/ Yoast SEO plugin. -->","yoast_head_json":{"title":"Composition de Tottenham contre Wolves\u00a0: XI pr\u00e9vu pour le match de Premier League alors que la d\u00e9cision de James Maddison est prise","robots":{"index":"index","follow":"follow","max-snippet":"max-snippet:-1","max-image-preview":"max-image-preview:large","max-video-preview":"max-video-preview:-1"},"canonical":"https:\/\/footdavant.fr\/actualites\/composition-de-tottenham-contre-wolves-xi-prevu-pour-le-match-de-premier-league-alors-que-la-decision-de-james-maddison-est-prise\/","og_locale":"fr_FR","og_type":"article","og_title":"Composition de Tottenham contre Wolves\u00a0: XI pr\u00e9vu pour le match de Premier League alors que la d\u00e9cision de James Maddison est prise","og_description":"Le meneur de jeu de Tottenham Hotspur, James Maddison, pourrait gagner ses premi\u00e8res minutes de campagne en Premier League lorsque les Lilywhites affronteront Wolverhampton Wanderers","og_url":"https:\/\/footdavant.fr\/actualites\/composition-de-tottenham-contre-wolves-xi-prevu-pour-le-match-de-premier-league-alors-que-la-decision-de-james-maddison-est-prise\/","og_site_name":"Foot d&#039;avant","article_publisher":"https:\/\/www.facebook.com\/Footdavant\/","article_published_time":"2026-04-26T12:48:09+00:00","article_modified_time":"2026-04-26T12:48:11+00:00","og_image":[{"width":720,"height":410,"url":"https:\/\/footdavant.fr\/actualites\/wp-content\/uploads\/2026\/04\/Nouvelles-des-blessures-des-Spurs-la-mise-a-jour-de.net2Fuploads2F20252F082Fimago1060938140.webp","type":"image\/webp"}],"author":"Cl\u00e9ment","twitter_card":"summary_large_image","twitter_creator":"@FootdavantFr","twitter_site":"@FootdavantFr","twitter_misc":{"\u00c9crit par":"Cl\u00e9ment","Dur\u00e9e de lecture estim\u00e9e":"2 minutes"},"schema":{"@context":"https:\/\/schema.org","@graph":[{"@type":"Article","@id":"https:\/\/footdavant.fr\/actualites\/composition-de-tottenham-contre-wolves-xi-prevu-pour-le-match-de-premier-league-alors-que-la-decision-de-james-maddison-est-prise\/#article","isPartOf":{"@id":"https:\/\/footdavant.fr\/actualites\/composition-de-tottenham-contre-wolves-xi-prevu-pour-le-match-de-premier-league-alors-que-la-decision-de-james-maddison-est-prise\/"},"author":{"name":"Cl\u00e9ment","@id":"https:\/\/footdavant.fr\/actualites\/#\/schema\/person\/bc222566d95871b37e597b3ed3ba5e1d"},"headline":"Composition de Tottenham contre Wolves\u00a0: XI pr\u00e9vu pour le match de Premier League alors que la d\u00e9cision de James Maddison est prise","datePublished":"2026-04-26T12:48:09+00:00","dateModified":"2026-04-26T12:48:11+00:00","mainEntityOfPage":{"@id":"https:\/\/footdavant.fr\/actualites\/composition-de-tottenham-contre-wolves-xi-prevu-pour-le-match-de-premier-league-alors-que-la-decision-de-james-maddison-est-prise\/"},"wordCount":373,"publisher":{"@id":"https:\/\/footdavant.fr\/actualites\/#organization"},"keywords":["alors","composition","contre","d\u00e9cision","est","James","League","Maddison","match","pour","Premier","pr\u00e9vu","prise","Tottenham","Wolves"],"articleSection":["Premier League"],"inLanguage":"fr-FR"},{"@type":"WebPage","@id":"https:\/\/footdavant.fr\/actualites\/composition-de-tottenham-contre-wolves-xi-prevu-pour-le-match-de-premier-league-alors-que-la-decision-de-james-maddison-est-prise\/","url":"https:\/\/footdavant.fr\/actualites\/composition-de-tottenham-contre-wolves-xi-prevu-pour-le-match-de-premier-league-alors-que-la-decision-de-james-maddison-est-prise\/","name":"Composition de Tottenham contre Wolves\u00a0: XI pr\u00e9vu pour le match de Premier League alors que la d\u00e9cision de James Maddison est prise","isPartOf":{"@id":"https:\/\/footdavant.fr\/actualites\/#website"},"datePublished":"2026-04-26T12:48:09+00:00","dateModified":"2026-04-26T12:48:11+00:00","breadcrumb":{"@id":"https:\/\/footdavant.fr\/actualites\/composition-de-tottenham-contre-wolves-xi-prevu-pour-le-match-de-premier-league-alors-que-la-decision-de-james-maddison-est-prise\/#breadcrumb"},"inLanguage":"fr-FR","potentialAction":[{"@type":"ReadAction","target":["https:\/\/footdavant.fr\/actualites\/composition-de-tottenham-contre-wolves-xi-prevu-pour-le-match-de-premier-league-alors-que-la-decision-de-james-maddison-est-prise\/"]}]},{"@type":"BreadcrumbList","@id":"https:\/\/footdavant.fr\/actualites\/composition-de-tottenham-contre-wolves-xi-prevu-pour-le-match-de-premier-league-alors-que-la-decision-de-james-maddison-est-prise\/#breadcrumb","itemListElement":[{"@type":"ListItem","position":1,"name":"Accueil","item":"https:\/\/footdavant.fr\/actualites\/"},{"@type":"ListItem","position":2,"name":"Composition de Tottenham contre Wolves\u00a0: XI pr\u00e9vu pour le match de Premier League alors que la d\u00e9cision de James Maddison est prise"}]},{"@type":"WebSite","@id":"https:\/\/footdavant.fr\/actualites\/#website","url":"https:\/\/footdavant.fr\/actualites\/","name":"Foot d'avant","description":"","publisher":{"@id":"https:\/\/footdavant.fr\/actualites\/#organization"},"potentialAction":[{"@type":"SearchAction","target":{"@type":"EntryPoint","urlTemplate":"https:\/\/footdavant.fr\/actualites\/?s={search_term_string}"},"query-input":"required name=search_term_string"}],"inLanguage":"fr-FR"},{"@type":"Organization","@id":"https:\/\/footdavant.fr\/actualites\/#organization","name":"Foot d'avant","url":"https:\/\/footdavant.fr\/actualites\/","logo":{"@type":"ImageObject","inLanguage":"fr-FR","@id":"https:\/\/footdavant.fr\/actualites\/#\/schema\/logo\/image\/","url":"https:\/\/footdavant.fr\/actualites\/wp-content\/uploads\/2023\/09\/Copy-of-FootDavant-Logo.png","contentUrl":"https:\/\/footdavant.fr\/actualites\/wp-content\/uploads\/2023\/09\/Copy-of-FootDavant-Logo.png","width":936,"height":549,"caption":"Foot d'avant"},"image":{"@id":"https:\/\/footdavant.fr\/actualites\/#\/schema\/logo\/image\/"},"sameAs":["https:\/\/www.facebook.com\/Footdavant\/","https:\/\/twitter.com\/FootdavantFr","https:\/\/www.instagram.com\/footdavant.fr\/"]},{"@type":"Person","@id":"https:\/\/footdavant.fr\/actualites\/#\/schema\/person\/bc222566d95871b37e597b3ed3ba5e1d","name":"Cl\u00e9ment","image":{"@type":"ImageObject","inLanguage":"fr-FR","@id":"https:\/\/footdavant.fr\/actualites\/#\/schema\/person\/image\/","url":"https:\/\/secure.gravatar.com\/avatar\/7728b29aac2719421e1a9159b2254c44?s=96&d=mm&r=g","contentUrl":"https:\/\/secure.gravatar.com\/avatar\/7728b29aac2719421e1a9159b2254c44?s=96&d=mm&r=g","caption":"Cl\u00e9ment"},"sameAs":["https:\/\/footdavant.fr\/"]}]}},"_links":{"self":[{"href":"https:\/\/footdavant.fr\/actualites\/wp-json\/wp\/v2\/posts\/36851"}],"collection":[{"href":"https:\/\/footdavant.fr\/actualites\/wp-json\/wp\/v2\/posts"}],"about":[{"href":"https:\/\/footdavant.fr\/actualites\/wp-json\/wp\/v2\/types\/post"}],"author":[{"embeddable":true,"href":"https:\/\/footdavant.fr\/actualites\/wp-json\/wp\/v2\/users\/1"}],"replies":[{"embeddable":true,"href":"https:\/\/footdavant.fr\/actualites\/wp-json\/wp\/v2\/comments?post=36851"}],"version-history":[{"count":1,"href":"https:\/\/footdavant.fr\/actualites\/wp-json\/wp\/v2\/posts\/36851\/revisions"}],"predecessor-version":[{"id":36852,"href":"https:\/\/footdavant.fr\/actualites\/wp-json\/wp\/v2\/posts\/36851\/revisions\/36852"}],"wp:featuredmedia":[{"embeddable":true,"href":"https:\/\/footdavant.fr\/actualites\/wp-json\/wp\/v2\/media\/36739"}],"wp:attachment":[{"href":"https:\/\/footdavant.fr\/actualites\/wp-json\/wp\/v2\/media?parent=36851"}],"wp:term":[{"taxonomy":"category","embeddable":true,"href":"https:\/\/footdavant.fr\/actualites\/wp-json\/wp\/v2\/categories?post=36851"},{"taxonomy":"post_tag","embeddable":true,"href":"https:\/\/footdavant.fr\/actualites\/wp-json\/wp\/v2\/tags?post=36851"}],"curies":[{"name":"wp","href":"https:\/\/api.w.org\/{rel}","templated":true}]}}