{"id":36855,"date":"2026-04-26T18:48:12","date_gmt":"2026-04-26T16:48:12","guid":{"rendered":"https:\/\/footdavant.fr\/actualites\/composition-des-wolves-contre-tottenham-xi-prevu-pour-le-match-de-premier-league-apres-une-triple-blessure\/"},"modified":"2026-04-26T18:48:14","modified_gmt":"2026-04-26T16:48:14","slug":"composition-des-wolves-contre-tottenham-xi-prevu-pour-le-match-de-premier-league-apres-une-triple-blessure","status":"publish","type":"post","link":"https:\/\/footdavant.fr\/actualites\/composition-des-wolves-contre-tottenham-xi-prevu-pour-le-match-de-premier-league-apres-une-triple-blessure\/","title":{"rendered":"Composition des Wolves contre Tottenham\u00a0: XI pr\u00e9vu pour le match de Premier League apr\u00e8s une triple blessure"},"content":{"rendered":"<div itemprop=\"articleBody\">\n<p>Le manager des Wolverhampton Wanderers, Rob Edwards, a confirm\u00e9 une triple am\u00e9lioration de sa forme physique avant le match de Premier League de samedi avec Tottenham Hotspur \u00e0 Molineux.<\/p>\n<p>Les Old Gold sont sur le point de disputer leur premier match depuis que leur rel\u00e9gation au championnat a \u00e9t\u00e9 confirm\u00e9e, et Edwards transpirait auparavant \u00e0 cause de la forme physique d&#39;Angel Gomes et de Ladislav Krejci apr\u00e8s leurs coups contre Leeds United.<\/p>\n<p>Gomes a \u00e9t\u00e9 \u00e9limin\u00e9 dans la premi\u00e8re mi-temps de cette d\u00e9faite 3-0 en raison d&#39;un probl\u00e8me \u00e0 un orteil, tandis que le d\u00e9fenseur Krejci a subi un coup du lapin en seconde p\u00e9riode, mais le premier a de fortes chances d&#39;\u00eatre disponible.<\/p>\n<p>Cependant, Krejci \u00ab\u00a0a du mal\u00a0\u00bb avec le probl\u00e8me au cou qu&#39;il a subi la derni\u00e8re fois, et avec Yerson Mosquera purgeant le deuxi\u00e8me d&#39;une suspension de deux matchs, Edwards pourrait passer \u00e0 une forme d\u00e9fensive \u00e0 quatre.<\/p>\n<p>Toti et Santiago Bueno constituent la paire centrale la plus probable dans ce sc\u00e9nario, mais dans deux nouvelles d\u00e9fensives plus brillantes, Jose Sa et Matt Doherty sont sur le point de revenir de leurs ennuis.<\/p>\n<p>Angel Gomes pourrait cependant c\u00e9der sa place quel que soit son niveau de forme physique, car le prometteur Mateus Mane est en lice pour rejoindre Joao Gomes et Andre au centre du parc.<\/p>\n<p>Une ligne arri\u00e8re de quatre hommes donnerait \u00e0 Jackson Tchatchoua la licence pour op\u00e9rer plus loin, dans le cadre d&#39;un trident offensif avec Adam Armstrong et Hwang Hee-chan.<\/p>\n<p>Composition de d\u00e9part possible des Wolverhampton Wanderers\u00a0:<\/p>\n<p>Sa\u00a0; Doherty, Toti, S. Bueno, H. Bueno\u00a0; J. Gomes, Andr\u00e9, Man\u00e9\u00a0; Tchatchoua, Armstrong, Hwang<\/p>\n<p>> Cliquez ici pour voir comment Tottenham pourrait s&#39;aligner contre les Wolves <\/p>\n<\/div>\n","protected":false},"excerpt":{"rendered":"<p>Le manager des Wolverhampton Wanderers, Rob Edwards, a confirm\u00e9 une triple am\u00e9lioration de sa forme physique avant le match de Premier League de samedi avec<\/p>\n","protected":false},"author":1,"featured_media":36856,"comment_status":"closed","ping_status":"","sticky":false,"template":"","format":"standard","meta":{"footnotes":""},"categories":[5],"tags":[25,15,2291,20,12,202,257,51,201,3924,68,439,92,1454],"yoast_head":"<!-- This site is optimized with the Yoast SEO plugin v21.0 - https:\/\/yoast.com\/wordpress\/plugins\/seo\/ -->\n<title>Composition des Wolves contre Tottenham\u00a0: XI pr\u00e9vu pour le match de Premier League apr\u00e8s une triple blessure<\/title>\n<meta name=\"robots\" content=\"index, follow, max-snippet:-1, max-image-preview:large, max-video-preview:-1\" \/>\n<link rel=\"canonical\" href=\"https:\/\/footdavant.fr\/actualites\/composition-des-wolves-contre-tottenham-xi-prevu-pour-le-match-de-premier-league-apres-une-triple-blessure\/\" \/>\n<meta property=\"og:locale\" content=\"fr_FR\" \/>\n<meta property=\"og:type\" content=\"article\" \/>\n<meta property=\"og:title\" content=\"Composition des Wolves contre Tottenham\u00a0: XI pr\u00e9vu pour le match de Premier League apr\u00e8s une triple blessure\" \/>\n<meta property=\"og:description\" content=\"Le manager des Wolverhampton Wanderers, Rob Edwards, a confirm\u00e9 une triple am\u00e9lioration de sa forme physique avant le match de Premier League de samedi avec\" \/>\n<meta property=\"og:url\" content=\"https:\/\/footdavant.fr\/actualites\/composition-des-wolves-contre-tottenham-xi-prevu-pour-le-match-de-premier-league-apres-une-triple-blessure\/\" \/>\n<meta property=\"og:site_name\" content=\"Foot d&#039;avant\" \/>\n<meta property=\"article:publisher\" content=\"https:\/\/www.facebook.com\/Footdavant\/\" \/>\n<meta property=\"article:published_time\" content=\"2026-04-26T16:48:12+00:00\" \/>\n<meta property=\"article:modified_time\" content=\"2026-04-26T16:48:14+00:00\" \/>\n<meta property=\"og:image\" content=\"https:\/\/footdavant.fr\/actualites\/wp-content\/uploads\/2026\/04\/Composition-des-Wolves-contre-Tottenham-XI-prevu-pour-le-match.net2Fuploads2F20262F042Fimago1074001142.webp\" \/>\n\t<meta property=\"og:image:width\" content=\"720\" \/>\n\t<meta property=\"og:image:height\" content=\"410\" \/>\n\t<meta property=\"og:image:type\" content=\"image\/webp\" \/>\n<meta name=\"author\" content=\"Cl\u00e9ment\" \/>\n<meta name=\"twitter:card\" content=\"summary_large_image\" \/>\n<meta name=\"twitter:creator\" content=\"@FootdavantFr\" \/>\n<meta name=\"twitter:site\" content=\"@FootdavantFr\" \/>\n<meta name=\"twitter:label1\" content=\"\u00c9crit par\" \/>\n\t<meta name=\"twitter:data1\" content=\"Cl\u00e9ment\" \/>\n\t<meta name=\"twitter:label2\" content=\"Dur\u00e9e de lecture estim\u00e9e\" \/>\n\t<meta name=\"twitter:data2\" content=\"1 minute\" \/>\n<script type=\"application\/ld+json\" class=\"yoast-schema-graph\">{\"@context\":\"https:\/\/schema.org\",\"@graph\":[{\"@type\":\"Article\",\"@id\":\"https:\/\/footdavant.fr\/actualites\/composition-des-wolves-contre-tottenham-xi-prevu-pour-le-match-de-premier-league-apres-une-triple-blessure\/#article\",\"isPartOf\":{\"@id\":\"https:\/\/footdavant.fr\/actualites\/composition-des-wolves-contre-tottenham-xi-prevu-pour-le-match-de-premier-league-apres-une-triple-blessure\/\"},\"author\":{\"name\":\"Cl\u00e9ment\",\"@id\":\"https:\/\/footdavant.fr\/actualites\/#\/schema\/person\/bc222566d95871b37e597b3ed3ba5e1d\"},\"headline\":\"Composition des Wolves contre Tottenham\u00a0: XI pr\u00e9vu pour le match de Premier League apr\u00e8s une triple blessure\",\"datePublished\":\"2026-04-26T16:48:12+00:00\",\"dateModified\":\"2026-04-26T16:48:14+00:00\",\"mainEntityOfPage\":{\"@id\":\"https:\/\/footdavant.fr\/actualites\/composition-des-wolves-contre-tottenham-xi-prevu-pour-le-match-de-premier-league-apres-une-triple-blessure\/\"},\"wordCount\":318,\"publisher\":{\"@id\":\"https:\/\/footdavant.fr\/actualites\/#organization\"},\"keywords\":[\"apr\u00e8s\",\"Blessure\",\"composition\",\"contre\",\"des\",\"League\",\"match\",\"pour\",\"Premier\",\"pr\u00e9vu\",\"Tottenham\",\"tripl\u00e9\",\"une\",\"Wolves\"],\"articleSection\":[\"Premier League\"],\"inLanguage\":\"fr-FR\"},{\"@type\":\"WebPage\",\"@id\":\"https:\/\/footdavant.fr\/actualites\/composition-des-wolves-contre-tottenham-xi-prevu-pour-le-match-de-premier-league-apres-une-triple-blessure\/\",\"url\":\"https:\/\/footdavant.fr\/actualites\/composition-des-wolves-contre-tottenham-xi-prevu-pour-le-match-de-premier-league-apres-une-triple-blessure\/\",\"name\":\"Composition des Wolves contre Tottenham\u00a0: XI pr\u00e9vu pour le match de Premier League apr\u00e8s une triple blessure\",\"isPartOf\":{\"@id\":\"https:\/\/footdavant.fr\/actualites\/#website\"},\"datePublished\":\"2026-04-26T16:48:12+00:00\",\"dateModified\":\"2026-04-26T16:48:14+00:00\",\"breadcrumb\":{\"@id\":\"https:\/\/footdavant.fr\/actualites\/composition-des-wolves-contre-tottenham-xi-prevu-pour-le-match-de-premier-league-apres-une-triple-blessure\/#breadcrumb\"},\"inLanguage\":\"fr-FR\",\"potentialAction\":[{\"@type\":\"ReadAction\",\"target\":[\"https:\/\/footdavant.fr\/actualites\/composition-des-wolves-contre-tottenham-xi-prevu-pour-le-match-de-premier-league-apres-une-triple-blessure\/\"]}]},{\"@type\":\"BreadcrumbList\",\"@id\":\"https:\/\/footdavant.fr\/actualites\/composition-des-wolves-contre-tottenham-xi-prevu-pour-le-match-de-premier-league-apres-une-triple-blessure\/#breadcrumb\",\"itemListElement\":[{\"@type\":\"ListItem\",\"position\":1,\"name\":\"Accueil\",\"item\":\"https:\/\/footdavant.fr\/actualites\/\"},{\"@type\":\"ListItem\",\"position\":2,\"name\":\"Composition des Wolves contre Tottenham\u00a0: XI pr\u00e9vu pour le match de Premier League apr\u00e8s une triple blessure\"}]},{\"@type\":\"WebSite\",\"@id\":\"https:\/\/footdavant.fr\/actualites\/#website\",\"url\":\"https:\/\/footdavant.fr\/actualites\/\",\"name\":\"Foot d'avant\",\"description\":\"\",\"publisher\":{\"@id\":\"https:\/\/footdavant.fr\/actualites\/#organization\"},\"potentialAction\":[{\"@type\":\"SearchAction\",\"target\":{\"@type\":\"EntryPoint\",\"urlTemplate\":\"https:\/\/footdavant.fr\/actualites\/?s={search_term_string}\"},\"query-input\":\"required name=search_term_string\"}],\"inLanguage\":\"fr-FR\"},{\"@type\":\"Organization\",\"@id\":\"https:\/\/footdavant.fr\/actualites\/#organization\",\"name\":\"Foot d'avant\",\"url\":\"https:\/\/footdavant.fr\/actualites\/\",\"logo\":{\"@type\":\"ImageObject\",\"inLanguage\":\"fr-FR\",\"@id\":\"https:\/\/footdavant.fr\/actualites\/#\/schema\/logo\/image\/\",\"url\":\"https:\/\/footdavant.fr\/actualites\/wp-content\/uploads\/2023\/09\/Copy-of-FootDavant-Logo.png\",\"contentUrl\":\"https:\/\/footdavant.fr\/actualites\/wp-content\/uploads\/2023\/09\/Copy-of-FootDavant-Logo.png\",\"width\":936,\"height\":549,\"caption\":\"Foot d'avant\"},\"image\":{\"@id\":\"https:\/\/footdavant.fr\/actualites\/#\/schema\/logo\/image\/\"},\"sameAs\":[\"https:\/\/www.facebook.com\/Footdavant\/\",\"https:\/\/twitter.com\/FootdavantFr\",\"https:\/\/www.instagram.com\/footdavant.fr\/\"]},{\"@type\":\"Person\",\"@id\":\"https:\/\/footdavant.fr\/actualites\/#\/schema\/person\/bc222566d95871b37e597b3ed3ba5e1d\",\"name\":\"Cl\u00e9ment\",\"image\":{\"@type\":\"ImageObject\",\"inLanguage\":\"fr-FR\",\"@id\":\"https:\/\/footdavant.fr\/actualites\/#\/schema\/person\/image\/\",\"url\":\"https:\/\/secure.gravatar.com\/avatar\/7728b29aac2719421e1a9159b2254c44?s=96&d=mm&r=g\",\"contentUrl\":\"https:\/\/secure.gravatar.com\/avatar\/7728b29aac2719421e1a9159b2254c44?s=96&d=mm&r=g\",\"caption\":\"Cl\u00e9ment\"},\"sameAs\":[\"https:\/\/footdavant.fr\/\"]}]}<\/script>\n<!-- \/ Yoast SEO plugin. -->","yoast_head_json":{"title":"Composition des Wolves contre Tottenham\u00a0: XI pr\u00e9vu pour le match de Premier League apr\u00e8s une triple blessure","robots":{"index":"index","follow":"follow","max-snippet":"max-snippet:-1","max-image-preview":"max-image-preview:large","max-video-preview":"max-video-preview:-1"},"canonical":"https:\/\/footdavant.fr\/actualites\/composition-des-wolves-contre-tottenham-xi-prevu-pour-le-match-de-premier-league-apres-une-triple-blessure\/","og_locale":"fr_FR","og_type":"article","og_title":"Composition des Wolves contre Tottenham\u00a0: XI pr\u00e9vu pour le match de Premier League apr\u00e8s une triple blessure","og_description":"Le manager des Wolverhampton Wanderers, Rob Edwards, a confirm\u00e9 une triple am\u00e9lioration de sa forme physique avant le match de Premier League de samedi avec","og_url":"https:\/\/footdavant.fr\/actualites\/composition-des-wolves-contre-tottenham-xi-prevu-pour-le-match-de-premier-league-apres-une-triple-blessure\/","og_site_name":"Foot d&#039;avant","article_publisher":"https:\/\/www.facebook.com\/Footdavant\/","article_published_time":"2026-04-26T16:48:12+00:00","article_modified_time":"2026-04-26T16:48:14+00:00","og_image":[{"width":720,"height":410,"url":"https:\/\/footdavant.fr\/actualites\/wp-content\/uploads\/2026\/04\/Composition-des-Wolves-contre-Tottenham-XI-prevu-pour-le-match.net2Fuploads2F20262F042Fimago1074001142.webp","type":"image\/webp"}],"author":"Cl\u00e9ment","twitter_card":"summary_large_image","twitter_creator":"@FootdavantFr","twitter_site":"@FootdavantFr","twitter_misc":{"\u00c9crit par":"Cl\u00e9ment","Dur\u00e9e de lecture estim\u00e9e":"1 minute"},"schema":{"@context":"https:\/\/schema.org","@graph":[{"@type":"Article","@id":"https:\/\/footdavant.fr\/actualites\/composition-des-wolves-contre-tottenham-xi-prevu-pour-le-match-de-premier-league-apres-une-triple-blessure\/#article","isPartOf":{"@id":"https:\/\/footdavant.fr\/actualites\/composition-des-wolves-contre-tottenham-xi-prevu-pour-le-match-de-premier-league-apres-une-triple-blessure\/"},"author":{"name":"Cl\u00e9ment","@id":"https:\/\/footdavant.fr\/actualites\/#\/schema\/person\/bc222566d95871b37e597b3ed3ba5e1d"},"headline":"Composition des Wolves contre Tottenham\u00a0: XI pr\u00e9vu pour le match de Premier League apr\u00e8s une triple blessure","datePublished":"2026-04-26T16:48:12+00:00","dateModified":"2026-04-26T16:48:14+00:00","mainEntityOfPage":{"@id":"https:\/\/footdavant.fr\/actualites\/composition-des-wolves-contre-tottenham-xi-prevu-pour-le-match-de-premier-league-apres-une-triple-blessure\/"},"wordCount":318,"publisher":{"@id":"https:\/\/footdavant.fr\/actualites\/#organization"},"keywords":["apr\u00e8s","Blessure","composition","contre","des","League","match","pour","Premier","pr\u00e9vu","Tottenham","tripl\u00e9","une","Wolves"],"articleSection":["Premier League"],"inLanguage":"fr-FR"},{"@type":"WebPage","@id":"https:\/\/footdavant.fr\/actualites\/composition-des-wolves-contre-tottenham-xi-prevu-pour-le-match-de-premier-league-apres-une-triple-blessure\/","url":"https:\/\/footdavant.fr\/actualites\/composition-des-wolves-contre-tottenham-xi-prevu-pour-le-match-de-premier-league-apres-une-triple-blessure\/","name":"Composition des Wolves contre Tottenham\u00a0: XI pr\u00e9vu pour le match de Premier League apr\u00e8s une triple blessure","isPartOf":{"@id":"https:\/\/footdavant.fr\/actualites\/#website"},"datePublished":"2026-04-26T16:48:12+00:00","dateModified":"2026-04-26T16:48:14+00:00","breadcrumb":{"@id":"https:\/\/footdavant.fr\/actualites\/composition-des-wolves-contre-tottenham-xi-prevu-pour-le-match-de-premier-league-apres-une-triple-blessure\/#breadcrumb"},"inLanguage":"fr-FR","potentialAction":[{"@type":"ReadAction","target":["https:\/\/footdavant.fr\/actualites\/composition-des-wolves-contre-tottenham-xi-prevu-pour-le-match-de-premier-league-apres-une-triple-blessure\/"]}]},{"@type":"BreadcrumbList","@id":"https:\/\/footdavant.fr\/actualites\/composition-des-wolves-contre-tottenham-xi-prevu-pour-le-match-de-premier-league-apres-une-triple-blessure\/#breadcrumb","itemListElement":[{"@type":"ListItem","position":1,"name":"Accueil","item":"https:\/\/footdavant.fr\/actualites\/"},{"@type":"ListItem","position":2,"name":"Composition des Wolves contre Tottenham\u00a0: XI pr\u00e9vu pour le match de Premier League apr\u00e8s une triple blessure"}]},{"@type":"WebSite","@id":"https:\/\/footdavant.fr\/actualites\/#website","url":"https:\/\/footdavant.fr\/actualites\/","name":"Foot d'avant","description":"","publisher":{"@id":"https:\/\/footdavant.fr\/actualites\/#organization"},"potentialAction":[{"@type":"SearchAction","target":{"@type":"EntryPoint","urlTemplate":"https:\/\/footdavant.fr\/actualites\/?s={search_term_string}"},"query-input":"required name=search_term_string"}],"inLanguage":"fr-FR"},{"@type":"Organization","@id":"https:\/\/footdavant.fr\/actualites\/#organization","name":"Foot d'avant","url":"https:\/\/footdavant.fr\/actualites\/","logo":{"@type":"ImageObject","inLanguage":"fr-FR","@id":"https:\/\/footdavant.fr\/actualites\/#\/schema\/logo\/image\/","url":"https:\/\/footdavant.fr\/actualites\/wp-content\/uploads\/2023\/09\/Copy-of-FootDavant-Logo.png","contentUrl":"https:\/\/footdavant.fr\/actualites\/wp-content\/uploads\/2023\/09\/Copy-of-FootDavant-Logo.png","width":936,"height":549,"caption":"Foot d'avant"},"image":{"@id":"https:\/\/footdavant.fr\/actualites\/#\/schema\/logo\/image\/"},"sameAs":["https:\/\/www.facebook.com\/Footdavant\/","https:\/\/twitter.com\/FootdavantFr","https:\/\/www.instagram.com\/footdavant.fr\/"]},{"@type":"Person","@id":"https:\/\/footdavant.fr\/actualites\/#\/schema\/person\/bc222566d95871b37e597b3ed3ba5e1d","name":"Cl\u00e9ment","image":{"@type":"ImageObject","inLanguage":"fr-FR","@id":"https:\/\/footdavant.fr\/actualites\/#\/schema\/person\/image\/","url":"https:\/\/secure.gravatar.com\/avatar\/7728b29aac2719421e1a9159b2254c44?s=96&d=mm&r=g","contentUrl":"https:\/\/secure.gravatar.com\/avatar\/7728b29aac2719421e1a9159b2254c44?s=96&d=mm&r=g","caption":"Cl\u00e9ment"},"sameAs":["https:\/\/footdavant.fr\/"]}]}},"_links":{"self":[{"href":"https:\/\/footdavant.fr\/actualites\/wp-json\/wp\/v2\/posts\/36855"}],"collection":[{"href":"https:\/\/footdavant.fr\/actualites\/wp-json\/wp\/v2\/posts"}],"about":[{"href":"https:\/\/footdavant.fr\/actualites\/wp-json\/wp\/v2\/types\/post"}],"author":[{"embeddable":true,"href":"https:\/\/footdavant.fr\/actualites\/wp-json\/wp\/v2\/users\/1"}],"replies":[{"embeddable":true,"href":"https:\/\/footdavant.fr\/actualites\/wp-json\/wp\/v2\/comments?post=36855"}],"version-history":[{"count":1,"href":"https:\/\/footdavant.fr\/actualites\/wp-json\/wp\/v2\/posts\/36855\/revisions"}],"predecessor-version":[{"id":36857,"href":"https:\/\/footdavant.fr\/actualites\/wp-json\/wp\/v2\/posts\/36855\/revisions\/36857"}],"wp:featuredmedia":[{"embeddable":true,"href":"https:\/\/footdavant.fr\/actualites\/wp-json\/wp\/v2\/media\/36856"}],"wp:attachment":[{"href":"https:\/\/footdavant.fr\/actualites\/wp-json\/wp\/v2\/media?parent=36855"}],"wp:term":[{"taxonomy":"category","embeddable":true,"href":"https:\/\/footdavant.fr\/actualites\/wp-json\/wp\/v2\/categories?post=36855"},{"taxonomy":"post_tag","embeddable":true,"href":"https:\/\/footdavant.fr\/actualites\/wp-json\/wp\/v2\/tags?post=36855"}],"curies":[{"name":"wp","href":"https:\/\/api.w.org\/{rel}","templated":true}]}}