{"id":36864,"date":"2026-04-27T00:48:03","date_gmt":"2026-04-26T22:48:03","guid":{"rendered":"https:\/\/footdavant.fr\/actualites\/video-will-wright-marque-deux-fois-pour-les-moins-de-21-ans-de-liverpool-contre-palace\/"},"modified":"2026-04-27T00:48:07","modified_gmt":"2026-04-26T22:48:07","slug":"video-will-wright-marque-deux-fois-pour-les-moins-de-21-ans-de-liverpool-contre-palace","status":"publish","type":"post","link":"https:\/\/footdavant.fr\/actualites\/video-will-wright-marque-deux-fois-pour-les-moins-de-21-ans-de-liverpool-contre-palace\/","title":{"rendered":"(Vid\u00e9o) Will Wright marque deux fois pour les moins de 21 ans de Liverpool contre Palace"},"content":{"rendered":"<div id=\"article-body\">\n<!-- Article Start --><\/p>\n<p>Will Wright a v\u00e9cu une semaine particuli\u00e8rement m\u00e9morable sur le plan personnel, et cela s&#39;est poursuivi cet apr\u00e8s-midi.<\/p>\n<p>Les options d&#39;avant-centre senior de Liverpool \u00e9tant r\u00e9duites par la blessure \u00e0 long terme d&#39;Achille d&#39;Hugo Ekitike, le joueur de 18 ans a \u00e9t\u00e9 appel\u00e9 pour s&#39;entra\u00eener avec la premi\u00e8re \u00e9quipe avant le match de Premier League contre Crystal Palace samedi.<\/p>\n<hr\/>\n<p><b><i>T\u00c9L\u00c9CHARGEZ L&#39;APPLICATION OFFICIELLE EMPIRE OF KOP POUR TOUTES LES DERNI\u00c8RES MISES \u00c0 JOUR \u2013 DIRECTEMENT SUR VOTRE T\u00c9L\u00c9PHONE\u00a0! SUR APPLE ET GOOGLE PLAY<\/i><\/b><\/p>\n<hr\/>\n<p>Il a ensuite \u00e9t\u00e9 inclus dans une \u00e9quipe senior du LFC pour la premi\u00e8re fois hier, bien qu&#39;il n&#39;ait pas \u00e9t\u00e9 convoqu\u00e9 du banc des rempla\u00e7ants par Arne Slot contre les Eagles.<\/p>\n<p>Cependant, alors que les deux clubs s&#39;opposent une fois de plus aujourd&#39;hui au niveau des moins de 21 ans, Wright n&#39;est pas seulement sur le terrain : il a fait une impression remarquable lors de la rencontre des barrages de Premier League 2.<\/p>\n<h2>Wright marque deux fois pour les moins de 21 ans de Liverpool<\/h2>\n<p>L&#39;adolescent a ouvert le score pour l&#39;\u00e9quipe de Liverpool de Rob Page dans les premi\u00e8res minutes \u00e0 la Kirkby Academy, recevant un sublime ballon de Kieran Morrison alors qu&#39;il se faufilait derri\u00e8re un d\u00e9fenseur du Palace avant de tirer bas et fort devant le gardien des Eagles au premier poteau.<\/p>\n<p>L&#39;\u00e9quipe \u00e0 l&#39;ext\u00e9rieur a ensuite renvers\u00e9 le match pour mener 2-1 avant que le duo des Reds ne se combine \u00e0 nouveau, le jeune d&#39;Irlande du Nord envoyant un centre pr\u00e9cis depuis le flanc droit pour que Wright finisse au filet depuis le bord de la surface de r\u00e9paration.<\/p>\n<p>Le match s&#39;est termin\u00e9 2-2 apr\u00e8s 90 minutes et s&#39;est prolong\u00e9 en prolongation, au moment de la r\u00e9daction de cet article.<\/p>\n<figure id=\"attachment_286731\" aria-describedby=\"caption-attachment-286731\" style=\"width: 713px\" class=\"wp-caption alignnone\"><picture><source type=\"image\/webp\" data- data-><\/source><\/picture><\/figure>\n<\/p>\n<h2>Des d\u00e9buts en \u00e9quipe premi\u00e8re pourraient-ils \u00eatre envisag\u00e9s pour Wright ?<\/h2>\n<p>Wright compte d\u00e9sormais cinq buts en sept matches de Premier League 2, cette forme attirant \u00e9videmment l&#39;attention de Slot sous la forme de son inclusion dans la journ\u00e9e pour l&#39;affrontement de haut niveau contre Palace hier.<\/p>\n<p>Les blessures d&#39;Ekitike et de Jayden Danns ont peut-\u00eatre laiss\u00e9 un vide \u00e0 combler dans l&#39;\u00e9quipe senior en termes de profondeur d&#39;avant-centre, mais il incombe toujours au joueur de 18 ans de se mettre en t\u00eate de file d&#39;attente pour obtenir l&#39;appel de la premi\u00e8re \u00e9quipe.<\/p>\n<p>Liverpool a encore un peu de travail \u00e0 faire pour garantir une place en Ligue des champions pour 2026\/27, mais s&#39;ils peuvent cocher cette case tr\u00e8s importante lors de leurs prochains matchs, Wright pourrait faire ses d\u00e9buts senior contre Aston Villa ou Brentford \u00e0 la fin de la saison.<\/p>\n<p>Si les Reds terminent parmi les cinq premiers en toute s\u00e9curit\u00e9 avec des matches \u00e0 jouer et sans pression majeure en termes de r\u00e9sultats d&#39;ici l\u00e0, il est tout \u00e0 fait plausible que Slot puisse r\u00e9compenser l&#39;ancien prodige de Salford City avec son arc officiel du LFC, accordant au jeune une journ\u00e9e qu&#39;il n&#39;oubliera jamais.<\/p>\n<\/p>\n<blockquote class=\"twitter-lazy tweet-img lazyload\" data-width=\"500\" data-dnt=\"true\">\n<p lang=\"en\" dir=\"ltr\">Le premier but de Will Wright \ud83c\udfaf <a rel=\"nofollow\" href=\"https:\/\/t.co\/n6coNUS4wz\">pic.twitter.com\/n6coNUS4wz<\/a><\/p>\n<p>\u2013 L&#39;Acad\u00e9mie LFC (@LFCAcademyX) <a rel=\"nofollow\" href=\"https:\/\/twitter.com\/LFCAcademyX\/status\/2048393030013509852?ref_src=twsrc%5Etfw\">26 avril 2026<\/a><\/p>\n<\/blockquote>\n<blockquote class=\"twitter-lazy tweet-img lazyload\" data-width=\"500\" data-dnt=\"true\">\n<p lang=\"en\" dir=\"ltr\">Kieran Morrison \u27a1\ufe0f Will Wright \ud83d\udc4f <a rel=\"nofollow\" href=\"https:\/\/t.co\/HpVw2O1bbU\">pic.twitter.com\/HpVw2O1bbU<\/a><\/p>\n<p>\u2013 L&#39;Acad\u00e9mie LFC (@LFCAcademyX) <a rel=\"nofollow\" href=\"https:\/\/twitter.com\/LFCAcademyX\/status\/2048408499093188860?ref_src=twsrc%5Etfw\">26 avril 2026<\/a><\/p>\n<\/blockquote>\n<p><!-- Article End -->\t\t\t\t<\/div>\n<p><script async src=\"https:\/\/platform.twitter.com\/widgets.js\" charset=\"utf-8\"><\/script><\/p>\n","protected":false},"excerpt":{"rendered":"<p>Will Wright a v\u00e9cu une semaine particuli\u00e8rement m\u00e9morable sur le plan personnel, et cela s&#39;est poursuivi cet apr\u00e8s-midi. Les options d&#39;avant-centre senior de Liverpool \u00e9tant<\/p>\n","protected":false},"author":1,"featured_media":36865,"comment_status":"closed","ping_status":"","sticky":false,"template":"","format":"standard","meta":{"footnotes":""},"categories":[3],"tags":[209,20,857,926,93,53,274,4318,815,51,575,1311],"yoast_head":"<!-- This site is optimized with the Yoast SEO plugin v21.0 - https:\/\/yoast.com\/wordpress\/plugins\/seo\/ -->\n<title>(Vid\u00e9o) Will Wright marque deux fois pour les moins de 21 ans de Liverpool contre Palace<\/title>\n<meta name=\"robots\" content=\"index, follow, max-snippet:-1, max-image-preview:large, max-video-preview:-1\" \/>\n<link rel=\"canonical\" href=\"https:\/\/footdavant.fr\/actualites\/video-will-wright-marque-deux-fois-pour-les-moins-de-21-ans-de-liverpool-contre-palace\/\" \/>\n<meta property=\"og:locale\" content=\"fr_FR\" \/>\n<meta property=\"og:type\" content=\"article\" \/>\n<meta property=\"og:title\" content=\"(Vid\u00e9o) Will Wright marque deux fois pour les moins de 21 ans de Liverpool contre Palace\" \/>\n<meta property=\"og:description\" content=\"Will Wright a v\u00e9cu une semaine particuli\u00e8rement m\u00e9morable sur le plan personnel, et cela s&#039;est poursuivi cet apr\u00e8s-midi. Les options d&#039;avant-centre senior de Liverpool \u00e9tant\" \/>\n<meta property=\"og:url\" content=\"https:\/\/footdavant.fr\/actualites\/video-will-wright-marque-deux-fois-pour-les-moins-de-21-ans-de-liverpool-contre-palace\/\" \/>\n<meta property=\"og:site_name\" content=\"Foot d&#039;avant\" \/>\n<meta property=\"article:publisher\" content=\"https:\/\/www.facebook.com\/Footdavant\/\" \/>\n<meta property=\"article:published_time\" content=\"2026-04-26T22:48:03+00:00\" \/>\n<meta property=\"article:modified_time\" content=\"2026-04-26T22:48:07+00:00\" \/>\n<meta property=\"og:image\" content=\"https:\/\/footdavant.fr\/actualites\/wp-content\/uploads\/2026\/04\/1777243685_Video-Will-Wright-marque-deux-fois-pour-les-moins-de.jpg\" \/>\n\t<meta property=\"og:image:width\" content=\"1499\" \/>\n\t<meta property=\"og:image:height\" content=\"842\" \/>\n\t<meta property=\"og:image:type\" content=\"image\/jpeg\" \/>\n<meta name=\"author\" content=\"Cl\u00e9ment\" \/>\n<meta name=\"twitter:card\" content=\"summary_large_image\" \/>\n<meta name=\"twitter:creator\" content=\"@FootdavantFr\" \/>\n<meta name=\"twitter:site\" content=\"@FootdavantFr\" \/>\n<meta name=\"twitter:label1\" content=\"\u00c9crit par\" \/>\n\t<meta name=\"twitter:data1\" content=\"Cl\u00e9ment\" \/>\n\t<meta name=\"twitter:label2\" content=\"Dur\u00e9e de lecture estim\u00e9e\" \/>\n\t<meta name=\"twitter:data2\" content=\"3 minutes\" \/>\n<script type=\"application\/ld+json\" class=\"yoast-schema-graph\">{\"@context\":\"https:\/\/schema.org\",\"@graph\":[{\"@type\":\"Article\",\"@id\":\"https:\/\/footdavant.fr\/actualites\/video-will-wright-marque-deux-fois-pour-les-moins-de-21-ans-de-liverpool-contre-palace\/#article\",\"isPartOf\":{\"@id\":\"https:\/\/footdavant.fr\/actualites\/video-will-wright-marque-deux-fois-pour-les-moins-de-21-ans-de-liverpool-contre-palace\/\"},\"author\":{\"name\":\"Cl\u00e9ment\",\"@id\":\"https:\/\/footdavant.fr\/actualites\/#\/schema\/person\/bc222566d95871b37e597b3ed3ba5e1d\"},\"headline\":\"(Vid\u00e9o) Will Wright marque deux fois pour les moins de 21 ans de Liverpool contre Palace\",\"datePublished\":\"2026-04-26T22:48:03+00:00\",\"dateModified\":\"2026-04-26T22:48:07+00:00\",\"mainEntityOfPage\":{\"@id\":\"https:\/\/footdavant.fr\/actualites\/video-will-wright-marque-deux-fois-pour-les-moins-de-21-ans-de-liverpool-contre-palace\/\"},\"wordCount\":582,\"publisher\":{\"@id\":\"https:\/\/footdavant.fr\/actualites\/#organization\"},\"keywords\":[\"ans\",\"contre\",\"deux\",\"fois\",\"les\",\"Liverpool\",\"marqu\u00e9\",\"moins\",\"Palace\",\"pour\",\"Vid\u00e9o\",\"Wright\"],\"articleSection\":[\"Football\"],\"inLanguage\":\"fr-FR\"},{\"@type\":\"WebPage\",\"@id\":\"https:\/\/footdavant.fr\/actualites\/video-will-wright-marque-deux-fois-pour-les-moins-de-21-ans-de-liverpool-contre-palace\/\",\"url\":\"https:\/\/footdavant.fr\/actualites\/video-will-wright-marque-deux-fois-pour-les-moins-de-21-ans-de-liverpool-contre-palace\/\",\"name\":\"(Vid\u00e9o) Will Wright marque deux fois pour les moins de 21 ans de Liverpool contre Palace\",\"isPartOf\":{\"@id\":\"https:\/\/footdavant.fr\/actualites\/#website\"},\"datePublished\":\"2026-04-26T22:48:03+00:00\",\"dateModified\":\"2026-04-26T22:48:07+00:00\",\"breadcrumb\":{\"@id\":\"https:\/\/footdavant.fr\/actualites\/video-will-wright-marque-deux-fois-pour-les-moins-de-21-ans-de-liverpool-contre-palace\/#breadcrumb\"},\"inLanguage\":\"fr-FR\",\"potentialAction\":[{\"@type\":\"ReadAction\",\"target\":[\"https:\/\/footdavant.fr\/actualites\/video-will-wright-marque-deux-fois-pour-les-moins-de-21-ans-de-liverpool-contre-palace\/\"]}]},{\"@type\":\"BreadcrumbList\",\"@id\":\"https:\/\/footdavant.fr\/actualites\/video-will-wright-marque-deux-fois-pour-les-moins-de-21-ans-de-liverpool-contre-palace\/#breadcrumb\",\"itemListElement\":[{\"@type\":\"ListItem\",\"position\":1,\"name\":\"Accueil\",\"item\":\"https:\/\/footdavant.fr\/actualites\/\"},{\"@type\":\"ListItem\",\"position\":2,\"name\":\"(Vid\u00e9o) Will Wright marque deux fois pour les moins de 21 ans de Liverpool contre Palace\"}]},{\"@type\":\"WebSite\",\"@id\":\"https:\/\/footdavant.fr\/actualites\/#website\",\"url\":\"https:\/\/footdavant.fr\/actualites\/\",\"name\":\"Foot d'avant\",\"description\":\"\",\"publisher\":{\"@id\":\"https:\/\/footdavant.fr\/actualites\/#organization\"},\"potentialAction\":[{\"@type\":\"SearchAction\",\"target\":{\"@type\":\"EntryPoint\",\"urlTemplate\":\"https:\/\/footdavant.fr\/actualites\/?s={search_term_string}\"},\"query-input\":\"required name=search_term_string\"}],\"inLanguage\":\"fr-FR\"},{\"@type\":\"Organization\",\"@id\":\"https:\/\/footdavant.fr\/actualites\/#organization\",\"name\":\"Foot d'avant\",\"url\":\"https:\/\/footdavant.fr\/actualites\/\",\"logo\":{\"@type\":\"ImageObject\",\"inLanguage\":\"fr-FR\",\"@id\":\"https:\/\/footdavant.fr\/actualites\/#\/schema\/logo\/image\/\",\"url\":\"https:\/\/footdavant.fr\/actualites\/wp-content\/uploads\/2023\/09\/Copy-of-FootDavant-Logo.png\",\"contentUrl\":\"https:\/\/footdavant.fr\/actualites\/wp-content\/uploads\/2023\/09\/Copy-of-FootDavant-Logo.png\",\"width\":936,\"height\":549,\"caption\":\"Foot d'avant\"},\"image\":{\"@id\":\"https:\/\/footdavant.fr\/actualites\/#\/schema\/logo\/image\/\"},\"sameAs\":[\"https:\/\/www.facebook.com\/Footdavant\/\",\"https:\/\/twitter.com\/FootdavantFr\",\"https:\/\/www.instagram.com\/footdavant.fr\/\"]},{\"@type\":\"Person\",\"@id\":\"https:\/\/footdavant.fr\/actualites\/#\/schema\/person\/bc222566d95871b37e597b3ed3ba5e1d\",\"name\":\"Cl\u00e9ment\",\"image\":{\"@type\":\"ImageObject\",\"inLanguage\":\"fr-FR\",\"@id\":\"https:\/\/footdavant.fr\/actualites\/#\/schema\/person\/image\/\",\"url\":\"https:\/\/secure.gravatar.com\/avatar\/7728b29aac2719421e1a9159b2254c44?s=96&d=mm&r=g\",\"contentUrl\":\"https:\/\/secure.gravatar.com\/avatar\/7728b29aac2719421e1a9159b2254c44?s=96&d=mm&r=g\",\"caption\":\"Cl\u00e9ment\"},\"sameAs\":[\"https:\/\/footdavant.fr\/\"]}]}<\/script>\n<!-- \/ Yoast SEO plugin. -->","yoast_head_json":{"title":"(Vid\u00e9o) Will Wright marque deux fois pour les moins de 21 ans de Liverpool contre Palace","robots":{"index":"index","follow":"follow","max-snippet":"max-snippet:-1","max-image-preview":"max-image-preview:large","max-video-preview":"max-video-preview:-1"},"canonical":"https:\/\/footdavant.fr\/actualites\/video-will-wright-marque-deux-fois-pour-les-moins-de-21-ans-de-liverpool-contre-palace\/","og_locale":"fr_FR","og_type":"article","og_title":"(Vid\u00e9o) Will Wright marque deux fois pour les moins de 21 ans de Liverpool contre Palace","og_description":"Will Wright a v\u00e9cu une semaine particuli\u00e8rement m\u00e9morable sur le plan personnel, et cela s&#39;est poursuivi cet apr\u00e8s-midi. Les options d&#39;avant-centre senior de Liverpool \u00e9tant","og_url":"https:\/\/footdavant.fr\/actualites\/video-will-wright-marque-deux-fois-pour-les-moins-de-21-ans-de-liverpool-contre-palace\/","og_site_name":"Foot d&#039;avant","article_publisher":"https:\/\/www.facebook.com\/Footdavant\/","article_published_time":"2026-04-26T22:48:03+00:00","article_modified_time":"2026-04-26T22:48:07+00:00","og_image":[{"width":1499,"height":842,"url":"https:\/\/footdavant.fr\/actualites\/wp-content\/uploads\/2026\/04\/1777243685_Video-Will-Wright-marque-deux-fois-pour-les-moins-de.jpg","type":"image\/jpeg"}],"author":"Cl\u00e9ment","twitter_card":"summary_large_image","twitter_creator":"@FootdavantFr","twitter_site":"@FootdavantFr","twitter_misc":{"\u00c9crit par":"Cl\u00e9ment","Dur\u00e9e de lecture estim\u00e9e":"3 minutes"},"schema":{"@context":"https:\/\/schema.org","@graph":[{"@type":"Article","@id":"https:\/\/footdavant.fr\/actualites\/video-will-wright-marque-deux-fois-pour-les-moins-de-21-ans-de-liverpool-contre-palace\/#article","isPartOf":{"@id":"https:\/\/footdavant.fr\/actualites\/video-will-wright-marque-deux-fois-pour-les-moins-de-21-ans-de-liverpool-contre-palace\/"},"author":{"name":"Cl\u00e9ment","@id":"https:\/\/footdavant.fr\/actualites\/#\/schema\/person\/bc222566d95871b37e597b3ed3ba5e1d"},"headline":"(Vid\u00e9o) Will Wright marque deux fois pour les moins de 21 ans de Liverpool contre Palace","datePublished":"2026-04-26T22:48:03+00:00","dateModified":"2026-04-26T22:48:07+00:00","mainEntityOfPage":{"@id":"https:\/\/footdavant.fr\/actualites\/video-will-wright-marque-deux-fois-pour-les-moins-de-21-ans-de-liverpool-contre-palace\/"},"wordCount":582,"publisher":{"@id":"https:\/\/footdavant.fr\/actualites\/#organization"},"keywords":["ans","contre","deux","fois","les","Liverpool","marqu\u00e9","moins","Palace","pour","Vid\u00e9o","Wright"],"articleSection":["Football"],"inLanguage":"fr-FR"},{"@type":"WebPage","@id":"https:\/\/footdavant.fr\/actualites\/video-will-wright-marque-deux-fois-pour-les-moins-de-21-ans-de-liverpool-contre-palace\/","url":"https:\/\/footdavant.fr\/actualites\/video-will-wright-marque-deux-fois-pour-les-moins-de-21-ans-de-liverpool-contre-palace\/","name":"(Vid\u00e9o) Will Wright marque deux fois pour les moins de 21 ans de Liverpool contre Palace","isPartOf":{"@id":"https:\/\/footdavant.fr\/actualites\/#website"},"datePublished":"2026-04-26T22:48:03+00:00","dateModified":"2026-04-26T22:48:07+00:00","breadcrumb":{"@id":"https:\/\/footdavant.fr\/actualites\/video-will-wright-marque-deux-fois-pour-les-moins-de-21-ans-de-liverpool-contre-palace\/#breadcrumb"},"inLanguage":"fr-FR","potentialAction":[{"@type":"ReadAction","target":["https:\/\/footdavant.fr\/actualites\/video-will-wright-marque-deux-fois-pour-les-moins-de-21-ans-de-liverpool-contre-palace\/"]}]},{"@type":"BreadcrumbList","@id":"https:\/\/footdavant.fr\/actualites\/video-will-wright-marque-deux-fois-pour-les-moins-de-21-ans-de-liverpool-contre-palace\/#breadcrumb","itemListElement":[{"@type":"ListItem","position":1,"name":"Accueil","item":"https:\/\/footdavant.fr\/actualites\/"},{"@type":"ListItem","position":2,"name":"(Vid\u00e9o) Will Wright marque deux fois pour les moins de 21 ans de Liverpool contre Palace"}]},{"@type":"WebSite","@id":"https:\/\/footdavant.fr\/actualites\/#website","url":"https:\/\/footdavant.fr\/actualites\/","name":"Foot d'avant","description":"","publisher":{"@id":"https:\/\/footdavant.fr\/actualites\/#organization"},"potentialAction":[{"@type":"SearchAction","target":{"@type":"EntryPoint","urlTemplate":"https:\/\/footdavant.fr\/actualites\/?s={search_term_string}"},"query-input":"required name=search_term_string"}],"inLanguage":"fr-FR"},{"@type":"Organization","@id":"https:\/\/footdavant.fr\/actualites\/#organization","name":"Foot d'avant","url":"https:\/\/footdavant.fr\/actualites\/","logo":{"@type":"ImageObject","inLanguage":"fr-FR","@id":"https:\/\/footdavant.fr\/actualites\/#\/schema\/logo\/image\/","url":"https:\/\/footdavant.fr\/actualites\/wp-content\/uploads\/2023\/09\/Copy-of-FootDavant-Logo.png","contentUrl":"https:\/\/footdavant.fr\/actualites\/wp-content\/uploads\/2023\/09\/Copy-of-FootDavant-Logo.png","width":936,"height":549,"caption":"Foot d'avant"},"image":{"@id":"https:\/\/footdavant.fr\/actualites\/#\/schema\/logo\/image\/"},"sameAs":["https:\/\/www.facebook.com\/Footdavant\/","https:\/\/twitter.com\/FootdavantFr","https:\/\/www.instagram.com\/footdavant.fr\/"]},{"@type":"Person","@id":"https:\/\/footdavant.fr\/actualites\/#\/schema\/person\/bc222566d95871b37e597b3ed3ba5e1d","name":"Cl\u00e9ment","image":{"@type":"ImageObject","inLanguage":"fr-FR","@id":"https:\/\/footdavant.fr\/actualites\/#\/schema\/person\/image\/","url":"https:\/\/secure.gravatar.com\/avatar\/7728b29aac2719421e1a9159b2254c44?s=96&d=mm&r=g","contentUrl":"https:\/\/secure.gravatar.com\/avatar\/7728b29aac2719421e1a9159b2254c44?s=96&d=mm&r=g","caption":"Cl\u00e9ment"},"sameAs":["https:\/\/footdavant.fr\/"]}]}},"_links":{"self":[{"href":"https:\/\/footdavant.fr\/actualites\/wp-json\/wp\/v2\/posts\/36864"}],"collection":[{"href":"https:\/\/footdavant.fr\/actualites\/wp-json\/wp\/v2\/posts"}],"about":[{"href":"https:\/\/footdavant.fr\/actualites\/wp-json\/wp\/v2\/types\/post"}],"author":[{"embeddable":true,"href":"https:\/\/footdavant.fr\/actualites\/wp-json\/wp\/v2\/users\/1"}],"replies":[{"embeddable":true,"href":"https:\/\/footdavant.fr\/actualites\/wp-json\/wp\/v2\/comments?post=36864"}],"version-history":[{"count":1,"href":"https:\/\/footdavant.fr\/actualites\/wp-json\/wp\/v2\/posts\/36864\/revisions"}],"predecessor-version":[{"id":36866,"href":"https:\/\/footdavant.fr\/actualites\/wp-json\/wp\/v2\/posts\/36864\/revisions\/36866"}],"wp:featuredmedia":[{"embeddable":true,"href":"https:\/\/footdavant.fr\/actualites\/wp-json\/wp\/v2\/media\/36865"}],"wp:attachment":[{"href":"https:\/\/footdavant.fr\/actualites\/wp-json\/wp\/v2\/media?parent=36864"}],"wp:term":[{"taxonomy":"category","embeddable":true,"href":"https:\/\/footdavant.fr\/actualites\/wp-json\/wp\/v2\/categories?post=36864"},{"taxonomy":"post_tag","embeddable":true,"href":"https:\/\/footdavant.fr\/actualites\/wp-json\/wp\/v2\/tags?post=36864"}],"curies":[{"name":"wp","href":"https:\/\/api.w.org\/{rel}","templated":true}]}}